{"id":17944,"date":"2021-07-06T23:47:35","date_gmt":"2021-07-06T23:47:35","guid":{"rendered":"https:\/\/www.manabi.gob.ec\/?p=17944"},"modified":"2021-07-06T23:47:38","modified_gmt":"2021-07-06T23:47:38","slug":"prefecto-y-alcalde-de-pajan-coordinan-nuevas-intervenciones-viales","status":"publish","type":"post","link":"https:\/\/www.manabi.gob.ec\/index.php\/prefecto-y-alcalde-de-pajan-coordinan-nuevas-intervenciones-viales\/","title":{"rendered":"PREFECTO Y ALCALDE DE PAJ\u00c1N COORDINAN NUEVAS INTERVENCIONES VIALES"},"content":{"rendered":"\n<p>El prefecto de Manab\u00ed, Leonardo Orlando, y el alcalde del cant\u00f3n Paj\u00e1n, Natael Mor\u00e1n, analizaron &nbsp;el estado de las obras viales ejecutadas mediante convenio entre el Gobierno de Manab\u00ed y la Municipalidad de Paj\u00e1n y analizaron nuevas coordinaciones de trabajo.<\/p>\n\n\n\n<p>En la reuni\u00f3n de trabajo participaron t\u00e9cnicos de las dos instituciones, y &nbsp;las autoridades plantearon alternativas para sortear dificultades de orden jur\u00eddico, t\u00e9cnico y econ\u00f3mico, que permitan realizar nuevas intervenciones en conjunto en esta jurisdicci\u00f3n, especialmente &nbsp;para atender las necesidades de la ruralidad.<\/p>\n\n\n\n<p>\u201cVamos a hacer un convenio para nosotros trabajar en todo lo que es la cabecera cantonal de Paj\u00e1n y parte de la parroquia Cascol. El resto lo har\u00e1 la Prefectura con su maquinaria o los equipos que ellos puedan alquilar\u201d, manifest\u00f3 Natael Mor\u00e1n.<\/p>\n\n\n\n<p>El Alcalde se mostr\u00f3 complacido con los resultados de la reuni\u00f3n y mencion\u00f3 que, tambi\u00e9n, se habl\u00f3 de realizar estudios para la construcci\u00f3n de nuevas v\u00edas a nivel de mejoramiento y puentes para algunos recintos.<\/p>\n","protected":false},"excerpt":{"rendered":"<p>El prefecto de Manab\u00ed, Leonardo Orlando, y el alcalde del cant\u00f3n Paj\u00e1n, Natael Mor\u00e1n, analizaron  el estado de las obras viales ejecutadas mediante convenio entre el Gobierno de Manab\u00ed y la Municipalidad de Paj\u00e1n y analizaron nuevas coordinaciones de trabajo.<\/p>\n","protected":false},"author":1,"featured_media":17945,"comment_status":"closed","ping_status":"open","sticky":false,"template":"","format":"standard","meta":{"_joinchat":[],"footnotes":""},"categories":[92,181,126,91],"tags":[],"class_list":["post-17944","post","type-post","status-publish","format-standard","has-post-thumbnail","hentry","category-noticias-manabi","category-obra-publica","category-pajan","category-todas"],"yoast_head":"<!-- This site is optimized with the Yoast SEO plugin v27.4 - https:\/\/yoast.com\/product\/yoast-seo-wordpress\/ -->\n<title>PREFECTO Y ALCALDE DE PAJ\u00c1N COORDINAN NUEVAS INTERVENCIONES VIALES - Prefectura de Manab\u00ed<\/title>\n<meta name=\"robots\" content=\"index, follow, max-snippet:-1, max-image-preview:large, max-video-preview:-1\" \/>\n<link rel=\"canonical\" href=\"https:\/\/www.manabi.gob.ec\/index.php\/prefecto-y-alcalde-de-pajan-coordinan-nuevas-intervenciones-viales\/\" \/>\n<meta property=\"og:locale\" content=\"es_ES\" \/>\n<meta property=\"og:type\" content=\"article\" \/>\n<meta property=\"og:title\" content=\"PREFECTO Y ALCALDE DE PAJ\u00c1N COORDINAN NUEVAS INTERVENCIONES VIALES - Prefectura de Manab\u00ed\" \/>\n<meta property=\"og:description\" content=\"El prefecto de Manab\u00ed, Leonardo Orlando, y el alcalde del cant\u00f3n Paj\u00e1n, Natael Mor\u00e1n, analizaron el estado de las obras viales ejecutadas mediante convenio entre el Gobierno de Manab\u00ed y la Municipalidad de Paj\u00e1n y analizaron nuevas coordinaciones de trabajo.\" \/>\n<meta property=\"og:url\" content=\"https:\/\/www.manabi.gob.ec\/index.php\/prefecto-y-alcalde-de-pajan-coordinan-nuevas-intervenciones-viales\/\" \/>\n<meta property=\"og:site_name\" content=\"Prefectura de Manab\u00ed\" \/>\n<meta property=\"article:published_time\" content=\"2021-07-06T23:47:35+00:00\" \/>\n<meta property=\"article:modified_time\" content=\"2021-07-06T23:47:38+00:00\" \/>\n<meta property=\"og:image\" content=\"https:\/\/www.manabi.gob.ec\/wp-content\/uploads\/2021\/07\/Prefecto-y-alcalde-de-Pajan-3.jpg\" \/>\n\t<meta property=\"og:image:width\" content=\"1280\" \/>\n\t<meta property=\"og:image:height\" content=\"853\" \/>\n\t<meta property=\"og:image:type\" content=\"image\/jpeg\" \/>\n<meta name=\"author\" content=\"admin\" \/>\n<meta name=\"twitter:card\" content=\"summary_large_image\" \/>\n<meta name=\"twitter:label1\" content=\"Escrito por\" \/>\n\t<meta name=\"twitter:data1\" content=\"admin\" \/>\n\t<meta name=\"twitter:label2\" content=\"Tiempo de lectura\" \/>\n\t<meta name=\"twitter:data2\" content=\"1 minuto\" \/>\n<script type=\"application\/ld+json\" class=\"yoast-schema-graph\">{\"@context\":\"https:\\\/\\\/schema.org\",\"@graph\":[{\"@type\":\"Article\",\"@id\":\"https:\\\/\\\/www.manabi.gob.ec\\\/index.php\\\/prefecto-y-alcalde-de-pajan-coordinan-nuevas-intervenciones-viales\\\/#article\",\"isPartOf\":{\"@id\":\"https:\\\/\\\/www.manabi.gob.ec\\\/index.php\\\/prefecto-y-alcalde-de-pajan-coordinan-nuevas-intervenciones-viales\\\/\"},\"author\":{\"name\":\"admin\",\"@id\":\"https:\\\/\\\/www.manabi.gob.ec\\\/#\\\/schema\\\/person\\\/cfc71bd68fe2703b779edcc292a49722\"},\"headline\":\"PREFECTO Y ALCALDE DE PAJ\u00c1N COORDINAN NUEVAS INTERVENCIONES VIALES\",\"datePublished\":\"2021-07-06T23:47:35+00:00\",\"dateModified\":\"2021-07-06T23:47:38+00:00\",\"mainEntityOfPage\":{\"@id\":\"https:\\\/\\\/www.manabi.gob.ec\\\/index.php\\\/prefecto-y-alcalde-de-pajan-coordinan-nuevas-intervenciones-viales\\\/\"},\"wordCount\":190,\"image\":{\"@id\":\"https:\\\/\\\/www.manabi.gob.ec\\\/index.php\\\/prefecto-y-alcalde-de-pajan-coordinan-nuevas-intervenciones-viales\\\/#primaryimage\"},\"thumbnailUrl\":\"https:\\\/\\\/www.manabi.gob.ec\\\/wp-content\\\/uploads\\\/2021\\\/07\\\/Prefecto-y-alcalde-de-Pajan-3.jpg\",\"articleSection\":[\"Noticias\",\"Obra P\u00fablica\",\"Paj\u00e1n\",\"Todas\"],\"inLanguage\":\"es\"},{\"@type\":\"WebPage\",\"@id\":\"https:\\\/\\\/www.manabi.gob.ec\\\/index.php\\\/prefecto-y-alcalde-de-pajan-coordinan-nuevas-intervenciones-viales\\\/\",\"url\":\"https:\\\/\\\/www.manabi.gob.ec\\\/index.php\\\/prefecto-y-alcalde-de-pajan-coordinan-nuevas-intervenciones-viales\\\/\",\"name\":\"PREFECTO Y ALCALDE DE PAJ\u00c1N COORDINAN NUEVAS INTERVENCIONES VIALES - Prefectura de Manab\u00ed\",\"isPartOf\":{\"@id\":\"https:\\\/\\\/www.manabi.gob.ec\\\/#website\"},\"primaryImageOfPage\":{\"@id\":\"https:\\\/\\\/www.manabi.gob.ec\\\/index.php\\\/prefecto-y-alcalde-de-pajan-coordinan-nuevas-intervenciones-viales\\\/#primaryimage\"},\"image\":{\"@id\":\"https:\\\/\\\/www.manabi.gob.ec\\\/index.php\\\/prefecto-y-alcalde-de-pajan-coordinan-nuevas-intervenciones-viales\\\/#primaryimage\"},\"thumbnailUrl\":\"https:\\\/\\\/www.manabi.gob.ec\\\/wp-content\\\/uploads\\\/2021\\\/07\\\/Prefecto-y-alcalde-de-Pajan-3.jpg\",\"datePublished\":\"2021-07-06T23:47:35+00:00\",\"dateModified\":\"2021-07-06T23:47:38+00:00\",\"author\":{\"@id\":\"https:\\\/\\\/www.manabi.gob.ec\\\/#\\\/schema\\\/person\\\/cfc71bd68fe2703b779edcc292a49722\"},\"breadcrumb\":{\"@id\":\"https:\\\/\\\/www.manabi.gob.ec\\\/index.php\\\/prefecto-y-alcalde-de-pajan-coordinan-nuevas-intervenciones-viales\\\/#breadcrumb\"},\"inLanguage\":\"es\",\"potentialAction\":[{\"@type\":\"ReadAction\",\"target\":[\"https:\\\/\\\/www.manabi.gob.ec\\\/index.php\\\/prefecto-y-alcalde-de-pajan-coordinan-nuevas-intervenciones-viales\\\/\"]}]},{\"@type\":\"ImageObject\",\"inLanguage\":\"es\",\"@id\":\"https:\\\/\\\/www.manabi.gob.ec\\\/index.php\\\/prefecto-y-alcalde-de-pajan-coordinan-nuevas-intervenciones-viales\\\/#primaryimage\",\"url\":\"https:\\\/\\\/www.manabi.gob.ec\\\/wp-content\\\/uploads\\\/2021\\\/07\\\/Prefecto-y-alcalde-de-Pajan-3.jpg\",\"contentUrl\":\"https:\\\/\\\/www.manabi.gob.ec\\\/wp-content\\\/uploads\\\/2021\\\/07\\\/Prefecto-y-alcalde-de-Pajan-3.jpg\",\"width\":1280,\"height\":853},{\"@type\":\"BreadcrumbList\",\"@id\":\"https:\\\/\\\/www.manabi.gob.ec\\\/index.php\\\/prefecto-y-alcalde-de-pajan-coordinan-nuevas-intervenciones-viales\\\/#breadcrumb\",\"itemListElement\":[{\"@type\":\"ListItem\",\"position\":1,\"name\":\"Portada\",\"item\":\"https:\\\/\\\/www.manabi.gob.ec\\\/\"},{\"@type\":\"ListItem\",\"position\":2,\"name\":\"PREFECTO Y ALCALDE DE PAJ\u00c1N COORDINAN NUEVAS INTERVENCIONES VIALES\"}]},{\"@type\":\"WebSite\",\"@id\":\"https:\\\/\\\/www.manabi.gob.ec\\\/#website\",\"url\":\"https:\\\/\\\/www.manabi.gob.ec\\\/\",\"name\":\"Prefectura de Manab\u00ed\",\"description\":\"P\u00e1gina web de la prefectura\",\"potentialAction\":[{\"@type\":\"SearchAction\",\"target\":{\"@type\":\"EntryPoint\",\"urlTemplate\":\"https:\\\/\\\/www.manabi.gob.ec\\\/?s={search_term_string}\"},\"query-input\":{\"@type\":\"PropertyValueSpecification\",\"valueRequired\":true,\"valueName\":\"search_term_string\"}}],\"inLanguage\":\"es\"},{\"@type\":\"Person\",\"@id\":\"https:\\\/\\\/www.manabi.gob.ec\\\/#\\\/schema\\\/person\\\/cfc71bd68fe2703b779edcc292a49722\",\"name\":\"admin\",\"image\":{\"@type\":\"ImageObject\",\"inLanguage\":\"es\",\"@id\":\"https:\\\/\\\/secure.gravatar.com\\\/avatar\\\/23e9f919492b0a2f65aa168e0d8c5c867ea853b61deffbadf08c7031e15b8d78?s=96&d=mm&r=g\",\"url\":\"https:\\\/\\\/secure.gravatar.com\\\/avatar\\\/23e9f919492b0a2f65aa168e0d8c5c867ea853b61deffbadf08c7031e15b8d78?s=96&d=mm&r=g\",\"contentUrl\":\"https:\\\/\\\/secure.gravatar.com\\\/avatar\\\/23e9f919492b0a2f65aa168e0d8c5c867ea853b61deffbadf08c7031e15b8d78?s=96&d=mm&r=g\",\"caption\":\"admin\"},\"sameAs\":[\"http:\\\/\\\/www.manabi.gob.ec\"],\"url\":\"https:\\\/\\\/www.manabi.gob.ec\\\/index.php\\\/author\\\/admin\\\/\"}]}<\/script>\n<!-- \/ Yoast SEO plugin. -->","yoast_head_json":{"title":"PREFECTO Y ALCALDE DE PAJ\u00c1N COORDINAN NUEVAS INTERVENCIONES VIALES - Prefectura de Manab\u00ed","robots":{"index":"index","follow":"follow","max-snippet":"max-snippet:-1","max-image-preview":"max-image-preview:large","max-video-preview":"max-video-preview:-1"},"canonical":"https:\/\/www.manabi.gob.ec\/index.php\/prefecto-y-alcalde-de-pajan-coordinan-nuevas-intervenciones-viales\/","og_locale":"es_ES","og_type":"article","og_title":"PREFECTO Y ALCALDE DE PAJ\u00c1N COORDINAN NUEVAS INTERVENCIONES VIALES - Prefectura de Manab\u00ed","og_description":"El prefecto de Manab\u00ed, Leonardo Orlando, y el alcalde del cant\u00f3n Paj\u00e1n, Natael Mor\u00e1n, analizaron el estado de las obras viales ejecutadas mediante convenio entre el Gobierno de Manab\u00ed y la Municipalidad de Paj\u00e1n y analizaron nuevas coordinaciones de trabajo.","og_url":"https:\/\/www.manabi.gob.ec\/index.php\/prefecto-y-alcalde-de-pajan-coordinan-nuevas-intervenciones-viales\/","og_site_name":"Prefectura de Manab\u00ed","article_published_time":"2021-07-06T23:47:35+00:00","article_modified_time":"2021-07-06T23:47:38+00:00","og_image":[{"width":1280,"height":853,"url":"https:\/\/www.manabi.gob.ec\/wp-content\/uploads\/2021\/07\/Prefecto-y-alcalde-de-Pajan-3.jpg","type":"image\/jpeg"}],"author":"admin","twitter_card":"summary_large_image","twitter_misc":{"Escrito por":"admin","Tiempo de lectura":"1 minuto"},"schema":{"@context":"https:\/\/schema.org","@graph":[{"@type":"Article","@id":"https:\/\/www.manabi.gob.ec\/index.php\/prefecto-y-alcalde-de-pajan-coordinan-nuevas-intervenciones-viales\/#article","isPartOf":{"@id":"https:\/\/www.manabi.gob.ec\/index.php\/prefecto-y-alcalde-de-pajan-coordinan-nuevas-intervenciones-viales\/"},"author":{"name":"admin","@id":"https:\/\/www.manabi.gob.ec\/#\/schema\/person\/cfc71bd68fe2703b779edcc292a49722"},"headline":"PREFECTO Y ALCALDE DE PAJ\u00c1N COORDINAN NUEVAS INTERVENCIONES VIALES","datePublished":"2021-07-06T23:47:35+00:00","dateModified":"2021-07-06T23:47:38+00:00","mainEntityOfPage":{"@id":"https:\/\/www.manabi.gob.ec\/index.php\/prefecto-y-alcalde-de-pajan-coordinan-nuevas-intervenciones-viales\/"},"wordCount":190,"image":{"@id":"https:\/\/www.manabi.gob.ec\/index.php\/prefecto-y-alcalde-de-pajan-coordinan-nuevas-intervenciones-viales\/#primaryimage"},"thumbnailUrl":"https:\/\/www.manabi.gob.ec\/wp-content\/uploads\/2021\/07\/Prefecto-y-alcalde-de-Pajan-3.jpg","articleSection":["Noticias","Obra P\u00fablica","Paj\u00e1n","Todas"],"inLanguage":"es"},{"@type":"WebPage","@id":"https:\/\/www.manabi.gob.ec\/index.php\/prefecto-y-alcalde-de-pajan-coordinan-nuevas-intervenciones-viales\/","url":"https:\/\/www.manabi.gob.ec\/index.php\/prefecto-y-alcalde-de-pajan-coordinan-nuevas-intervenciones-viales\/","name":"PREFECTO Y ALCALDE DE PAJ\u00c1N COORDINAN NUEVAS INTERVENCIONES VIALES - Prefectura de Manab\u00ed","isPartOf":{"@id":"https:\/\/www.manabi.gob.ec\/#website"},"primaryImageOfPage":{"@id":"https:\/\/www.manabi.gob.ec\/index.php\/prefecto-y-alcalde-de-pajan-coordinan-nuevas-intervenciones-viales\/#primaryimage"},"image":{"@id":"https:\/\/www.manabi.gob.ec\/index.php\/prefecto-y-alcalde-de-pajan-coordinan-nuevas-intervenciones-viales\/#primaryimage"},"thumbnailUrl":"https:\/\/www.manabi.gob.ec\/wp-content\/uploads\/2021\/07\/Prefecto-y-alcalde-de-Pajan-3.jpg","datePublished":"2021-07-06T23:47:35+00:00","dateModified":"2021-07-06T23:47:38+00:00","author":{"@id":"https:\/\/www.manabi.gob.ec\/#\/schema\/person\/cfc71bd68fe2703b779edcc292a49722"},"breadcrumb":{"@id":"https:\/\/www.manabi.gob.ec\/index.php\/prefecto-y-alcalde-de-pajan-coordinan-nuevas-intervenciones-viales\/#breadcrumb"},"inLanguage":"es","potentialAction":[{"@type":"ReadAction","target":["https:\/\/www.manabi.gob.ec\/index.php\/prefecto-y-alcalde-de-pajan-coordinan-nuevas-intervenciones-viales\/"]}]},{"@type":"ImageObject","inLanguage":"es","@id":"https:\/\/www.manabi.gob.ec\/index.php\/prefecto-y-alcalde-de-pajan-coordinan-nuevas-intervenciones-viales\/#primaryimage","url":"https:\/\/www.manabi.gob.ec\/wp-content\/uploads\/2021\/07\/Prefecto-y-alcalde-de-Pajan-3.jpg","contentUrl":"https:\/\/www.manabi.gob.ec\/wp-content\/uploads\/2021\/07\/Prefecto-y-alcalde-de-Pajan-3.jpg","width":1280,"height":853},{"@type":"BreadcrumbList","@id":"https:\/\/www.manabi.gob.ec\/index.php\/prefecto-y-alcalde-de-pajan-coordinan-nuevas-intervenciones-viales\/#breadcrumb","itemListElement":[{"@type":"ListItem","position":1,"name":"Portada","item":"https:\/\/www.manabi.gob.ec\/"},{"@type":"ListItem","position":2,"name":"PREFECTO Y ALCALDE DE PAJ\u00c1N COORDINAN NUEVAS INTERVENCIONES VIALES"}]},{"@type":"WebSite","@id":"https:\/\/www.manabi.gob.ec\/#website","url":"https:\/\/www.manabi.gob.ec\/","name":"Prefectura de Manab\u00ed","description":"P\u00e1gina web de la prefectura","potentialAction":[{"@type":"SearchAction","target":{"@type":"EntryPoint","urlTemplate":"https:\/\/www.manabi.gob.ec\/?s={search_term_string}"},"query-input":{"@type":"PropertyValueSpecification","valueRequired":true,"valueName":"search_term_string"}}],"inLanguage":"es"},{"@type":"Person","@id":"https:\/\/www.manabi.gob.ec\/#\/schema\/person\/cfc71bd68fe2703b779edcc292a49722","name":"admin","image":{"@type":"ImageObject","inLanguage":"es","@id":"https:\/\/secure.gravatar.com\/avatar\/23e9f919492b0a2f65aa168e0d8c5c867ea853b61deffbadf08c7031e15b8d78?s=96&d=mm&r=g","url":"https:\/\/secure.gravatar.com\/avatar\/23e9f919492b0a2f65aa168e0d8c5c867ea853b61deffbadf08c7031e15b8d78?s=96&d=mm&r=g","contentUrl":"https:\/\/secure.gravatar.com\/avatar\/23e9f919492b0a2f65aa168e0d8c5c867ea853b61deffbadf08c7031e15b8d78?s=96&d=mm&r=g","caption":"admin"},"sameAs":["http:\/\/www.manabi.gob.ec"],"url":"https:\/\/www.manabi.gob.ec\/index.php\/author\/admin\/"}]}},"jetpack_featured_media_url":"https:\/\/www.manabi.gob.ec\/wp-content\/uploads\/2021\/07\/Prefecto-y-alcalde-de-Pajan-3.jpg","_links":{"self":[{"href":"https:\/\/www.manabi.gob.ec\/index.php\/wp-json\/wp\/v2\/posts\/17944","targetHints":{"allow":["GET"]}}],"collection":[{"href":"https:\/\/www.manabi.gob.ec\/index.php\/wp-json\/wp\/v2\/posts"}],"about":[{"href":"https:\/\/www.manabi.gob.ec\/index.php\/wp-json\/wp\/v2\/types\/post"}],"author":[{"embeddable":true,"href":"https:\/\/www.manabi.gob.ec\/index.php\/wp-json\/wp\/v2\/users\/1"}],"replies":[{"embeddable":true,"href":"https:\/\/www.manabi.gob.ec\/index.php\/wp-json\/wp\/v2\/comments?post=17944"}],"version-history":[{"count":0,"href":"https:\/\/www.manabi.gob.ec\/index.php\/wp-json\/wp\/v2\/posts\/17944\/revisions"}],"wp:featuredmedia":[{"embeddable":true,"href":"https:\/\/www.manabi.gob.ec\/index.php\/wp-json\/wp\/v2\/media\/17945"}],"wp:attachment":[{"href":"https:\/\/www.manabi.gob.ec\/index.php\/wp-json\/wp\/v2\/media?parent=17944"}],"wp:term":[{"taxonomy":"category","embeddable":true,"href":"https:\/\/www.manabi.gob.ec\/index.php\/wp-json\/wp\/v2\/categories?post=17944"},{"taxonomy":"post_tag","embeddable":true,"href":"https:\/\/www.manabi.gob.ec\/index.php\/wp-json\/wp\/v2\/tags?post=17944"}],"curies":[{"name":"wp","href":"https:\/\/api.w.org\/{rel}","templated":true}]}}