{"id":17947,"date":"2021-07-06T23:49:08","date_gmt":"2021-07-06T23:49:08","guid":{"rendered":"https:\/\/www.manabi.gob.ec\/?p=17947"},"modified":"2021-07-06T23:49:10","modified_gmt":"2021-07-06T23:49:10","slug":"atendemos-tramos-criticos-de-vias-rurales-de-flavio-alfaro","status":"publish","type":"post","link":"https:\/\/www.manabi.gob.ec\/index.php\/atendemos-tramos-criticos-de-vias-rurales-de-flavio-alfaro\/","title":{"rendered":"ATENDEMOS TRAMOS CR\u00cdTICOS  DE V\u00cdAS RURALES DE  FLAVIO ALFARO"},"content":{"rendered":"\n<p>La Prefectura de Manab\u00ed realiza trabajos en puntos cr\u00edticos de la v\u00eda El Golpe &#8211; Barber\u00e1n- Rosado-La Delicia-Tripa de Pollo, en una distancia de 19 kil\u00f3metros, en el cant\u00f3n Flavio Alfaro. Esta arteria de movilidad fue intervenida, a nivel de mejoramiento, &nbsp;por la entidad provincial en el 2020.<\/p>\n\n\n\n<p>De&nbsp; los 19 kil\u00f3metros de la v\u00eda, ya se ha intervenido en 3 km, entre varios tramos cr\u00edticos, &nbsp;donde se ha hecho trabajos de reconformaci\u00f3n de calzada, limpieza de cunetas y espaldones. Los moradores dan seguimiento permanente al avance de los trabajos.<\/p>\n\n\n\n<p>\u00abPor la fuerza del r\u00edo Quinind\u00e9 hemos perdido producci\u00f3n y estos trabajos nos da esperanza de que no existan este a\u00f1o afectaciones por el desbordamiento del r\u00edo\u00bb, dijo&nbsp; Juan Carlos G\u00f3mez, agricultor&nbsp;de Estero Rosado.<\/p>\n\n\n\n<p>En el sector conocido como la Llorona, una excavadora y un tractor, realizan cortes para mejorar el trazado de la v\u00eda. El material existente de la zona se utilizar\u00e1 para la elevaci\u00f3n de la v\u00eda de 3 hasta 4 metros, &nbsp;de acuerdo al relieve y geograf\u00eda del sitio.<\/p>\n\n\n\n<p>Tambi\u00e9n se colocar\u00e1 piedra escollera para protecci\u00f3n de la margen izquierda del r\u00edo, aguas abajo, indicaron los t\u00e9cnicos, &nbsp;Ra\u00fal Loor, inspector t\u00e9cnico de la Prefectura.<\/p>\n\n\n\n<p>\u00abEsta es una de las partes m\u00e1s cr\u00edticas&nbsp; donde el r\u00edo Quinind\u00e9 afecta en \u00e9poca invernal, por ello se baja la pendiente y se hace cambio de eje. Adem\u00e1s se ampl\u00eda y levanta la v\u00eda en&nbsp; tramos puntuales donde el r\u00edo&nbsp; incrementa su caudal en \u00e9poca invernal\u00bb, explic\u00f3 el t\u00e9cnico.<\/p>\n\n\n\n<p>El sector se lo conoce como La Llorona porque la pendiente siempre est\u00e1 brotando agua, debido a que el nivel fre\u00e1tico elevado&nbsp; de la zona, mencion\u00f3 Loor.<\/p>\n\n\n\n<p>Esta v\u00eda beneficia a las comunidades&nbsp; La Llorona, Cristo del Mayal, Tripa de Pollo, Estero Rosado, Las Delicias, Palanca, Palanquita, Patria Nueva,&nbsp;&nbsp; sectores inmensamente ricos en pl\u00e1tano, palma real y c\u00edtricos, pero el principal rubro es la ganader\u00eda.<\/p>\n","protected":false},"excerpt":{"rendered":"<p>La Prefectura de Manab\u00ed realiza trabajos en puntos cr\u00edticos de la v\u00eda El Golpe &#8211; Barber\u00e1n- Rosado-La Delicia-Tripa de Pollo, en una distancia de 19 kil\u00f3metros, en el cant\u00f3n Flavio Alfaro. Esta arteria de movilidad fue intervenida, a nivel de mejoramiento, &nbsp;por la entidad provincial en el 2020. De&nbsp; los 19 kil\u00f3metros de la v\u00eda, [&hellip;]<\/p>\n","protected":false},"author":1,"featured_media":17948,"comment_status":"closed","ping_status":"open","sticky":false,"template":"","format":"standard","meta":{"_joinchat":[],"footnotes":""},"categories":[151,92,181,91],"tags":[],"class_list":["post-17947","post","type-post","status-publish","format-standard","has-post-thumbnail","hentry","category-flavio-alfaro","category-noticias-manabi","category-obra-publica","category-todas"],"yoast_head":"<!-- This site is optimized with the Yoast SEO plugin v27.4 - https:\/\/yoast.com\/product\/yoast-seo-wordpress\/ -->\n<title>ATENDEMOS TRAMOS CR\u00cdTICOS DE V\u00cdAS RURALES DE FLAVIO ALFARO - Prefectura de Manab\u00ed<\/title>\n<meta name=\"robots\" content=\"index, follow, max-snippet:-1, max-image-preview:large, max-video-preview:-1\" \/>\n<link rel=\"canonical\" href=\"https:\/\/www.manabi.gob.ec\/index.php\/atendemos-tramos-criticos-de-vias-rurales-de-flavio-alfaro\/\" \/>\n<meta property=\"og:locale\" content=\"es_ES\" \/>\n<meta property=\"og:type\" content=\"article\" \/>\n<meta property=\"og:title\" content=\"ATENDEMOS TRAMOS CR\u00cdTICOS DE V\u00cdAS RURALES DE FLAVIO ALFARO - Prefectura de Manab\u00ed\" \/>\n<meta property=\"og:description\" content=\"La Prefectura de Manab\u00ed realiza trabajos en puntos cr\u00edticos de la v\u00eda El Golpe &#8211; Barber\u00e1n- Rosado-La Delicia-Tripa de Pollo, en una distancia de 19 kil\u00f3metros, en el cant\u00f3n Flavio Alfaro. Esta arteria de movilidad fue intervenida, a nivel de mejoramiento, &nbsp;por la entidad provincial en el 2020. De&nbsp; los 19 kil\u00f3metros de la v\u00eda, [&hellip;]\" \/>\n<meta property=\"og:url\" content=\"https:\/\/www.manabi.gob.ec\/index.php\/atendemos-tramos-criticos-de-vias-rurales-de-flavio-alfaro\/\" \/>\n<meta property=\"og:site_name\" content=\"Prefectura de Manab\u00ed\" \/>\n<meta property=\"article:published_time\" content=\"2021-07-06T23:49:08+00:00\" \/>\n<meta property=\"article:modified_time\" content=\"2021-07-06T23:49:10+00:00\" \/>\n<meta property=\"og:image\" content=\"https:\/\/www.manabi.gob.ec\/wp-content\/uploads\/2021\/07\/trabajos-en-vias-rurales-Flavio-2.jpg\" \/>\n\t<meta property=\"og:image:width\" content=\"1280\" \/>\n\t<meta property=\"og:image:height\" content=\"958\" \/>\n\t<meta property=\"og:image:type\" content=\"image\/jpeg\" \/>\n<meta name=\"author\" content=\"admin\" \/>\n<meta name=\"twitter:card\" content=\"summary_large_image\" \/>\n<meta name=\"twitter:label1\" content=\"Escrito por\" \/>\n\t<meta name=\"twitter:data1\" content=\"admin\" \/>\n\t<meta name=\"twitter:label2\" content=\"Tiempo de lectura\" \/>\n\t<meta name=\"twitter:data2\" content=\"2 minutos\" \/>\n<script type=\"application\/ld+json\" class=\"yoast-schema-graph\">{\"@context\":\"https:\\\/\\\/schema.org\",\"@graph\":[{\"@type\":\"Article\",\"@id\":\"https:\\\/\\\/www.manabi.gob.ec\\\/index.php\\\/atendemos-tramos-criticos-de-vias-rurales-de-flavio-alfaro\\\/#article\",\"isPartOf\":{\"@id\":\"https:\\\/\\\/www.manabi.gob.ec\\\/index.php\\\/atendemos-tramos-criticos-de-vias-rurales-de-flavio-alfaro\\\/\"},\"author\":{\"name\":\"admin\",\"@id\":\"https:\\\/\\\/www.manabi.gob.ec\\\/#\\\/schema\\\/person\\\/cfc71bd68fe2703b779edcc292a49722\"},\"headline\":\"ATENDEMOS TRAMOS CR\u00cdTICOS DE V\u00cdAS RURALES DE FLAVIO ALFARO\",\"datePublished\":\"2021-07-06T23:49:08+00:00\",\"dateModified\":\"2021-07-06T23:49:10+00:00\",\"mainEntityOfPage\":{\"@id\":\"https:\\\/\\\/www.manabi.gob.ec\\\/index.php\\\/atendemos-tramos-criticos-de-vias-rurales-de-flavio-alfaro\\\/\"},\"wordCount\":369,\"image\":{\"@id\":\"https:\\\/\\\/www.manabi.gob.ec\\\/index.php\\\/atendemos-tramos-criticos-de-vias-rurales-de-flavio-alfaro\\\/#primaryimage\"},\"thumbnailUrl\":\"https:\\\/\\\/www.manabi.gob.ec\\\/wp-content\\\/uploads\\\/2021\\\/07\\\/trabajos-en-vias-rurales-Flavio-2.jpg\",\"articleSection\":[\"Flavio Alfaro\",\"Noticias\",\"Obra P\u00fablica\",\"Todas\"],\"inLanguage\":\"es\"},{\"@type\":\"WebPage\",\"@id\":\"https:\\\/\\\/www.manabi.gob.ec\\\/index.php\\\/atendemos-tramos-criticos-de-vias-rurales-de-flavio-alfaro\\\/\",\"url\":\"https:\\\/\\\/www.manabi.gob.ec\\\/index.php\\\/atendemos-tramos-criticos-de-vias-rurales-de-flavio-alfaro\\\/\",\"name\":\"ATENDEMOS TRAMOS CR\u00cdTICOS DE V\u00cdAS RURALES DE FLAVIO ALFARO - Prefectura de Manab\u00ed\",\"isPartOf\":{\"@id\":\"https:\\\/\\\/www.manabi.gob.ec\\\/#website\"},\"primaryImageOfPage\":{\"@id\":\"https:\\\/\\\/www.manabi.gob.ec\\\/index.php\\\/atendemos-tramos-criticos-de-vias-rurales-de-flavio-alfaro\\\/#primaryimage\"},\"image\":{\"@id\":\"https:\\\/\\\/www.manabi.gob.ec\\\/index.php\\\/atendemos-tramos-criticos-de-vias-rurales-de-flavio-alfaro\\\/#primaryimage\"},\"thumbnailUrl\":\"https:\\\/\\\/www.manabi.gob.ec\\\/wp-content\\\/uploads\\\/2021\\\/07\\\/trabajos-en-vias-rurales-Flavio-2.jpg\",\"datePublished\":\"2021-07-06T23:49:08+00:00\",\"dateModified\":\"2021-07-06T23:49:10+00:00\",\"author\":{\"@id\":\"https:\\\/\\\/www.manabi.gob.ec\\\/#\\\/schema\\\/person\\\/cfc71bd68fe2703b779edcc292a49722\"},\"breadcrumb\":{\"@id\":\"https:\\\/\\\/www.manabi.gob.ec\\\/index.php\\\/atendemos-tramos-criticos-de-vias-rurales-de-flavio-alfaro\\\/#breadcrumb\"},\"inLanguage\":\"es\",\"potentialAction\":[{\"@type\":\"ReadAction\",\"target\":[\"https:\\\/\\\/www.manabi.gob.ec\\\/index.php\\\/atendemos-tramos-criticos-de-vias-rurales-de-flavio-alfaro\\\/\"]}]},{\"@type\":\"ImageObject\",\"inLanguage\":\"es\",\"@id\":\"https:\\\/\\\/www.manabi.gob.ec\\\/index.php\\\/atendemos-tramos-criticos-de-vias-rurales-de-flavio-alfaro\\\/#primaryimage\",\"url\":\"https:\\\/\\\/www.manabi.gob.ec\\\/wp-content\\\/uploads\\\/2021\\\/07\\\/trabajos-en-vias-rurales-Flavio-2.jpg\",\"contentUrl\":\"https:\\\/\\\/www.manabi.gob.ec\\\/wp-content\\\/uploads\\\/2021\\\/07\\\/trabajos-en-vias-rurales-Flavio-2.jpg\",\"width\":1280,\"height\":958},{\"@type\":\"BreadcrumbList\",\"@id\":\"https:\\\/\\\/www.manabi.gob.ec\\\/index.php\\\/atendemos-tramos-criticos-de-vias-rurales-de-flavio-alfaro\\\/#breadcrumb\",\"itemListElement\":[{\"@type\":\"ListItem\",\"position\":1,\"name\":\"Portada\",\"item\":\"https:\\\/\\\/www.manabi.gob.ec\\\/\"},{\"@type\":\"ListItem\",\"position\":2,\"name\":\"ATENDEMOS TRAMOS CR\u00cdTICOS DE V\u00cdAS RURALES DE FLAVIO ALFARO\"}]},{\"@type\":\"WebSite\",\"@id\":\"https:\\\/\\\/www.manabi.gob.ec\\\/#website\",\"url\":\"https:\\\/\\\/www.manabi.gob.ec\\\/\",\"name\":\"Prefectura de Manab\u00ed\",\"description\":\"P\u00e1gina web de la prefectura\",\"potentialAction\":[{\"@type\":\"SearchAction\",\"target\":{\"@type\":\"EntryPoint\",\"urlTemplate\":\"https:\\\/\\\/www.manabi.gob.ec\\\/?s={search_term_string}\"},\"query-input\":{\"@type\":\"PropertyValueSpecification\",\"valueRequired\":true,\"valueName\":\"search_term_string\"}}],\"inLanguage\":\"es\"},{\"@type\":\"Person\",\"@id\":\"https:\\\/\\\/www.manabi.gob.ec\\\/#\\\/schema\\\/person\\\/cfc71bd68fe2703b779edcc292a49722\",\"name\":\"admin\",\"image\":{\"@type\":\"ImageObject\",\"inLanguage\":\"es\",\"@id\":\"https:\\\/\\\/secure.gravatar.com\\\/avatar\\\/23e9f919492b0a2f65aa168e0d8c5c867ea853b61deffbadf08c7031e15b8d78?s=96&d=mm&r=g\",\"url\":\"https:\\\/\\\/secure.gravatar.com\\\/avatar\\\/23e9f919492b0a2f65aa168e0d8c5c867ea853b61deffbadf08c7031e15b8d78?s=96&d=mm&r=g\",\"contentUrl\":\"https:\\\/\\\/secure.gravatar.com\\\/avatar\\\/23e9f919492b0a2f65aa168e0d8c5c867ea853b61deffbadf08c7031e15b8d78?s=96&d=mm&r=g\",\"caption\":\"admin\"},\"sameAs\":[\"http:\\\/\\\/www.manabi.gob.ec\"],\"url\":\"https:\\\/\\\/www.manabi.gob.ec\\\/index.php\\\/author\\\/admin\\\/\"}]}<\/script>\n<!-- \/ Yoast SEO plugin. -->","yoast_head_json":{"title":"ATENDEMOS TRAMOS CR\u00cdTICOS DE V\u00cdAS RURALES DE FLAVIO ALFARO - Prefectura de Manab\u00ed","robots":{"index":"index","follow":"follow","max-snippet":"max-snippet:-1","max-image-preview":"max-image-preview:large","max-video-preview":"max-video-preview:-1"},"canonical":"https:\/\/www.manabi.gob.ec\/index.php\/atendemos-tramos-criticos-de-vias-rurales-de-flavio-alfaro\/","og_locale":"es_ES","og_type":"article","og_title":"ATENDEMOS TRAMOS CR\u00cdTICOS DE V\u00cdAS RURALES DE FLAVIO ALFARO - Prefectura de Manab\u00ed","og_description":"La Prefectura de Manab\u00ed realiza trabajos en puntos cr\u00edticos de la v\u00eda El Golpe &#8211; Barber\u00e1n- Rosado-La Delicia-Tripa de Pollo, en una distancia de 19 kil\u00f3metros, en el cant\u00f3n Flavio Alfaro. Esta arteria de movilidad fue intervenida, a nivel de mejoramiento, &nbsp;por la entidad provincial en el 2020. De&nbsp; los 19 kil\u00f3metros de la v\u00eda, [&hellip;]","og_url":"https:\/\/www.manabi.gob.ec\/index.php\/atendemos-tramos-criticos-de-vias-rurales-de-flavio-alfaro\/","og_site_name":"Prefectura de Manab\u00ed","article_published_time":"2021-07-06T23:49:08+00:00","article_modified_time":"2021-07-06T23:49:10+00:00","og_image":[{"width":1280,"height":958,"url":"https:\/\/www.manabi.gob.ec\/wp-content\/uploads\/2021\/07\/trabajos-en-vias-rurales-Flavio-2.jpg","type":"image\/jpeg"}],"author":"admin","twitter_card":"summary_large_image","twitter_misc":{"Escrito por":"admin","Tiempo de lectura":"2 minutos"},"schema":{"@context":"https:\/\/schema.org","@graph":[{"@type":"Article","@id":"https:\/\/www.manabi.gob.ec\/index.php\/atendemos-tramos-criticos-de-vias-rurales-de-flavio-alfaro\/#article","isPartOf":{"@id":"https:\/\/www.manabi.gob.ec\/index.php\/atendemos-tramos-criticos-de-vias-rurales-de-flavio-alfaro\/"},"author":{"name":"admin","@id":"https:\/\/www.manabi.gob.ec\/#\/schema\/person\/cfc71bd68fe2703b779edcc292a49722"},"headline":"ATENDEMOS TRAMOS CR\u00cdTICOS DE V\u00cdAS RURALES DE FLAVIO ALFARO","datePublished":"2021-07-06T23:49:08+00:00","dateModified":"2021-07-06T23:49:10+00:00","mainEntityOfPage":{"@id":"https:\/\/www.manabi.gob.ec\/index.php\/atendemos-tramos-criticos-de-vias-rurales-de-flavio-alfaro\/"},"wordCount":369,"image":{"@id":"https:\/\/www.manabi.gob.ec\/index.php\/atendemos-tramos-criticos-de-vias-rurales-de-flavio-alfaro\/#primaryimage"},"thumbnailUrl":"https:\/\/www.manabi.gob.ec\/wp-content\/uploads\/2021\/07\/trabajos-en-vias-rurales-Flavio-2.jpg","articleSection":["Flavio Alfaro","Noticias","Obra P\u00fablica","Todas"],"inLanguage":"es"},{"@type":"WebPage","@id":"https:\/\/www.manabi.gob.ec\/index.php\/atendemos-tramos-criticos-de-vias-rurales-de-flavio-alfaro\/","url":"https:\/\/www.manabi.gob.ec\/index.php\/atendemos-tramos-criticos-de-vias-rurales-de-flavio-alfaro\/","name":"ATENDEMOS TRAMOS CR\u00cdTICOS DE V\u00cdAS RURALES DE FLAVIO ALFARO - Prefectura de Manab\u00ed","isPartOf":{"@id":"https:\/\/www.manabi.gob.ec\/#website"},"primaryImageOfPage":{"@id":"https:\/\/www.manabi.gob.ec\/index.php\/atendemos-tramos-criticos-de-vias-rurales-de-flavio-alfaro\/#primaryimage"},"image":{"@id":"https:\/\/www.manabi.gob.ec\/index.php\/atendemos-tramos-criticos-de-vias-rurales-de-flavio-alfaro\/#primaryimage"},"thumbnailUrl":"https:\/\/www.manabi.gob.ec\/wp-content\/uploads\/2021\/07\/trabajos-en-vias-rurales-Flavio-2.jpg","datePublished":"2021-07-06T23:49:08+00:00","dateModified":"2021-07-06T23:49:10+00:00","author":{"@id":"https:\/\/www.manabi.gob.ec\/#\/schema\/person\/cfc71bd68fe2703b779edcc292a49722"},"breadcrumb":{"@id":"https:\/\/www.manabi.gob.ec\/index.php\/atendemos-tramos-criticos-de-vias-rurales-de-flavio-alfaro\/#breadcrumb"},"inLanguage":"es","potentialAction":[{"@type":"ReadAction","target":["https:\/\/www.manabi.gob.ec\/index.php\/atendemos-tramos-criticos-de-vias-rurales-de-flavio-alfaro\/"]}]},{"@type":"ImageObject","inLanguage":"es","@id":"https:\/\/www.manabi.gob.ec\/index.php\/atendemos-tramos-criticos-de-vias-rurales-de-flavio-alfaro\/#primaryimage","url":"https:\/\/www.manabi.gob.ec\/wp-content\/uploads\/2021\/07\/trabajos-en-vias-rurales-Flavio-2.jpg","contentUrl":"https:\/\/www.manabi.gob.ec\/wp-content\/uploads\/2021\/07\/trabajos-en-vias-rurales-Flavio-2.jpg","width":1280,"height":958},{"@type":"BreadcrumbList","@id":"https:\/\/www.manabi.gob.ec\/index.php\/atendemos-tramos-criticos-de-vias-rurales-de-flavio-alfaro\/#breadcrumb","itemListElement":[{"@type":"ListItem","position":1,"name":"Portada","item":"https:\/\/www.manabi.gob.ec\/"},{"@type":"ListItem","position":2,"name":"ATENDEMOS TRAMOS CR\u00cdTICOS DE V\u00cdAS RURALES DE FLAVIO ALFARO"}]},{"@type":"WebSite","@id":"https:\/\/www.manabi.gob.ec\/#website","url":"https:\/\/www.manabi.gob.ec\/","name":"Prefectura de Manab\u00ed","description":"P\u00e1gina web de la prefectura","potentialAction":[{"@type":"SearchAction","target":{"@type":"EntryPoint","urlTemplate":"https:\/\/www.manabi.gob.ec\/?s={search_term_string}"},"query-input":{"@type":"PropertyValueSpecification","valueRequired":true,"valueName":"search_term_string"}}],"inLanguage":"es"},{"@type":"Person","@id":"https:\/\/www.manabi.gob.ec\/#\/schema\/person\/cfc71bd68fe2703b779edcc292a49722","name":"admin","image":{"@type":"ImageObject","inLanguage":"es","@id":"https:\/\/secure.gravatar.com\/avatar\/23e9f919492b0a2f65aa168e0d8c5c867ea853b61deffbadf08c7031e15b8d78?s=96&d=mm&r=g","url":"https:\/\/secure.gravatar.com\/avatar\/23e9f919492b0a2f65aa168e0d8c5c867ea853b61deffbadf08c7031e15b8d78?s=96&d=mm&r=g","contentUrl":"https:\/\/secure.gravatar.com\/avatar\/23e9f919492b0a2f65aa168e0d8c5c867ea853b61deffbadf08c7031e15b8d78?s=96&d=mm&r=g","caption":"admin"},"sameAs":["http:\/\/www.manabi.gob.ec"],"url":"https:\/\/www.manabi.gob.ec\/index.php\/author\/admin\/"}]}},"jetpack_featured_media_url":"https:\/\/www.manabi.gob.ec\/wp-content\/uploads\/2021\/07\/trabajos-en-vias-rurales-Flavio-2.jpg","_links":{"self":[{"href":"https:\/\/www.manabi.gob.ec\/index.php\/wp-json\/wp\/v2\/posts\/17947","targetHints":{"allow":["GET"]}}],"collection":[{"href":"https:\/\/www.manabi.gob.ec\/index.php\/wp-json\/wp\/v2\/posts"}],"about":[{"href":"https:\/\/www.manabi.gob.ec\/index.php\/wp-json\/wp\/v2\/types\/post"}],"author":[{"embeddable":true,"href":"https:\/\/www.manabi.gob.ec\/index.php\/wp-json\/wp\/v2\/users\/1"}],"replies":[{"embeddable":true,"href":"https:\/\/www.manabi.gob.ec\/index.php\/wp-json\/wp\/v2\/comments?post=17947"}],"version-history":[{"count":0,"href":"https:\/\/www.manabi.gob.ec\/index.php\/wp-json\/wp\/v2\/posts\/17947\/revisions"}],"wp:featuredmedia":[{"embeddable":true,"href":"https:\/\/www.manabi.gob.ec\/index.php\/wp-json\/wp\/v2\/media\/17948"}],"wp:attachment":[{"href":"https:\/\/www.manabi.gob.ec\/index.php\/wp-json\/wp\/v2\/media?parent=17947"}],"wp:term":[{"taxonomy":"category","embeddable":true,"href":"https:\/\/www.manabi.gob.ec\/index.php\/wp-json\/wp\/v2\/categories?post=17947"},{"taxonomy":"post_tag","embeddable":true,"href":"https:\/\/www.manabi.gob.ec\/index.php\/wp-json\/wp\/v2\/tags?post=17947"}],"curies":[{"name":"wp","href":"https:\/\/api.w.org\/{rel}","templated":true}]}}