{"id":18003,"date":"2021-07-10T00:31:32","date_gmt":"2021-07-10T00:31:32","guid":{"rendered":"https:\/\/www.manabi.gob.ec\/?p=18003"},"modified":"2021-07-10T00:31:35","modified_gmt":"2021-07-10T00:31:35","slug":"viceprefecta-visito-varias-comunidades-y-obras-del-canton-flavio-alfaro","status":"publish","type":"post","link":"https:\/\/www.manabi.gob.ec\/index.php\/viceprefecta-visito-varias-comunidades-y-obras-del-canton-flavio-alfaro\/","title":{"rendered":"VICEPREFECTA  VISIT\u00d3  VARIAS COMUNIDADES  Y OBRAS DEL CANT\u00d3N FLAVIO ALFARO"},"content":{"rendered":"\n<p>La &nbsp;Viceprefecta , Kelly Buenaventura, &nbsp;visit\u00f3 varias comunidades del cant\u00f3n Flavio Alfar, donde &nbsp;recorri\u00f3 varias v\u00edas y sostuvo reuniones con dirigentes y representantes de sectores productivos.<\/p>\n\n\n\n<p>Estuvo en el sitio &nbsp;La Morena, donde se &nbsp;reuni\u00f3 con &nbsp;dirigentes de las comunidades La Codicia, Trinidad 1, 2 y 3; Las Cumbres, Catal\u00e1n, 8 de Diciembre y La Morena, &nbsp;a quienes&nbsp; expuso&nbsp; sobre los trabajos planificados por el Gobierno de Manab\u00ed para estos sectores.<\/p>\n\n\n\n<p>Posteriormente,&nbsp; junto a los dirigentes comunitarios, &nbsp;recorri\u00f3 las v\u00edas: La Morena Abajo, de 2 kil\u00f3metros; La Codicia-Trinidad 1, 2 y 3-Jamita; &nbsp;&nbsp;La Codicia-Catalan-8 de Diciembre,&nbsp; y Las Cumbres-La Morena, &nbsp;de 8.4 kil\u00f3metros.<\/p>\n\n\n\n<p>\u00abReconocemos el trabajo que ejecuta la prefectura de Manab\u00ed, y &nbsp;estamos conscientes de los problemas econ\u00f3micos que atraviesan los Gobiernos Provinciales&nbsp; en el pa\u00eds\u00bb, expres\u00f3 Luis Endara, representante de la Asociaci\u00f3n de Agricultores de La Morena, quien&nbsp; destac\u00f3 la importancia de que las autoridades &nbsp;visiten los&nbsp; territorios, porque les permite expresar&nbsp; su sentir y las necesidades.<\/p>\n\n\n\n<p>\u00abReconocemos el trabajo del Prefecto y la Viceprefecta de Manab\u00ed. El apoyo que nos dan a trav\u00e9s de las obras en nuestros sectores es muy importante\u00bb enfatiz\u00f3 Jos\u00e9 Bermello del sitio La Morena.<\/p>\n\n\n\n<p>Wilmer Cantos, dirigente del sitio La Morena,&nbsp; dijo que esperan que lleguen las m\u00e1quinas para que inicien los trabajos viales que es una necesidad para todos. \u00ab<\/p>\n\n\n\n<p>VISITA A&nbsp; EL MAYAL &nbsp;<\/p>\n\n\n\n<p>La Viceprefecta tambi\u00e9n visit\u00f3 la comunidad El Mayal, de parroquia Novillo, &nbsp;donde se reuni\u00f3 con dirigentes y representantes &nbsp;de sectores productivos.&nbsp; Luego recorri\u00f3 la v\u00eda Las Delicias-Tripa de Pollo, &nbsp;de 5 kil\u00f3metros, intervenida por el Gobierno de Manab\u00ed, que se conecta con el eje vial Marcos-El Golpe de esta parroquia.<\/p>\n\n\n\n<p>\u00abNuestra solidaridad siempre con la zona rural de nuestra provincia. Pese a los recortes presupuestarios que hemos tenido, estamos haciendo las gestiones para cumplir con los hermanos del campo\u00bb, enfatiz\u00f3 Kelly Buenaventura&nbsp; viceprefecta de Manab\u00ed.<\/p>\n","protected":false},"excerpt":{"rendered":"<p>La  Viceprefecta , Kelly Buenaventura,  visit\u00f3 varias comunidades del cant\u00f3n Flavio Alfar, donde  recorri\u00f3 varias v\u00edas y sostuvo reuniones con dirigentes y representantes de sectores productivos.<\/p>\n","protected":false},"author":1,"featured_media":18004,"comment_status":"closed","ping_status":"open","sticky":false,"template":"","format":"standard","meta":{"_joinchat":[],"footnotes":""},"categories":[151,92,193,91],"tags":[],"class_list":["post-18003","post","type-post","status-publish","format-standard","has-post-thumbnail","hentry","category-flavio-alfaro","category-noticias-manabi","category-participacion-ciudadana","category-todas"],"yoast_head":"<!-- This site is optimized with the Yoast SEO plugin v27.4 - https:\/\/yoast.com\/product\/yoast-seo-wordpress\/ -->\n<title>VICEPREFECTA VISIT\u00d3 VARIAS COMUNIDADES Y OBRAS DEL CANT\u00d3N FLAVIO ALFARO - Prefectura de Manab\u00ed<\/title>\n<meta name=\"robots\" content=\"index, follow, max-snippet:-1, max-image-preview:large, max-video-preview:-1\" \/>\n<link rel=\"canonical\" href=\"https:\/\/www.manabi.gob.ec\/index.php\/viceprefecta-visito-varias-comunidades-y-obras-del-canton-flavio-alfaro\/\" \/>\n<meta property=\"og:locale\" content=\"es_ES\" \/>\n<meta property=\"og:type\" content=\"article\" \/>\n<meta property=\"og:title\" content=\"VICEPREFECTA VISIT\u00d3 VARIAS COMUNIDADES Y OBRAS DEL CANT\u00d3N FLAVIO ALFARO - Prefectura de Manab\u00ed\" \/>\n<meta property=\"og:description\" content=\"La Viceprefecta , Kelly Buenaventura, visit\u00f3 varias comunidades del cant\u00f3n Flavio Alfar, donde recorri\u00f3 varias v\u00edas y sostuvo reuniones con dirigentes y representantes de sectores productivos.\" \/>\n<meta property=\"og:url\" content=\"https:\/\/www.manabi.gob.ec\/index.php\/viceprefecta-visito-varias-comunidades-y-obras-del-canton-flavio-alfaro\/\" \/>\n<meta property=\"og:site_name\" content=\"Prefectura de Manab\u00ed\" \/>\n<meta property=\"article:published_time\" content=\"2021-07-10T00:31:32+00:00\" \/>\n<meta property=\"article:modified_time\" content=\"2021-07-10T00:31:35+00:00\" \/>\n<meta property=\"og:image\" content=\"https:\/\/www.manabi.gob.ec\/wp-content\/uploads\/2021\/07\/Viceprefecta-en-Flavio-Alfaro-2.jpg\" \/>\n\t<meta property=\"og:image:width\" content=\"1032\" \/>\n\t<meta property=\"og:image:height\" content=\"580\" \/>\n\t<meta property=\"og:image:type\" content=\"image\/jpeg\" \/>\n<meta name=\"author\" content=\"admin\" \/>\n<meta name=\"twitter:card\" content=\"summary_large_image\" \/>\n<meta name=\"twitter:label1\" content=\"Escrito por\" \/>\n\t<meta name=\"twitter:data1\" content=\"admin\" \/>\n\t<meta name=\"twitter:label2\" content=\"Tiempo de lectura\" \/>\n\t<meta name=\"twitter:data2\" content=\"2 minutos\" \/>\n<script type=\"application\/ld+json\" class=\"yoast-schema-graph\">{\"@context\":\"https:\\\/\\\/schema.org\",\"@graph\":[{\"@type\":\"Article\",\"@id\":\"https:\\\/\\\/www.manabi.gob.ec\\\/index.php\\\/viceprefecta-visito-varias-comunidades-y-obras-del-canton-flavio-alfaro\\\/#article\",\"isPartOf\":{\"@id\":\"https:\\\/\\\/www.manabi.gob.ec\\\/index.php\\\/viceprefecta-visito-varias-comunidades-y-obras-del-canton-flavio-alfaro\\\/\"},\"author\":{\"name\":\"admin\",\"@id\":\"https:\\\/\\\/www.manabi.gob.ec\\\/#\\\/schema\\\/person\\\/cfc71bd68fe2703b779edcc292a49722\"},\"headline\":\"VICEPREFECTA VISIT\u00d3 VARIAS COMUNIDADES Y OBRAS DEL CANT\u00d3N FLAVIO ALFARO\",\"datePublished\":\"2021-07-10T00:31:32+00:00\",\"dateModified\":\"2021-07-10T00:31:35+00:00\",\"mainEntityOfPage\":{\"@id\":\"https:\\\/\\\/www.manabi.gob.ec\\\/index.php\\\/viceprefecta-visito-varias-comunidades-y-obras-del-canton-flavio-alfaro\\\/\"},\"wordCount\":351,\"image\":{\"@id\":\"https:\\\/\\\/www.manabi.gob.ec\\\/index.php\\\/viceprefecta-visito-varias-comunidades-y-obras-del-canton-flavio-alfaro\\\/#primaryimage\"},\"thumbnailUrl\":\"https:\\\/\\\/www.manabi.gob.ec\\\/wp-content\\\/uploads\\\/2021\\\/07\\\/Viceprefecta-en-Flavio-Alfaro-2.jpg\",\"articleSection\":[\"Flavio Alfaro\",\"Noticias\",\"Participaci\u00f3n ciudadana\",\"Todas\"],\"inLanguage\":\"es\"},{\"@type\":\"WebPage\",\"@id\":\"https:\\\/\\\/www.manabi.gob.ec\\\/index.php\\\/viceprefecta-visito-varias-comunidades-y-obras-del-canton-flavio-alfaro\\\/\",\"url\":\"https:\\\/\\\/www.manabi.gob.ec\\\/index.php\\\/viceprefecta-visito-varias-comunidades-y-obras-del-canton-flavio-alfaro\\\/\",\"name\":\"VICEPREFECTA VISIT\u00d3 VARIAS COMUNIDADES Y OBRAS DEL CANT\u00d3N FLAVIO ALFARO - Prefectura de Manab\u00ed\",\"isPartOf\":{\"@id\":\"https:\\\/\\\/www.manabi.gob.ec\\\/#website\"},\"primaryImageOfPage\":{\"@id\":\"https:\\\/\\\/www.manabi.gob.ec\\\/index.php\\\/viceprefecta-visito-varias-comunidades-y-obras-del-canton-flavio-alfaro\\\/#primaryimage\"},\"image\":{\"@id\":\"https:\\\/\\\/www.manabi.gob.ec\\\/index.php\\\/viceprefecta-visito-varias-comunidades-y-obras-del-canton-flavio-alfaro\\\/#primaryimage\"},\"thumbnailUrl\":\"https:\\\/\\\/www.manabi.gob.ec\\\/wp-content\\\/uploads\\\/2021\\\/07\\\/Viceprefecta-en-Flavio-Alfaro-2.jpg\",\"datePublished\":\"2021-07-10T00:31:32+00:00\",\"dateModified\":\"2021-07-10T00:31:35+00:00\",\"author\":{\"@id\":\"https:\\\/\\\/www.manabi.gob.ec\\\/#\\\/schema\\\/person\\\/cfc71bd68fe2703b779edcc292a49722\"},\"breadcrumb\":{\"@id\":\"https:\\\/\\\/www.manabi.gob.ec\\\/index.php\\\/viceprefecta-visito-varias-comunidades-y-obras-del-canton-flavio-alfaro\\\/#breadcrumb\"},\"inLanguage\":\"es\",\"potentialAction\":[{\"@type\":\"ReadAction\",\"target\":[\"https:\\\/\\\/www.manabi.gob.ec\\\/index.php\\\/viceprefecta-visito-varias-comunidades-y-obras-del-canton-flavio-alfaro\\\/\"]}]},{\"@type\":\"ImageObject\",\"inLanguage\":\"es\",\"@id\":\"https:\\\/\\\/www.manabi.gob.ec\\\/index.php\\\/viceprefecta-visito-varias-comunidades-y-obras-del-canton-flavio-alfaro\\\/#primaryimage\",\"url\":\"https:\\\/\\\/www.manabi.gob.ec\\\/wp-content\\\/uploads\\\/2021\\\/07\\\/Viceprefecta-en-Flavio-Alfaro-2.jpg\",\"contentUrl\":\"https:\\\/\\\/www.manabi.gob.ec\\\/wp-content\\\/uploads\\\/2021\\\/07\\\/Viceprefecta-en-Flavio-Alfaro-2.jpg\",\"width\":1032,\"height\":580},{\"@type\":\"BreadcrumbList\",\"@id\":\"https:\\\/\\\/www.manabi.gob.ec\\\/index.php\\\/viceprefecta-visito-varias-comunidades-y-obras-del-canton-flavio-alfaro\\\/#breadcrumb\",\"itemListElement\":[{\"@type\":\"ListItem\",\"position\":1,\"name\":\"Portada\",\"item\":\"https:\\\/\\\/www.manabi.gob.ec\\\/\"},{\"@type\":\"ListItem\",\"position\":2,\"name\":\"VICEPREFECTA VISIT\u00d3 VARIAS COMUNIDADES Y OBRAS DEL CANT\u00d3N FLAVIO ALFARO\"}]},{\"@type\":\"WebSite\",\"@id\":\"https:\\\/\\\/www.manabi.gob.ec\\\/#website\",\"url\":\"https:\\\/\\\/www.manabi.gob.ec\\\/\",\"name\":\"Prefectura de Manab\u00ed\",\"description\":\"P\u00e1gina web de la prefectura\",\"potentialAction\":[{\"@type\":\"SearchAction\",\"target\":{\"@type\":\"EntryPoint\",\"urlTemplate\":\"https:\\\/\\\/www.manabi.gob.ec\\\/?s={search_term_string}\"},\"query-input\":{\"@type\":\"PropertyValueSpecification\",\"valueRequired\":true,\"valueName\":\"search_term_string\"}}],\"inLanguage\":\"es\"},{\"@type\":\"Person\",\"@id\":\"https:\\\/\\\/www.manabi.gob.ec\\\/#\\\/schema\\\/person\\\/cfc71bd68fe2703b779edcc292a49722\",\"name\":\"admin\",\"image\":{\"@type\":\"ImageObject\",\"inLanguage\":\"es\",\"@id\":\"https:\\\/\\\/secure.gravatar.com\\\/avatar\\\/23e9f919492b0a2f65aa168e0d8c5c867ea853b61deffbadf08c7031e15b8d78?s=96&d=mm&r=g\",\"url\":\"https:\\\/\\\/secure.gravatar.com\\\/avatar\\\/23e9f919492b0a2f65aa168e0d8c5c867ea853b61deffbadf08c7031e15b8d78?s=96&d=mm&r=g\",\"contentUrl\":\"https:\\\/\\\/secure.gravatar.com\\\/avatar\\\/23e9f919492b0a2f65aa168e0d8c5c867ea853b61deffbadf08c7031e15b8d78?s=96&d=mm&r=g\",\"caption\":\"admin\"},\"sameAs\":[\"http:\\\/\\\/www.manabi.gob.ec\"],\"url\":\"https:\\\/\\\/www.manabi.gob.ec\\\/index.php\\\/author\\\/admin\\\/\"}]}<\/script>\n<!-- \/ Yoast SEO plugin. -->","yoast_head_json":{"title":"VICEPREFECTA VISIT\u00d3 VARIAS COMUNIDADES Y OBRAS DEL CANT\u00d3N FLAVIO ALFARO - Prefectura de Manab\u00ed","robots":{"index":"index","follow":"follow","max-snippet":"max-snippet:-1","max-image-preview":"max-image-preview:large","max-video-preview":"max-video-preview:-1"},"canonical":"https:\/\/www.manabi.gob.ec\/index.php\/viceprefecta-visito-varias-comunidades-y-obras-del-canton-flavio-alfaro\/","og_locale":"es_ES","og_type":"article","og_title":"VICEPREFECTA VISIT\u00d3 VARIAS COMUNIDADES Y OBRAS DEL CANT\u00d3N FLAVIO ALFARO - Prefectura de Manab\u00ed","og_description":"La Viceprefecta , Kelly Buenaventura, visit\u00f3 varias comunidades del cant\u00f3n Flavio Alfar, donde recorri\u00f3 varias v\u00edas y sostuvo reuniones con dirigentes y representantes de sectores productivos.","og_url":"https:\/\/www.manabi.gob.ec\/index.php\/viceprefecta-visito-varias-comunidades-y-obras-del-canton-flavio-alfaro\/","og_site_name":"Prefectura de Manab\u00ed","article_published_time":"2021-07-10T00:31:32+00:00","article_modified_time":"2021-07-10T00:31:35+00:00","og_image":[{"width":1032,"height":580,"url":"https:\/\/www.manabi.gob.ec\/wp-content\/uploads\/2021\/07\/Viceprefecta-en-Flavio-Alfaro-2.jpg","type":"image\/jpeg"}],"author":"admin","twitter_card":"summary_large_image","twitter_misc":{"Escrito por":"admin","Tiempo de lectura":"2 minutos"},"schema":{"@context":"https:\/\/schema.org","@graph":[{"@type":"Article","@id":"https:\/\/www.manabi.gob.ec\/index.php\/viceprefecta-visito-varias-comunidades-y-obras-del-canton-flavio-alfaro\/#article","isPartOf":{"@id":"https:\/\/www.manabi.gob.ec\/index.php\/viceprefecta-visito-varias-comunidades-y-obras-del-canton-flavio-alfaro\/"},"author":{"name":"admin","@id":"https:\/\/www.manabi.gob.ec\/#\/schema\/person\/cfc71bd68fe2703b779edcc292a49722"},"headline":"VICEPREFECTA VISIT\u00d3 VARIAS COMUNIDADES Y OBRAS DEL CANT\u00d3N FLAVIO ALFARO","datePublished":"2021-07-10T00:31:32+00:00","dateModified":"2021-07-10T00:31:35+00:00","mainEntityOfPage":{"@id":"https:\/\/www.manabi.gob.ec\/index.php\/viceprefecta-visito-varias-comunidades-y-obras-del-canton-flavio-alfaro\/"},"wordCount":351,"image":{"@id":"https:\/\/www.manabi.gob.ec\/index.php\/viceprefecta-visito-varias-comunidades-y-obras-del-canton-flavio-alfaro\/#primaryimage"},"thumbnailUrl":"https:\/\/www.manabi.gob.ec\/wp-content\/uploads\/2021\/07\/Viceprefecta-en-Flavio-Alfaro-2.jpg","articleSection":["Flavio Alfaro","Noticias","Participaci\u00f3n ciudadana","Todas"],"inLanguage":"es"},{"@type":"WebPage","@id":"https:\/\/www.manabi.gob.ec\/index.php\/viceprefecta-visito-varias-comunidades-y-obras-del-canton-flavio-alfaro\/","url":"https:\/\/www.manabi.gob.ec\/index.php\/viceprefecta-visito-varias-comunidades-y-obras-del-canton-flavio-alfaro\/","name":"VICEPREFECTA VISIT\u00d3 VARIAS COMUNIDADES Y OBRAS DEL CANT\u00d3N FLAVIO ALFARO - Prefectura de Manab\u00ed","isPartOf":{"@id":"https:\/\/www.manabi.gob.ec\/#website"},"primaryImageOfPage":{"@id":"https:\/\/www.manabi.gob.ec\/index.php\/viceprefecta-visito-varias-comunidades-y-obras-del-canton-flavio-alfaro\/#primaryimage"},"image":{"@id":"https:\/\/www.manabi.gob.ec\/index.php\/viceprefecta-visito-varias-comunidades-y-obras-del-canton-flavio-alfaro\/#primaryimage"},"thumbnailUrl":"https:\/\/www.manabi.gob.ec\/wp-content\/uploads\/2021\/07\/Viceprefecta-en-Flavio-Alfaro-2.jpg","datePublished":"2021-07-10T00:31:32+00:00","dateModified":"2021-07-10T00:31:35+00:00","author":{"@id":"https:\/\/www.manabi.gob.ec\/#\/schema\/person\/cfc71bd68fe2703b779edcc292a49722"},"breadcrumb":{"@id":"https:\/\/www.manabi.gob.ec\/index.php\/viceprefecta-visito-varias-comunidades-y-obras-del-canton-flavio-alfaro\/#breadcrumb"},"inLanguage":"es","potentialAction":[{"@type":"ReadAction","target":["https:\/\/www.manabi.gob.ec\/index.php\/viceprefecta-visito-varias-comunidades-y-obras-del-canton-flavio-alfaro\/"]}]},{"@type":"ImageObject","inLanguage":"es","@id":"https:\/\/www.manabi.gob.ec\/index.php\/viceprefecta-visito-varias-comunidades-y-obras-del-canton-flavio-alfaro\/#primaryimage","url":"https:\/\/www.manabi.gob.ec\/wp-content\/uploads\/2021\/07\/Viceprefecta-en-Flavio-Alfaro-2.jpg","contentUrl":"https:\/\/www.manabi.gob.ec\/wp-content\/uploads\/2021\/07\/Viceprefecta-en-Flavio-Alfaro-2.jpg","width":1032,"height":580},{"@type":"BreadcrumbList","@id":"https:\/\/www.manabi.gob.ec\/index.php\/viceprefecta-visito-varias-comunidades-y-obras-del-canton-flavio-alfaro\/#breadcrumb","itemListElement":[{"@type":"ListItem","position":1,"name":"Portada","item":"https:\/\/www.manabi.gob.ec\/"},{"@type":"ListItem","position":2,"name":"VICEPREFECTA VISIT\u00d3 VARIAS COMUNIDADES Y OBRAS DEL CANT\u00d3N FLAVIO ALFARO"}]},{"@type":"WebSite","@id":"https:\/\/www.manabi.gob.ec\/#website","url":"https:\/\/www.manabi.gob.ec\/","name":"Prefectura de Manab\u00ed","description":"P\u00e1gina web de la prefectura","potentialAction":[{"@type":"SearchAction","target":{"@type":"EntryPoint","urlTemplate":"https:\/\/www.manabi.gob.ec\/?s={search_term_string}"},"query-input":{"@type":"PropertyValueSpecification","valueRequired":true,"valueName":"search_term_string"}}],"inLanguage":"es"},{"@type":"Person","@id":"https:\/\/www.manabi.gob.ec\/#\/schema\/person\/cfc71bd68fe2703b779edcc292a49722","name":"admin","image":{"@type":"ImageObject","inLanguage":"es","@id":"https:\/\/secure.gravatar.com\/avatar\/23e9f919492b0a2f65aa168e0d8c5c867ea853b61deffbadf08c7031e15b8d78?s=96&d=mm&r=g","url":"https:\/\/secure.gravatar.com\/avatar\/23e9f919492b0a2f65aa168e0d8c5c867ea853b61deffbadf08c7031e15b8d78?s=96&d=mm&r=g","contentUrl":"https:\/\/secure.gravatar.com\/avatar\/23e9f919492b0a2f65aa168e0d8c5c867ea853b61deffbadf08c7031e15b8d78?s=96&d=mm&r=g","caption":"admin"},"sameAs":["http:\/\/www.manabi.gob.ec"],"url":"https:\/\/www.manabi.gob.ec\/index.php\/author\/admin\/"}]}},"jetpack_featured_media_url":"https:\/\/www.manabi.gob.ec\/wp-content\/uploads\/2021\/07\/Viceprefecta-en-Flavio-Alfaro-2.jpg","_links":{"self":[{"href":"https:\/\/www.manabi.gob.ec\/index.php\/wp-json\/wp\/v2\/posts\/18003","targetHints":{"allow":["GET"]}}],"collection":[{"href":"https:\/\/www.manabi.gob.ec\/index.php\/wp-json\/wp\/v2\/posts"}],"about":[{"href":"https:\/\/www.manabi.gob.ec\/index.php\/wp-json\/wp\/v2\/types\/post"}],"author":[{"embeddable":true,"href":"https:\/\/www.manabi.gob.ec\/index.php\/wp-json\/wp\/v2\/users\/1"}],"replies":[{"embeddable":true,"href":"https:\/\/www.manabi.gob.ec\/index.php\/wp-json\/wp\/v2\/comments?post=18003"}],"version-history":[{"count":0,"href":"https:\/\/www.manabi.gob.ec\/index.php\/wp-json\/wp\/v2\/posts\/18003\/revisions"}],"wp:featuredmedia":[{"embeddable":true,"href":"https:\/\/www.manabi.gob.ec\/index.php\/wp-json\/wp\/v2\/media\/18004"}],"wp:attachment":[{"href":"https:\/\/www.manabi.gob.ec\/index.php\/wp-json\/wp\/v2\/media?parent=18003"}],"wp:term":[{"taxonomy":"category","embeddable":true,"href":"https:\/\/www.manabi.gob.ec\/index.php\/wp-json\/wp\/v2\/categories?post=18003"},{"taxonomy":"post_tag","embeddable":true,"href":"https:\/\/www.manabi.gob.ec\/index.php\/wp-json\/wp\/v2\/tags?post=18003"}],"curies":[{"name":"wp","href":"https:\/\/api.w.org\/{rel}","templated":true}]}}