{"id":18013,"date":"2021-07-10T00:40:59","date_gmt":"2021-07-10T00:40:59","guid":{"rendered":"https:\/\/www.manabi.gob.ec\/?p=18013"},"modified":"2021-07-10T00:41:02","modified_gmt":"2021-07-10T00:41:02","slug":"prefectura-reapertura-caminos-veraneros-en-chirijos","status":"publish","type":"post","link":"https:\/\/www.manabi.gob.ec\/index.php\/prefectura-reapertura-caminos-veraneros-en-chirijos\/","title":{"rendered":"PREFECTURA REAPERTURA CAMINOS VERANEROS EN CHIRIJOS"},"content":{"rendered":"\n<p>Aproximadamente 18 kil\u00f3metros de v\u00edas veraneras ser\u00e1n reapertutadas por la Prefectura de Manab\u00ed en&nbsp; la parroquia Chirijos del cant\u00f3n Portoviejo, con maquinaria contratada mediante&nbsp; Feria Inclusiva.<\/p>\n\n\n\n<p>En el sector conocido como La Pita, actualmente &nbsp;se reapertura &nbsp;alrededor de 800 metros de camino rural, que beneficia a unas 50&nbsp; familias de agricultores que&nbsp; producen pl\u00e1tano, guineo, caf\u00e9, cacao, c\u00edtricos, entre otros.<\/p>\n\n\n\n<p>Gustavo Loor,&nbsp; agricultor de La Pita, coment\u00f3 &nbsp;que pasan dificultades al momento de sacar la producci\u00f3n a los mercados, debido a la falta de v\u00eda. Con la reapertura&nbsp; de la v\u00eda los veh\u00edculos podr\u00e1n ingresar durante el verano y podr\u00e1n sacar la cosecha a los mercados, se\u00f1al\u00f3.<\/p>\n\n\n\n<p>Manuel Olg\u00edn, es otro de los agricultores de La Pita, quien dijo que estos trabajos se hace todos los a\u00f1os y es una gran ayuda. \u00abNosotros cuando no tenemos camino sacamos los productos a lomo de mula\u00bb, mencion\u00f3.<\/p>\n","protected":false},"excerpt":{"rendered":"<p>Aproximadamente 18 kil\u00f3metros de v\u00edas veraneras ser\u00e1n reapertutadas por la Prefectura de Manab\u00ed en&nbsp; la parroquia Chirijos del cant\u00f3n Portoviejo, con maquinaria contratada mediante&nbsp; Feria Inclusiva. En el sector conocido como La Pita, actualmente &nbsp;se reapertura &nbsp;alrededor de 800 metros de camino rural, que beneficia a unas 50&nbsp; familias de agricultores que&nbsp; producen pl\u00e1tano, guineo, [&hellip;]<\/p>\n","protected":false},"author":1,"featured_media":18014,"comment_status":"closed","ping_status":"open","sticky":false,"template":"","format":"standard","meta":{"_joinchat":[],"footnotes":""},"categories":[92,181,132,91,127],"tags":[],"class_list":["post-18013","post","type-post","status-publish","format-standard","has-post-thumbnail","hentry","category-noticias-manabi","category-obra-publica","category-portoviejo","category-todas","category-vialidad"],"yoast_head":"<!-- This site is optimized with the Yoast SEO plugin v27.4 - https:\/\/yoast.com\/product\/yoast-seo-wordpress\/ -->\n<title>PREFECTURA REAPERTURA CAMINOS VERANEROS EN CHIRIJOS - Prefectura de Manab\u00ed<\/title>\n<meta name=\"robots\" content=\"index, follow, max-snippet:-1, max-image-preview:large, max-video-preview:-1\" \/>\n<link rel=\"canonical\" href=\"https:\/\/www.manabi.gob.ec\/index.php\/prefectura-reapertura-caminos-veraneros-en-chirijos\/\" \/>\n<meta property=\"og:locale\" content=\"es_ES\" \/>\n<meta property=\"og:type\" content=\"article\" \/>\n<meta property=\"og:title\" content=\"PREFECTURA REAPERTURA CAMINOS VERANEROS EN CHIRIJOS - Prefectura de Manab\u00ed\" \/>\n<meta property=\"og:description\" content=\"Aproximadamente 18 kil\u00f3metros de v\u00edas veraneras ser\u00e1n reapertutadas por la Prefectura de Manab\u00ed en&nbsp; la parroquia Chirijos del cant\u00f3n Portoviejo, con maquinaria contratada mediante&nbsp; Feria Inclusiva. En el sector conocido como La Pita, actualmente &nbsp;se reapertura &nbsp;alrededor de 800 metros de camino rural, que beneficia a unas 50&nbsp; familias de agricultores que&nbsp; producen pl\u00e1tano, guineo, [&hellip;]\" \/>\n<meta property=\"og:url\" content=\"https:\/\/www.manabi.gob.ec\/index.php\/prefectura-reapertura-caminos-veraneros-en-chirijos\/\" \/>\n<meta property=\"og:site_name\" content=\"Prefectura de Manab\u00ed\" \/>\n<meta property=\"article:published_time\" content=\"2021-07-10T00:40:59+00:00\" \/>\n<meta property=\"article:modified_time\" content=\"2021-07-10T00:41:02+00:00\" \/>\n<meta property=\"og:image\" content=\"https:\/\/www.manabi.gob.ec\/wp-content\/uploads\/2021\/07\/Apertura-de-caminno-en-chirijo-1.jpg\" \/>\n\t<meta property=\"og:image:width\" content=\"1280\" \/>\n\t<meta property=\"og:image:height\" content=\"720\" \/>\n\t<meta property=\"og:image:type\" content=\"image\/jpeg\" \/>\n<meta name=\"author\" content=\"admin\" \/>\n<meta name=\"twitter:card\" content=\"summary_large_image\" \/>\n<meta name=\"twitter:label1\" content=\"Escrito por\" \/>\n\t<meta name=\"twitter:data1\" content=\"admin\" \/>\n\t<meta name=\"twitter:label2\" content=\"Tiempo de lectura\" \/>\n\t<meta name=\"twitter:data2\" content=\"1 minuto\" \/>\n<script type=\"application\/ld+json\" class=\"yoast-schema-graph\">{\"@context\":\"https:\\\/\\\/schema.org\",\"@graph\":[{\"@type\":\"Article\",\"@id\":\"https:\\\/\\\/www.manabi.gob.ec\\\/index.php\\\/prefectura-reapertura-caminos-veraneros-en-chirijos\\\/#article\",\"isPartOf\":{\"@id\":\"https:\\\/\\\/www.manabi.gob.ec\\\/index.php\\\/prefectura-reapertura-caminos-veraneros-en-chirijos\\\/\"},\"author\":{\"name\":\"admin\",\"@id\":\"https:\\\/\\\/www.manabi.gob.ec\\\/#\\\/schema\\\/person\\\/cfc71bd68fe2703b779edcc292a49722\"},\"headline\":\"PREFECTURA REAPERTURA CAMINOS VERANEROS EN CHIRIJOS\",\"datePublished\":\"2021-07-10T00:40:59+00:00\",\"dateModified\":\"2021-07-10T00:41:02+00:00\",\"mainEntityOfPage\":{\"@id\":\"https:\\\/\\\/www.manabi.gob.ec\\\/index.php\\\/prefectura-reapertura-caminos-veraneros-en-chirijos\\\/\"},\"wordCount\":172,\"image\":{\"@id\":\"https:\\\/\\\/www.manabi.gob.ec\\\/index.php\\\/prefectura-reapertura-caminos-veraneros-en-chirijos\\\/#primaryimage\"},\"thumbnailUrl\":\"https:\\\/\\\/www.manabi.gob.ec\\\/wp-content\\\/uploads\\\/2021\\\/07\\\/Apertura-de-caminno-en-chirijo-1.jpg\",\"articleSection\":[\"Noticias\",\"Obra P\u00fablica\",\"Portoviejo\",\"Todas\",\"Vialidad\"],\"inLanguage\":\"es\"},{\"@type\":\"WebPage\",\"@id\":\"https:\\\/\\\/www.manabi.gob.ec\\\/index.php\\\/prefectura-reapertura-caminos-veraneros-en-chirijos\\\/\",\"url\":\"https:\\\/\\\/www.manabi.gob.ec\\\/index.php\\\/prefectura-reapertura-caminos-veraneros-en-chirijos\\\/\",\"name\":\"PREFECTURA REAPERTURA CAMINOS VERANEROS EN CHIRIJOS - Prefectura de Manab\u00ed\",\"isPartOf\":{\"@id\":\"https:\\\/\\\/www.manabi.gob.ec\\\/#website\"},\"primaryImageOfPage\":{\"@id\":\"https:\\\/\\\/www.manabi.gob.ec\\\/index.php\\\/prefectura-reapertura-caminos-veraneros-en-chirijos\\\/#primaryimage\"},\"image\":{\"@id\":\"https:\\\/\\\/www.manabi.gob.ec\\\/index.php\\\/prefectura-reapertura-caminos-veraneros-en-chirijos\\\/#primaryimage\"},\"thumbnailUrl\":\"https:\\\/\\\/www.manabi.gob.ec\\\/wp-content\\\/uploads\\\/2021\\\/07\\\/Apertura-de-caminno-en-chirijo-1.jpg\",\"datePublished\":\"2021-07-10T00:40:59+00:00\",\"dateModified\":\"2021-07-10T00:41:02+00:00\",\"author\":{\"@id\":\"https:\\\/\\\/www.manabi.gob.ec\\\/#\\\/schema\\\/person\\\/cfc71bd68fe2703b779edcc292a49722\"},\"breadcrumb\":{\"@id\":\"https:\\\/\\\/www.manabi.gob.ec\\\/index.php\\\/prefectura-reapertura-caminos-veraneros-en-chirijos\\\/#breadcrumb\"},\"inLanguage\":\"es\",\"potentialAction\":[{\"@type\":\"ReadAction\",\"target\":[\"https:\\\/\\\/www.manabi.gob.ec\\\/index.php\\\/prefectura-reapertura-caminos-veraneros-en-chirijos\\\/\"]}]},{\"@type\":\"ImageObject\",\"inLanguage\":\"es\",\"@id\":\"https:\\\/\\\/www.manabi.gob.ec\\\/index.php\\\/prefectura-reapertura-caminos-veraneros-en-chirijos\\\/#primaryimage\",\"url\":\"https:\\\/\\\/www.manabi.gob.ec\\\/wp-content\\\/uploads\\\/2021\\\/07\\\/Apertura-de-caminno-en-chirijo-1.jpg\",\"contentUrl\":\"https:\\\/\\\/www.manabi.gob.ec\\\/wp-content\\\/uploads\\\/2021\\\/07\\\/Apertura-de-caminno-en-chirijo-1.jpg\",\"width\":1280,\"height\":720},{\"@type\":\"BreadcrumbList\",\"@id\":\"https:\\\/\\\/www.manabi.gob.ec\\\/index.php\\\/prefectura-reapertura-caminos-veraneros-en-chirijos\\\/#breadcrumb\",\"itemListElement\":[{\"@type\":\"ListItem\",\"position\":1,\"name\":\"Portada\",\"item\":\"https:\\\/\\\/www.manabi.gob.ec\\\/\"},{\"@type\":\"ListItem\",\"position\":2,\"name\":\"PREFECTURA REAPERTURA CAMINOS VERANEROS EN CHIRIJOS\"}]},{\"@type\":\"WebSite\",\"@id\":\"https:\\\/\\\/www.manabi.gob.ec\\\/#website\",\"url\":\"https:\\\/\\\/www.manabi.gob.ec\\\/\",\"name\":\"Prefectura de Manab\u00ed\",\"description\":\"P\u00e1gina web de la prefectura\",\"potentialAction\":[{\"@type\":\"SearchAction\",\"target\":{\"@type\":\"EntryPoint\",\"urlTemplate\":\"https:\\\/\\\/www.manabi.gob.ec\\\/?s={search_term_string}\"},\"query-input\":{\"@type\":\"PropertyValueSpecification\",\"valueRequired\":true,\"valueName\":\"search_term_string\"}}],\"inLanguage\":\"es\"},{\"@type\":\"Person\",\"@id\":\"https:\\\/\\\/www.manabi.gob.ec\\\/#\\\/schema\\\/person\\\/cfc71bd68fe2703b779edcc292a49722\",\"name\":\"admin\",\"image\":{\"@type\":\"ImageObject\",\"inLanguage\":\"es\",\"@id\":\"https:\\\/\\\/secure.gravatar.com\\\/avatar\\\/23e9f919492b0a2f65aa168e0d8c5c867ea853b61deffbadf08c7031e15b8d78?s=96&d=mm&r=g\",\"url\":\"https:\\\/\\\/secure.gravatar.com\\\/avatar\\\/23e9f919492b0a2f65aa168e0d8c5c867ea853b61deffbadf08c7031e15b8d78?s=96&d=mm&r=g\",\"contentUrl\":\"https:\\\/\\\/secure.gravatar.com\\\/avatar\\\/23e9f919492b0a2f65aa168e0d8c5c867ea853b61deffbadf08c7031e15b8d78?s=96&d=mm&r=g\",\"caption\":\"admin\"},\"sameAs\":[\"http:\\\/\\\/www.manabi.gob.ec\"],\"url\":\"https:\\\/\\\/www.manabi.gob.ec\\\/index.php\\\/author\\\/admin\\\/\"}]}<\/script>\n<!-- \/ Yoast SEO plugin. -->","yoast_head_json":{"title":"PREFECTURA REAPERTURA CAMINOS VERANEROS EN CHIRIJOS - Prefectura de Manab\u00ed","robots":{"index":"index","follow":"follow","max-snippet":"max-snippet:-1","max-image-preview":"max-image-preview:large","max-video-preview":"max-video-preview:-1"},"canonical":"https:\/\/www.manabi.gob.ec\/index.php\/prefectura-reapertura-caminos-veraneros-en-chirijos\/","og_locale":"es_ES","og_type":"article","og_title":"PREFECTURA REAPERTURA CAMINOS VERANEROS EN CHIRIJOS - Prefectura de Manab\u00ed","og_description":"Aproximadamente 18 kil\u00f3metros de v\u00edas veraneras ser\u00e1n reapertutadas por la Prefectura de Manab\u00ed en&nbsp; la parroquia Chirijos del cant\u00f3n Portoviejo, con maquinaria contratada mediante&nbsp; Feria Inclusiva. En el sector conocido como La Pita, actualmente &nbsp;se reapertura &nbsp;alrededor de 800 metros de camino rural, que beneficia a unas 50&nbsp; familias de agricultores que&nbsp; producen pl\u00e1tano, guineo, [&hellip;]","og_url":"https:\/\/www.manabi.gob.ec\/index.php\/prefectura-reapertura-caminos-veraneros-en-chirijos\/","og_site_name":"Prefectura de Manab\u00ed","article_published_time":"2021-07-10T00:40:59+00:00","article_modified_time":"2021-07-10T00:41:02+00:00","og_image":[{"width":1280,"height":720,"url":"https:\/\/www.manabi.gob.ec\/wp-content\/uploads\/2021\/07\/Apertura-de-caminno-en-chirijo-1.jpg","type":"image\/jpeg"}],"author":"admin","twitter_card":"summary_large_image","twitter_misc":{"Escrito por":"admin","Tiempo de lectura":"1 minuto"},"schema":{"@context":"https:\/\/schema.org","@graph":[{"@type":"Article","@id":"https:\/\/www.manabi.gob.ec\/index.php\/prefectura-reapertura-caminos-veraneros-en-chirijos\/#article","isPartOf":{"@id":"https:\/\/www.manabi.gob.ec\/index.php\/prefectura-reapertura-caminos-veraneros-en-chirijos\/"},"author":{"name":"admin","@id":"https:\/\/www.manabi.gob.ec\/#\/schema\/person\/cfc71bd68fe2703b779edcc292a49722"},"headline":"PREFECTURA REAPERTURA CAMINOS VERANEROS EN CHIRIJOS","datePublished":"2021-07-10T00:40:59+00:00","dateModified":"2021-07-10T00:41:02+00:00","mainEntityOfPage":{"@id":"https:\/\/www.manabi.gob.ec\/index.php\/prefectura-reapertura-caminos-veraneros-en-chirijos\/"},"wordCount":172,"image":{"@id":"https:\/\/www.manabi.gob.ec\/index.php\/prefectura-reapertura-caminos-veraneros-en-chirijos\/#primaryimage"},"thumbnailUrl":"https:\/\/www.manabi.gob.ec\/wp-content\/uploads\/2021\/07\/Apertura-de-caminno-en-chirijo-1.jpg","articleSection":["Noticias","Obra P\u00fablica","Portoviejo","Todas","Vialidad"],"inLanguage":"es"},{"@type":"WebPage","@id":"https:\/\/www.manabi.gob.ec\/index.php\/prefectura-reapertura-caminos-veraneros-en-chirijos\/","url":"https:\/\/www.manabi.gob.ec\/index.php\/prefectura-reapertura-caminos-veraneros-en-chirijos\/","name":"PREFECTURA REAPERTURA CAMINOS VERANEROS EN CHIRIJOS - Prefectura de Manab\u00ed","isPartOf":{"@id":"https:\/\/www.manabi.gob.ec\/#website"},"primaryImageOfPage":{"@id":"https:\/\/www.manabi.gob.ec\/index.php\/prefectura-reapertura-caminos-veraneros-en-chirijos\/#primaryimage"},"image":{"@id":"https:\/\/www.manabi.gob.ec\/index.php\/prefectura-reapertura-caminos-veraneros-en-chirijos\/#primaryimage"},"thumbnailUrl":"https:\/\/www.manabi.gob.ec\/wp-content\/uploads\/2021\/07\/Apertura-de-caminno-en-chirijo-1.jpg","datePublished":"2021-07-10T00:40:59+00:00","dateModified":"2021-07-10T00:41:02+00:00","author":{"@id":"https:\/\/www.manabi.gob.ec\/#\/schema\/person\/cfc71bd68fe2703b779edcc292a49722"},"breadcrumb":{"@id":"https:\/\/www.manabi.gob.ec\/index.php\/prefectura-reapertura-caminos-veraneros-en-chirijos\/#breadcrumb"},"inLanguage":"es","potentialAction":[{"@type":"ReadAction","target":["https:\/\/www.manabi.gob.ec\/index.php\/prefectura-reapertura-caminos-veraneros-en-chirijos\/"]}]},{"@type":"ImageObject","inLanguage":"es","@id":"https:\/\/www.manabi.gob.ec\/index.php\/prefectura-reapertura-caminos-veraneros-en-chirijos\/#primaryimage","url":"https:\/\/www.manabi.gob.ec\/wp-content\/uploads\/2021\/07\/Apertura-de-caminno-en-chirijo-1.jpg","contentUrl":"https:\/\/www.manabi.gob.ec\/wp-content\/uploads\/2021\/07\/Apertura-de-caminno-en-chirijo-1.jpg","width":1280,"height":720},{"@type":"BreadcrumbList","@id":"https:\/\/www.manabi.gob.ec\/index.php\/prefectura-reapertura-caminos-veraneros-en-chirijos\/#breadcrumb","itemListElement":[{"@type":"ListItem","position":1,"name":"Portada","item":"https:\/\/www.manabi.gob.ec\/"},{"@type":"ListItem","position":2,"name":"PREFECTURA REAPERTURA CAMINOS VERANEROS EN CHIRIJOS"}]},{"@type":"WebSite","@id":"https:\/\/www.manabi.gob.ec\/#website","url":"https:\/\/www.manabi.gob.ec\/","name":"Prefectura de Manab\u00ed","description":"P\u00e1gina web de la prefectura","potentialAction":[{"@type":"SearchAction","target":{"@type":"EntryPoint","urlTemplate":"https:\/\/www.manabi.gob.ec\/?s={search_term_string}"},"query-input":{"@type":"PropertyValueSpecification","valueRequired":true,"valueName":"search_term_string"}}],"inLanguage":"es"},{"@type":"Person","@id":"https:\/\/www.manabi.gob.ec\/#\/schema\/person\/cfc71bd68fe2703b779edcc292a49722","name":"admin","image":{"@type":"ImageObject","inLanguage":"es","@id":"https:\/\/secure.gravatar.com\/avatar\/23e9f919492b0a2f65aa168e0d8c5c867ea853b61deffbadf08c7031e15b8d78?s=96&d=mm&r=g","url":"https:\/\/secure.gravatar.com\/avatar\/23e9f919492b0a2f65aa168e0d8c5c867ea853b61deffbadf08c7031e15b8d78?s=96&d=mm&r=g","contentUrl":"https:\/\/secure.gravatar.com\/avatar\/23e9f919492b0a2f65aa168e0d8c5c867ea853b61deffbadf08c7031e15b8d78?s=96&d=mm&r=g","caption":"admin"},"sameAs":["http:\/\/www.manabi.gob.ec"],"url":"https:\/\/www.manabi.gob.ec\/index.php\/author\/admin\/"}]}},"jetpack_featured_media_url":"https:\/\/www.manabi.gob.ec\/wp-content\/uploads\/2021\/07\/Apertura-de-caminno-en-chirijo-1.jpg","_links":{"self":[{"href":"https:\/\/www.manabi.gob.ec\/index.php\/wp-json\/wp\/v2\/posts\/18013","targetHints":{"allow":["GET"]}}],"collection":[{"href":"https:\/\/www.manabi.gob.ec\/index.php\/wp-json\/wp\/v2\/posts"}],"about":[{"href":"https:\/\/www.manabi.gob.ec\/index.php\/wp-json\/wp\/v2\/types\/post"}],"author":[{"embeddable":true,"href":"https:\/\/www.manabi.gob.ec\/index.php\/wp-json\/wp\/v2\/users\/1"}],"replies":[{"embeddable":true,"href":"https:\/\/www.manabi.gob.ec\/index.php\/wp-json\/wp\/v2\/comments?post=18013"}],"version-history":[{"count":0,"href":"https:\/\/www.manabi.gob.ec\/index.php\/wp-json\/wp\/v2\/posts\/18013\/revisions"}],"wp:featuredmedia":[{"embeddable":true,"href":"https:\/\/www.manabi.gob.ec\/index.php\/wp-json\/wp\/v2\/media\/18014"}],"wp:attachment":[{"href":"https:\/\/www.manabi.gob.ec\/index.php\/wp-json\/wp\/v2\/media?parent=18013"}],"wp:term":[{"taxonomy":"category","embeddable":true,"href":"https:\/\/www.manabi.gob.ec\/index.php\/wp-json\/wp\/v2\/categories?post=18013"},{"taxonomy":"post_tag","embeddable":true,"href":"https:\/\/www.manabi.gob.ec\/index.php\/wp-json\/wp\/v2\/tags?post=18013"}],"curies":[{"name":"wp","href":"https:\/\/api.w.org\/{rel}","templated":true}]}}