{"id":18019,"date":"2021-07-12T14:15:18","date_gmt":"2021-07-12T14:15:18","guid":{"rendered":"https:\/\/www.manabi.gob.ec\/?p=18019"},"modified":"2021-07-12T14:15:22","modified_gmt":"2021-07-12T14:15:22","slug":"prefecto-inauguro-la-octava-casa-de-acogida-para-mujeres-victimas-de-violencia","status":"publish","type":"post","link":"https:\/\/www.manabi.gob.ec\/index.php\/prefecto-inauguro-la-octava-casa-de-acogida-para-mujeres-victimas-de-violencia\/","title":{"rendered":"PREFECTO INAUGUR\u00d3 LA OCTAVA CASA DE ACOGIDA PARA MUJERES V\u00cdCTIMAS DE VIOLENCIA"},"content":{"rendered":"\n<p>En la comunidad Las Anonas, del cant\u00f3n 24 de Mayo, se inaugur\u00f3, este viernes 9 de julio, un centro de atenci\u00f3n integral inicial para mujeres v\u00edctimas de violencia.<\/p>\n\n\n\n<p>Se trata de la octava casa de acogida, de un total de 14, que&nbsp; est\u00e1n siendo implementadas en diferentes cantones de la provincia, en base a un convenio entre el Gobierno de Manab\u00ed y la Fundaci\u00f3n Santa Marta, con una inversi\u00f3n de $101.420.<\/p>\n\n\n\n<p>\u201cNos quedan 6 (centros de atenci\u00f3n) dentro de este primer proyecto, porque vamos a ampliar la cooperaci\u00f3n\u201d, dijo el Prefecto.<\/p>\n\n\n\n<p>Reina Barahona, presidenta de la Asociaci\u00f3n de Mujeres Santa Marta, destac\u00f3 el trabajo conjunto con la Prefectura para la construcci\u00f3n de una cultura de paz. \u00abEs el \u00fanico pol\u00edtico que ha invertido dinero para erradicar la violencia\u00bb, expres\u00f3, en referencia a Leonardo Orlando.<\/p>\n\n\n\n<p>El Prefecto estuvo acompa\u00f1ado de la viceprefecta, Kelly Buenaventura; el alcalde de 24 de Mayo, D\u00faval Valeriano; y el asamble\u00edsta provincial, Joao Acu\u00f1a.<\/p>\n","protected":false},"excerpt":{"rendered":"<p>En la comunidad Las Anonas, del cant\u00f3n 24 de Mayo, se inaugur\u00f3, este viernes 9 de julio, un centro de atenci\u00f3n integral inicial para mujeres v\u00edctimas de violencia.<\/p>\n","protected":false},"author":1,"featured_media":18020,"comment_status":"closed","ping_status":"open","sticky":false,"template":"","format":"standard","meta":{"_joinchat":[],"footnotes":""},"categories":[138,142,92,91],"tags":[],"class_list":["post-18019","post","type-post","status-publish","format-standard","has-post-thumbnail","hentry","category-24-de-mayo","category-desarrollo-social","category-noticias-manabi","category-todas"],"yoast_head":"<!-- This site is optimized with the Yoast SEO plugin v27.4 - https:\/\/yoast.com\/product\/yoast-seo-wordpress\/ -->\n<title>PREFECTO INAUGUR\u00d3 LA OCTAVA CASA DE ACOGIDA PARA MUJERES V\u00cdCTIMAS DE VIOLENCIA - Prefectura de Manab\u00ed<\/title>\n<meta name=\"robots\" content=\"index, follow, max-snippet:-1, max-image-preview:large, max-video-preview:-1\" \/>\n<link rel=\"canonical\" href=\"https:\/\/www.manabi.gob.ec\/index.php\/prefecto-inauguro-la-octava-casa-de-acogida-para-mujeres-victimas-de-violencia\/\" \/>\n<meta property=\"og:locale\" content=\"es_ES\" \/>\n<meta property=\"og:type\" content=\"article\" \/>\n<meta property=\"og:title\" content=\"PREFECTO INAUGUR\u00d3 LA OCTAVA CASA DE ACOGIDA PARA MUJERES V\u00cdCTIMAS DE VIOLENCIA - Prefectura de Manab\u00ed\" \/>\n<meta property=\"og:description\" content=\"En la comunidad Las Anonas, del cant\u00f3n 24 de Mayo, se inaugur\u00f3, este viernes 9 de julio, un centro de atenci\u00f3n integral inicial para mujeres v\u00edctimas de violencia.\" \/>\n<meta property=\"og:url\" content=\"https:\/\/www.manabi.gob.ec\/index.php\/prefecto-inauguro-la-octava-casa-de-acogida-para-mujeres-victimas-de-violencia\/\" \/>\n<meta property=\"og:site_name\" content=\"Prefectura de Manab\u00ed\" \/>\n<meta property=\"article:published_time\" content=\"2021-07-12T14:15:18+00:00\" \/>\n<meta property=\"article:modified_time\" content=\"2021-07-12T14:15:22+00:00\" \/>\n<meta property=\"og:image\" content=\"https:\/\/www.manabi.gob.ec\/wp-content\/uploads\/2021\/07\/Innauguracion-de-octava-casa-de-acogida-1.jpg\" \/>\n\t<meta property=\"og:image:width\" content=\"1280\" \/>\n\t<meta property=\"og:image:height\" content=\"720\" \/>\n\t<meta property=\"og:image:type\" content=\"image\/jpeg\" \/>\n<meta name=\"author\" content=\"admin\" \/>\n<meta name=\"twitter:card\" content=\"summary_large_image\" \/>\n<meta name=\"twitter:label1\" content=\"Escrito por\" \/>\n\t<meta name=\"twitter:data1\" content=\"admin\" \/>\n\t<meta name=\"twitter:label2\" content=\"Tiempo de lectura\" \/>\n\t<meta name=\"twitter:data2\" content=\"1 minuto\" \/>\n<script type=\"application\/ld+json\" class=\"yoast-schema-graph\">{\"@context\":\"https:\\\/\\\/schema.org\",\"@graph\":[{\"@type\":\"Article\",\"@id\":\"https:\\\/\\\/www.manabi.gob.ec\\\/index.php\\\/prefecto-inauguro-la-octava-casa-de-acogida-para-mujeres-victimas-de-violencia\\\/#article\",\"isPartOf\":{\"@id\":\"https:\\\/\\\/www.manabi.gob.ec\\\/index.php\\\/prefecto-inauguro-la-octava-casa-de-acogida-para-mujeres-victimas-de-violencia\\\/\"},\"author\":{\"name\":\"admin\",\"@id\":\"https:\\\/\\\/www.manabi.gob.ec\\\/#\\\/schema\\\/person\\\/cfc71bd68fe2703b779edcc292a49722\"},\"headline\":\"PREFECTO INAUGUR\u00d3 LA OCTAVA CASA DE ACOGIDA PARA MUJERES V\u00cdCTIMAS DE VIOLENCIA\",\"datePublished\":\"2021-07-12T14:15:18+00:00\",\"dateModified\":\"2021-07-12T14:15:22+00:00\",\"mainEntityOfPage\":{\"@id\":\"https:\\\/\\\/www.manabi.gob.ec\\\/index.php\\\/prefecto-inauguro-la-octava-casa-de-acogida-para-mujeres-victimas-de-violencia\\\/\"},\"wordCount\":180,\"image\":{\"@id\":\"https:\\\/\\\/www.manabi.gob.ec\\\/index.php\\\/prefecto-inauguro-la-octava-casa-de-acogida-para-mujeres-victimas-de-violencia\\\/#primaryimage\"},\"thumbnailUrl\":\"https:\\\/\\\/www.manabi.gob.ec\\\/wp-content\\\/uploads\\\/2021\\\/07\\\/Innauguracion-de-octava-casa-de-acogida-1.jpg\",\"articleSection\":[\"24 de Mayo\",\"Desarrollo Social\",\"Noticias\",\"Todas\"],\"inLanguage\":\"es\"},{\"@type\":\"WebPage\",\"@id\":\"https:\\\/\\\/www.manabi.gob.ec\\\/index.php\\\/prefecto-inauguro-la-octava-casa-de-acogida-para-mujeres-victimas-de-violencia\\\/\",\"url\":\"https:\\\/\\\/www.manabi.gob.ec\\\/index.php\\\/prefecto-inauguro-la-octava-casa-de-acogida-para-mujeres-victimas-de-violencia\\\/\",\"name\":\"PREFECTO INAUGUR\u00d3 LA OCTAVA CASA DE ACOGIDA PARA MUJERES V\u00cdCTIMAS DE VIOLENCIA - Prefectura de Manab\u00ed\",\"isPartOf\":{\"@id\":\"https:\\\/\\\/www.manabi.gob.ec\\\/#website\"},\"primaryImageOfPage\":{\"@id\":\"https:\\\/\\\/www.manabi.gob.ec\\\/index.php\\\/prefecto-inauguro-la-octava-casa-de-acogida-para-mujeres-victimas-de-violencia\\\/#primaryimage\"},\"image\":{\"@id\":\"https:\\\/\\\/www.manabi.gob.ec\\\/index.php\\\/prefecto-inauguro-la-octava-casa-de-acogida-para-mujeres-victimas-de-violencia\\\/#primaryimage\"},\"thumbnailUrl\":\"https:\\\/\\\/www.manabi.gob.ec\\\/wp-content\\\/uploads\\\/2021\\\/07\\\/Innauguracion-de-octava-casa-de-acogida-1.jpg\",\"datePublished\":\"2021-07-12T14:15:18+00:00\",\"dateModified\":\"2021-07-12T14:15:22+00:00\",\"author\":{\"@id\":\"https:\\\/\\\/www.manabi.gob.ec\\\/#\\\/schema\\\/person\\\/cfc71bd68fe2703b779edcc292a49722\"},\"breadcrumb\":{\"@id\":\"https:\\\/\\\/www.manabi.gob.ec\\\/index.php\\\/prefecto-inauguro-la-octava-casa-de-acogida-para-mujeres-victimas-de-violencia\\\/#breadcrumb\"},\"inLanguage\":\"es\",\"potentialAction\":[{\"@type\":\"ReadAction\",\"target\":[\"https:\\\/\\\/www.manabi.gob.ec\\\/index.php\\\/prefecto-inauguro-la-octava-casa-de-acogida-para-mujeres-victimas-de-violencia\\\/\"]}]},{\"@type\":\"ImageObject\",\"inLanguage\":\"es\",\"@id\":\"https:\\\/\\\/www.manabi.gob.ec\\\/index.php\\\/prefecto-inauguro-la-octava-casa-de-acogida-para-mujeres-victimas-de-violencia\\\/#primaryimage\",\"url\":\"https:\\\/\\\/www.manabi.gob.ec\\\/wp-content\\\/uploads\\\/2021\\\/07\\\/Innauguracion-de-octava-casa-de-acogida-1.jpg\",\"contentUrl\":\"https:\\\/\\\/www.manabi.gob.ec\\\/wp-content\\\/uploads\\\/2021\\\/07\\\/Innauguracion-de-octava-casa-de-acogida-1.jpg\",\"width\":1280,\"height\":720},{\"@type\":\"BreadcrumbList\",\"@id\":\"https:\\\/\\\/www.manabi.gob.ec\\\/index.php\\\/prefecto-inauguro-la-octava-casa-de-acogida-para-mujeres-victimas-de-violencia\\\/#breadcrumb\",\"itemListElement\":[{\"@type\":\"ListItem\",\"position\":1,\"name\":\"Portada\",\"item\":\"https:\\\/\\\/www.manabi.gob.ec\\\/\"},{\"@type\":\"ListItem\",\"position\":2,\"name\":\"PREFECTO INAUGUR\u00d3 LA OCTAVA CASA DE ACOGIDA PARA MUJERES V\u00cdCTIMAS DE VIOLENCIA\"}]},{\"@type\":\"WebSite\",\"@id\":\"https:\\\/\\\/www.manabi.gob.ec\\\/#website\",\"url\":\"https:\\\/\\\/www.manabi.gob.ec\\\/\",\"name\":\"Prefectura de Manab\u00ed\",\"description\":\"P\u00e1gina web de la prefectura\",\"potentialAction\":[{\"@type\":\"SearchAction\",\"target\":{\"@type\":\"EntryPoint\",\"urlTemplate\":\"https:\\\/\\\/www.manabi.gob.ec\\\/?s={search_term_string}\"},\"query-input\":{\"@type\":\"PropertyValueSpecification\",\"valueRequired\":true,\"valueName\":\"search_term_string\"}}],\"inLanguage\":\"es\"},{\"@type\":\"Person\",\"@id\":\"https:\\\/\\\/www.manabi.gob.ec\\\/#\\\/schema\\\/person\\\/cfc71bd68fe2703b779edcc292a49722\",\"name\":\"admin\",\"image\":{\"@type\":\"ImageObject\",\"inLanguage\":\"es\",\"@id\":\"https:\\\/\\\/secure.gravatar.com\\\/avatar\\\/23e9f919492b0a2f65aa168e0d8c5c867ea853b61deffbadf08c7031e15b8d78?s=96&d=mm&r=g\",\"url\":\"https:\\\/\\\/secure.gravatar.com\\\/avatar\\\/23e9f919492b0a2f65aa168e0d8c5c867ea853b61deffbadf08c7031e15b8d78?s=96&d=mm&r=g\",\"contentUrl\":\"https:\\\/\\\/secure.gravatar.com\\\/avatar\\\/23e9f919492b0a2f65aa168e0d8c5c867ea853b61deffbadf08c7031e15b8d78?s=96&d=mm&r=g\",\"caption\":\"admin\"},\"sameAs\":[\"http:\\\/\\\/www.manabi.gob.ec\"],\"url\":\"https:\\\/\\\/www.manabi.gob.ec\\\/index.php\\\/author\\\/admin\\\/\"}]}<\/script>\n<!-- \/ Yoast SEO plugin. -->","yoast_head_json":{"title":"PREFECTO INAUGUR\u00d3 LA OCTAVA CASA DE ACOGIDA PARA MUJERES V\u00cdCTIMAS DE VIOLENCIA - Prefectura de Manab\u00ed","robots":{"index":"index","follow":"follow","max-snippet":"max-snippet:-1","max-image-preview":"max-image-preview:large","max-video-preview":"max-video-preview:-1"},"canonical":"https:\/\/www.manabi.gob.ec\/index.php\/prefecto-inauguro-la-octava-casa-de-acogida-para-mujeres-victimas-de-violencia\/","og_locale":"es_ES","og_type":"article","og_title":"PREFECTO INAUGUR\u00d3 LA OCTAVA CASA DE ACOGIDA PARA MUJERES V\u00cdCTIMAS DE VIOLENCIA - Prefectura de Manab\u00ed","og_description":"En la comunidad Las Anonas, del cant\u00f3n 24 de Mayo, se inaugur\u00f3, este viernes 9 de julio, un centro de atenci\u00f3n integral inicial para mujeres v\u00edctimas de violencia.","og_url":"https:\/\/www.manabi.gob.ec\/index.php\/prefecto-inauguro-la-octava-casa-de-acogida-para-mujeres-victimas-de-violencia\/","og_site_name":"Prefectura de Manab\u00ed","article_published_time":"2021-07-12T14:15:18+00:00","article_modified_time":"2021-07-12T14:15:22+00:00","og_image":[{"width":1280,"height":720,"url":"https:\/\/www.manabi.gob.ec\/wp-content\/uploads\/2021\/07\/Innauguracion-de-octava-casa-de-acogida-1.jpg","type":"image\/jpeg"}],"author":"admin","twitter_card":"summary_large_image","twitter_misc":{"Escrito por":"admin","Tiempo de lectura":"1 minuto"},"schema":{"@context":"https:\/\/schema.org","@graph":[{"@type":"Article","@id":"https:\/\/www.manabi.gob.ec\/index.php\/prefecto-inauguro-la-octava-casa-de-acogida-para-mujeres-victimas-de-violencia\/#article","isPartOf":{"@id":"https:\/\/www.manabi.gob.ec\/index.php\/prefecto-inauguro-la-octava-casa-de-acogida-para-mujeres-victimas-de-violencia\/"},"author":{"name":"admin","@id":"https:\/\/www.manabi.gob.ec\/#\/schema\/person\/cfc71bd68fe2703b779edcc292a49722"},"headline":"PREFECTO INAUGUR\u00d3 LA OCTAVA CASA DE ACOGIDA PARA MUJERES V\u00cdCTIMAS DE VIOLENCIA","datePublished":"2021-07-12T14:15:18+00:00","dateModified":"2021-07-12T14:15:22+00:00","mainEntityOfPage":{"@id":"https:\/\/www.manabi.gob.ec\/index.php\/prefecto-inauguro-la-octava-casa-de-acogida-para-mujeres-victimas-de-violencia\/"},"wordCount":180,"image":{"@id":"https:\/\/www.manabi.gob.ec\/index.php\/prefecto-inauguro-la-octava-casa-de-acogida-para-mujeres-victimas-de-violencia\/#primaryimage"},"thumbnailUrl":"https:\/\/www.manabi.gob.ec\/wp-content\/uploads\/2021\/07\/Innauguracion-de-octava-casa-de-acogida-1.jpg","articleSection":["24 de Mayo","Desarrollo Social","Noticias","Todas"],"inLanguage":"es"},{"@type":"WebPage","@id":"https:\/\/www.manabi.gob.ec\/index.php\/prefecto-inauguro-la-octava-casa-de-acogida-para-mujeres-victimas-de-violencia\/","url":"https:\/\/www.manabi.gob.ec\/index.php\/prefecto-inauguro-la-octava-casa-de-acogida-para-mujeres-victimas-de-violencia\/","name":"PREFECTO INAUGUR\u00d3 LA OCTAVA CASA DE ACOGIDA PARA MUJERES V\u00cdCTIMAS DE VIOLENCIA - Prefectura de Manab\u00ed","isPartOf":{"@id":"https:\/\/www.manabi.gob.ec\/#website"},"primaryImageOfPage":{"@id":"https:\/\/www.manabi.gob.ec\/index.php\/prefecto-inauguro-la-octava-casa-de-acogida-para-mujeres-victimas-de-violencia\/#primaryimage"},"image":{"@id":"https:\/\/www.manabi.gob.ec\/index.php\/prefecto-inauguro-la-octava-casa-de-acogida-para-mujeres-victimas-de-violencia\/#primaryimage"},"thumbnailUrl":"https:\/\/www.manabi.gob.ec\/wp-content\/uploads\/2021\/07\/Innauguracion-de-octava-casa-de-acogida-1.jpg","datePublished":"2021-07-12T14:15:18+00:00","dateModified":"2021-07-12T14:15:22+00:00","author":{"@id":"https:\/\/www.manabi.gob.ec\/#\/schema\/person\/cfc71bd68fe2703b779edcc292a49722"},"breadcrumb":{"@id":"https:\/\/www.manabi.gob.ec\/index.php\/prefecto-inauguro-la-octava-casa-de-acogida-para-mujeres-victimas-de-violencia\/#breadcrumb"},"inLanguage":"es","potentialAction":[{"@type":"ReadAction","target":["https:\/\/www.manabi.gob.ec\/index.php\/prefecto-inauguro-la-octava-casa-de-acogida-para-mujeres-victimas-de-violencia\/"]}]},{"@type":"ImageObject","inLanguage":"es","@id":"https:\/\/www.manabi.gob.ec\/index.php\/prefecto-inauguro-la-octava-casa-de-acogida-para-mujeres-victimas-de-violencia\/#primaryimage","url":"https:\/\/www.manabi.gob.ec\/wp-content\/uploads\/2021\/07\/Innauguracion-de-octava-casa-de-acogida-1.jpg","contentUrl":"https:\/\/www.manabi.gob.ec\/wp-content\/uploads\/2021\/07\/Innauguracion-de-octava-casa-de-acogida-1.jpg","width":1280,"height":720},{"@type":"BreadcrumbList","@id":"https:\/\/www.manabi.gob.ec\/index.php\/prefecto-inauguro-la-octava-casa-de-acogida-para-mujeres-victimas-de-violencia\/#breadcrumb","itemListElement":[{"@type":"ListItem","position":1,"name":"Portada","item":"https:\/\/www.manabi.gob.ec\/"},{"@type":"ListItem","position":2,"name":"PREFECTO INAUGUR\u00d3 LA OCTAVA CASA DE ACOGIDA PARA MUJERES V\u00cdCTIMAS DE VIOLENCIA"}]},{"@type":"WebSite","@id":"https:\/\/www.manabi.gob.ec\/#website","url":"https:\/\/www.manabi.gob.ec\/","name":"Prefectura de Manab\u00ed","description":"P\u00e1gina web de la prefectura","potentialAction":[{"@type":"SearchAction","target":{"@type":"EntryPoint","urlTemplate":"https:\/\/www.manabi.gob.ec\/?s={search_term_string}"},"query-input":{"@type":"PropertyValueSpecification","valueRequired":true,"valueName":"search_term_string"}}],"inLanguage":"es"},{"@type":"Person","@id":"https:\/\/www.manabi.gob.ec\/#\/schema\/person\/cfc71bd68fe2703b779edcc292a49722","name":"admin","image":{"@type":"ImageObject","inLanguage":"es","@id":"https:\/\/secure.gravatar.com\/avatar\/23e9f919492b0a2f65aa168e0d8c5c867ea853b61deffbadf08c7031e15b8d78?s=96&d=mm&r=g","url":"https:\/\/secure.gravatar.com\/avatar\/23e9f919492b0a2f65aa168e0d8c5c867ea853b61deffbadf08c7031e15b8d78?s=96&d=mm&r=g","contentUrl":"https:\/\/secure.gravatar.com\/avatar\/23e9f919492b0a2f65aa168e0d8c5c867ea853b61deffbadf08c7031e15b8d78?s=96&d=mm&r=g","caption":"admin"},"sameAs":["http:\/\/www.manabi.gob.ec"],"url":"https:\/\/www.manabi.gob.ec\/index.php\/author\/admin\/"}]}},"jetpack_featured_media_url":"https:\/\/www.manabi.gob.ec\/wp-content\/uploads\/2021\/07\/Innauguracion-de-octava-casa-de-acogida-1.jpg","_links":{"self":[{"href":"https:\/\/www.manabi.gob.ec\/index.php\/wp-json\/wp\/v2\/posts\/18019","targetHints":{"allow":["GET"]}}],"collection":[{"href":"https:\/\/www.manabi.gob.ec\/index.php\/wp-json\/wp\/v2\/posts"}],"about":[{"href":"https:\/\/www.manabi.gob.ec\/index.php\/wp-json\/wp\/v2\/types\/post"}],"author":[{"embeddable":true,"href":"https:\/\/www.manabi.gob.ec\/index.php\/wp-json\/wp\/v2\/users\/1"}],"replies":[{"embeddable":true,"href":"https:\/\/www.manabi.gob.ec\/index.php\/wp-json\/wp\/v2\/comments?post=18019"}],"version-history":[{"count":0,"href":"https:\/\/www.manabi.gob.ec\/index.php\/wp-json\/wp\/v2\/posts\/18019\/revisions"}],"wp:featuredmedia":[{"embeddable":true,"href":"https:\/\/www.manabi.gob.ec\/index.php\/wp-json\/wp\/v2\/media\/18020"}],"wp:attachment":[{"href":"https:\/\/www.manabi.gob.ec\/index.php\/wp-json\/wp\/v2\/media?parent=18019"}],"wp:term":[{"taxonomy":"category","embeddable":true,"href":"https:\/\/www.manabi.gob.ec\/index.php\/wp-json\/wp\/v2\/categories?post=18019"},{"taxonomy":"post_tag","embeddable":true,"href":"https:\/\/www.manabi.gob.ec\/index.php\/wp-json\/wp\/v2\/tags?post=18019"}],"curies":[{"name":"wp","href":"https:\/\/api.w.org\/{rel}","templated":true}]}}