{"id":18043,"date":"2021-07-13T23:29:00","date_gmt":"2021-07-13T23:29:00","guid":{"rendered":"https:\/\/www.manabi.gob.ec\/?p=18043"},"modified":"2021-07-13T23:29:03","modified_gmt":"2021-07-13T23:29:03","slug":"mejoramos-calidad-de-vida-a-personas-con-discapacidad-en-pueblo-nuevo","status":"publish","type":"post","link":"https:\/\/www.manabi.gob.ec\/index.php\/mejoramos-calidad-de-vida-a-personas-con-discapacidad-en-pueblo-nuevo\/","title":{"rendered":"MEJORAMOS CALIDAD DE VIDA A PERSONAS CON DISCAPACIDAD EN PUEBLO NUEVO"},"content":{"rendered":"\n<p>Rosa Vera de 44 a\u00f1os, tiene discapacidad debido a la poliomielitis que vivi\u00f3 en su infancia&nbsp; y su hija, Jordana, naci\u00f3 con problemas de par\u00e1lisis infantil cerebral leve, y estrabismo, pero su condici\u00f3n f\u00edsica no ha sido impedimento para que puedan salir adelante.<\/p>\n\n\n\n<p>Jordana Zamora Vera junto a su madre vive en la parroquia Pueblo Nuevo del cant\u00f3n Portoviejo. Tiene 10 a\u00f1os de edad,&nbsp; es&nbsp; alegre y le gusta estudiar, y es una de las ni\u00f1as beneficiarias del proyecto visual Visi\u00f3n con Coraz\u00f3n, que impulsa el Gobierno de Manab\u00ed.<\/p>\n\n\n\n<p>&nbsp;\u00abGracias a la Prefectura de Manab\u00ed mi Jordana recibi\u00f3 lentes gratuitos, ella por su problema de estrabismo ten\u00eda dificultades para hacer sus tareas en la computadora y yo no ten\u00eda&nbsp; para llevarla a un especialista\u00bb, indic\u00f3 la madre Rosa Vera.<\/p>\n\n\n\n<p>Esta madre &nbsp;agradeci\u00f3 por la jornada de salud en odontolog\u00eda y optometr\u00eda, que se realiz\u00f3 el 8 de julio, en las que Jordana tambi\u00e9n fue evaluada por odont\u00f3logos y recibi\u00f3 una dosis de fl\u00faor&nbsp; para evitar caries.<\/p>\n\n\n\n<p>\u00abYo tambi\u00e9n en esta brigada de salud me he beneficiado con valoraci\u00f3n visual y recib\u00ed lentes para uso diario y de lectura. Estoy muy agradecida por estas atenciones que nos dan a los grupos prioritarios\u00bb, mencion\u00f3 la beneficiaria.<\/p>\n\n\n\n<p>La brigada de salud estuvo conformada por 2 odont\u00f3logos, 1 optometrista, 1 gestor social, y equipo de apoyo de la direcci\u00f3n de Desarrollo Social. Se atendieron 60 pacientes entre adultos mayores y personas con discapacidad, con limpieza, curaciones, extracci\u00f3n de dientes y muelas, medici\u00f3n y valoraci\u00f3n visual.<\/p>\n","protected":false},"excerpt":{"rendered":"<p>Rosa Vera de 44 a\u00f1os, tiene discapacidad debido a la poliomielitis que vivi\u00f3 en su infancia&nbsp; y su hija, Jordana, naci\u00f3 con problemas de par\u00e1lisis infantil cerebral leve, y estrabismo, pero su condici\u00f3n f\u00edsica no ha sido impedimento para que puedan salir adelante. Jordana Zamora Vera junto a su madre vive en la parroquia Pueblo [&hellip;]<\/p>\n","protected":false},"author":1,"featured_media":18044,"comment_status":"closed","ping_status":"open","sticky":false,"template":"","format":"standard","meta":{"_joinchat":[],"footnotes":""},"categories":[142,92,72,91],"tags":[],"class_list":["post-18043","post","type-post","status-publish","format-standard","has-post-thumbnail","hentry","category-desarrollo-social","category-noticias-manabi","category-salud","category-todas"],"yoast_head":"<!-- This site is optimized with the Yoast SEO plugin v27.4 - https:\/\/yoast.com\/product\/yoast-seo-wordpress\/ -->\n<title>MEJORAMOS CALIDAD DE VIDA A PERSONAS CON DISCAPACIDAD EN PUEBLO NUEVO - Prefectura de Manab\u00ed<\/title>\n<meta name=\"robots\" content=\"index, follow, max-snippet:-1, max-image-preview:large, max-video-preview:-1\" \/>\n<link rel=\"canonical\" href=\"https:\/\/www.manabi.gob.ec\/index.php\/mejoramos-calidad-de-vida-a-personas-con-discapacidad-en-pueblo-nuevo\/\" \/>\n<meta property=\"og:locale\" content=\"es_ES\" \/>\n<meta property=\"og:type\" content=\"article\" \/>\n<meta property=\"og:title\" content=\"MEJORAMOS CALIDAD DE VIDA A PERSONAS CON DISCAPACIDAD EN PUEBLO NUEVO - Prefectura de Manab\u00ed\" \/>\n<meta property=\"og:description\" content=\"Rosa Vera de 44 a\u00f1os, tiene discapacidad debido a la poliomielitis que vivi\u00f3 en su infancia&nbsp; y su hija, Jordana, naci\u00f3 con problemas de par\u00e1lisis infantil cerebral leve, y estrabismo, pero su condici\u00f3n f\u00edsica no ha sido impedimento para que puedan salir adelante. Jordana Zamora Vera junto a su madre vive en la parroquia Pueblo [&hellip;]\" \/>\n<meta property=\"og:url\" content=\"https:\/\/www.manabi.gob.ec\/index.php\/mejoramos-calidad-de-vida-a-personas-con-discapacidad-en-pueblo-nuevo\/\" \/>\n<meta property=\"og:site_name\" content=\"Prefectura de Manab\u00ed\" \/>\n<meta property=\"article:published_time\" content=\"2021-07-13T23:29:00+00:00\" \/>\n<meta property=\"article:modified_time\" content=\"2021-07-13T23:29:03+00:00\" \/>\n<meta property=\"og:image\" content=\"https:\/\/www.manabi.gob.ec\/wp-content\/uploads\/2021\/07\/Atencion-medica-en-Pueblo-Nuevo-3.jpg\" \/>\n\t<meta property=\"og:image:width\" content=\"1280\" \/>\n\t<meta property=\"og:image:height\" content=\"826\" \/>\n\t<meta property=\"og:image:type\" content=\"image\/jpeg\" \/>\n<meta name=\"author\" content=\"admin\" \/>\n<meta name=\"twitter:card\" content=\"summary_large_image\" \/>\n<meta name=\"twitter:label1\" content=\"Escrito por\" \/>\n\t<meta name=\"twitter:data1\" content=\"admin\" \/>\n\t<meta name=\"twitter:label2\" content=\"Tiempo de lectura\" \/>\n\t<meta name=\"twitter:data2\" content=\"2 minutos\" \/>\n<script type=\"application\/ld+json\" class=\"yoast-schema-graph\">{\"@context\":\"https:\\\/\\\/schema.org\",\"@graph\":[{\"@type\":\"Article\",\"@id\":\"https:\\\/\\\/www.manabi.gob.ec\\\/index.php\\\/mejoramos-calidad-de-vida-a-personas-con-discapacidad-en-pueblo-nuevo\\\/#article\",\"isPartOf\":{\"@id\":\"https:\\\/\\\/www.manabi.gob.ec\\\/index.php\\\/mejoramos-calidad-de-vida-a-personas-con-discapacidad-en-pueblo-nuevo\\\/\"},\"author\":{\"name\":\"admin\",\"@id\":\"https:\\\/\\\/www.manabi.gob.ec\\\/#\\\/schema\\\/person\\\/cfc71bd68fe2703b779edcc292a49722\"},\"headline\":\"MEJORAMOS CALIDAD DE VIDA A PERSONAS CON DISCAPACIDAD EN PUEBLO NUEVO\",\"datePublished\":\"2021-07-13T23:29:00+00:00\",\"dateModified\":\"2021-07-13T23:29:03+00:00\",\"mainEntityOfPage\":{\"@id\":\"https:\\\/\\\/www.manabi.gob.ec\\\/index.php\\\/mejoramos-calidad-de-vida-a-personas-con-discapacidad-en-pueblo-nuevo\\\/\"},\"wordCount\":285,\"image\":{\"@id\":\"https:\\\/\\\/www.manabi.gob.ec\\\/index.php\\\/mejoramos-calidad-de-vida-a-personas-con-discapacidad-en-pueblo-nuevo\\\/#primaryimage\"},\"thumbnailUrl\":\"https:\\\/\\\/www.manabi.gob.ec\\\/wp-content\\\/uploads\\\/2021\\\/07\\\/Atencion-medica-en-Pueblo-Nuevo-3.jpg\",\"articleSection\":[\"Desarrollo Social\",\"Noticias\",\"salud\",\"Todas\"],\"inLanguage\":\"es\"},{\"@type\":\"WebPage\",\"@id\":\"https:\\\/\\\/www.manabi.gob.ec\\\/index.php\\\/mejoramos-calidad-de-vida-a-personas-con-discapacidad-en-pueblo-nuevo\\\/\",\"url\":\"https:\\\/\\\/www.manabi.gob.ec\\\/index.php\\\/mejoramos-calidad-de-vida-a-personas-con-discapacidad-en-pueblo-nuevo\\\/\",\"name\":\"MEJORAMOS CALIDAD DE VIDA A PERSONAS CON DISCAPACIDAD EN PUEBLO NUEVO - Prefectura de Manab\u00ed\",\"isPartOf\":{\"@id\":\"https:\\\/\\\/www.manabi.gob.ec\\\/#website\"},\"primaryImageOfPage\":{\"@id\":\"https:\\\/\\\/www.manabi.gob.ec\\\/index.php\\\/mejoramos-calidad-de-vida-a-personas-con-discapacidad-en-pueblo-nuevo\\\/#primaryimage\"},\"image\":{\"@id\":\"https:\\\/\\\/www.manabi.gob.ec\\\/index.php\\\/mejoramos-calidad-de-vida-a-personas-con-discapacidad-en-pueblo-nuevo\\\/#primaryimage\"},\"thumbnailUrl\":\"https:\\\/\\\/www.manabi.gob.ec\\\/wp-content\\\/uploads\\\/2021\\\/07\\\/Atencion-medica-en-Pueblo-Nuevo-3.jpg\",\"datePublished\":\"2021-07-13T23:29:00+00:00\",\"dateModified\":\"2021-07-13T23:29:03+00:00\",\"author\":{\"@id\":\"https:\\\/\\\/www.manabi.gob.ec\\\/#\\\/schema\\\/person\\\/cfc71bd68fe2703b779edcc292a49722\"},\"breadcrumb\":{\"@id\":\"https:\\\/\\\/www.manabi.gob.ec\\\/index.php\\\/mejoramos-calidad-de-vida-a-personas-con-discapacidad-en-pueblo-nuevo\\\/#breadcrumb\"},\"inLanguage\":\"es\",\"potentialAction\":[{\"@type\":\"ReadAction\",\"target\":[\"https:\\\/\\\/www.manabi.gob.ec\\\/index.php\\\/mejoramos-calidad-de-vida-a-personas-con-discapacidad-en-pueblo-nuevo\\\/\"]}]},{\"@type\":\"ImageObject\",\"inLanguage\":\"es\",\"@id\":\"https:\\\/\\\/www.manabi.gob.ec\\\/index.php\\\/mejoramos-calidad-de-vida-a-personas-con-discapacidad-en-pueblo-nuevo\\\/#primaryimage\",\"url\":\"https:\\\/\\\/www.manabi.gob.ec\\\/wp-content\\\/uploads\\\/2021\\\/07\\\/Atencion-medica-en-Pueblo-Nuevo-3.jpg\",\"contentUrl\":\"https:\\\/\\\/www.manabi.gob.ec\\\/wp-content\\\/uploads\\\/2021\\\/07\\\/Atencion-medica-en-Pueblo-Nuevo-3.jpg\",\"width\":1280,\"height\":826},{\"@type\":\"BreadcrumbList\",\"@id\":\"https:\\\/\\\/www.manabi.gob.ec\\\/index.php\\\/mejoramos-calidad-de-vida-a-personas-con-discapacidad-en-pueblo-nuevo\\\/#breadcrumb\",\"itemListElement\":[{\"@type\":\"ListItem\",\"position\":1,\"name\":\"Portada\",\"item\":\"https:\\\/\\\/www.manabi.gob.ec\\\/\"},{\"@type\":\"ListItem\",\"position\":2,\"name\":\"MEJORAMOS CALIDAD DE VIDA A PERSONAS CON DISCAPACIDAD EN PUEBLO NUEVO\"}]},{\"@type\":\"WebSite\",\"@id\":\"https:\\\/\\\/www.manabi.gob.ec\\\/#website\",\"url\":\"https:\\\/\\\/www.manabi.gob.ec\\\/\",\"name\":\"Prefectura de Manab\u00ed\",\"description\":\"P\u00e1gina web de la prefectura\",\"potentialAction\":[{\"@type\":\"SearchAction\",\"target\":{\"@type\":\"EntryPoint\",\"urlTemplate\":\"https:\\\/\\\/www.manabi.gob.ec\\\/?s={search_term_string}\"},\"query-input\":{\"@type\":\"PropertyValueSpecification\",\"valueRequired\":true,\"valueName\":\"search_term_string\"}}],\"inLanguage\":\"es\"},{\"@type\":\"Person\",\"@id\":\"https:\\\/\\\/www.manabi.gob.ec\\\/#\\\/schema\\\/person\\\/cfc71bd68fe2703b779edcc292a49722\",\"name\":\"admin\",\"image\":{\"@type\":\"ImageObject\",\"inLanguage\":\"es\",\"@id\":\"https:\\\/\\\/secure.gravatar.com\\\/avatar\\\/23e9f919492b0a2f65aa168e0d8c5c867ea853b61deffbadf08c7031e15b8d78?s=96&d=mm&r=g\",\"url\":\"https:\\\/\\\/secure.gravatar.com\\\/avatar\\\/23e9f919492b0a2f65aa168e0d8c5c867ea853b61deffbadf08c7031e15b8d78?s=96&d=mm&r=g\",\"contentUrl\":\"https:\\\/\\\/secure.gravatar.com\\\/avatar\\\/23e9f919492b0a2f65aa168e0d8c5c867ea853b61deffbadf08c7031e15b8d78?s=96&d=mm&r=g\",\"caption\":\"admin\"},\"sameAs\":[\"http:\\\/\\\/www.manabi.gob.ec\"],\"url\":\"https:\\\/\\\/www.manabi.gob.ec\\\/index.php\\\/author\\\/admin\\\/\"}]}<\/script>\n<!-- \/ Yoast SEO plugin. -->","yoast_head_json":{"title":"MEJORAMOS CALIDAD DE VIDA A PERSONAS CON DISCAPACIDAD EN PUEBLO NUEVO - Prefectura de Manab\u00ed","robots":{"index":"index","follow":"follow","max-snippet":"max-snippet:-1","max-image-preview":"max-image-preview:large","max-video-preview":"max-video-preview:-1"},"canonical":"https:\/\/www.manabi.gob.ec\/index.php\/mejoramos-calidad-de-vida-a-personas-con-discapacidad-en-pueblo-nuevo\/","og_locale":"es_ES","og_type":"article","og_title":"MEJORAMOS CALIDAD DE VIDA A PERSONAS CON DISCAPACIDAD EN PUEBLO NUEVO - Prefectura de Manab\u00ed","og_description":"Rosa Vera de 44 a\u00f1os, tiene discapacidad debido a la poliomielitis que vivi\u00f3 en su infancia&nbsp; y su hija, Jordana, naci\u00f3 con problemas de par\u00e1lisis infantil cerebral leve, y estrabismo, pero su condici\u00f3n f\u00edsica no ha sido impedimento para que puedan salir adelante. Jordana Zamora Vera junto a su madre vive en la parroquia Pueblo [&hellip;]","og_url":"https:\/\/www.manabi.gob.ec\/index.php\/mejoramos-calidad-de-vida-a-personas-con-discapacidad-en-pueblo-nuevo\/","og_site_name":"Prefectura de Manab\u00ed","article_published_time":"2021-07-13T23:29:00+00:00","article_modified_time":"2021-07-13T23:29:03+00:00","og_image":[{"width":1280,"height":826,"url":"https:\/\/www.manabi.gob.ec\/wp-content\/uploads\/2021\/07\/Atencion-medica-en-Pueblo-Nuevo-3.jpg","type":"image\/jpeg"}],"author":"admin","twitter_card":"summary_large_image","twitter_misc":{"Escrito por":"admin","Tiempo de lectura":"2 minutos"},"schema":{"@context":"https:\/\/schema.org","@graph":[{"@type":"Article","@id":"https:\/\/www.manabi.gob.ec\/index.php\/mejoramos-calidad-de-vida-a-personas-con-discapacidad-en-pueblo-nuevo\/#article","isPartOf":{"@id":"https:\/\/www.manabi.gob.ec\/index.php\/mejoramos-calidad-de-vida-a-personas-con-discapacidad-en-pueblo-nuevo\/"},"author":{"name":"admin","@id":"https:\/\/www.manabi.gob.ec\/#\/schema\/person\/cfc71bd68fe2703b779edcc292a49722"},"headline":"MEJORAMOS CALIDAD DE VIDA A PERSONAS CON DISCAPACIDAD EN PUEBLO NUEVO","datePublished":"2021-07-13T23:29:00+00:00","dateModified":"2021-07-13T23:29:03+00:00","mainEntityOfPage":{"@id":"https:\/\/www.manabi.gob.ec\/index.php\/mejoramos-calidad-de-vida-a-personas-con-discapacidad-en-pueblo-nuevo\/"},"wordCount":285,"image":{"@id":"https:\/\/www.manabi.gob.ec\/index.php\/mejoramos-calidad-de-vida-a-personas-con-discapacidad-en-pueblo-nuevo\/#primaryimage"},"thumbnailUrl":"https:\/\/www.manabi.gob.ec\/wp-content\/uploads\/2021\/07\/Atencion-medica-en-Pueblo-Nuevo-3.jpg","articleSection":["Desarrollo Social","Noticias","salud","Todas"],"inLanguage":"es"},{"@type":"WebPage","@id":"https:\/\/www.manabi.gob.ec\/index.php\/mejoramos-calidad-de-vida-a-personas-con-discapacidad-en-pueblo-nuevo\/","url":"https:\/\/www.manabi.gob.ec\/index.php\/mejoramos-calidad-de-vida-a-personas-con-discapacidad-en-pueblo-nuevo\/","name":"MEJORAMOS CALIDAD DE VIDA A PERSONAS CON DISCAPACIDAD EN PUEBLO NUEVO - Prefectura de Manab\u00ed","isPartOf":{"@id":"https:\/\/www.manabi.gob.ec\/#website"},"primaryImageOfPage":{"@id":"https:\/\/www.manabi.gob.ec\/index.php\/mejoramos-calidad-de-vida-a-personas-con-discapacidad-en-pueblo-nuevo\/#primaryimage"},"image":{"@id":"https:\/\/www.manabi.gob.ec\/index.php\/mejoramos-calidad-de-vida-a-personas-con-discapacidad-en-pueblo-nuevo\/#primaryimage"},"thumbnailUrl":"https:\/\/www.manabi.gob.ec\/wp-content\/uploads\/2021\/07\/Atencion-medica-en-Pueblo-Nuevo-3.jpg","datePublished":"2021-07-13T23:29:00+00:00","dateModified":"2021-07-13T23:29:03+00:00","author":{"@id":"https:\/\/www.manabi.gob.ec\/#\/schema\/person\/cfc71bd68fe2703b779edcc292a49722"},"breadcrumb":{"@id":"https:\/\/www.manabi.gob.ec\/index.php\/mejoramos-calidad-de-vida-a-personas-con-discapacidad-en-pueblo-nuevo\/#breadcrumb"},"inLanguage":"es","potentialAction":[{"@type":"ReadAction","target":["https:\/\/www.manabi.gob.ec\/index.php\/mejoramos-calidad-de-vida-a-personas-con-discapacidad-en-pueblo-nuevo\/"]}]},{"@type":"ImageObject","inLanguage":"es","@id":"https:\/\/www.manabi.gob.ec\/index.php\/mejoramos-calidad-de-vida-a-personas-con-discapacidad-en-pueblo-nuevo\/#primaryimage","url":"https:\/\/www.manabi.gob.ec\/wp-content\/uploads\/2021\/07\/Atencion-medica-en-Pueblo-Nuevo-3.jpg","contentUrl":"https:\/\/www.manabi.gob.ec\/wp-content\/uploads\/2021\/07\/Atencion-medica-en-Pueblo-Nuevo-3.jpg","width":1280,"height":826},{"@type":"BreadcrumbList","@id":"https:\/\/www.manabi.gob.ec\/index.php\/mejoramos-calidad-de-vida-a-personas-con-discapacidad-en-pueblo-nuevo\/#breadcrumb","itemListElement":[{"@type":"ListItem","position":1,"name":"Portada","item":"https:\/\/www.manabi.gob.ec\/"},{"@type":"ListItem","position":2,"name":"MEJORAMOS CALIDAD DE VIDA A PERSONAS CON DISCAPACIDAD EN PUEBLO NUEVO"}]},{"@type":"WebSite","@id":"https:\/\/www.manabi.gob.ec\/#website","url":"https:\/\/www.manabi.gob.ec\/","name":"Prefectura de Manab\u00ed","description":"P\u00e1gina web de la prefectura","potentialAction":[{"@type":"SearchAction","target":{"@type":"EntryPoint","urlTemplate":"https:\/\/www.manabi.gob.ec\/?s={search_term_string}"},"query-input":{"@type":"PropertyValueSpecification","valueRequired":true,"valueName":"search_term_string"}}],"inLanguage":"es"},{"@type":"Person","@id":"https:\/\/www.manabi.gob.ec\/#\/schema\/person\/cfc71bd68fe2703b779edcc292a49722","name":"admin","image":{"@type":"ImageObject","inLanguage":"es","@id":"https:\/\/secure.gravatar.com\/avatar\/23e9f919492b0a2f65aa168e0d8c5c867ea853b61deffbadf08c7031e15b8d78?s=96&d=mm&r=g","url":"https:\/\/secure.gravatar.com\/avatar\/23e9f919492b0a2f65aa168e0d8c5c867ea853b61deffbadf08c7031e15b8d78?s=96&d=mm&r=g","contentUrl":"https:\/\/secure.gravatar.com\/avatar\/23e9f919492b0a2f65aa168e0d8c5c867ea853b61deffbadf08c7031e15b8d78?s=96&d=mm&r=g","caption":"admin"},"sameAs":["http:\/\/www.manabi.gob.ec"],"url":"https:\/\/www.manabi.gob.ec\/index.php\/author\/admin\/"}]}},"jetpack_featured_media_url":"https:\/\/www.manabi.gob.ec\/wp-content\/uploads\/2021\/07\/Atencion-medica-en-Pueblo-Nuevo-3.jpg","_links":{"self":[{"href":"https:\/\/www.manabi.gob.ec\/index.php\/wp-json\/wp\/v2\/posts\/18043","targetHints":{"allow":["GET"]}}],"collection":[{"href":"https:\/\/www.manabi.gob.ec\/index.php\/wp-json\/wp\/v2\/posts"}],"about":[{"href":"https:\/\/www.manabi.gob.ec\/index.php\/wp-json\/wp\/v2\/types\/post"}],"author":[{"embeddable":true,"href":"https:\/\/www.manabi.gob.ec\/index.php\/wp-json\/wp\/v2\/users\/1"}],"replies":[{"embeddable":true,"href":"https:\/\/www.manabi.gob.ec\/index.php\/wp-json\/wp\/v2\/comments?post=18043"}],"version-history":[{"count":0,"href":"https:\/\/www.manabi.gob.ec\/index.php\/wp-json\/wp\/v2\/posts\/18043\/revisions"}],"wp:featuredmedia":[{"embeddable":true,"href":"https:\/\/www.manabi.gob.ec\/index.php\/wp-json\/wp\/v2\/media\/18044"}],"wp:attachment":[{"href":"https:\/\/www.manabi.gob.ec\/index.php\/wp-json\/wp\/v2\/media?parent=18043"}],"wp:term":[{"taxonomy":"category","embeddable":true,"href":"https:\/\/www.manabi.gob.ec\/index.php\/wp-json\/wp\/v2\/categories?post=18043"},{"taxonomy":"post_tag","embeddable":true,"href":"https:\/\/www.manabi.gob.ec\/index.php\/wp-json\/wp\/v2\/tags?post=18043"}],"curies":[{"name":"wp","href":"https:\/\/api.w.org\/{rel}","templated":true}]}}