{"id":18086,"date":"2021-07-18T04:05:45","date_gmt":"2021-07-18T04:05:45","guid":{"rendered":"https:\/\/www.manabi.gob.ec\/?p=18086"},"modified":"2021-07-18T04:05:47","modified_gmt":"2021-07-18T04:05:47","slug":"11-mil-plantas-ornamentales-llenaran-de-vida-al-parque-forestal-de-portoviejo","status":"publish","type":"post","link":"https:\/\/www.manabi.gob.ec\/index.php\/11-mil-plantas-ornamentales-llenaran-de-vida-al-parque-forestal-de-portoviejo\/","title":{"rendered":"11 MIL PLANTAS ORNAMENTALES LLENAR\u00c1N DE VIDA AL PARQUE FORESTAL DE PORTOVIEJO"},"content":{"rendered":"\n<p><strong>La siembra de 11 mil plantas de las especies isora, limoncillo, lengua de suegra, es parte de los trabajos de limpieza&nbsp;y recuperaci\u00f3n del Parque Forestal, que lleva adelante la Prefectura de Manab\u00ed, para devolverle vida y pureza a este espacio verde e ic\u00f3nico de la capital manabita.<\/strong><\/p>\n\n\n\n<p><strong>Personal de la empresa p\u00fablica Manab\u00ed Vial, realiza estas tareas de siembra que iniciaron la semana pasada, inform\u00f3 Carlos Bola\u00f1os, t\u00e9cnico de Manab\u00ed Vial, quien supervisa los trabajos.<\/strong><\/p>\n\n\n\n<p><strong>Bola\u00f1os explic\u00f3 que estos trabajos se realizan en dos jardineras ubicadas en la entrada del parque, para darle embellecimiento, vistosidad y vida a este pulm\u00f3n natural y tur\u00edstico de Portoviejo, que es el objetivo que busca el prefecto, Leonardo Orlando, con esta intervenci\u00f3n.<\/strong><\/p>\n","protected":false},"excerpt":{"rendered":"<p>La siembra de 11 mil plantas de las especies isora, limoncillo, lengua de suegra, es parte de los trabajos de limpieza&nbsp;y recuperaci\u00f3n del Parque Forestal, que lleva adelante la Prefectura de Manab\u00ed, para devolverle vida y pureza a este espacio verde e ic\u00f3nico de la capital manabita. Personal de la empresa p\u00fablica Manab\u00ed Vial, realiza [&hellip;]<\/p>\n","protected":false},"author":1,"featured_media":18087,"comment_status":"closed","ping_status":"open","sticky":false,"template":"","format":"standard","meta":{"_joinchat":[],"footnotes":""},"categories":[150,92,91],"tags":[],"class_list":["post-18086","post","type-post","status-publish","format-standard","has-post-thumbnail","hentry","category-ambiente","category-noticias-manabi","category-todas"],"yoast_head":"<!-- This site is optimized with the Yoast SEO plugin v27.4 - https:\/\/yoast.com\/product\/yoast-seo-wordpress\/ -->\n<title>11 MIL PLANTAS ORNAMENTALES LLENAR\u00c1N DE VIDA AL PARQUE FORESTAL DE PORTOVIEJO - Prefectura de Manab\u00ed<\/title>\n<meta name=\"robots\" content=\"index, follow, max-snippet:-1, max-image-preview:large, max-video-preview:-1\" \/>\n<link rel=\"canonical\" href=\"https:\/\/www.manabi.gob.ec\/index.php\/11-mil-plantas-ornamentales-llenaran-de-vida-al-parque-forestal-de-portoviejo\/\" \/>\n<meta property=\"og:locale\" content=\"es_ES\" \/>\n<meta property=\"og:type\" content=\"article\" \/>\n<meta property=\"og:title\" content=\"11 MIL PLANTAS ORNAMENTALES LLENAR\u00c1N DE VIDA AL PARQUE FORESTAL DE PORTOVIEJO - Prefectura de Manab\u00ed\" \/>\n<meta property=\"og:description\" content=\"La siembra de 11 mil plantas de las especies isora, limoncillo, lengua de suegra, es parte de los trabajos de limpieza&nbsp;y recuperaci\u00f3n del Parque Forestal, que lleva adelante la Prefectura de Manab\u00ed, para devolverle vida y pureza a este espacio verde e ic\u00f3nico de la capital manabita. Personal de la empresa p\u00fablica Manab\u00ed Vial, realiza [&hellip;]\" \/>\n<meta property=\"og:url\" content=\"https:\/\/www.manabi.gob.ec\/index.php\/11-mil-plantas-ornamentales-llenaran-de-vida-al-parque-forestal-de-portoviejo\/\" \/>\n<meta property=\"og:site_name\" content=\"Prefectura de Manab\u00ed\" \/>\n<meta property=\"article:published_time\" content=\"2021-07-18T04:05:45+00:00\" \/>\n<meta property=\"article:modified_time\" content=\"2021-07-18T04:05:47+00:00\" \/>\n<meta property=\"og:image\" content=\"https:\/\/www.manabi.gob.ec\/wp-content\/uploads\/2021\/07\/Plantas-para-el-Forestal-1.jpg\" \/>\n\t<meta property=\"og:image:width\" content=\"799\" \/>\n\t<meta property=\"og:image:height\" content=\"1280\" \/>\n\t<meta property=\"og:image:type\" content=\"image\/jpeg\" \/>\n<meta name=\"author\" content=\"admin\" \/>\n<meta name=\"twitter:card\" content=\"summary_large_image\" \/>\n<meta name=\"twitter:label1\" content=\"Escrito por\" \/>\n\t<meta name=\"twitter:data1\" content=\"admin\" \/>\n\t<meta name=\"twitter:label2\" content=\"Tiempo de lectura\" \/>\n\t<meta name=\"twitter:data2\" content=\"1 minuto\" \/>\n<script type=\"application\/ld+json\" class=\"yoast-schema-graph\">{\"@context\":\"https:\\\/\\\/schema.org\",\"@graph\":[{\"@type\":\"Article\",\"@id\":\"https:\\\/\\\/www.manabi.gob.ec\\\/index.php\\\/11-mil-plantas-ornamentales-llenaran-de-vida-al-parque-forestal-de-portoviejo\\\/#article\",\"isPartOf\":{\"@id\":\"https:\\\/\\\/www.manabi.gob.ec\\\/index.php\\\/11-mil-plantas-ornamentales-llenaran-de-vida-al-parque-forestal-de-portoviejo\\\/\"},\"author\":{\"name\":\"admin\",\"@id\":\"https:\\\/\\\/www.manabi.gob.ec\\\/#\\\/schema\\\/person\\\/cfc71bd68fe2703b779edcc292a49722\"},\"headline\":\"11 MIL PLANTAS ORNAMENTALES LLENAR\u00c1N DE VIDA AL PARQUE FORESTAL DE PORTOVIEJO\",\"datePublished\":\"2021-07-18T04:05:45+00:00\",\"dateModified\":\"2021-07-18T04:05:47+00:00\",\"mainEntityOfPage\":{\"@id\":\"https:\\\/\\\/www.manabi.gob.ec\\\/index.php\\\/11-mil-plantas-ornamentales-llenaran-de-vida-al-parque-forestal-de-portoviejo\\\/\"},\"wordCount\":140,\"image\":{\"@id\":\"https:\\\/\\\/www.manabi.gob.ec\\\/index.php\\\/11-mil-plantas-ornamentales-llenaran-de-vida-al-parque-forestal-de-portoviejo\\\/#primaryimage\"},\"thumbnailUrl\":\"https:\\\/\\\/www.manabi.gob.ec\\\/wp-content\\\/uploads\\\/2021\\\/07\\\/Plantas-para-el-Forestal-1.jpg\",\"articleSection\":[\"Ambiente\",\"Noticias\",\"Todas\"],\"inLanguage\":\"es\"},{\"@type\":\"WebPage\",\"@id\":\"https:\\\/\\\/www.manabi.gob.ec\\\/index.php\\\/11-mil-plantas-ornamentales-llenaran-de-vida-al-parque-forestal-de-portoviejo\\\/\",\"url\":\"https:\\\/\\\/www.manabi.gob.ec\\\/index.php\\\/11-mil-plantas-ornamentales-llenaran-de-vida-al-parque-forestal-de-portoviejo\\\/\",\"name\":\"11 MIL PLANTAS ORNAMENTALES LLENAR\u00c1N DE VIDA AL PARQUE FORESTAL DE PORTOVIEJO - Prefectura de Manab\u00ed\",\"isPartOf\":{\"@id\":\"https:\\\/\\\/www.manabi.gob.ec\\\/#website\"},\"primaryImageOfPage\":{\"@id\":\"https:\\\/\\\/www.manabi.gob.ec\\\/index.php\\\/11-mil-plantas-ornamentales-llenaran-de-vida-al-parque-forestal-de-portoviejo\\\/#primaryimage\"},\"image\":{\"@id\":\"https:\\\/\\\/www.manabi.gob.ec\\\/index.php\\\/11-mil-plantas-ornamentales-llenaran-de-vida-al-parque-forestal-de-portoviejo\\\/#primaryimage\"},\"thumbnailUrl\":\"https:\\\/\\\/www.manabi.gob.ec\\\/wp-content\\\/uploads\\\/2021\\\/07\\\/Plantas-para-el-Forestal-1.jpg\",\"datePublished\":\"2021-07-18T04:05:45+00:00\",\"dateModified\":\"2021-07-18T04:05:47+00:00\",\"author\":{\"@id\":\"https:\\\/\\\/www.manabi.gob.ec\\\/#\\\/schema\\\/person\\\/cfc71bd68fe2703b779edcc292a49722\"},\"breadcrumb\":{\"@id\":\"https:\\\/\\\/www.manabi.gob.ec\\\/index.php\\\/11-mil-plantas-ornamentales-llenaran-de-vida-al-parque-forestal-de-portoviejo\\\/#breadcrumb\"},\"inLanguage\":\"es\",\"potentialAction\":[{\"@type\":\"ReadAction\",\"target\":[\"https:\\\/\\\/www.manabi.gob.ec\\\/index.php\\\/11-mil-plantas-ornamentales-llenaran-de-vida-al-parque-forestal-de-portoviejo\\\/\"]}]},{\"@type\":\"ImageObject\",\"inLanguage\":\"es\",\"@id\":\"https:\\\/\\\/www.manabi.gob.ec\\\/index.php\\\/11-mil-plantas-ornamentales-llenaran-de-vida-al-parque-forestal-de-portoviejo\\\/#primaryimage\",\"url\":\"https:\\\/\\\/www.manabi.gob.ec\\\/wp-content\\\/uploads\\\/2021\\\/07\\\/Plantas-para-el-Forestal-1.jpg\",\"contentUrl\":\"https:\\\/\\\/www.manabi.gob.ec\\\/wp-content\\\/uploads\\\/2021\\\/07\\\/Plantas-para-el-Forestal-1.jpg\",\"width\":799,\"height\":1280},{\"@type\":\"BreadcrumbList\",\"@id\":\"https:\\\/\\\/www.manabi.gob.ec\\\/index.php\\\/11-mil-plantas-ornamentales-llenaran-de-vida-al-parque-forestal-de-portoviejo\\\/#breadcrumb\",\"itemListElement\":[{\"@type\":\"ListItem\",\"position\":1,\"name\":\"Portada\",\"item\":\"https:\\\/\\\/www.manabi.gob.ec\\\/\"},{\"@type\":\"ListItem\",\"position\":2,\"name\":\"11 MIL PLANTAS ORNAMENTALES LLENAR\u00c1N DE VIDA AL PARQUE FORESTAL DE PORTOVIEJO\"}]},{\"@type\":\"WebSite\",\"@id\":\"https:\\\/\\\/www.manabi.gob.ec\\\/#website\",\"url\":\"https:\\\/\\\/www.manabi.gob.ec\\\/\",\"name\":\"Prefectura de Manab\u00ed\",\"description\":\"P\u00e1gina web de la prefectura\",\"potentialAction\":[{\"@type\":\"SearchAction\",\"target\":{\"@type\":\"EntryPoint\",\"urlTemplate\":\"https:\\\/\\\/www.manabi.gob.ec\\\/?s={search_term_string}\"},\"query-input\":{\"@type\":\"PropertyValueSpecification\",\"valueRequired\":true,\"valueName\":\"search_term_string\"}}],\"inLanguage\":\"es\"},{\"@type\":\"Person\",\"@id\":\"https:\\\/\\\/www.manabi.gob.ec\\\/#\\\/schema\\\/person\\\/cfc71bd68fe2703b779edcc292a49722\",\"name\":\"admin\",\"image\":{\"@type\":\"ImageObject\",\"inLanguage\":\"es\",\"@id\":\"https:\\\/\\\/secure.gravatar.com\\\/avatar\\\/23e9f919492b0a2f65aa168e0d8c5c867ea853b61deffbadf08c7031e15b8d78?s=96&d=mm&r=g\",\"url\":\"https:\\\/\\\/secure.gravatar.com\\\/avatar\\\/23e9f919492b0a2f65aa168e0d8c5c867ea853b61deffbadf08c7031e15b8d78?s=96&d=mm&r=g\",\"contentUrl\":\"https:\\\/\\\/secure.gravatar.com\\\/avatar\\\/23e9f919492b0a2f65aa168e0d8c5c867ea853b61deffbadf08c7031e15b8d78?s=96&d=mm&r=g\",\"caption\":\"admin\"},\"sameAs\":[\"http:\\\/\\\/www.manabi.gob.ec\"],\"url\":\"https:\\\/\\\/www.manabi.gob.ec\\\/index.php\\\/author\\\/admin\\\/\"}]}<\/script>\n<!-- \/ Yoast SEO plugin. -->","yoast_head_json":{"title":"11 MIL PLANTAS ORNAMENTALES LLENAR\u00c1N DE VIDA AL PARQUE FORESTAL DE PORTOVIEJO - Prefectura de Manab\u00ed","robots":{"index":"index","follow":"follow","max-snippet":"max-snippet:-1","max-image-preview":"max-image-preview:large","max-video-preview":"max-video-preview:-1"},"canonical":"https:\/\/www.manabi.gob.ec\/index.php\/11-mil-plantas-ornamentales-llenaran-de-vida-al-parque-forestal-de-portoviejo\/","og_locale":"es_ES","og_type":"article","og_title":"11 MIL PLANTAS ORNAMENTALES LLENAR\u00c1N DE VIDA AL PARQUE FORESTAL DE PORTOVIEJO - Prefectura de Manab\u00ed","og_description":"La siembra de 11 mil plantas de las especies isora, limoncillo, lengua de suegra, es parte de los trabajos de limpieza&nbsp;y recuperaci\u00f3n del Parque Forestal, que lleva adelante la Prefectura de Manab\u00ed, para devolverle vida y pureza a este espacio verde e ic\u00f3nico de la capital manabita. Personal de la empresa p\u00fablica Manab\u00ed Vial, realiza [&hellip;]","og_url":"https:\/\/www.manabi.gob.ec\/index.php\/11-mil-plantas-ornamentales-llenaran-de-vida-al-parque-forestal-de-portoviejo\/","og_site_name":"Prefectura de Manab\u00ed","article_published_time":"2021-07-18T04:05:45+00:00","article_modified_time":"2021-07-18T04:05:47+00:00","og_image":[{"width":799,"height":1280,"url":"https:\/\/www.manabi.gob.ec\/wp-content\/uploads\/2021\/07\/Plantas-para-el-Forestal-1.jpg","type":"image\/jpeg"}],"author":"admin","twitter_card":"summary_large_image","twitter_misc":{"Escrito por":"admin","Tiempo de lectura":"1 minuto"},"schema":{"@context":"https:\/\/schema.org","@graph":[{"@type":"Article","@id":"https:\/\/www.manabi.gob.ec\/index.php\/11-mil-plantas-ornamentales-llenaran-de-vida-al-parque-forestal-de-portoviejo\/#article","isPartOf":{"@id":"https:\/\/www.manabi.gob.ec\/index.php\/11-mil-plantas-ornamentales-llenaran-de-vida-al-parque-forestal-de-portoviejo\/"},"author":{"name":"admin","@id":"https:\/\/www.manabi.gob.ec\/#\/schema\/person\/cfc71bd68fe2703b779edcc292a49722"},"headline":"11 MIL PLANTAS ORNAMENTALES LLENAR\u00c1N DE VIDA AL PARQUE FORESTAL DE PORTOVIEJO","datePublished":"2021-07-18T04:05:45+00:00","dateModified":"2021-07-18T04:05:47+00:00","mainEntityOfPage":{"@id":"https:\/\/www.manabi.gob.ec\/index.php\/11-mil-plantas-ornamentales-llenaran-de-vida-al-parque-forestal-de-portoviejo\/"},"wordCount":140,"image":{"@id":"https:\/\/www.manabi.gob.ec\/index.php\/11-mil-plantas-ornamentales-llenaran-de-vida-al-parque-forestal-de-portoviejo\/#primaryimage"},"thumbnailUrl":"https:\/\/www.manabi.gob.ec\/wp-content\/uploads\/2021\/07\/Plantas-para-el-Forestal-1.jpg","articleSection":["Ambiente","Noticias","Todas"],"inLanguage":"es"},{"@type":"WebPage","@id":"https:\/\/www.manabi.gob.ec\/index.php\/11-mil-plantas-ornamentales-llenaran-de-vida-al-parque-forestal-de-portoviejo\/","url":"https:\/\/www.manabi.gob.ec\/index.php\/11-mil-plantas-ornamentales-llenaran-de-vida-al-parque-forestal-de-portoviejo\/","name":"11 MIL PLANTAS ORNAMENTALES LLENAR\u00c1N DE VIDA AL PARQUE FORESTAL DE PORTOVIEJO - Prefectura de Manab\u00ed","isPartOf":{"@id":"https:\/\/www.manabi.gob.ec\/#website"},"primaryImageOfPage":{"@id":"https:\/\/www.manabi.gob.ec\/index.php\/11-mil-plantas-ornamentales-llenaran-de-vida-al-parque-forestal-de-portoviejo\/#primaryimage"},"image":{"@id":"https:\/\/www.manabi.gob.ec\/index.php\/11-mil-plantas-ornamentales-llenaran-de-vida-al-parque-forestal-de-portoviejo\/#primaryimage"},"thumbnailUrl":"https:\/\/www.manabi.gob.ec\/wp-content\/uploads\/2021\/07\/Plantas-para-el-Forestal-1.jpg","datePublished":"2021-07-18T04:05:45+00:00","dateModified":"2021-07-18T04:05:47+00:00","author":{"@id":"https:\/\/www.manabi.gob.ec\/#\/schema\/person\/cfc71bd68fe2703b779edcc292a49722"},"breadcrumb":{"@id":"https:\/\/www.manabi.gob.ec\/index.php\/11-mil-plantas-ornamentales-llenaran-de-vida-al-parque-forestal-de-portoviejo\/#breadcrumb"},"inLanguage":"es","potentialAction":[{"@type":"ReadAction","target":["https:\/\/www.manabi.gob.ec\/index.php\/11-mil-plantas-ornamentales-llenaran-de-vida-al-parque-forestal-de-portoviejo\/"]}]},{"@type":"ImageObject","inLanguage":"es","@id":"https:\/\/www.manabi.gob.ec\/index.php\/11-mil-plantas-ornamentales-llenaran-de-vida-al-parque-forestal-de-portoviejo\/#primaryimage","url":"https:\/\/www.manabi.gob.ec\/wp-content\/uploads\/2021\/07\/Plantas-para-el-Forestal-1.jpg","contentUrl":"https:\/\/www.manabi.gob.ec\/wp-content\/uploads\/2021\/07\/Plantas-para-el-Forestal-1.jpg","width":799,"height":1280},{"@type":"BreadcrumbList","@id":"https:\/\/www.manabi.gob.ec\/index.php\/11-mil-plantas-ornamentales-llenaran-de-vida-al-parque-forestal-de-portoviejo\/#breadcrumb","itemListElement":[{"@type":"ListItem","position":1,"name":"Portada","item":"https:\/\/www.manabi.gob.ec\/"},{"@type":"ListItem","position":2,"name":"11 MIL PLANTAS ORNAMENTALES LLENAR\u00c1N DE VIDA AL PARQUE FORESTAL DE PORTOVIEJO"}]},{"@type":"WebSite","@id":"https:\/\/www.manabi.gob.ec\/#website","url":"https:\/\/www.manabi.gob.ec\/","name":"Prefectura de Manab\u00ed","description":"P\u00e1gina web de la prefectura","potentialAction":[{"@type":"SearchAction","target":{"@type":"EntryPoint","urlTemplate":"https:\/\/www.manabi.gob.ec\/?s={search_term_string}"},"query-input":{"@type":"PropertyValueSpecification","valueRequired":true,"valueName":"search_term_string"}}],"inLanguage":"es"},{"@type":"Person","@id":"https:\/\/www.manabi.gob.ec\/#\/schema\/person\/cfc71bd68fe2703b779edcc292a49722","name":"admin","image":{"@type":"ImageObject","inLanguage":"es","@id":"https:\/\/secure.gravatar.com\/avatar\/23e9f919492b0a2f65aa168e0d8c5c867ea853b61deffbadf08c7031e15b8d78?s=96&d=mm&r=g","url":"https:\/\/secure.gravatar.com\/avatar\/23e9f919492b0a2f65aa168e0d8c5c867ea853b61deffbadf08c7031e15b8d78?s=96&d=mm&r=g","contentUrl":"https:\/\/secure.gravatar.com\/avatar\/23e9f919492b0a2f65aa168e0d8c5c867ea853b61deffbadf08c7031e15b8d78?s=96&d=mm&r=g","caption":"admin"},"sameAs":["http:\/\/www.manabi.gob.ec"],"url":"https:\/\/www.manabi.gob.ec\/index.php\/author\/admin\/"}]}},"jetpack_featured_media_url":"https:\/\/www.manabi.gob.ec\/wp-content\/uploads\/2021\/07\/Plantas-para-el-Forestal-1.jpg","_links":{"self":[{"href":"https:\/\/www.manabi.gob.ec\/index.php\/wp-json\/wp\/v2\/posts\/18086","targetHints":{"allow":["GET"]}}],"collection":[{"href":"https:\/\/www.manabi.gob.ec\/index.php\/wp-json\/wp\/v2\/posts"}],"about":[{"href":"https:\/\/www.manabi.gob.ec\/index.php\/wp-json\/wp\/v2\/types\/post"}],"author":[{"embeddable":true,"href":"https:\/\/www.manabi.gob.ec\/index.php\/wp-json\/wp\/v2\/users\/1"}],"replies":[{"embeddable":true,"href":"https:\/\/www.manabi.gob.ec\/index.php\/wp-json\/wp\/v2\/comments?post=18086"}],"version-history":[{"count":0,"href":"https:\/\/www.manabi.gob.ec\/index.php\/wp-json\/wp\/v2\/posts\/18086\/revisions"}],"wp:featuredmedia":[{"embeddable":true,"href":"https:\/\/www.manabi.gob.ec\/index.php\/wp-json\/wp\/v2\/media\/18087"}],"wp:attachment":[{"href":"https:\/\/www.manabi.gob.ec\/index.php\/wp-json\/wp\/v2\/media?parent=18086"}],"wp:term":[{"taxonomy":"category","embeddable":true,"href":"https:\/\/www.manabi.gob.ec\/index.php\/wp-json\/wp\/v2\/categories?post=18086"},{"taxonomy":"post_tag","embeddable":true,"href":"https:\/\/www.manabi.gob.ec\/index.php\/wp-json\/wp\/v2\/tags?post=18086"}],"curies":[{"name":"wp","href":"https:\/\/api.w.org\/{rel}","templated":true}]}}