{"id":18103,"date":"2021-07-20T12:10:05","date_gmt":"2021-07-20T12:10:05","guid":{"rendered":"https:\/\/www.manabi.gob.ec\/?p=18103"},"modified":"2021-07-20T12:10:07","modified_gmt":"2021-07-20T12:10:07","slug":"por-el-bienestar-de-empleados-y-trabajadores-del-gpm","status":"publish","type":"post","link":"https:\/\/www.manabi.gob.ec\/index.php\/por-el-bienestar-de-empleados-y-trabajadores-del-gpm\/","title":{"rendered":"POR EL BIENESTAR DE EMPLEADOS Y TRABAJADORES DEL GPM"},"content":{"rendered":"\n<p>Los integrantes del Comit\u00e9 de Seguridad Laboral y la Salud del Gobierno de Manab\u00ed, se reunieron con el prefecto, Leonardo Orlando, e informaron de las acciones que se han realizado por el bienestar de los empleados y trabajadores de la instituci\u00f3n provincial.<\/p>\n\n\n\n<p>Todo el personal de territorio cuenta con los equipos t\u00e9cnicos de protecci\u00f3n y preventivos para cumplir su trabajo, inform\u00f3 el psic\u00f3logo cl\u00ednico, Ignacio Dej\u00f3, presidente del Comit\u00e9.<\/p>\n\n\n\n<p>Adem\u00e1s, agreg\u00f3 que se han realizado varias campa\u00f1as de salud, se incentiva para que el personal se vacune contra el coronavirus y se est\u00e1 remodelado el dispensario odontol\u00f3gico.<\/p>\n\n\n\n<p>\u00abPara nosotros es importante el clima laboral y que los funcionarios cuenten con todas las herramientas para desempe\u00f1ar su trabajo. Nos preocupamos en fortalecer las capacidades del talento humano para que den un buen servicio p\u00fablico\u00bb, precis\u00f3 el Prefecto.<\/p>\n\n\n\n<p>Otro tema que fue analizado en la reuni\u00f3n fue la ocupaci\u00f3n del edificio principal. Y ante la presencia de la nueva cepa del COVID-19, se resolvi\u00f3 volver a entregar mascarillas y alcohol a los servidores p\u00fablicos.<\/p>\n","protected":false},"excerpt":{"rendered":"<p>Los integrantes del Comit\u00e9 de Seguridad Laboral y la Salud del Gobierno de Manab\u00ed, se reunieron con el prefecto, Leonardo Orlando, e informaron de las acciones que se han realizado por el bienestar de los empleados y trabajadores de la instituci\u00f3n provincial<\/p>\n","protected":false},"author":1,"featured_media":18104,"comment_status":"closed","ping_status":"open","sticky":false,"template":"","format":"standard","meta":{"_joinchat":[],"footnotes":""},"categories":[92,91],"tags":[],"class_list":["post-18103","post","type-post","status-publish","format-standard","has-post-thumbnail","hentry","category-noticias-manabi","category-todas"],"yoast_head":"<!-- This site is optimized with the Yoast SEO plugin v27.4 - https:\/\/yoast.com\/product\/yoast-seo-wordpress\/ -->\n<title>POR EL BIENESTAR DE EMPLEADOS Y TRABAJADORES DEL GPM - Prefectura de Manab\u00ed<\/title>\n<meta name=\"robots\" content=\"index, follow, max-snippet:-1, max-image-preview:large, max-video-preview:-1\" \/>\n<link rel=\"canonical\" href=\"https:\/\/www.manabi.gob.ec\/index.php\/por-el-bienestar-de-empleados-y-trabajadores-del-gpm\/\" \/>\n<meta property=\"og:locale\" content=\"es_ES\" \/>\n<meta property=\"og:type\" content=\"article\" \/>\n<meta property=\"og:title\" content=\"POR EL BIENESTAR DE EMPLEADOS Y TRABAJADORES DEL GPM - Prefectura de Manab\u00ed\" \/>\n<meta property=\"og:description\" content=\"Los integrantes del Comit\u00e9 de Seguridad Laboral y la Salud del Gobierno de Manab\u00ed, se reunieron con el prefecto, Leonardo Orlando, e informaron de las acciones que se han realizado por el bienestar de los empleados y trabajadores de la instituci\u00f3n provincial\" \/>\n<meta property=\"og:url\" content=\"https:\/\/www.manabi.gob.ec\/index.php\/por-el-bienestar-de-empleados-y-trabajadores-del-gpm\/\" \/>\n<meta property=\"og:site_name\" content=\"Prefectura de Manab\u00ed\" \/>\n<meta property=\"article:published_time\" content=\"2021-07-20T12:10:05+00:00\" \/>\n<meta property=\"article:modified_time\" content=\"2021-07-20T12:10:07+00:00\" \/>\n<meta property=\"og:image\" content=\"https:\/\/www.manabi.gob.ec\/wp-content\/uploads\/2021\/07\/Por-el-bienestar-de-empleados-y-tabajadores-1.jpg\" \/>\n\t<meta property=\"og:image:width\" content=\"1599\" \/>\n\t<meta property=\"og:image:height\" content=\"1066\" \/>\n\t<meta property=\"og:image:type\" content=\"image\/jpeg\" \/>\n<meta name=\"author\" content=\"admin\" \/>\n<meta name=\"twitter:card\" content=\"summary_large_image\" \/>\n<meta name=\"twitter:label1\" content=\"Escrito por\" \/>\n\t<meta name=\"twitter:data1\" content=\"admin\" \/>\n\t<meta name=\"twitter:label2\" content=\"Tiempo de lectura\" \/>\n\t<meta name=\"twitter:data2\" content=\"1 minuto\" \/>\n<script type=\"application\/ld+json\" class=\"yoast-schema-graph\">{\"@context\":\"https:\\\/\\\/schema.org\",\"@graph\":[{\"@type\":\"Article\",\"@id\":\"https:\\\/\\\/www.manabi.gob.ec\\\/index.php\\\/por-el-bienestar-de-empleados-y-trabajadores-del-gpm\\\/#article\",\"isPartOf\":{\"@id\":\"https:\\\/\\\/www.manabi.gob.ec\\\/index.php\\\/por-el-bienestar-de-empleados-y-trabajadores-del-gpm\\\/\"},\"author\":{\"name\":\"admin\",\"@id\":\"https:\\\/\\\/www.manabi.gob.ec\\\/#\\\/schema\\\/person\\\/cfc71bd68fe2703b779edcc292a49722\"},\"headline\":\"POR EL BIENESTAR DE EMPLEADOS Y TRABAJADORES DEL GPM\",\"datePublished\":\"2021-07-20T12:10:05+00:00\",\"dateModified\":\"2021-07-20T12:10:07+00:00\",\"mainEntityOfPage\":{\"@id\":\"https:\\\/\\\/www.manabi.gob.ec\\\/index.php\\\/por-el-bienestar-de-empleados-y-trabajadores-del-gpm\\\/\"},\"wordCount\":194,\"image\":{\"@id\":\"https:\\\/\\\/www.manabi.gob.ec\\\/index.php\\\/por-el-bienestar-de-empleados-y-trabajadores-del-gpm\\\/#primaryimage\"},\"thumbnailUrl\":\"https:\\\/\\\/www.manabi.gob.ec\\\/wp-content\\\/uploads\\\/2021\\\/07\\\/Por-el-bienestar-de-empleados-y-tabajadores-1.jpg\",\"articleSection\":[\"Noticias\",\"Todas\"],\"inLanguage\":\"es\"},{\"@type\":\"WebPage\",\"@id\":\"https:\\\/\\\/www.manabi.gob.ec\\\/index.php\\\/por-el-bienestar-de-empleados-y-trabajadores-del-gpm\\\/\",\"url\":\"https:\\\/\\\/www.manabi.gob.ec\\\/index.php\\\/por-el-bienestar-de-empleados-y-trabajadores-del-gpm\\\/\",\"name\":\"POR EL BIENESTAR DE EMPLEADOS Y TRABAJADORES DEL GPM - Prefectura de Manab\u00ed\",\"isPartOf\":{\"@id\":\"https:\\\/\\\/www.manabi.gob.ec\\\/#website\"},\"primaryImageOfPage\":{\"@id\":\"https:\\\/\\\/www.manabi.gob.ec\\\/index.php\\\/por-el-bienestar-de-empleados-y-trabajadores-del-gpm\\\/#primaryimage\"},\"image\":{\"@id\":\"https:\\\/\\\/www.manabi.gob.ec\\\/index.php\\\/por-el-bienestar-de-empleados-y-trabajadores-del-gpm\\\/#primaryimage\"},\"thumbnailUrl\":\"https:\\\/\\\/www.manabi.gob.ec\\\/wp-content\\\/uploads\\\/2021\\\/07\\\/Por-el-bienestar-de-empleados-y-tabajadores-1.jpg\",\"datePublished\":\"2021-07-20T12:10:05+00:00\",\"dateModified\":\"2021-07-20T12:10:07+00:00\",\"author\":{\"@id\":\"https:\\\/\\\/www.manabi.gob.ec\\\/#\\\/schema\\\/person\\\/cfc71bd68fe2703b779edcc292a49722\"},\"breadcrumb\":{\"@id\":\"https:\\\/\\\/www.manabi.gob.ec\\\/index.php\\\/por-el-bienestar-de-empleados-y-trabajadores-del-gpm\\\/#breadcrumb\"},\"inLanguage\":\"es\",\"potentialAction\":[{\"@type\":\"ReadAction\",\"target\":[\"https:\\\/\\\/www.manabi.gob.ec\\\/index.php\\\/por-el-bienestar-de-empleados-y-trabajadores-del-gpm\\\/\"]}]},{\"@type\":\"ImageObject\",\"inLanguage\":\"es\",\"@id\":\"https:\\\/\\\/www.manabi.gob.ec\\\/index.php\\\/por-el-bienestar-de-empleados-y-trabajadores-del-gpm\\\/#primaryimage\",\"url\":\"https:\\\/\\\/www.manabi.gob.ec\\\/wp-content\\\/uploads\\\/2021\\\/07\\\/Por-el-bienestar-de-empleados-y-tabajadores-1.jpg\",\"contentUrl\":\"https:\\\/\\\/www.manabi.gob.ec\\\/wp-content\\\/uploads\\\/2021\\\/07\\\/Por-el-bienestar-de-empleados-y-tabajadores-1.jpg\",\"width\":1599,\"height\":1066},{\"@type\":\"BreadcrumbList\",\"@id\":\"https:\\\/\\\/www.manabi.gob.ec\\\/index.php\\\/por-el-bienestar-de-empleados-y-trabajadores-del-gpm\\\/#breadcrumb\",\"itemListElement\":[{\"@type\":\"ListItem\",\"position\":1,\"name\":\"Portada\",\"item\":\"https:\\\/\\\/www.manabi.gob.ec\\\/\"},{\"@type\":\"ListItem\",\"position\":2,\"name\":\"POR EL BIENESTAR DE EMPLEADOS Y TRABAJADORES DEL GPM\"}]},{\"@type\":\"WebSite\",\"@id\":\"https:\\\/\\\/www.manabi.gob.ec\\\/#website\",\"url\":\"https:\\\/\\\/www.manabi.gob.ec\\\/\",\"name\":\"Prefectura de Manab\u00ed\",\"description\":\"P\u00e1gina web de la prefectura\",\"potentialAction\":[{\"@type\":\"SearchAction\",\"target\":{\"@type\":\"EntryPoint\",\"urlTemplate\":\"https:\\\/\\\/www.manabi.gob.ec\\\/?s={search_term_string}\"},\"query-input\":{\"@type\":\"PropertyValueSpecification\",\"valueRequired\":true,\"valueName\":\"search_term_string\"}}],\"inLanguage\":\"es\"},{\"@type\":\"Person\",\"@id\":\"https:\\\/\\\/www.manabi.gob.ec\\\/#\\\/schema\\\/person\\\/cfc71bd68fe2703b779edcc292a49722\",\"name\":\"admin\",\"image\":{\"@type\":\"ImageObject\",\"inLanguage\":\"es\",\"@id\":\"https:\\\/\\\/secure.gravatar.com\\\/avatar\\\/23e9f919492b0a2f65aa168e0d8c5c867ea853b61deffbadf08c7031e15b8d78?s=96&d=mm&r=g\",\"url\":\"https:\\\/\\\/secure.gravatar.com\\\/avatar\\\/23e9f919492b0a2f65aa168e0d8c5c867ea853b61deffbadf08c7031e15b8d78?s=96&d=mm&r=g\",\"contentUrl\":\"https:\\\/\\\/secure.gravatar.com\\\/avatar\\\/23e9f919492b0a2f65aa168e0d8c5c867ea853b61deffbadf08c7031e15b8d78?s=96&d=mm&r=g\",\"caption\":\"admin\"},\"sameAs\":[\"http:\\\/\\\/www.manabi.gob.ec\"],\"url\":\"https:\\\/\\\/www.manabi.gob.ec\\\/index.php\\\/author\\\/admin\\\/\"}]}<\/script>\n<!-- \/ Yoast SEO plugin. -->","yoast_head_json":{"title":"POR EL BIENESTAR DE EMPLEADOS Y TRABAJADORES DEL GPM - Prefectura de Manab\u00ed","robots":{"index":"index","follow":"follow","max-snippet":"max-snippet:-1","max-image-preview":"max-image-preview:large","max-video-preview":"max-video-preview:-1"},"canonical":"https:\/\/www.manabi.gob.ec\/index.php\/por-el-bienestar-de-empleados-y-trabajadores-del-gpm\/","og_locale":"es_ES","og_type":"article","og_title":"POR EL BIENESTAR DE EMPLEADOS Y TRABAJADORES DEL GPM - Prefectura de Manab\u00ed","og_description":"Los integrantes del Comit\u00e9 de Seguridad Laboral y la Salud del Gobierno de Manab\u00ed, se reunieron con el prefecto, Leonardo Orlando, e informaron de las acciones que se han realizado por el bienestar de los empleados y trabajadores de la instituci\u00f3n provincial","og_url":"https:\/\/www.manabi.gob.ec\/index.php\/por-el-bienestar-de-empleados-y-trabajadores-del-gpm\/","og_site_name":"Prefectura de Manab\u00ed","article_published_time":"2021-07-20T12:10:05+00:00","article_modified_time":"2021-07-20T12:10:07+00:00","og_image":[{"width":1599,"height":1066,"url":"https:\/\/www.manabi.gob.ec\/wp-content\/uploads\/2021\/07\/Por-el-bienestar-de-empleados-y-tabajadores-1.jpg","type":"image\/jpeg"}],"author":"admin","twitter_card":"summary_large_image","twitter_misc":{"Escrito por":"admin","Tiempo de lectura":"1 minuto"},"schema":{"@context":"https:\/\/schema.org","@graph":[{"@type":"Article","@id":"https:\/\/www.manabi.gob.ec\/index.php\/por-el-bienestar-de-empleados-y-trabajadores-del-gpm\/#article","isPartOf":{"@id":"https:\/\/www.manabi.gob.ec\/index.php\/por-el-bienestar-de-empleados-y-trabajadores-del-gpm\/"},"author":{"name":"admin","@id":"https:\/\/www.manabi.gob.ec\/#\/schema\/person\/cfc71bd68fe2703b779edcc292a49722"},"headline":"POR EL BIENESTAR DE EMPLEADOS Y TRABAJADORES DEL GPM","datePublished":"2021-07-20T12:10:05+00:00","dateModified":"2021-07-20T12:10:07+00:00","mainEntityOfPage":{"@id":"https:\/\/www.manabi.gob.ec\/index.php\/por-el-bienestar-de-empleados-y-trabajadores-del-gpm\/"},"wordCount":194,"image":{"@id":"https:\/\/www.manabi.gob.ec\/index.php\/por-el-bienestar-de-empleados-y-trabajadores-del-gpm\/#primaryimage"},"thumbnailUrl":"https:\/\/www.manabi.gob.ec\/wp-content\/uploads\/2021\/07\/Por-el-bienestar-de-empleados-y-tabajadores-1.jpg","articleSection":["Noticias","Todas"],"inLanguage":"es"},{"@type":"WebPage","@id":"https:\/\/www.manabi.gob.ec\/index.php\/por-el-bienestar-de-empleados-y-trabajadores-del-gpm\/","url":"https:\/\/www.manabi.gob.ec\/index.php\/por-el-bienestar-de-empleados-y-trabajadores-del-gpm\/","name":"POR EL BIENESTAR DE EMPLEADOS Y TRABAJADORES DEL GPM - Prefectura de Manab\u00ed","isPartOf":{"@id":"https:\/\/www.manabi.gob.ec\/#website"},"primaryImageOfPage":{"@id":"https:\/\/www.manabi.gob.ec\/index.php\/por-el-bienestar-de-empleados-y-trabajadores-del-gpm\/#primaryimage"},"image":{"@id":"https:\/\/www.manabi.gob.ec\/index.php\/por-el-bienestar-de-empleados-y-trabajadores-del-gpm\/#primaryimage"},"thumbnailUrl":"https:\/\/www.manabi.gob.ec\/wp-content\/uploads\/2021\/07\/Por-el-bienestar-de-empleados-y-tabajadores-1.jpg","datePublished":"2021-07-20T12:10:05+00:00","dateModified":"2021-07-20T12:10:07+00:00","author":{"@id":"https:\/\/www.manabi.gob.ec\/#\/schema\/person\/cfc71bd68fe2703b779edcc292a49722"},"breadcrumb":{"@id":"https:\/\/www.manabi.gob.ec\/index.php\/por-el-bienestar-de-empleados-y-trabajadores-del-gpm\/#breadcrumb"},"inLanguage":"es","potentialAction":[{"@type":"ReadAction","target":["https:\/\/www.manabi.gob.ec\/index.php\/por-el-bienestar-de-empleados-y-trabajadores-del-gpm\/"]}]},{"@type":"ImageObject","inLanguage":"es","@id":"https:\/\/www.manabi.gob.ec\/index.php\/por-el-bienestar-de-empleados-y-trabajadores-del-gpm\/#primaryimage","url":"https:\/\/www.manabi.gob.ec\/wp-content\/uploads\/2021\/07\/Por-el-bienestar-de-empleados-y-tabajadores-1.jpg","contentUrl":"https:\/\/www.manabi.gob.ec\/wp-content\/uploads\/2021\/07\/Por-el-bienestar-de-empleados-y-tabajadores-1.jpg","width":1599,"height":1066},{"@type":"BreadcrumbList","@id":"https:\/\/www.manabi.gob.ec\/index.php\/por-el-bienestar-de-empleados-y-trabajadores-del-gpm\/#breadcrumb","itemListElement":[{"@type":"ListItem","position":1,"name":"Portada","item":"https:\/\/www.manabi.gob.ec\/"},{"@type":"ListItem","position":2,"name":"POR EL BIENESTAR DE EMPLEADOS Y TRABAJADORES DEL GPM"}]},{"@type":"WebSite","@id":"https:\/\/www.manabi.gob.ec\/#website","url":"https:\/\/www.manabi.gob.ec\/","name":"Prefectura de Manab\u00ed","description":"P\u00e1gina web de la prefectura","potentialAction":[{"@type":"SearchAction","target":{"@type":"EntryPoint","urlTemplate":"https:\/\/www.manabi.gob.ec\/?s={search_term_string}"},"query-input":{"@type":"PropertyValueSpecification","valueRequired":true,"valueName":"search_term_string"}}],"inLanguage":"es"},{"@type":"Person","@id":"https:\/\/www.manabi.gob.ec\/#\/schema\/person\/cfc71bd68fe2703b779edcc292a49722","name":"admin","image":{"@type":"ImageObject","inLanguage":"es","@id":"https:\/\/secure.gravatar.com\/avatar\/23e9f919492b0a2f65aa168e0d8c5c867ea853b61deffbadf08c7031e15b8d78?s=96&d=mm&r=g","url":"https:\/\/secure.gravatar.com\/avatar\/23e9f919492b0a2f65aa168e0d8c5c867ea853b61deffbadf08c7031e15b8d78?s=96&d=mm&r=g","contentUrl":"https:\/\/secure.gravatar.com\/avatar\/23e9f919492b0a2f65aa168e0d8c5c867ea853b61deffbadf08c7031e15b8d78?s=96&d=mm&r=g","caption":"admin"},"sameAs":["http:\/\/www.manabi.gob.ec"],"url":"https:\/\/www.manabi.gob.ec\/index.php\/author\/admin\/"}]}},"jetpack_featured_media_url":"https:\/\/www.manabi.gob.ec\/wp-content\/uploads\/2021\/07\/Por-el-bienestar-de-empleados-y-tabajadores-1.jpg","_links":{"self":[{"href":"https:\/\/www.manabi.gob.ec\/index.php\/wp-json\/wp\/v2\/posts\/18103","targetHints":{"allow":["GET"]}}],"collection":[{"href":"https:\/\/www.manabi.gob.ec\/index.php\/wp-json\/wp\/v2\/posts"}],"about":[{"href":"https:\/\/www.manabi.gob.ec\/index.php\/wp-json\/wp\/v2\/types\/post"}],"author":[{"embeddable":true,"href":"https:\/\/www.manabi.gob.ec\/index.php\/wp-json\/wp\/v2\/users\/1"}],"replies":[{"embeddable":true,"href":"https:\/\/www.manabi.gob.ec\/index.php\/wp-json\/wp\/v2\/comments?post=18103"}],"version-history":[{"count":0,"href":"https:\/\/www.manabi.gob.ec\/index.php\/wp-json\/wp\/v2\/posts\/18103\/revisions"}],"wp:featuredmedia":[{"embeddable":true,"href":"https:\/\/www.manabi.gob.ec\/index.php\/wp-json\/wp\/v2\/media\/18104"}],"wp:attachment":[{"href":"https:\/\/www.manabi.gob.ec\/index.php\/wp-json\/wp\/v2\/media?parent=18103"}],"wp:term":[{"taxonomy":"category","embeddable":true,"href":"https:\/\/www.manabi.gob.ec\/index.php\/wp-json\/wp\/v2\/categories?post=18103"},{"taxonomy":"post_tag","embeddable":true,"href":"https:\/\/www.manabi.gob.ec\/index.php\/wp-json\/wp\/v2\/tags?post=18103"}],"curies":[{"name":"wp","href":"https:\/\/api.w.org\/{rel}","templated":true}]}}