{"id":18148,"date":"2021-07-27T01:20:10","date_gmt":"2021-07-27T01:20:10","guid":{"rendered":"https:\/\/www.manabi.gob.ec\/?p=18148"},"modified":"2021-07-27T01:20:12","modified_gmt":"2021-07-27T01:20:12","slug":"habitantes-de-pajan-ya-cuentan-con-un-centro-de-rehabilitacion-fisica","status":"publish","type":"post","link":"https:\/\/www.manabi.gob.ec\/index.php\/habitantes-de-pajan-ya-cuentan-con-un-centro-de-rehabilitacion-fisica\/","title":{"rendered":"HABITANTES DE  PAJ\u00c1N YA CUENTAN CON UN CENTRO DE REHABILITACI\u00d3N F\u00cdSICA"},"content":{"rendered":"\n<p>Los esposos Sanc\u00e1n Quiroz, de la comunidad San Francisco, y Cecilio Sanc\u00e1n, asistieron a las instalaciones del Patronato Municipal de Paj\u00e1n, para ser testigos de la inauguraci\u00f3n de la unidad b\u00e1sica del centro de rehabilitaci\u00f3n f\u00edsica \u00abAura Almeida de Mor\u00e1n\u00bb, que les servir\u00e1 para sus terapias f\u00edsicas.<\/p>\n\n\n\n<p>\u00bb Es muy bueno que nos tomen en cuenta, porque a muchos de nosotros a nuestra edad nos tratan mal\u00bb, dijo Macario Sac\u00e1n.<\/p>\n\n\n\n<p>Este espacio fue inaugurado, el &nbsp;mi\u00e9rcoles 21 de julio, por el prefecto, Leonardo Orlando; la viceprefecta, Kelly Buenaventura, y el alcalde Natahel Mor\u00e1n.<\/p>\n\n\n\n<p>\u00abEstamos entregando este moderno centro de rehabilitaci\u00f3n, gracias a la voluntad pol\u00edtica y de servicio de trabajar por los m\u00e1s humildes\u00bb, expres\u00f3 el Prefecto.<\/p>\n\n\n\n<p>Este centro brindar\u00e1 atenci\u00f3n a alrededor de 150 adultos mayores y a personas con discapacidad. La implementaci\u00f3n de los equipos tuvo un costo superior a los 22 mil d\u00f3lares.<\/p>\n\n\n\n<p>Dos profesionales en fisioterapia y nutrici\u00f3n prestar\u00e1n sus servicios en el centro de rehabilitaci\u00f3n, el prop\u00f3sito es mejorar la calidad de vida de nuestros hermanos manabitas.<\/p>\n","protected":false},"excerpt":{"rendered":"<p>Los esposos Sanc\u00e1n Quiroz, de la comunidad San Francisco, y Cecilio Sanc\u00e1n, asistieron a las instalaciones del Patronato Municipal de Paj\u00e1n, para ser testigos de la inauguraci\u00f3n de la unidad b\u00e1sica del centro de rehabilitaci\u00f3n f\u00edsica \u00abAura Almeida de Mor\u00e1n\u00bb, que les servir\u00e1 para sus terapias f\u00edsicas. \u00bb Es muy bueno que nos tomen en [&hellip;]<\/p>\n","protected":false},"author":1,"featured_media":18149,"comment_status":"closed","ping_status":"open","sticky":false,"template":"","format":"standard","meta":{"_joinchat":[],"footnotes":""},"categories":[142,92,91],"tags":[],"class_list":["post-18148","post","type-post","status-publish","format-standard","has-post-thumbnail","hentry","category-desarrollo-social","category-noticias-manabi","category-todas"],"yoast_head":"<!-- This site is optimized with the Yoast SEO plugin v27.4 - https:\/\/yoast.com\/product\/yoast-seo-wordpress\/ -->\n<title>HABITANTES DE PAJ\u00c1N YA CUENTAN CON UN CENTRO DE REHABILITACI\u00d3N F\u00cdSICA - Prefectura de Manab\u00ed<\/title>\n<meta name=\"robots\" content=\"index, follow, max-snippet:-1, max-image-preview:large, max-video-preview:-1\" \/>\n<link rel=\"canonical\" href=\"https:\/\/www.manabi.gob.ec\/index.php\/habitantes-de-pajan-ya-cuentan-con-un-centro-de-rehabilitacion-fisica\/\" \/>\n<meta property=\"og:locale\" content=\"es_ES\" \/>\n<meta property=\"og:type\" content=\"article\" \/>\n<meta property=\"og:title\" content=\"HABITANTES DE PAJ\u00c1N YA CUENTAN CON UN CENTRO DE REHABILITACI\u00d3N F\u00cdSICA - Prefectura de Manab\u00ed\" \/>\n<meta property=\"og:description\" content=\"Los esposos Sanc\u00e1n Quiroz, de la comunidad San Francisco, y Cecilio Sanc\u00e1n, asistieron a las instalaciones del Patronato Municipal de Paj\u00e1n, para ser testigos de la inauguraci\u00f3n de la unidad b\u00e1sica del centro de rehabilitaci\u00f3n f\u00edsica \u00abAura Almeida de Mor\u00e1n\u00bb, que les servir\u00e1 para sus terapias f\u00edsicas. \u00bb Es muy bueno que nos tomen en [&hellip;]\" \/>\n<meta property=\"og:url\" content=\"https:\/\/www.manabi.gob.ec\/index.php\/habitantes-de-pajan-ya-cuentan-con-un-centro-de-rehabilitacion-fisica\/\" \/>\n<meta property=\"og:site_name\" content=\"Prefectura de Manab\u00ed\" \/>\n<meta property=\"article:published_time\" content=\"2021-07-27T01:20:10+00:00\" \/>\n<meta property=\"article:modified_time\" content=\"2021-07-27T01:20:12+00:00\" \/>\n<meta property=\"og:image\" content=\"https:\/\/www.manabi.gob.ec\/wp-content\/uploads\/2021\/07\/Habitantes-de-Pajan-2-1.jpg\" \/>\n\t<meta property=\"og:image:width\" content=\"1000\" \/>\n\t<meta property=\"og:image:height\" content=\"750\" \/>\n\t<meta property=\"og:image:type\" content=\"image\/jpeg\" \/>\n<meta name=\"author\" content=\"admin\" \/>\n<meta name=\"twitter:card\" content=\"summary_large_image\" \/>\n<meta name=\"twitter:label1\" content=\"Escrito por\" \/>\n\t<meta name=\"twitter:data1\" content=\"admin\" \/>\n\t<meta name=\"twitter:label2\" content=\"Tiempo de lectura\" \/>\n\t<meta name=\"twitter:data2\" content=\"1 minuto\" \/>\n<script type=\"application\/ld+json\" class=\"yoast-schema-graph\">{\"@context\":\"https:\\\/\\\/schema.org\",\"@graph\":[{\"@type\":\"Article\",\"@id\":\"https:\\\/\\\/www.manabi.gob.ec\\\/index.php\\\/habitantes-de-pajan-ya-cuentan-con-un-centro-de-rehabilitacion-fisica\\\/#article\",\"isPartOf\":{\"@id\":\"https:\\\/\\\/www.manabi.gob.ec\\\/index.php\\\/habitantes-de-pajan-ya-cuentan-con-un-centro-de-rehabilitacion-fisica\\\/\"},\"author\":{\"name\":\"admin\",\"@id\":\"https:\\\/\\\/www.manabi.gob.ec\\\/#\\\/schema\\\/person\\\/cfc71bd68fe2703b779edcc292a49722\"},\"headline\":\"HABITANTES DE PAJ\u00c1N YA CUENTAN CON UN CENTRO DE REHABILITACI\u00d3N F\u00cdSICA\",\"datePublished\":\"2021-07-27T01:20:10+00:00\",\"dateModified\":\"2021-07-27T01:20:12+00:00\",\"mainEntityOfPage\":{\"@id\":\"https:\\\/\\\/www.manabi.gob.ec\\\/index.php\\\/habitantes-de-pajan-ya-cuentan-con-un-centro-de-rehabilitacion-fisica\\\/\"},\"wordCount\":205,\"image\":{\"@id\":\"https:\\\/\\\/www.manabi.gob.ec\\\/index.php\\\/habitantes-de-pajan-ya-cuentan-con-un-centro-de-rehabilitacion-fisica\\\/#primaryimage\"},\"thumbnailUrl\":\"https:\\\/\\\/www.manabi.gob.ec\\\/wp-content\\\/uploads\\\/2021\\\/07\\\/Habitantes-de-Pajan-2-1.jpg\",\"articleSection\":[\"Desarrollo Social\",\"Noticias\",\"Todas\"],\"inLanguage\":\"es\"},{\"@type\":\"WebPage\",\"@id\":\"https:\\\/\\\/www.manabi.gob.ec\\\/index.php\\\/habitantes-de-pajan-ya-cuentan-con-un-centro-de-rehabilitacion-fisica\\\/\",\"url\":\"https:\\\/\\\/www.manabi.gob.ec\\\/index.php\\\/habitantes-de-pajan-ya-cuentan-con-un-centro-de-rehabilitacion-fisica\\\/\",\"name\":\"HABITANTES DE PAJ\u00c1N YA CUENTAN CON UN CENTRO DE REHABILITACI\u00d3N F\u00cdSICA - Prefectura de Manab\u00ed\",\"isPartOf\":{\"@id\":\"https:\\\/\\\/www.manabi.gob.ec\\\/#website\"},\"primaryImageOfPage\":{\"@id\":\"https:\\\/\\\/www.manabi.gob.ec\\\/index.php\\\/habitantes-de-pajan-ya-cuentan-con-un-centro-de-rehabilitacion-fisica\\\/#primaryimage\"},\"image\":{\"@id\":\"https:\\\/\\\/www.manabi.gob.ec\\\/index.php\\\/habitantes-de-pajan-ya-cuentan-con-un-centro-de-rehabilitacion-fisica\\\/#primaryimage\"},\"thumbnailUrl\":\"https:\\\/\\\/www.manabi.gob.ec\\\/wp-content\\\/uploads\\\/2021\\\/07\\\/Habitantes-de-Pajan-2-1.jpg\",\"datePublished\":\"2021-07-27T01:20:10+00:00\",\"dateModified\":\"2021-07-27T01:20:12+00:00\",\"author\":{\"@id\":\"https:\\\/\\\/www.manabi.gob.ec\\\/#\\\/schema\\\/person\\\/cfc71bd68fe2703b779edcc292a49722\"},\"breadcrumb\":{\"@id\":\"https:\\\/\\\/www.manabi.gob.ec\\\/index.php\\\/habitantes-de-pajan-ya-cuentan-con-un-centro-de-rehabilitacion-fisica\\\/#breadcrumb\"},\"inLanguage\":\"es\",\"potentialAction\":[{\"@type\":\"ReadAction\",\"target\":[\"https:\\\/\\\/www.manabi.gob.ec\\\/index.php\\\/habitantes-de-pajan-ya-cuentan-con-un-centro-de-rehabilitacion-fisica\\\/\"]}]},{\"@type\":\"ImageObject\",\"inLanguage\":\"es\",\"@id\":\"https:\\\/\\\/www.manabi.gob.ec\\\/index.php\\\/habitantes-de-pajan-ya-cuentan-con-un-centro-de-rehabilitacion-fisica\\\/#primaryimage\",\"url\":\"https:\\\/\\\/www.manabi.gob.ec\\\/wp-content\\\/uploads\\\/2021\\\/07\\\/Habitantes-de-Pajan-2-1.jpg\",\"contentUrl\":\"https:\\\/\\\/www.manabi.gob.ec\\\/wp-content\\\/uploads\\\/2021\\\/07\\\/Habitantes-de-Pajan-2-1.jpg\",\"width\":1000,\"height\":750},{\"@type\":\"BreadcrumbList\",\"@id\":\"https:\\\/\\\/www.manabi.gob.ec\\\/index.php\\\/habitantes-de-pajan-ya-cuentan-con-un-centro-de-rehabilitacion-fisica\\\/#breadcrumb\",\"itemListElement\":[{\"@type\":\"ListItem\",\"position\":1,\"name\":\"Portada\",\"item\":\"https:\\\/\\\/www.manabi.gob.ec\\\/\"},{\"@type\":\"ListItem\",\"position\":2,\"name\":\"HABITANTES DE PAJ\u00c1N YA CUENTAN CON UN CENTRO DE REHABILITACI\u00d3N F\u00cdSICA\"}]},{\"@type\":\"WebSite\",\"@id\":\"https:\\\/\\\/www.manabi.gob.ec\\\/#website\",\"url\":\"https:\\\/\\\/www.manabi.gob.ec\\\/\",\"name\":\"Prefectura de Manab\u00ed\",\"description\":\"P\u00e1gina web de la prefectura\",\"potentialAction\":[{\"@type\":\"SearchAction\",\"target\":{\"@type\":\"EntryPoint\",\"urlTemplate\":\"https:\\\/\\\/www.manabi.gob.ec\\\/?s={search_term_string}\"},\"query-input\":{\"@type\":\"PropertyValueSpecification\",\"valueRequired\":true,\"valueName\":\"search_term_string\"}}],\"inLanguage\":\"es\"},{\"@type\":\"Person\",\"@id\":\"https:\\\/\\\/www.manabi.gob.ec\\\/#\\\/schema\\\/person\\\/cfc71bd68fe2703b779edcc292a49722\",\"name\":\"admin\",\"image\":{\"@type\":\"ImageObject\",\"inLanguage\":\"es\",\"@id\":\"https:\\\/\\\/secure.gravatar.com\\\/avatar\\\/23e9f919492b0a2f65aa168e0d8c5c867ea853b61deffbadf08c7031e15b8d78?s=96&d=mm&r=g\",\"url\":\"https:\\\/\\\/secure.gravatar.com\\\/avatar\\\/23e9f919492b0a2f65aa168e0d8c5c867ea853b61deffbadf08c7031e15b8d78?s=96&d=mm&r=g\",\"contentUrl\":\"https:\\\/\\\/secure.gravatar.com\\\/avatar\\\/23e9f919492b0a2f65aa168e0d8c5c867ea853b61deffbadf08c7031e15b8d78?s=96&d=mm&r=g\",\"caption\":\"admin\"},\"sameAs\":[\"http:\\\/\\\/www.manabi.gob.ec\"],\"url\":\"https:\\\/\\\/www.manabi.gob.ec\\\/index.php\\\/author\\\/admin\\\/\"}]}<\/script>\n<!-- \/ Yoast SEO plugin. -->","yoast_head_json":{"title":"HABITANTES DE PAJ\u00c1N YA CUENTAN CON UN CENTRO DE REHABILITACI\u00d3N F\u00cdSICA - Prefectura de Manab\u00ed","robots":{"index":"index","follow":"follow","max-snippet":"max-snippet:-1","max-image-preview":"max-image-preview:large","max-video-preview":"max-video-preview:-1"},"canonical":"https:\/\/www.manabi.gob.ec\/index.php\/habitantes-de-pajan-ya-cuentan-con-un-centro-de-rehabilitacion-fisica\/","og_locale":"es_ES","og_type":"article","og_title":"HABITANTES DE PAJ\u00c1N YA CUENTAN CON UN CENTRO DE REHABILITACI\u00d3N F\u00cdSICA - Prefectura de Manab\u00ed","og_description":"Los esposos Sanc\u00e1n Quiroz, de la comunidad San Francisco, y Cecilio Sanc\u00e1n, asistieron a las instalaciones del Patronato Municipal de Paj\u00e1n, para ser testigos de la inauguraci\u00f3n de la unidad b\u00e1sica del centro de rehabilitaci\u00f3n f\u00edsica \u00abAura Almeida de Mor\u00e1n\u00bb, que les servir\u00e1 para sus terapias f\u00edsicas. \u00bb Es muy bueno que nos tomen en [&hellip;]","og_url":"https:\/\/www.manabi.gob.ec\/index.php\/habitantes-de-pajan-ya-cuentan-con-un-centro-de-rehabilitacion-fisica\/","og_site_name":"Prefectura de Manab\u00ed","article_published_time":"2021-07-27T01:20:10+00:00","article_modified_time":"2021-07-27T01:20:12+00:00","og_image":[{"width":1000,"height":750,"url":"https:\/\/www.manabi.gob.ec\/wp-content\/uploads\/2021\/07\/Habitantes-de-Pajan-2-1.jpg","type":"image\/jpeg"}],"author":"admin","twitter_card":"summary_large_image","twitter_misc":{"Escrito por":"admin","Tiempo de lectura":"1 minuto"},"schema":{"@context":"https:\/\/schema.org","@graph":[{"@type":"Article","@id":"https:\/\/www.manabi.gob.ec\/index.php\/habitantes-de-pajan-ya-cuentan-con-un-centro-de-rehabilitacion-fisica\/#article","isPartOf":{"@id":"https:\/\/www.manabi.gob.ec\/index.php\/habitantes-de-pajan-ya-cuentan-con-un-centro-de-rehabilitacion-fisica\/"},"author":{"name":"admin","@id":"https:\/\/www.manabi.gob.ec\/#\/schema\/person\/cfc71bd68fe2703b779edcc292a49722"},"headline":"HABITANTES DE PAJ\u00c1N YA CUENTAN CON UN CENTRO DE REHABILITACI\u00d3N F\u00cdSICA","datePublished":"2021-07-27T01:20:10+00:00","dateModified":"2021-07-27T01:20:12+00:00","mainEntityOfPage":{"@id":"https:\/\/www.manabi.gob.ec\/index.php\/habitantes-de-pajan-ya-cuentan-con-un-centro-de-rehabilitacion-fisica\/"},"wordCount":205,"image":{"@id":"https:\/\/www.manabi.gob.ec\/index.php\/habitantes-de-pajan-ya-cuentan-con-un-centro-de-rehabilitacion-fisica\/#primaryimage"},"thumbnailUrl":"https:\/\/www.manabi.gob.ec\/wp-content\/uploads\/2021\/07\/Habitantes-de-Pajan-2-1.jpg","articleSection":["Desarrollo Social","Noticias","Todas"],"inLanguage":"es"},{"@type":"WebPage","@id":"https:\/\/www.manabi.gob.ec\/index.php\/habitantes-de-pajan-ya-cuentan-con-un-centro-de-rehabilitacion-fisica\/","url":"https:\/\/www.manabi.gob.ec\/index.php\/habitantes-de-pajan-ya-cuentan-con-un-centro-de-rehabilitacion-fisica\/","name":"HABITANTES DE PAJ\u00c1N YA CUENTAN CON UN CENTRO DE REHABILITACI\u00d3N F\u00cdSICA - Prefectura de Manab\u00ed","isPartOf":{"@id":"https:\/\/www.manabi.gob.ec\/#website"},"primaryImageOfPage":{"@id":"https:\/\/www.manabi.gob.ec\/index.php\/habitantes-de-pajan-ya-cuentan-con-un-centro-de-rehabilitacion-fisica\/#primaryimage"},"image":{"@id":"https:\/\/www.manabi.gob.ec\/index.php\/habitantes-de-pajan-ya-cuentan-con-un-centro-de-rehabilitacion-fisica\/#primaryimage"},"thumbnailUrl":"https:\/\/www.manabi.gob.ec\/wp-content\/uploads\/2021\/07\/Habitantes-de-Pajan-2-1.jpg","datePublished":"2021-07-27T01:20:10+00:00","dateModified":"2021-07-27T01:20:12+00:00","author":{"@id":"https:\/\/www.manabi.gob.ec\/#\/schema\/person\/cfc71bd68fe2703b779edcc292a49722"},"breadcrumb":{"@id":"https:\/\/www.manabi.gob.ec\/index.php\/habitantes-de-pajan-ya-cuentan-con-un-centro-de-rehabilitacion-fisica\/#breadcrumb"},"inLanguage":"es","potentialAction":[{"@type":"ReadAction","target":["https:\/\/www.manabi.gob.ec\/index.php\/habitantes-de-pajan-ya-cuentan-con-un-centro-de-rehabilitacion-fisica\/"]}]},{"@type":"ImageObject","inLanguage":"es","@id":"https:\/\/www.manabi.gob.ec\/index.php\/habitantes-de-pajan-ya-cuentan-con-un-centro-de-rehabilitacion-fisica\/#primaryimage","url":"https:\/\/www.manabi.gob.ec\/wp-content\/uploads\/2021\/07\/Habitantes-de-Pajan-2-1.jpg","contentUrl":"https:\/\/www.manabi.gob.ec\/wp-content\/uploads\/2021\/07\/Habitantes-de-Pajan-2-1.jpg","width":1000,"height":750},{"@type":"BreadcrumbList","@id":"https:\/\/www.manabi.gob.ec\/index.php\/habitantes-de-pajan-ya-cuentan-con-un-centro-de-rehabilitacion-fisica\/#breadcrumb","itemListElement":[{"@type":"ListItem","position":1,"name":"Portada","item":"https:\/\/www.manabi.gob.ec\/"},{"@type":"ListItem","position":2,"name":"HABITANTES DE PAJ\u00c1N YA CUENTAN CON UN CENTRO DE REHABILITACI\u00d3N F\u00cdSICA"}]},{"@type":"WebSite","@id":"https:\/\/www.manabi.gob.ec\/#website","url":"https:\/\/www.manabi.gob.ec\/","name":"Prefectura de Manab\u00ed","description":"P\u00e1gina web de la prefectura","potentialAction":[{"@type":"SearchAction","target":{"@type":"EntryPoint","urlTemplate":"https:\/\/www.manabi.gob.ec\/?s={search_term_string}"},"query-input":{"@type":"PropertyValueSpecification","valueRequired":true,"valueName":"search_term_string"}}],"inLanguage":"es"},{"@type":"Person","@id":"https:\/\/www.manabi.gob.ec\/#\/schema\/person\/cfc71bd68fe2703b779edcc292a49722","name":"admin","image":{"@type":"ImageObject","inLanguage":"es","@id":"https:\/\/secure.gravatar.com\/avatar\/23e9f919492b0a2f65aa168e0d8c5c867ea853b61deffbadf08c7031e15b8d78?s=96&d=mm&r=g","url":"https:\/\/secure.gravatar.com\/avatar\/23e9f919492b0a2f65aa168e0d8c5c867ea853b61deffbadf08c7031e15b8d78?s=96&d=mm&r=g","contentUrl":"https:\/\/secure.gravatar.com\/avatar\/23e9f919492b0a2f65aa168e0d8c5c867ea853b61deffbadf08c7031e15b8d78?s=96&d=mm&r=g","caption":"admin"},"sameAs":["http:\/\/www.manabi.gob.ec"],"url":"https:\/\/www.manabi.gob.ec\/index.php\/author\/admin\/"}]}},"jetpack_featured_media_url":"https:\/\/www.manabi.gob.ec\/wp-content\/uploads\/2021\/07\/Habitantes-de-Pajan-2-1.jpg","_links":{"self":[{"href":"https:\/\/www.manabi.gob.ec\/index.php\/wp-json\/wp\/v2\/posts\/18148","targetHints":{"allow":["GET"]}}],"collection":[{"href":"https:\/\/www.manabi.gob.ec\/index.php\/wp-json\/wp\/v2\/posts"}],"about":[{"href":"https:\/\/www.manabi.gob.ec\/index.php\/wp-json\/wp\/v2\/types\/post"}],"author":[{"embeddable":true,"href":"https:\/\/www.manabi.gob.ec\/index.php\/wp-json\/wp\/v2\/users\/1"}],"replies":[{"embeddable":true,"href":"https:\/\/www.manabi.gob.ec\/index.php\/wp-json\/wp\/v2\/comments?post=18148"}],"version-history":[{"count":0,"href":"https:\/\/www.manabi.gob.ec\/index.php\/wp-json\/wp\/v2\/posts\/18148\/revisions"}],"wp:featuredmedia":[{"embeddable":true,"href":"https:\/\/www.manabi.gob.ec\/index.php\/wp-json\/wp\/v2\/media\/18149"}],"wp:attachment":[{"href":"https:\/\/www.manabi.gob.ec\/index.php\/wp-json\/wp\/v2\/media?parent=18148"}],"wp:term":[{"taxonomy":"category","embeddable":true,"href":"https:\/\/www.manabi.gob.ec\/index.php\/wp-json\/wp\/v2\/categories?post=18148"},{"taxonomy":"post_tag","embeddable":true,"href":"https:\/\/www.manabi.gob.ec\/index.php\/wp-json\/wp\/v2\/tags?post=18148"}],"curies":[{"name":"wp","href":"https:\/\/api.w.org\/{rel}","templated":true}]}}