{"id":18167,"date":"2021-07-27T01:39:00","date_gmt":"2021-07-27T01:39:00","guid":{"rendered":"https:\/\/www.manabi.gob.ec\/?p=18167"},"modified":"2021-07-27T01:39:03","modified_gmt":"2021-07-27T01:39:03","slug":"alhajuela-celebro-84-anos-de-vida-parroquial","status":"publish","type":"post","link":"https:\/\/www.manabi.gob.ec\/index.php\/alhajuela-celebro-84-anos-de-vida-parroquial\/","title":{"rendered":"ALHAJUELA CELEBR\u00d3 84 A\u00d1OS DE VIDA PARROQUIAL"},"content":{"rendered":"\n<p>Alhajuela, conocida hist\u00f3ricamente como Bajo Grande es una de las parroquias rurales del cant\u00f3n Portoviejo,&nbsp; que este 24 de julio conmemor\u00f3 84 a\u00f1os de creaci\u00f3n, con una sesi\u00f3n solemne en la que particip\u00f3 como invitado especial el Prefecto de Manab\u00ed.<\/p>\n\n\n\n<p>El acto se desarroll\u00f3 en el parque de la parroquia, donde el prefecto&nbsp; Leonardo Orlando,&nbsp; hizo entrega por parte de la Corporaci\u00f3n Provincial, de un acuerdo protocolario de saludo a la parroquia y destac\u00f3 el trabajo emprendido para fortalecer su desarrollo productivo y tur\u00edstico con obras.<\/p>\n\n\n\n<p>El Prefecto hizo referencia del trabajo permanente que se lleva adelante para lograr atender con obras viales a las parroquias rurales de Portoviejo. \u00abHemos integrado a Alhajuela con San Pl\u00e1cido y con Ayacucho, a trav\u00e9s de la v\u00eda Los Laureles &#8211; Los Cerezos hasta salir a R\u00edo Ca\u00f1a\u00bb, indic\u00f3 la autoridad.<\/p>\n\n\n\n<p>A\u00f1adi\u00f3, que se intervendr\u00e1n las v\u00edas hacia la comunidad El Guasmo; Cerro &#8211; Las Cruces, y se planifica la construcci\u00f3n del puente La Mocorita.<\/p>\n\n\n\n<p>Fabricio Ponce, presidente del GAD parroquial, se\u00f1al\u00f3 que Alhajuela contin\u00faa desarroll\u00e1ndose, y&nbsp; las obras del Gobierno de Manab\u00ed impulsan la producci\u00f3n y conectividad de los habitantes de esta parroquia.<\/p>\n\n\n\n<p>\u00abEstamos trabajando articuladamente con la reapertura de 15 kil\u00f3metros de v\u00edas veraneras, y se trabaja en la v\u00eda Agua Blanca, en el sector El Tabl\u00f3n, que lleva un gran avance\u00bb, mencion\u00f3 el presidente de la parroquia.<\/p>\n\n\n\n<p>Tambi\u00e9n se agradeci\u00f3 a la Prefectura por su apoyo con brigadas m\u00e9dicas, pruebas r\u00e1pidas de COVID-19, jornadas de prevenci\u00f3n de c\u00e1ncer de cuello uterino, atenci\u00f3n visual y entrega gratuita de lentes a la ni\u00f1ez, que han permitido atender necesidades de los m\u00e1s vulnerables y de los grupos prioritarios.<\/p>\n","protected":false},"excerpt":{"rendered":"<p>Alhajuela, conocida hist\u00f3ricamente como Bajo Grande es una de las parroquias rurales del cant\u00f3n Portoviejo,&nbsp; que este 24 de julio conmemor\u00f3 84 a\u00f1os de creaci\u00f3n, con una sesi\u00f3n solemne en la que particip\u00f3 como invitado especial el Prefecto de Manab\u00ed. El acto se desarroll\u00f3 en el parque de la parroquia, donde el prefecto&nbsp; Leonardo Orlando,&nbsp; [&hellip;]<\/p>\n","protected":false},"author":1,"featured_media":18168,"comment_status":"closed","ping_status":"open","sticky":false,"template":"","format":"standard","meta":{"_joinchat":[],"footnotes":""},"categories":[92,132,91],"tags":[],"class_list":["post-18167","post","type-post","status-publish","format-standard","has-post-thumbnail","hentry","category-noticias-manabi","category-portoviejo","category-todas"],"yoast_head":"<!-- This site is optimized with the Yoast SEO plugin v27.4 - https:\/\/yoast.com\/product\/yoast-seo-wordpress\/ -->\n<title>ALHAJUELA CELEBR\u00d3 84 A\u00d1OS DE VIDA PARROQUIAL - Prefectura de Manab\u00ed<\/title>\n<meta name=\"robots\" content=\"index, follow, max-snippet:-1, max-image-preview:large, max-video-preview:-1\" \/>\n<link rel=\"canonical\" href=\"https:\/\/www.manabi.gob.ec\/index.php\/alhajuela-celebro-84-anos-de-vida-parroquial\/\" \/>\n<meta property=\"og:locale\" content=\"es_ES\" \/>\n<meta property=\"og:type\" content=\"article\" \/>\n<meta property=\"og:title\" content=\"ALHAJUELA CELEBR\u00d3 84 A\u00d1OS DE VIDA PARROQUIAL - Prefectura de Manab\u00ed\" \/>\n<meta property=\"og:description\" content=\"Alhajuela, conocida hist\u00f3ricamente como Bajo Grande es una de las parroquias rurales del cant\u00f3n Portoviejo,&nbsp; que este 24 de julio conmemor\u00f3 84 a\u00f1os de creaci\u00f3n, con una sesi\u00f3n solemne en la que particip\u00f3 como invitado especial el Prefecto de Manab\u00ed. El acto se desarroll\u00f3 en el parque de la parroquia, donde el prefecto&nbsp; Leonardo Orlando,&nbsp; [&hellip;]\" \/>\n<meta property=\"og:url\" content=\"https:\/\/www.manabi.gob.ec\/index.php\/alhajuela-celebro-84-anos-de-vida-parroquial\/\" \/>\n<meta property=\"og:site_name\" content=\"Prefectura de Manab\u00ed\" \/>\n<meta property=\"article:published_time\" content=\"2021-07-27T01:39:00+00:00\" \/>\n<meta property=\"article:modified_time\" content=\"2021-07-27T01:39:03+00:00\" \/>\n<meta property=\"og:image\" content=\"https:\/\/www.manabi.gob.ec\/wp-content\/uploads\/2021\/07\/Alhajuela-1.jpg\" \/>\n\t<meta property=\"og:image:width\" content=\"1280\" \/>\n\t<meta property=\"og:image:height\" content=\"932\" \/>\n\t<meta property=\"og:image:type\" content=\"image\/jpeg\" \/>\n<meta name=\"author\" content=\"admin\" \/>\n<meta name=\"twitter:card\" content=\"summary_large_image\" \/>\n<meta name=\"twitter:label1\" content=\"Escrito por\" \/>\n\t<meta name=\"twitter:data1\" content=\"admin\" \/>\n\t<meta name=\"twitter:label2\" content=\"Tiempo de lectura\" \/>\n\t<meta name=\"twitter:data2\" content=\"2 minutos\" \/>\n<script type=\"application\/ld+json\" class=\"yoast-schema-graph\">{\"@context\":\"https:\\\/\\\/schema.org\",\"@graph\":[{\"@type\":\"Article\",\"@id\":\"https:\\\/\\\/www.manabi.gob.ec\\\/index.php\\\/alhajuela-celebro-84-anos-de-vida-parroquial\\\/#article\",\"isPartOf\":{\"@id\":\"https:\\\/\\\/www.manabi.gob.ec\\\/index.php\\\/alhajuela-celebro-84-anos-de-vida-parroquial\\\/\"},\"author\":{\"name\":\"admin\",\"@id\":\"https:\\\/\\\/www.manabi.gob.ec\\\/#\\\/schema\\\/person\\\/cfc71bd68fe2703b779edcc292a49722\"},\"headline\":\"ALHAJUELA CELEBR\u00d3 84 A\u00d1OS DE VIDA PARROQUIAL\",\"datePublished\":\"2021-07-27T01:39:00+00:00\",\"dateModified\":\"2021-07-27T01:39:03+00:00\",\"mainEntityOfPage\":{\"@id\":\"https:\\\/\\\/www.manabi.gob.ec\\\/index.php\\\/alhajuela-celebro-84-anos-de-vida-parroquial\\\/\"},\"wordCount\":314,\"image\":{\"@id\":\"https:\\\/\\\/www.manabi.gob.ec\\\/index.php\\\/alhajuela-celebro-84-anos-de-vida-parroquial\\\/#primaryimage\"},\"thumbnailUrl\":\"https:\\\/\\\/www.manabi.gob.ec\\\/wp-content\\\/uploads\\\/2021\\\/07\\\/Alhajuela-1.jpg\",\"articleSection\":[\"Noticias\",\"Portoviejo\",\"Todas\"],\"inLanguage\":\"es\"},{\"@type\":\"WebPage\",\"@id\":\"https:\\\/\\\/www.manabi.gob.ec\\\/index.php\\\/alhajuela-celebro-84-anos-de-vida-parroquial\\\/\",\"url\":\"https:\\\/\\\/www.manabi.gob.ec\\\/index.php\\\/alhajuela-celebro-84-anos-de-vida-parroquial\\\/\",\"name\":\"ALHAJUELA CELEBR\u00d3 84 A\u00d1OS DE VIDA PARROQUIAL - Prefectura de Manab\u00ed\",\"isPartOf\":{\"@id\":\"https:\\\/\\\/www.manabi.gob.ec\\\/#website\"},\"primaryImageOfPage\":{\"@id\":\"https:\\\/\\\/www.manabi.gob.ec\\\/index.php\\\/alhajuela-celebro-84-anos-de-vida-parroquial\\\/#primaryimage\"},\"image\":{\"@id\":\"https:\\\/\\\/www.manabi.gob.ec\\\/index.php\\\/alhajuela-celebro-84-anos-de-vida-parroquial\\\/#primaryimage\"},\"thumbnailUrl\":\"https:\\\/\\\/www.manabi.gob.ec\\\/wp-content\\\/uploads\\\/2021\\\/07\\\/Alhajuela-1.jpg\",\"datePublished\":\"2021-07-27T01:39:00+00:00\",\"dateModified\":\"2021-07-27T01:39:03+00:00\",\"author\":{\"@id\":\"https:\\\/\\\/www.manabi.gob.ec\\\/#\\\/schema\\\/person\\\/cfc71bd68fe2703b779edcc292a49722\"},\"breadcrumb\":{\"@id\":\"https:\\\/\\\/www.manabi.gob.ec\\\/index.php\\\/alhajuela-celebro-84-anos-de-vida-parroquial\\\/#breadcrumb\"},\"inLanguage\":\"es\",\"potentialAction\":[{\"@type\":\"ReadAction\",\"target\":[\"https:\\\/\\\/www.manabi.gob.ec\\\/index.php\\\/alhajuela-celebro-84-anos-de-vida-parroquial\\\/\"]}]},{\"@type\":\"ImageObject\",\"inLanguage\":\"es\",\"@id\":\"https:\\\/\\\/www.manabi.gob.ec\\\/index.php\\\/alhajuela-celebro-84-anos-de-vida-parroquial\\\/#primaryimage\",\"url\":\"https:\\\/\\\/www.manabi.gob.ec\\\/wp-content\\\/uploads\\\/2021\\\/07\\\/Alhajuela-1.jpg\",\"contentUrl\":\"https:\\\/\\\/www.manabi.gob.ec\\\/wp-content\\\/uploads\\\/2021\\\/07\\\/Alhajuela-1.jpg\",\"width\":1280,\"height\":932},{\"@type\":\"BreadcrumbList\",\"@id\":\"https:\\\/\\\/www.manabi.gob.ec\\\/index.php\\\/alhajuela-celebro-84-anos-de-vida-parroquial\\\/#breadcrumb\",\"itemListElement\":[{\"@type\":\"ListItem\",\"position\":1,\"name\":\"Portada\",\"item\":\"https:\\\/\\\/www.manabi.gob.ec\\\/\"},{\"@type\":\"ListItem\",\"position\":2,\"name\":\"ALHAJUELA CELEBR\u00d3 84 A\u00d1OS DE VIDA PARROQUIAL\"}]},{\"@type\":\"WebSite\",\"@id\":\"https:\\\/\\\/www.manabi.gob.ec\\\/#website\",\"url\":\"https:\\\/\\\/www.manabi.gob.ec\\\/\",\"name\":\"Prefectura de Manab\u00ed\",\"description\":\"P\u00e1gina web de la prefectura\",\"potentialAction\":[{\"@type\":\"SearchAction\",\"target\":{\"@type\":\"EntryPoint\",\"urlTemplate\":\"https:\\\/\\\/www.manabi.gob.ec\\\/?s={search_term_string}\"},\"query-input\":{\"@type\":\"PropertyValueSpecification\",\"valueRequired\":true,\"valueName\":\"search_term_string\"}}],\"inLanguage\":\"es\"},{\"@type\":\"Person\",\"@id\":\"https:\\\/\\\/www.manabi.gob.ec\\\/#\\\/schema\\\/person\\\/cfc71bd68fe2703b779edcc292a49722\",\"name\":\"admin\",\"image\":{\"@type\":\"ImageObject\",\"inLanguage\":\"es\",\"@id\":\"https:\\\/\\\/secure.gravatar.com\\\/avatar\\\/23e9f919492b0a2f65aa168e0d8c5c867ea853b61deffbadf08c7031e15b8d78?s=96&d=mm&r=g\",\"url\":\"https:\\\/\\\/secure.gravatar.com\\\/avatar\\\/23e9f919492b0a2f65aa168e0d8c5c867ea853b61deffbadf08c7031e15b8d78?s=96&d=mm&r=g\",\"contentUrl\":\"https:\\\/\\\/secure.gravatar.com\\\/avatar\\\/23e9f919492b0a2f65aa168e0d8c5c867ea853b61deffbadf08c7031e15b8d78?s=96&d=mm&r=g\",\"caption\":\"admin\"},\"sameAs\":[\"http:\\\/\\\/www.manabi.gob.ec\"],\"url\":\"https:\\\/\\\/www.manabi.gob.ec\\\/index.php\\\/author\\\/admin\\\/\"}]}<\/script>\n<!-- \/ Yoast SEO plugin. -->","yoast_head_json":{"title":"ALHAJUELA CELEBR\u00d3 84 A\u00d1OS DE VIDA PARROQUIAL - Prefectura de Manab\u00ed","robots":{"index":"index","follow":"follow","max-snippet":"max-snippet:-1","max-image-preview":"max-image-preview:large","max-video-preview":"max-video-preview:-1"},"canonical":"https:\/\/www.manabi.gob.ec\/index.php\/alhajuela-celebro-84-anos-de-vida-parroquial\/","og_locale":"es_ES","og_type":"article","og_title":"ALHAJUELA CELEBR\u00d3 84 A\u00d1OS DE VIDA PARROQUIAL - Prefectura de Manab\u00ed","og_description":"Alhajuela, conocida hist\u00f3ricamente como Bajo Grande es una de las parroquias rurales del cant\u00f3n Portoviejo,&nbsp; que este 24 de julio conmemor\u00f3 84 a\u00f1os de creaci\u00f3n, con una sesi\u00f3n solemne en la que particip\u00f3 como invitado especial el Prefecto de Manab\u00ed. El acto se desarroll\u00f3 en el parque de la parroquia, donde el prefecto&nbsp; Leonardo Orlando,&nbsp; [&hellip;]","og_url":"https:\/\/www.manabi.gob.ec\/index.php\/alhajuela-celebro-84-anos-de-vida-parroquial\/","og_site_name":"Prefectura de Manab\u00ed","article_published_time":"2021-07-27T01:39:00+00:00","article_modified_time":"2021-07-27T01:39:03+00:00","og_image":[{"width":1280,"height":932,"url":"https:\/\/www.manabi.gob.ec\/wp-content\/uploads\/2021\/07\/Alhajuela-1.jpg","type":"image\/jpeg"}],"author":"admin","twitter_card":"summary_large_image","twitter_misc":{"Escrito por":"admin","Tiempo de lectura":"2 minutos"},"schema":{"@context":"https:\/\/schema.org","@graph":[{"@type":"Article","@id":"https:\/\/www.manabi.gob.ec\/index.php\/alhajuela-celebro-84-anos-de-vida-parroquial\/#article","isPartOf":{"@id":"https:\/\/www.manabi.gob.ec\/index.php\/alhajuela-celebro-84-anos-de-vida-parroquial\/"},"author":{"name":"admin","@id":"https:\/\/www.manabi.gob.ec\/#\/schema\/person\/cfc71bd68fe2703b779edcc292a49722"},"headline":"ALHAJUELA CELEBR\u00d3 84 A\u00d1OS DE VIDA PARROQUIAL","datePublished":"2021-07-27T01:39:00+00:00","dateModified":"2021-07-27T01:39:03+00:00","mainEntityOfPage":{"@id":"https:\/\/www.manabi.gob.ec\/index.php\/alhajuela-celebro-84-anos-de-vida-parroquial\/"},"wordCount":314,"image":{"@id":"https:\/\/www.manabi.gob.ec\/index.php\/alhajuela-celebro-84-anos-de-vida-parroquial\/#primaryimage"},"thumbnailUrl":"https:\/\/www.manabi.gob.ec\/wp-content\/uploads\/2021\/07\/Alhajuela-1.jpg","articleSection":["Noticias","Portoviejo","Todas"],"inLanguage":"es"},{"@type":"WebPage","@id":"https:\/\/www.manabi.gob.ec\/index.php\/alhajuela-celebro-84-anos-de-vida-parroquial\/","url":"https:\/\/www.manabi.gob.ec\/index.php\/alhajuela-celebro-84-anos-de-vida-parroquial\/","name":"ALHAJUELA CELEBR\u00d3 84 A\u00d1OS DE VIDA PARROQUIAL - Prefectura de Manab\u00ed","isPartOf":{"@id":"https:\/\/www.manabi.gob.ec\/#website"},"primaryImageOfPage":{"@id":"https:\/\/www.manabi.gob.ec\/index.php\/alhajuela-celebro-84-anos-de-vida-parroquial\/#primaryimage"},"image":{"@id":"https:\/\/www.manabi.gob.ec\/index.php\/alhajuela-celebro-84-anos-de-vida-parroquial\/#primaryimage"},"thumbnailUrl":"https:\/\/www.manabi.gob.ec\/wp-content\/uploads\/2021\/07\/Alhajuela-1.jpg","datePublished":"2021-07-27T01:39:00+00:00","dateModified":"2021-07-27T01:39:03+00:00","author":{"@id":"https:\/\/www.manabi.gob.ec\/#\/schema\/person\/cfc71bd68fe2703b779edcc292a49722"},"breadcrumb":{"@id":"https:\/\/www.manabi.gob.ec\/index.php\/alhajuela-celebro-84-anos-de-vida-parroquial\/#breadcrumb"},"inLanguage":"es","potentialAction":[{"@type":"ReadAction","target":["https:\/\/www.manabi.gob.ec\/index.php\/alhajuela-celebro-84-anos-de-vida-parroquial\/"]}]},{"@type":"ImageObject","inLanguage":"es","@id":"https:\/\/www.manabi.gob.ec\/index.php\/alhajuela-celebro-84-anos-de-vida-parroquial\/#primaryimage","url":"https:\/\/www.manabi.gob.ec\/wp-content\/uploads\/2021\/07\/Alhajuela-1.jpg","contentUrl":"https:\/\/www.manabi.gob.ec\/wp-content\/uploads\/2021\/07\/Alhajuela-1.jpg","width":1280,"height":932},{"@type":"BreadcrumbList","@id":"https:\/\/www.manabi.gob.ec\/index.php\/alhajuela-celebro-84-anos-de-vida-parroquial\/#breadcrumb","itemListElement":[{"@type":"ListItem","position":1,"name":"Portada","item":"https:\/\/www.manabi.gob.ec\/"},{"@type":"ListItem","position":2,"name":"ALHAJUELA CELEBR\u00d3 84 A\u00d1OS DE VIDA PARROQUIAL"}]},{"@type":"WebSite","@id":"https:\/\/www.manabi.gob.ec\/#website","url":"https:\/\/www.manabi.gob.ec\/","name":"Prefectura de Manab\u00ed","description":"P\u00e1gina web de la prefectura","potentialAction":[{"@type":"SearchAction","target":{"@type":"EntryPoint","urlTemplate":"https:\/\/www.manabi.gob.ec\/?s={search_term_string}"},"query-input":{"@type":"PropertyValueSpecification","valueRequired":true,"valueName":"search_term_string"}}],"inLanguage":"es"},{"@type":"Person","@id":"https:\/\/www.manabi.gob.ec\/#\/schema\/person\/cfc71bd68fe2703b779edcc292a49722","name":"admin","image":{"@type":"ImageObject","inLanguage":"es","@id":"https:\/\/secure.gravatar.com\/avatar\/23e9f919492b0a2f65aa168e0d8c5c867ea853b61deffbadf08c7031e15b8d78?s=96&d=mm&r=g","url":"https:\/\/secure.gravatar.com\/avatar\/23e9f919492b0a2f65aa168e0d8c5c867ea853b61deffbadf08c7031e15b8d78?s=96&d=mm&r=g","contentUrl":"https:\/\/secure.gravatar.com\/avatar\/23e9f919492b0a2f65aa168e0d8c5c867ea853b61deffbadf08c7031e15b8d78?s=96&d=mm&r=g","caption":"admin"},"sameAs":["http:\/\/www.manabi.gob.ec"],"url":"https:\/\/www.manabi.gob.ec\/index.php\/author\/admin\/"}]}},"jetpack_featured_media_url":"https:\/\/www.manabi.gob.ec\/wp-content\/uploads\/2021\/07\/Alhajuela-1.jpg","_links":{"self":[{"href":"https:\/\/www.manabi.gob.ec\/index.php\/wp-json\/wp\/v2\/posts\/18167","targetHints":{"allow":["GET"]}}],"collection":[{"href":"https:\/\/www.manabi.gob.ec\/index.php\/wp-json\/wp\/v2\/posts"}],"about":[{"href":"https:\/\/www.manabi.gob.ec\/index.php\/wp-json\/wp\/v2\/types\/post"}],"author":[{"embeddable":true,"href":"https:\/\/www.manabi.gob.ec\/index.php\/wp-json\/wp\/v2\/users\/1"}],"replies":[{"embeddable":true,"href":"https:\/\/www.manabi.gob.ec\/index.php\/wp-json\/wp\/v2\/comments?post=18167"}],"version-history":[{"count":0,"href":"https:\/\/www.manabi.gob.ec\/index.php\/wp-json\/wp\/v2\/posts\/18167\/revisions"}],"wp:featuredmedia":[{"embeddable":true,"href":"https:\/\/www.manabi.gob.ec\/index.php\/wp-json\/wp\/v2\/media\/18168"}],"wp:attachment":[{"href":"https:\/\/www.manabi.gob.ec\/index.php\/wp-json\/wp\/v2\/media?parent=18167"}],"wp:term":[{"taxonomy":"category","embeddable":true,"href":"https:\/\/www.manabi.gob.ec\/index.php\/wp-json\/wp\/v2\/categories?post=18167"},{"taxonomy":"post_tag","embeddable":true,"href":"https:\/\/www.manabi.gob.ec\/index.php\/wp-json\/wp\/v2\/tags?post=18167"}],"curies":[{"name":"wp","href":"https:\/\/api.w.org\/{rel}","templated":true}]}}