{"id":18180,"date":"2021-07-27T19:40:12","date_gmt":"2021-07-27T19:40:12","guid":{"rendered":"https:\/\/www.manabi.gob.ec\/?p=18180"},"modified":"2021-07-27T19:40:15","modified_gmt":"2021-07-27T19:40:15","slug":"en-nalla-y-san-juan-de-las-cucarachas-renace-la-esperanza","status":"publish","type":"post","link":"https:\/\/www.manabi.gob.ec\/index.php\/en-nalla-y-san-juan-de-las-cucarachas-renace-la-esperanza\/","title":{"rendered":"EN NALLA Y SAN JUAN DE LAS CUCARACHAS RENACE LA ESPERANZA"},"content":{"rendered":"\n<p>Contento y con motor en mano, Publio Mera Ord\u00f3\u00f1ez; comienza a preparar el terreno para la siembra de ma\u00edz. \u00c9l reside en la comunidad Nalla, a orillas del r\u00edo Puc\u00f3n, en la parroquia San Pablo de Pueblo Nuevo del cant\u00f3n Santa Ana.<\/p>\n\n\n\n<p>\u00abAnteriormente, estas tierras en \u00e9poca de verano eran improductivas. Ahora s\u00ed tenemos c\u00f3mo trabajar, porque tenemos la ag\u00fcita para regar\u00bb, dijo Publio.<\/p>\n\n\n\n<p>En este sector la Prefectura se encuentra trabajando en el desazolve y reconformacion de muros de protecci\u00f3n en el r\u00edo Puc\u00f3n. Se benefician aproximadamente 60 familias de las comunidades Nalla y San Juan de las Cucarachas.<\/p>\n\n\n\n<p>\u00bb Antes se nos mor\u00edan entre 40 y 50 reses por a\u00f1o, por la sequ\u00eda. Ahora con el represamiento del agua estamos sembrando ma\u00edz para darle ensilaje al ganado en el mes de noviembre y diciembre meses en que no hay pasto\u00bb, coment\u00f3 Vicente sol\u00f3rzano, agricultor.<\/p>\n\n\n\n<p>Se ha intervenido aguas arriba de la represa San Juan de Las Cucarachas, en tres tramos, en una distancia de un kil\u00f3metro, aproximadamente.<\/p>\n\n\n\n<p>\u00abEstos trabajos nos ayudan a ganar profundidad en el r\u00edo, lo que permite almacenar mayor cantidad de agua para la \u00e9poca de verano. Tambi\u00e9n ayuda a prevenir inundaciones de las viviendas aleda\u00f1as al r\u00edo\u00bb, inform\u00f3 Javier Montanero, t\u00e9cnico de la direcci\u00f3n de riego y drenaje del Gobierno Provincial<strong>.<\/strong><\/p>\n","protected":false},"excerpt":{"rendered":"<p>Contento y con motor en mano, Publio Mera Ord\u00f3\u00f1ez; comienza a preparar el terreno para la siembra de ma\u00edz. \u00c9l reside en la comunidad Nalla, a orillas del r\u00edo Puc\u00f3n, en la parroquia San Pablo de Pueblo Nuevo del cant\u00f3n Santa Ana.<\/p>\n","protected":false},"author":1,"featured_media":18181,"comment_status":"closed","ping_status":"open","sticky":false,"template":"","format":"standard","meta":{"_joinchat":[],"footnotes":""},"categories":[92,181,107,91],"tags":[],"class_list":["post-18180","post","type-post","status-publish","format-standard","has-post-thumbnail","hentry","category-noticias-manabi","category-obra-publica","category-santa-ana","category-todas"],"yoast_head":"<!-- This site is optimized with the Yoast SEO plugin v27.4 - https:\/\/yoast.com\/product\/yoast-seo-wordpress\/ -->\n<title>EN NALLA Y SAN JUAN DE LAS CUCARACHAS RENACE LA ESPERANZA - Prefectura de Manab\u00ed<\/title>\n<meta name=\"robots\" content=\"index, follow, max-snippet:-1, max-image-preview:large, max-video-preview:-1\" \/>\n<link rel=\"canonical\" href=\"https:\/\/www.manabi.gob.ec\/index.php\/en-nalla-y-san-juan-de-las-cucarachas-renace-la-esperanza\/\" \/>\n<meta property=\"og:locale\" content=\"es_ES\" \/>\n<meta property=\"og:type\" content=\"article\" \/>\n<meta property=\"og:title\" content=\"EN NALLA Y SAN JUAN DE LAS CUCARACHAS RENACE LA ESPERANZA - Prefectura de Manab\u00ed\" \/>\n<meta property=\"og:description\" content=\"Contento y con motor en mano, Publio Mera Ord\u00f3\u00f1ez; comienza a preparar el terreno para la siembra de ma\u00edz. \u00c9l reside en la comunidad Nalla, a orillas del r\u00edo Puc\u00f3n, en la parroquia San Pablo de Pueblo Nuevo del cant\u00f3n Santa Ana.\" \/>\n<meta property=\"og:url\" content=\"https:\/\/www.manabi.gob.ec\/index.php\/en-nalla-y-san-juan-de-las-cucarachas-renace-la-esperanza\/\" \/>\n<meta property=\"og:site_name\" content=\"Prefectura de Manab\u00ed\" \/>\n<meta property=\"article:published_time\" content=\"2021-07-27T19:40:12+00:00\" \/>\n<meta property=\"article:modified_time\" content=\"2021-07-27T19:40:15+00:00\" \/>\n<meta property=\"og:image\" content=\"https:\/\/www.manabi.gob.ec\/wp-content\/uploads\/2021\/07\/Nace-esperanza-en-San-Juan-de-las-Cucarachas-2.jpg\" \/>\n\t<meta property=\"og:image:width\" content=\"816\" \/>\n\t<meta property=\"og:image:height\" content=\"501\" \/>\n\t<meta property=\"og:image:type\" content=\"image\/jpeg\" \/>\n<meta name=\"author\" content=\"admin\" \/>\n<meta name=\"twitter:card\" content=\"summary_large_image\" \/>\n<meta name=\"twitter:label1\" content=\"Escrito por\" \/>\n\t<meta name=\"twitter:data1\" content=\"admin\" \/>\n\t<meta name=\"twitter:label2\" content=\"Tiempo de lectura\" \/>\n\t<meta name=\"twitter:data2\" content=\"1 minuto\" \/>\n<script type=\"application\/ld+json\" class=\"yoast-schema-graph\">{\"@context\":\"https:\\\/\\\/schema.org\",\"@graph\":[{\"@type\":\"Article\",\"@id\":\"https:\\\/\\\/www.manabi.gob.ec\\\/index.php\\\/en-nalla-y-san-juan-de-las-cucarachas-renace-la-esperanza\\\/#article\",\"isPartOf\":{\"@id\":\"https:\\\/\\\/www.manabi.gob.ec\\\/index.php\\\/en-nalla-y-san-juan-de-las-cucarachas-renace-la-esperanza\\\/\"},\"author\":{\"name\":\"admin\",\"@id\":\"https:\\\/\\\/www.manabi.gob.ec\\\/#\\\/schema\\\/person\\\/cfc71bd68fe2703b779edcc292a49722\"},\"headline\":\"EN NALLA Y SAN JUAN DE LAS CUCARACHAS RENACE LA ESPERANZA\",\"datePublished\":\"2021-07-27T19:40:12+00:00\",\"dateModified\":\"2021-07-27T19:40:15+00:00\",\"mainEntityOfPage\":{\"@id\":\"https:\\\/\\\/www.manabi.gob.ec\\\/index.php\\\/en-nalla-y-san-juan-de-las-cucarachas-renace-la-esperanza\\\/\"},\"wordCount\":246,\"image\":{\"@id\":\"https:\\\/\\\/www.manabi.gob.ec\\\/index.php\\\/en-nalla-y-san-juan-de-las-cucarachas-renace-la-esperanza\\\/#primaryimage\"},\"thumbnailUrl\":\"https:\\\/\\\/www.manabi.gob.ec\\\/wp-content\\\/uploads\\\/2021\\\/07\\\/Nace-esperanza-en-San-Juan-de-las-Cucarachas-2.jpg\",\"articleSection\":[\"Noticias\",\"Obra P\u00fablica\",\"Santa ana\",\"Todas\"],\"inLanguage\":\"es\"},{\"@type\":\"WebPage\",\"@id\":\"https:\\\/\\\/www.manabi.gob.ec\\\/index.php\\\/en-nalla-y-san-juan-de-las-cucarachas-renace-la-esperanza\\\/\",\"url\":\"https:\\\/\\\/www.manabi.gob.ec\\\/index.php\\\/en-nalla-y-san-juan-de-las-cucarachas-renace-la-esperanza\\\/\",\"name\":\"EN NALLA Y SAN JUAN DE LAS CUCARACHAS RENACE LA ESPERANZA - Prefectura de Manab\u00ed\",\"isPartOf\":{\"@id\":\"https:\\\/\\\/www.manabi.gob.ec\\\/#website\"},\"primaryImageOfPage\":{\"@id\":\"https:\\\/\\\/www.manabi.gob.ec\\\/index.php\\\/en-nalla-y-san-juan-de-las-cucarachas-renace-la-esperanza\\\/#primaryimage\"},\"image\":{\"@id\":\"https:\\\/\\\/www.manabi.gob.ec\\\/index.php\\\/en-nalla-y-san-juan-de-las-cucarachas-renace-la-esperanza\\\/#primaryimage\"},\"thumbnailUrl\":\"https:\\\/\\\/www.manabi.gob.ec\\\/wp-content\\\/uploads\\\/2021\\\/07\\\/Nace-esperanza-en-San-Juan-de-las-Cucarachas-2.jpg\",\"datePublished\":\"2021-07-27T19:40:12+00:00\",\"dateModified\":\"2021-07-27T19:40:15+00:00\",\"author\":{\"@id\":\"https:\\\/\\\/www.manabi.gob.ec\\\/#\\\/schema\\\/person\\\/cfc71bd68fe2703b779edcc292a49722\"},\"breadcrumb\":{\"@id\":\"https:\\\/\\\/www.manabi.gob.ec\\\/index.php\\\/en-nalla-y-san-juan-de-las-cucarachas-renace-la-esperanza\\\/#breadcrumb\"},\"inLanguage\":\"es\",\"potentialAction\":[{\"@type\":\"ReadAction\",\"target\":[\"https:\\\/\\\/www.manabi.gob.ec\\\/index.php\\\/en-nalla-y-san-juan-de-las-cucarachas-renace-la-esperanza\\\/\"]}]},{\"@type\":\"ImageObject\",\"inLanguage\":\"es\",\"@id\":\"https:\\\/\\\/www.manabi.gob.ec\\\/index.php\\\/en-nalla-y-san-juan-de-las-cucarachas-renace-la-esperanza\\\/#primaryimage\",\"url\":\"https:\\\/\\\/www.manabi.gob.ec\\\/wp-content\\\/uploads\\\/2021\\\/07\\\/Nace-esperanza-en-San-Juan-de-las-Cucarachas-2.jpg\",\"contentUrl\":\"https:\\\/\\\/www.manabi.gob.ec\\\/wp-content\\\/uploads\\\/2021\\\/07\\\/Nace-esperanza-en-San-Juan-de-las-Cucarachas-2.jpg\",\"width\":816,\"height\":501},{\"@type\":\"BreadcrumbList\",\"@id\":\"https:\\\/\\\/www.manabi.gob.ec\\\/index.php\\\/en-nalla-y-san-juan-de-las-cucarachas-renace-la-esperanza\\\/#breadcrumb\",\"itemListElement\":[{\"@type\":\"ListItem\",\"position\":1,\"name\":\"Portada\",\"item\":\"https:\\\/\\\/www.manabi.gob.ec\\\/\"},{\"@type\":\"ListItem\",\"position\":2,\"name\":\"EN NALLA Y SAN JUAN DE LAS CUCARACHAS RENACE LA ESPERANZA\"}]},{\"@type\":\"WebSite\",\"@id\":\"https:\\\/\\\/www.manabi.gob.ec\\\/#website\",\"url\":\"https:\\\/\\\/www.manabi.gob.ec\\\/\",\"name\":\"Prefectura de Manab\u00ed\",\"description\":\"P\u00e1gina web de la prefectura\",\"potentialAction\":[{\"@type\":\"SearchAction\",\"target\":{\"@type\":\"EntryPoint\",\"urlTemplate\":\"https:\\\/\\\/www.manabi.gob.ec\\\/?s={search_term_string}\"},\"query-input\":{\"@type\":\"PropertyValueSpecification\",\"valueRequired\":true,\"valueName\":\"search_term_string\"}}],\"inLanguage\":\"es\"},{\"@type\":\"Person\",\"@id\":\"https:\\\/\\\/www.manabi.gob.ec\\\/#\\\/schema\\\/person\\\/cfc71bd68fe2703b779edcc292a49722\",\"name\":\"admin\",\"image\":{\"@type\":\"ImageObject\",\"inLanguage\":\"es\",\"@id\":\"https:\\\/\\\/secure.gravatar.com\\\/avatar\\\/23e9f919492b0a2f65aa168e0d8c5c867ea853b61deffbadf08c7031e15b8d78?s=96&d=mm&r=g\",\"url\":\"https:\\\/\\\/secure.gravatar.com\\\/avatar\\\/23e9f919492b0a2f65aa168e0d8c5c867ea853b61deffbadf08c7031e15b8d78?s=96&d=mm&r=g\",\"contentUrl\":\"https:\\\/\\\/secure.gravatar.com\\\/avatar\\\/23e9f919492b0a2f65aa168e0d8c5c867ea853b61deffbadf08c7031e15b8d78?s=96&d=mm&r=g\",\"caption\":\"admin\"},\"sameAs\":[\"http:\\\/\\\/www.manabi.gob.ec\"],\"url\":\"https:\\\/\\\/www.manabi.gob.ec\\\/index.php\\\/author\\\/admin\\\/\"}]}<\/script>\n<!-- \/ Yoast SEO plugin. -->","yoast_head_json":{"title":"EN NALLA Y SAN JUAN DE LAS CUCARACHAS RENACE LA ESPERANZA - Prefectura de Manab\u00ed","robots":{"index":"index","follow":"follow","max-snippet":"max-snippet:-1","max-image-preview":"max-image-preview:large","max-video-preview":"max-video-preview:-1"},"canonical":"https:\/\/www.manabi.gob.ec\/index.php\/en-nalla-y-san-juan-de-las-cucarachas-renace-la-esperanza\/","og_locale":"es_ES","og_type":"article","og_title":"EN NALLA Y SAN JUAN DE LAS CUCARACHAS RENACE LA ESPERANZA - Prefectura de Manab\u00ed","og_description":"Contento y con motor en mano, Publio Mera Ord\u00f3\u00f1ez; comienza a preparar el terreno para la siembra de ma\u00edz. \u00c9l reside en la comunidad Nalla, a orillas del r\u00edo Puc\u00f3n, en la parroquia San Pablo de Pueblo Nuevo del cant\u00f3n Santa Ana.","og_url":"https:\/\/www.manabi.gob.ec\/index.php\/en-nalla-y-san-juan-de-las-cucarachas-renace-la-esperanza\/","og_site_name":"Prefectura de Manab\u00ed","article_published_time":"2021-07-27T19:40:12+00:00","article_modified_time":"2021-07-27T19:40:15+00:00","og_image":[{"width":816,"height":501,"url":"https:\/\/www.manabi.gob.ec\/wp-content\/uploads\/2021\/07\/Nace-esperanza-en-San-Juan-de-las-Cucarachas-2.jpg","type":"image\/jpeg"}],"author":"admin","twitter_card":"summary_large_image","twitter_misc":{"Escrito por":"admin","Tiempo de lectura":"1 minuto"},"schema":{"@context":"https:\/\/schema.org","@graph":[{"@type":"Article","@id":"https:\/\/www.manabi.gob.ec\/index.php\/en-nalla-y-san-juan-de-las-cucarachas-renace-la-esperanza\/#article","isPartOf":{"@id":"https:\/\/www.manabi.gob.ec\/index.php\/en-nalla-y-san-juan-de-las-cucarachas-renace-la-esperanza\/"},"author":{"name":"admin","@id":"https:\/\/www.manabi.gob.ec\/#\/schema\/person\/cfc71bd68fe2703b779edcc292a49722"},"headline":"EN NALLA Y SAN JUAN DE LAS CUCARACHAS RENACE LA ESPERANZA","datePublished":"2021-07-27T19:40:12+00:00","dateModified":"2021-07-27T19:40:15+00:00","mainEntityOfPage":{"@id":"https:\/\/www.manabi.gob.ec\/index.php\/en-nalla-y-san-juan-de-las-cucarachas-renace-la-esperanza\/"},"wordCount":246,"image":{"@id":"https:\/\/www.manabi.gob.ec\/index.php\/en-nalla-y-san-juan-de-las-cucarachas-renace-la-esperanza\/#primaryimage"},"thumbnailUrl":"https:\/\/www.manabi.gob.ec\/wp-content\/uploads\/2021\/07\/Nace-esperanza-en-San-Juan-de-las-Cucarachas-2.jpg","articleSection":["Noticias","Obra P\u00fablica","Santa ana","Todas"],"inLanguage":"es"},{"@type":"WebPage","@id":"https:\/\/www.manabi.gob.ec\/index.php\/en-nalla-y-san-juan-de-las-cucarachas-renace-la-esperanza\/","url":"https:\/\/www.manabi.gob.ec\/index.php\/en-nalla-y-san-juan-de-las-cucarachas-renace-la-esperanza\/","name":"EN NALLA Y SAN JUAN DE LAS CUCARACHAS RENACE LA ESPERANZA - Prefectura de Manab\u00ed","isPartOf":{"@id":"https:\/\/www.manabi.gob.ec\/#website"},"primaryImageOfPage":{"@id":"https:\/\/www.manabi.gob.ec\/index.php\/en-nalla-y-san-juan-de-las-cucarachas-renace-la-esperanza\/#primaryimage"},"image":{"@id":"https:\/\/www.manabi.gob.ec\/index.php\/en-nalla-y-san-juan-de-las-cucarachas-renace-la-esperanza\/#primaryimage"},"thumbnailUrl":"https:\/\/www.manabi.gob.ec\/wp-content\/uploads\/2021\/07\/Nace-esperanza-en-San-Juan-de-las-Cucarachas-2.jpg","datePublished":"2021-07-27T19:40:12+00:00","dateModified":"2021-07-27T19:40:15+00:00","author":{"@id":"https:\/\/www.manabi.gob.ec\/#\/schema\/person\/cfc71bd68fe2703b779edcc292a49722"},"breadcrumb":{"@id":"https:\/\/www.manabi.gob.ec\/index.php\/en-nalla-y-san-juan-de-las-cucarachas-renace-la-esperanza\/#breadcrumb"},"inLanguage":"es","potentialAction":[{"@type":"ReadAction","target":["https:\/\/www.manabi.gob.ec\/index.php\/en-nalla-y-san-juan-de-las-cucarachas-renace-la-esperanza\/"]}]},{"@type":"ImageObject","inLanguage":"es","@id":"https:\/\/www.manabi.gob.ec\/index.php\/en-nalla-y-san-juan-de-las-cucarachas-renace-la-esperanza\/#primaryimage","url":"https:\/\/www.manabi.gob.ec\/wp-content\/uploads\/2021\/07\/Nace-esperanza-en-San-Juan-de-las-Cucarachas-2.jpg","contentUrl":"https:\/\/www.manabi.gob.ec\/wp-content\/uploads\/2021\/07\/Nace-esperanza-en-San-Juan-de-las-Cucarachas-2.jpg","width":816,"height":501},{"@type":"BreadcrumbList","@id":"https:\/\/www.manabi.gob.ec\/index.php\/en-nalla-y-san-juan-de-las-cucarachas-renace-la-esperanza\/#breadcrumb","itemListElement":[{"@type":"ListItem","position":1,"name":"Portada","item":"https:\/\/www.manabi.gob.ec\/"},{"@type":"ListItem","position":2,"name":"EN NALLA Y SAN JUAN DE LAS CUCARACHAS RENACE LA ESPERANZA"}]},{"@type":"WebSite","@id":"https:\/\/www.manabi.gob.ec\/#website","url":"https:\/\/www.manabi.gob.ec\/","name":"Prefectura de Manab\u00ed","description":"P\u00e1gina web de la prefectura","potentialAction":[{"@type":"SearchAction","target":{"@type":"EntryPoint","urlTemplate":"https:\/\/www.manabi.gob.ec\/?s={search_term_string}"},"query-input":{"@type":"PropertyValueSpecification","valueRequired":true,"valueName":"search_term_string"}}],"inLanguage":"es"},{"@type":"Person","@id":"https:\/\/www.manabi.gob.ec\/#\/schema\/person\/cfc71bd68fe2703b779edcc292a49722","name":"admin","image":{"@type":"ImageObject","inLanguage":"es","@id":"https:\/\/secure.gravatar.com\/avatar\/23e9f919492b0a2f65aa168e0d8c5c867ea853b61deffbadf08c7031e15b8d78?s=96&d=mm&r=g","url":"https:\/\/secure.gravatar.com\/avatar\/23e9f919492b0a2f65aa168e0d8c5c867ea853b61deffbadf08c7031e15b8d78?s=96&d=mm&r=g","contentUrl":"https:\/\/secure.gravatar.com\/avatar\/23e9f919492b0a2f65aa168e0d8c5c867ea853b61deffbadf08c7031e15b8d78?s=96&d=mm&r=g","caption":"admin"},"sameAs":["http:\/\/www.manabi.gob.ec"],"url":"https:\/\/www.manabi.gob.ec\/index.php\/author\/admin\/"}]}},"jetpack_featured_media_url":"https:\/\/www.manabi.gob.ec\/wp-content\/uploads\/2021\/07\/Nace-esperanza-en-San-Juan-de-las-Cucarachas-2.jpg","_links":{"self":[{"href":"https:\/\/www.manabi.gob.ec\/index.php\/wp-json\/wp\/v2\/posts\/18180","targetHints":{"allow":["GET"]}}],"collection":[{"href":"https:\/\/www.manabi.gob.ec\/index.php\/wp-json\/wp\/v2\/posts"}],"about":[{"href":"https:\/\/www.manabi.gob.ec\/index.php\/wp-json\/wp\/v2\/types\/post"}],"author":[{"embeddable":true,"href":"https:\/\/www.manabi.gob.ec\/index.php\/wp-json\/wp\/v2\/users\/1"}],"replies":[{"embeddable":true,"href":"https:\/\/www.manabi.gob.ec\/index.php\/wp-json\/wp\/v2\/comments?post=18180"}],"version-history":[{"count":0,"href":"https:\/\/www.manabi.gob.ec\/index.php\/wp-json\/wp\/v2\/posts\/18180\/revisions"}],"wp:featuredmedia":[{"embeddable":true,"href":"https:\/\/www.manabi.gob.ec\/index.php\/wp-json\/wp\/v2\/media\/18181"}],"wp:attachment":[{"href":"https:\/\/www.manabi.gob.ec\/index.php\/wp-json\/wp\/v2\/media?parent=18180"}],"wp:term":[{"taxonomy":"category","embeddable":true,"href":"https:\/\/www.manabi.gob.ec\/index.php\/wp-json\/wp\/v2\/categories?post=18180"},{"taxonomy":"post_tag","embeddable":true,"href":"https:\/\/www.manabi.gob.ec\/index.php\/wp-json\/wp\/v2\/tags?post=18180"}],"curies":[{"name":"wp","href":"https:\/\/api.w.org\/{rel}","templated":true}]}}