{"id":18203,"date":"2021-07-30T15:14:48","date_gmt":"2021-07-30T15:14:48","guid":{"rendered":"https:\/\/www.manabi.gob.ec\/?p=18203"},"modified":"2021-07-30T15:14:51","modified_gmt":"2021-07-30T15:14:51","slug":"en-piedra-de-plata-se-produce-el-mejor-cacao-manabita","status":"publish","type":"post","link":"https:\/\/www.manabi.gob.ec\/index.php\/en-piedra-de-plata-se-produce-el-mejor-cacao-manabita\/","title":{"rendered":"EN PIEDRA DE PLATA SE PRODUCE EL MEJOR CACAO MANABITA"},"content":{"rendered":"\n<p>Cerca de 200 personas habitan en la comunidad Piedra de Plata, del cant\u00f3n Pichincha, donde anualmente se producen 2.500 quintales de cacao, que es considerado el m\u00e1s fino del mundo por su excelente calidad, aroma y sabor.<\/p>\n\n\n\n<p>En este rinc\u00f3n manabita, 32 personas son miembros de la Asociaci\u00f3n de Peque\u00f1os Productores de Piedra de Plata (ASOPAPROPIE), la misma que gan\u00f3 el premio a la mejor mazorca de cacao y mejor barra de chocolate por su calidad de gen\u00e9tica antigua en el Sal\u00f3n del Chocolate que se realiz\u00f3 en la ciudad de Quito y en el festival Choco Ra\u00edces en Guayaquil.<\/p>\n\n\n\n<p>La Asociaci\u00f3n tiene el permanente apoyo de la Prefectura de Manab\u00ed liderado por Leonardo Orlando, a trav\u00e9s de la direcci\u00f3n de Fomento Productivo, donde se promueve el cuidado y se realiza la asistencia t\u00e9cnica para que estas plantas org\u00e1nicas que tienen m\u00e1s de 100 a\u00f1os se mantengan productivas en su entorno natural.<\/p>\n\n\n\n<p>Divino Loor, representante de la ASOPAPROPIE, explic\u00f3 que el cacao es un producto especial de nuestra zona, porque a nosotros nos ha dado cosas importantes, no s\u00f3lo en lo econ\u00f3mico sino tambi\u00e9n con el reconocimiento ya que nuestros cultivos tienen m\u00e1s de 150 a\u00f1os y son 100% org\u00e1nicos\u00bb.<\/p>\n\n\n\n<p>\u00abEstamos muy agradecidos porque la Prefectura de Manab\u00ed nos est\u00e1 apoyando con el proceso para la certificaci\u00f3n de nuestro producto y con capacitaciones\u00bb, precis\u00f3 Loor.<\/p>\n","protected":false},"excerpt":{"rendered":"<p>Cerca de 200 personas habitan en la comunidad Piedra de Plata, del cant\u00f3n Pichincha, donde anualmente se producen 2.500 quintales de cacao, que es considerado el m\u00e1s fino del mundo por su excelente calidad, aroma y sabor.<\/p>\n","protected":false},"author":1,"featured_media":18204,"comment_status":"closed","ping_status":"open","sticky":false,"template":"","format":"standard","meta":{"_joinchat":[],"footnotes":""},"categories":[92,200,140,91],"tags":[],"class_list":["post-18203","post","type-post","status-publish","format-standard","has-post-thumbnail","hentry","category-noticias-manabi","category-pichincha","category-produccion","category-todas"],"yoast_head":"<!-- This site is optimized with the Yoast SEO plugin v27.4 - https:\/\/yoast.com\/product\/yoast-seo-wordpress\/ -->\n<title>EN PIEDRA DE PLATA SE PRODUCE EL MEJOR CACAO MANABITA - Prefectura de Manab\u00ed<\/title>\n<meta name=\"robots\" content=\"index, follow, max-snippet:-1, max-image-preview:large, max-video-preview:-1\" \/>\n<link rel=\"canonical\" href=\"https:\/\/www.manabi.gob.ec\/index.php\/en-piedra-de-plata-se-produce-el-mejor-cacao-manabita\/\" \/>\n<meta property=\"og:locale\" content=\"es_ES\" \/>\n<meta property=\"og:type\" content=\"article\" \/>\n<meta property=\"og:title\" content=\"EN PIEDRA DE PLATA SE PRODUCE EL MEJOR CACAO MANABITA - Prefectura de Manab\u00ed\" \/>\n<meta property=\"og:description\" content=\"Cerca de 200 personas habitan en la comunidad Piedra de Plata, del cant\u00f3n Pichincha, donde anualmente se producen 2.500 quintales de cacao, que es considerado el m\u00e1s fino del mundo por su excelente calidad, aroma y sabor.\" \/>\n<meta property=\"og:url\" content=\"https:\/\/www.manabi.gob.ec\/index.php\/en-piedra-de-plata-se-produce-el-mejor-cacao-manabita\/\" \/>\n<meta property=\"og:site_name\" content=\"Prefectura de Manab\u00ed\" \/>\n<meta property=\"article:published_time\" content=\"2021-07-30T15:14:48+00:00\" \/>\n<meta property=\"article:modified_time\" content=\"2021-07-30T15:14:51+00:00\" \/>\n<meta property=\"og:image\" content=\"https:\/\/www.manabi.gob.ec\/wp-content\/uploads\/2021\/07\/En-Piedra-Plata-3.jpg\" \/>\n\t<meta property=\"og:image:width\" content=\"1280\" \/>\n\t<meta property=\"og:image:height\" content=\"577\" \/>\n\t<meta property=\"og:image:type\" content=\"image\/jpeg\" \/>\n<meta name=\"author\" content=\"admin\" \/>\n<meta name=\"twitter:card\" content=\"summary_large_image\" \/>\n<meta name=\"twitter:label1\" content=\"Escrito por\" \/>\n\t<meta name=\"twitter:data1\" content=\"admin\" \/>\n\t<meta name=\"twitter:label2\" content=\"Tiempo de lectura\" \/>\n\t<meta name=\"twitter:data2\" content=\"1 minuto\" \/>\n<script type=\"application\/ld+json\" class=\"yoast-schema-graph\">{\"@context\":\"https:\\\/\\\/schema.org\",\"@graph\":[{\"@type\":\"Article\",\"@id\":\"https:\\\/\\\/www.manabi.gob.ec\\\/index.php\\\/en-piedra-de-plata-se-produce-el-mejor-cacao-manabita\\\/#article\",\"isPartOf\":{\"@id\":\"https:\\\/\\\/www.manabi.gob.ec\\\/index.php\\\/en-piedra-de-plata-se-produce-el-mejor-cacao-manabita\\\/\"},\"author\":{\"name\":\"admin\",\"@id\":\"https:\\\/\\\/www.manabi.gob.ec\\\/#\\\/schema\\\/person\\\/cfc71bd68fe2703b779edcc292a49722\"},\"headline\":\"EN PIEDRA DE PLATA SE PRODUCE EL MEJOR CACAO MANABITA\",\"datePublished\":\"2021-07-30T15:14:48+00:00\",\"dateModified\":\"2021-07-30T15:14:51+00:00\",\"mainEntityOfPage\":{\"@id\":\"https:\\\/\\\/www.manabi.gob.ec\\\/index.php\\\/en-piedra-de-plata-se-produce-el-mejor-cacao-manabita\\\/\"},\"wordCount\":251,\"image\":{\"@id\":\"https:\\\/\\\/www.manabi.gob.ec\\\/index.php\\\/en-piedra-de-plata-se-produce-el-mejor-cacao-manabita\\\/#primaryimage\"},\"thumbnailUrl\":\"https:\\\/\\\/www.manabi.gob.ec\\\/wp-content\\\/uploads\\\/2021\\\/07\\\/En-Piedra-Plata-3.jpg\",\"articleSection\":[\"Noticias\",\"Pichincha\",\"Producci\u00f3n\",\"Todas\"],\"inLanguage\":\"es\"},{\"@type\":\"WebPage\",\"@id\":\"https:\\\/\\\/www.manabi.gob.ec\\\/index.php\\\/en-piedra-de-plata-se-produce-el-mejor-cacao-manabita\\\/\",\"url\":\"https:\\\/\\\/www.manabi.gob.ec\\\/index.php\\\/en-piedra-de-plata-se-produce-el-mejor-cacao-manabita\\\/\",\"name\":\"EN PIEDRA DE PLATA SE PRODUCE EL MEJOR CACAO MANABITA - Prefectura de Manab\u00ed\",\"isPartOf\":{\"@id\":\"https:\\\/\\\/www.manabi.gob.ec\\\/#website\"},\"primaryImageOfPage\":{\"@id\":\"https:\\\/\\\/www.manabi.gob.ec\\\/index.php\\\/en-piedra-de-plata-se-produce-el-mejor-cacao-manabita\\\/#primaryimage\"},\"image\":{\"@id\":\"https:\\\/\\\/www.manabi.gob.ec\\\/index.php\\\/en-piedra-de-plata-se-produce-el-mejor-cacao-manabita\\\/#primaryimage\"},\"thumbnailUrl\":\"https:\\\/\\\/www.manabi.gob.ec\\\/wp-content\\\/uploads\\\/2021\\\/07\\\/En-Piedra-Plata-3.jpg\",\"datePublished\":\"2021-07-30T15:14:48+00:00\",\"dateModified\":\"2021-07-30T15:14:51+00:00\",\"author\":{\"@id\":\"https:\\\/\\\/www.manabi.gob.ec\\\/#\\\/schema\\\/person\\\/cfc71bd68fe2703b779edcc292a49722\"},\"breadcrumb\":{\"@id\":\"https:\\\/\\\/www.manabi.gob.ec\\\/index.php\\\/en-piedra-de-plata-se-produce-el-mejor-cacao-manabita\\\/#breadcrumb\"},\"inLanguage\":\"es\",\"potentialAction\":[{\"@type\":\"ReadAction\",\"target\":[\"https:\\\/\\\/www.manabi.gob.ec\\\/index.php\\\/en-piedra-de-plata-se-produce-el-mejor-cacao-manabita\\\/\"]}]},{\"@type\":\"ImageObject\",\"inLanguage\":\"es\",\"@id\":\"https:\\\/\\\/www.manabi.gob.ec\\\/index.php\\\/en-piedra-de-plata-se-produce-el-mejor-cacao-manabita\\\/#primaryimage\",\"url\":\"https:\\\/\\\/www.manabi.gob.ec\\\/wp-content\\\/uploads\\\/2021\\\/07\\\/En-Piedra-Plata-3.jpg\",\"contentUrl\":\"https:\\\/\\\/www.manabi.gob.ec\\\/wp-content\\\/uploads\\\/2021\\\/07\\\/En-Piedra-Plata-3.jpg\",\"width\":1280,\"height\":577},{\"@type\":\"BreadcrumbList\",\"@id\":\"https:\\\/\\\/www.manabi.gob.ec\\\/index.php\\\/en-piedra-de-plata-se-produce-el-mejor-cacao-manabita\\\/#breadcrumb\",\"itemListElement\":[{\"@type\":\"ListItem\",\"position\":1,\"name\":\"Portada\",\"item\":\"https:\\\/\\\/www.manabi.gob.ec\\\/\"},{\"@type\":\"ListItem\",\"position\":2,\"name\":\"EN PIEDRA DE PLATA SE PRODUCE EL MEJOR CACAO MANABITA\"}]},{\"@type\":\"WebSite\",\"@id\":\"https:\\\/\\\/www.manabi.gob.ec\\\/#website\",\"url\":\"https:\\\/\\\/www.manabi.gob.ec\\\/\",\"name\":\"Prefectura de Manab\u00ed\",\"description\":\"P\u00e1gina web de la prefectura\",\"potentialAction\":[{\"@type\":\"SearchAction\",\"target\":{\"@type\":\"EntryPoint\",\"urlTemplate\":\"https:\\\/\\\/www.manabi.gob.ec\\\/?s={search_term_string}\"},\"query-input\":{\"@type\":\"PropertyValueSpecification\",\"valueRequired\":true,\"valueName\":\"search_term_string\"}}],\"inLanguage\":\"es\"},{\"@type\":\"Person\",\"@id\":\"https:\\\/\\\/www.manabi.gob.ec\\\/#\\\/schema\\\/person\\\/cfc71bd68fe2703b779edcc292a49722\",\"name\":\"admin\",\"image\":{\"@type\":\"ImageObject\",\"inLanguage\":\"es\",\"@id\":\"https:\\\/\\\/secure.gravatar.com\\\/avatar\\\/23e9f919492b0a2f65aa168e0d8c5c867ea853b61deffbadf08c7031e15b8d78?s=96&d=mm&r=g\",\"url\":\"https:\\\/\\\/secure.gravatar.com\\\/avatar\\\/23e9f919492b0a2f65aa168e0d8c5c867ea853b61deffbadf08c7031e15b8d78?s=96&d=mm&r=g\",\"contentUrl\":\"https:\\\/\\\/secure.gravatar.com\\\/avatar\\\/23e9f919492b0a2f65aa168e0d8c5c867ea853b61deffbadf08c7031e15b8d78?s=96&d=mm&r=g\",\"caption\":\"admin\"},\"sameAs\":[\"http:\\\/\\\/www.manabi.gob.ec\"],\"url\":\"https:\\\/\\\/www.manabi.gob.ec\\\/index.php\\\/author\\\/admin\\\/\"}]}<\/script>\n<!-- \/ Yoast SEO plugin. -->","yoast_head_json":{"title":"EN PIEDRA DE PLATA SE PRODUCE EL MEJOR CACAO MANABITA - Prefectura de Manab\u00ed","robots":{"index":"index","follow":"follow","max-snippet":"max-snippet:-1","max-image-preview":"max-image-preview:large","max-video-preview":"max-video-preview:-1"},"canonical":"https:\/\/www.manabi.gob.ec\/index.php\/en-piedra-de-plata-se-produce-el-mejor-cacao-manabita\/","og_locale":"es_ES","og_type":"article","og_title":"EN PIEDRA DE PLATA SE PRODUCE EL MEJOR CACAO MANABITA - Prefectura de Manab\u00ed","og_description":"Cerca de 200 personas habitan en la comunidad Piedra de Plata, del cant\u00f3n Pichincha, donde anualmente se producen 2.500 quintales de cacao, que es considerado el m\u00e1s fino del mundo por su excelente calidad, aroma y sabor.","og_url":"https:\/\/www.manabi.gob.ec\/index.php\/en-piedra-de-plata-se-produce-el-mejor-cacao-manabita\/","og_site_name":"Prefectura de Manab\u00ed","article_published_time":"2021-07-30T15:14:48+00:00","article_modified_time":"2021-07-30T15:14:51+00:00","og_image":[{"width":1280,"height":577,"url":"https:\/\/www.manabi.gob.ec\/wp-content\/uploads\/2021\/07\/En-Piedra-Plata-3.jpg","type":"image\/jpeg"}],"author":"admin","twitter_card":"summary_large_image","twitter_misc":{"Escrito por":"admin","Tiempo de lectura":"1 minuto"},"schema":{"@context":"https:\/\/schema.org","@graph":[{"@type":"Article","@id":"https:\/\/www.manabi.gob.ec\/index.php\/en-piedra-de-plata-se-produce-el-mejor-cacao-manabita\/#article","isPartOf":{"@id":"https:\/\/www.manabi.gob.ec\/index.php\/en-piedra-de-plata-se-produce-el-mejor-cacao-manabita\/"},"author":{"name":"admin","@id":"https:\/\/www.manabi.gob.ec\/#\/schema\/person\/cfc71bd68fe2703b779edcc292a49722"},"headline":"EN PIEDRA DE PLATA SE PRODUCE EL MEJOR CACAO MANABITA","datePublished":"2021-07-30T15:14:48+00:00","dateModified":"2021-07-30T15:14:51+00:00","mainEntityOfPage":{"@id":"https:\/\/www.manabi.gob.ec\/index.php\/en-piedra-de-plata-se-produce-el-mejor-cacao-manabita\/"},"wordCount":251,"image":{"@id":"https:\/\/www.manabi.gob.ec\/index.php\/en-piedra-de-plata-se-produce-el-mejor-cacao-manabita\/#primaryimage"},"thumbnailUrl":"https:\/\/www.manabi.gob.ec\/wp-content\/uploads\/2021\/07\/En-Piedra-Plata-3.jpg","articleSection":["Noticias","Pichincha","Producci\u00f3n","Todas"],"inLanguage":"es"},{"@type":"WebPage","@id":"https:\/\/www.manabi.gob.ec\/index.php\/en-piedra-de-plata-se-produce-el-mejor-cacao-manabita\/","url":"https:\/\/www.manabi.gob.ec\/index.php\/en-piedra-de-plata-se-produce-el-mejor-cacao-manabita\/","name":"EN PIEDRA DE PLATA SE PRODUCE EL MEJOR CACAO MANABITA - Prefectura de Manab\u00ed","isPartOf":{"@id":"https:\/\/www.manabi.gob.ec\/#website"},"primaryImageOfPage":{"@id":"https:\/\/www.manabi.gob.ec\/index.php\/en-piedra-de-plata-se-produce-el-mejor-cacao-manabita\/#primaryimage"},"image":{"@id":"https:\/\/www.manabi.gob.ec\/index.php\/en-piedra-de-plata-se-produce-el-mejor-cacao-manabita\/#primaryimage"},"thumbnailUrl":"https:\/\/www.manabi.gob.ec\/wp-content\/uploads\/2021\/07\/En-Piedra-Plata-3.jpg","datePublished":"2021-07-30T15:14:48+00:00","dateModified":"2021-07-30T15:14:51+00:00","author":{"@id":"https:\/\/www.manabi.gob.ec\/#\/schema\/person\/cfc71bd68fe2703b779edcc292a49722"},"breadcrumb":{"@id":"https:\/\/www.manabi.gob.ec\/index.php\/en-piedra-de-plata-se-produce-el-mejor-cacao-manabita\/#breadcrumb"},"inLanguage":"es","potentialAction":[{"@type":"ReadAction","target":["https:\/\/www.manabi.gob.ec\/index.php\/en-piedra-de-plata-se-produce-el-mejor-cacao-manabita\/"]}]},{"@type":"ImageObject","inLanguage":"es","@id":"https:\/\/www.manabi.gob.ec\/index.php\/en-piedra-de-plata-se-produce-el-mejor-cacao-manabita\/#primaryimage","url":"https:\/\/www.manabi.gob.ec\/wp-content\/uploads\/2021\/07\/En-Piedra-Plata-3.jpg","contentUrl":"https:\/\/www.manabi.gob.ec\/wp-content\/uploads\/2021\/07\/En-Piedra-Plata-3.jpg","width":1280,"height":577},{"@type":"BreadcrumbList","@id":"https:\/\/www.manabi.gob.ec\/index.php\/en-piedra-de-plata-se-produce-el-mejor-cacao-manabita\/#breadcrumb","itemListElement":[{"@type":"ListItem","position":1,"name":"Portada","item":"https:\/\/www.manabi.gob.ec\/"},{"@type":"ListItem","position":2,"name":"EN PIEDRA DE PLATA SE PRODUCE EL MEJOR CACAO MANABITA"}]},{"@type":"WebSite","@id":"https:\/\/www.manabi.gob.ec\/#website","url":"https:\/\/www.manabi.gob.ec\/","name":"Prefectura de Manab\u00ed","description":"P\u00e1gina web de la prefectura","potentialAction":[{"@type":"SearchAction","target":{"@type":"EntryPoint","urlTemplate":"https:\/\/www.manabi.gob.ec\/?s={search_term_string}"},"query-input":{"@type":"PropertyValueSpecification","valueRequired":true,"valueName":"search_term_string"}}],"inLanguage":"es"},{"@type":"Person","@id":"https:\/\/www.manabi.gob.ec\/#\/schema\/person\/cfc71bd68fe2703b779edcc292a49722","name":"admin","image":{"@type":"ImageObject","inLanguage":"es","@id":"https:\/\/secure.gravatar.com\/avatar\/23e9f919492b0a2f65aa168e0d8c5c867ea853b61deffbadf08c7031e15b8d78?s=96&d=mm&r=g","url":"https:\/\/secure.gravatar.com\/avatar\/23e9f919492b0a2f65aa168e0d8c5c867ea853b61deffbadf08c7031e15b8d78?s=96&d=mm&r=g","contentUrl":"https:\/\/secure.gravatar.com\/avatar\/23e9f919492b0a2f65aa168e0d8c5c867ea853b61deffbadf08c7031e15b8d78?s=96&d=mm&r=g","caption":"admin"},"sameAs":["http:\/\/www.manabi.gob.ec"],"url":"https:\/\/www.manabi.gob.ec\/index.php\/author\/admin\/"}]}},"jetpack_featured_media_url":"https:\/\/www.manabi.gob.ec\/wp-content\/uploads\/2021\/07\/En-Piedra-Plata-3.jpg","_links":{"self":[{"href":"https:\/\/www.manabi.gob.ec\/index.php\/wp-json\/wp\/v2\/posts\/18203","targetHints":{"allow":["GET"]}}],"collection":[{"href":"https:\/\/www.manabi.gob.ec\/index.php\/wp-json\/wp\/v2\/posts"}],"about":[{"href":"https:\/\/www.manabi.gob.ec\/index.php\/wp-json\/wp\/v2\/types\/post"}],"author":[{"embeddable":true,"href":"https:\/\/www.manabi.gob.ec\/index.php\/wp-json\/wp\/v2\/users\/1"}],"replies":[{"embeddable":true,"href":"https:\/\/www.manabi.gob.ec\/index.php\/wp-json\/wp\/v2\/comments?post=18203"}],"version-history":[{"count":0,"href":"https:\/\/www.manabi.gob.ec\/index.php\/wp-json\/wp\/v2\/posts\/18203\/revisions"}],"wp:featuredmedia":[{"embeddable":true,"href":"https:\/\/www.manabi.gob.ec\/index.php\/wp-json\/wp\/v2\/media\/18204"}],"wp:attachment":[{"href":"https:\/\/www.manabi.gob.ec\/index.php\/wp-json\/wp\/v2\/media?parent=18203"}],"wp:term":[{"taxonomy":"category","embeddable":true,"href":"https:\/\/www.manabi.gob.ec\/index.php\/wp-json\/wp\/v2\/categories?post=18203"},{"taxonomy":"post_tag","embeddable":true,"href":"https:\/\/www.manabi.gob.ec\/index.php\/wp-json\/wp\/v2\/tags?post=18203"}],"curies":[{"name":"wp","href":"https:\/\/api.w.org\/{rel}","templated":true}]}}