{"id":19494,"date":"2022-01-25T15:13:37","date_gmt":"2022-01-25T15:13:37","guid":{"rendered":"https:\/\/www.manabi.gob.ec\/?p=19494"},"modified":"2022-01-25T15:13:41","modified_gmt":"2022-01-25T15:13:41","slug":"avanza-la-construccion-del-puente-que-comunicara-a-comunidades-de-tosagua-con-otros-tres-cantones","status":"publish","type":"post","link":"https:\/\/www.manabi.gob.ec\/index.php\/avanza-la-construccion-del-puente-que-comunicara-a-comunidades-de-tosagua-con-otros-tres-cantones\/","title":{"rendered":"Avanza la construcci\u00f3n del puente que comunicar\u00e1 a comunidades de Tosagua con otros tres cantones"},"content":{"rendered":"\n<p><strong>Los trabajos de construcci\u00f3n del puente sobre Estero Grande, en la parroquia \u00c1ngel Pedro Giler del cant\u00f3n Tosagua, registran un avance del 70%. Actualmente se trabaja en la fundici\u00f3n de las vigas.<\/strong><\/p>\n\n\n\n<p><strong>\u00abEste puente es muy importante porque en invierno era imposible pasar por aqu\u00ed, ahora vemos con mucha alegr\u00eda que la obra avanza y nos beneficiar\u00e1 a todos\u00bb, expres\u00f3 Digno Sabando, habitante de Las Guaijas.<\/strong><\/p>\n\n\n\n<p><strong>En este viaducto, de 28 metros de largo, se invierten 251.825,16 d\u00f3lares, financiados con un cr\u00e9dito del Banco de Desarrollo del Ecuador.<\/strong><\/p>\n\n\n\n<p><strong>Son varias las comunidades que se comunicaran a trav\u00e9s de este viaducto, como: Botija Adentro, Botija Afuera, Cascol, La Primavera, El Cerro, el Junco, Los Amarillos, Tres Caminos, Los Naranjos, Vargas Torres, Las Guaijas, y otras<\/strong><\/p>\n\n\n\n<p><strong>Adem\u00e1s, este puente permite a las comunidades conectarse con Tosagua y con otros tres cantones: Rocafuerte, Jun\u00edn, Bol\u00edvar.<\/strong><\/p>\n\n\n\n<p><strong>\u00abAgradezco especialmente al Prefecto (Leonardo Orlando) por esta obra que beneficia a nuestros sectores y por permitirnos tener un trabajo para poder llevar los alimentos a nuestros hogares\u00bb, manifest\u00f3 Dar\u00edo Reyes, habitante del sector y obrero de la construcci\u00f3n del puente.<\/strong><\/p>\n\n\n\n<p><strong>\u00abHemos trabajado de manera responsable contratando tambi\u00e9n mano de obra local para dinamizar la econom\u00eda de estos sectores\u00bb, explic\u00f3 Ricardo Navia, t\u00e9cnico de la empresa contratista.<\/strong><\/p>\n\n\n\n<p><\/p>\n","protected":false},"excerpt":{"rendered":"<p>Los trabajos de construcci\u00f3n del puente sobre Estero Grande, en la parroquia \u00c1ngel Pedro Giler del cant\u00f3n Tosagua, registran un avance del 70%. Actualmente se trabaja en la fundici\u00f3n de las vigas. \u00abEste puente es muy importante porque en invierno era imposible pasar por aqu\u00ed, ahora vemos con mucha alegr\u00eda que la obra avanza y [&hellip;]<\/p>\n","protected":false},"author":1,"featured_media":19495,"comment_status":"closed","ping_status":"open","sticky":false,"template":"","format":"standard","meta":{"_joinchat":[],"footnotes":""},"categories":[130,127],"tags":[],"class_list":["post-19494","post","type-post","status-publish","format-standard","has-post-thumbnail","hentry","category-tosagua","category-vialidad"],"yoast_head":"<!-- This site is optimized with the Yoast SEO plugin v27.4 - https:\/\/yoast.com\/product\/yoast-seo-wordpress\/ -->\n<title>Avanza la construcci\u00f3n del puente que comunicar\u00e1 a comunidades de Tosagua con otros tres cantones - Prefectura de Manab\u00ed<\/title>\n<meta name=\"robots\" content=\"index, follow, max-snippet:-1, max-image-preview:large, max-video-preview:-1\" \/>\n<link rel=\"canonical\" href=\"https:\/\/www.manabi.gob.ec\/index.php\/avanza-la-construccion-del-puente-que-comunicara-a-comunidades-de-tosagua-con-otros-tres-cantones\/\" \/>\n<meta property=\"og:locale\" content=\"es_ES\" \/>\n<meta property=\"og:type\" content=\"article\" \/>\n<meta property=\"og:title\" content=\"Avanza la construcci\u00f3n del puente que comunicar\u00e1 a comunidades de Tosagua con otros tres cantones - Prefectura de Manab\u00ed\" \/>\n<meta property=\"og:description\" content=\"Los trabajos de construcci\u00f3n del puente sobre Estero Grande, en la parroquia \u00c1ngel Pedro Giler del cant\u00f3n Tosagua, registran un avance del 70%. Actualmente se trabaja en la fundici\u00f3n de las vigas. \u00abEste puente es muy importante porque en invierno era imposible pasar por aqu\u00ed, ahora vemos con mucha alegr\u00eda que la obra avanza y [&hellip;]\" \/>\n<meta property=\"og:url\" content=\"https:\/\/www.manabi.gob.ec\/index.php\/avanza-la-construccion-del-puente-que-comunicara-a-comunidades-de-tosagua-con-otros-tres-cantones\/\" \/>\n<meta property=\"og:site_name\" content=\"Prefectura de Manab\u00ed\" \/>\n<meta property=\"article:published_time\" content=\"2022-01-25T15:13:37+00:00\" \/>\n<meta property=\"article:modified_time\" content=\"2022-01-25T15:13:41+00:00\" \/>\n<meta property=\"og:image\" content=\"https:\/\/www.manabi.gob.ec\/wp-content\/uploads\/2022\/01\/Picture-1-7.png\" \/>\n\t<meta property=\"og:image:width\" content=\"668\" \/>\n\t<meta property=\"og:image:height\" content=\"502\" \/>\n\t<meta property=\"og:image:type\" content=\"image\/png\" \/>\n<meta name=\"author\" content=\"admin\" \/>\n<meta name=\"twitter:card\" content=\"summary_large_image\" \/>\n<meta name=\"twitter:label1\" content=\"Escrito por\" \/>\n\t<meta name=\"twitter:data1\" content=\"admin\" \/>\n\t<meta name=\"twitter:label2\" content=\"Tiempo de lectura\" \/>\n\t<meta name=\"twitter:data2\" content=\"1 minuto\" \/>\n<script type=\"application\/ld+json\" class=\"yoast-schema-graph\">{\"@context\":\"https:\\\/\\\/schema.org\",\"@graph\":[{\"@type\":\"Article\",\"@id\":\"https:\\\/\\\/www.manabi.gob.ec\\\/index.php\\\/avanza-la-construccion-del-puente-que-comunicara-a-comunidades-de-tosagua-con-otros-tres-cantones\\\/#article\",\"isPartOf\":{\"@id\":\"https:\\\/\\\/www.manabi.gob.ec\\\/index.php\\\/avanza-la-construccion-del-puente-que-comunicara-a-comunidades-de-tosagua-con-otros-tres-cantones\\\/\"},\"author\":{\"name\":\"admin\",\"@id\":\"https:\\\/\\\/www.manabi.gob.ec\\\/#\\\/schema\\\/person\\\/cfc71bd68fe2703b779edcc292a49722\"},\"headline\":\"Avanza la construcci\u00f3n del puente que comunicar\u00e1 a comunidades de Tosagua con otros tres cantones\",\"datePublished\":\"2022-01-25T15:13:37+00:00\",\"dateModified\":\"2022-01-25T15:13:41+00:00\",\"mainEntityOfPage\":{\"@id\":\"https:\\\/\\\/www.manabi.gob.ec\\\/index.php\\\/avanza-la-construccion-del-puente-que-comunicara-a-comunidades-de-tosagua-con-otros-tres-cantones\\\/\"},\"wordCount\":237,\"image\":{\"@id\":\"https:\\\/\\\/www.manabi.gob.ec\\\/index.php\\\/avanza-la-construccion-del-puente-que-comunicara-a-comunidades-de-tosagua-con-otros-tres-cantones\\\/#primaryimage\"},\"thumbnailUrl\":\"https:\\\/\\\/www.manabi.gob.ec\\\/wp-content\\\/uploads\\\/2022\\\/01\\\/Picture-1-7.png\",\"articleSection\":[\"Tosagua\",\"Vialidad\"],\"inLanguage\":\"es\"},{\"@type\":\"WebPage\",\"@id\":\"https:\\\/\\\/www.manabi.gob.ec\\\/index.php\\\/avanza-la-construccion-del-puente-que-comunicara-a-comunidades-de-tosagua-con-otros-tres-cantones\\\/\",\"url\":\"https:\\\/\\\/www.manabi.gob.ec\\\/index.php\\\/avanza-la-construccion-del-puente-que-comunicara-a-comunidades-de-tosagua-con-otros-tres-cantones\\\/\",\"name\":\"Avanza la construcci\u00f3n del puente que comunicar\u00e1 a comunidades de Tosagua con otros tres cantones - Prefectura de Manab\u00ed\",\"isPartOf\":{\"@id\":\"https:\\\/\\\/www.manabi.gob.ec\\\/#website\"},\"primaryImageOfPage\":{\"@id\":\"https:\\\/\\\/www.manabi.gob.ec\\\/index.php\\\/avanza-la-construccion-del-puente-que-comunicara-a-comunidades-de-tosagua-con-otros-tres-cantones\\\/#primaryimage\"},\"image\":{\"@id\":\"https:\\\/\\\/www.manabi.gob.ec\\\/index.php\\\/avanza-la-construccion-del-puente-que-comunicara-a-comunidades-de-tosagua-con-otros-tres-cantones\\\/#primaryimage\"},\"thumbnailUrl\":\"https:\\\/\\\/www.manabi.gob.ec\\\/wp-content\\\/uploads\\\/2022\\\/01\\\/Picture-1-7.png\",\"datePublished\":\"2022-01-25T15:13:37+00:00\",\"dateModified\":\"2022-01-25T15:13:41+00:00\",\"author\":{\"@id\":\"https:\\\/\\\/www.manabi.gob.ec\\\/#\\\/schema\\\/person\\\/cfc71bd68fe2703b779edcc292a49722\"},\"breadcrumb\":{\"@id\":\"https:\\\/\\\/www.manabi.gob.ec\\\/index.php\\\/avanza-la-construccion-del-puente-que-comunicara-a-comunidades-de-tosagua-con-otros-tres-cantones\\\/#breadcrumb\"},\"inLanguage\":\"es\",\"potentialAction\":[{\"@type\":\"ReadAction\",\"target\":[\"https:\\\/\\\/www.manabi.gob.ec\\\/index.php\\\/avanza-la-construccion-del-puente-que-comunicara-a-comunidades-de-tosagua-con-otros-tres-cantones\\\/\"]}]},{\"@type\":\"ImageObject\",\"inLanguage\":\"es\",\"@id\":\"https:\\\/\\\/www.manabi.gob.ec\\\/index.php\\\/avanza-la-construccion-del-puente-que-comunicara-a-comunidades-de-tosagua-con-otros-tres-cantones\\\/#primaryimage\",\"url\":\"https:\\\/\\\/www.manabi.gob.ec\\\/wp-content\\\/uploads\\\/2022\\\/01\\\/Picture-1-7.png\",\"contentUrl\":\"https:\\\/\\\/www.manabi.gob.ec\\\/wp-content\\\/uploads\\\/2022\\\/01\\\/Picture-1-7.png\",\"width\":668,\"height\":502},{\"@type\":\"BreadcrumbList\",\"@id\":\"https:\\\/\\\/www.manabi.gob.ec\\\/index.php\\\/avanza-la-construccion-del-puente-que-comunicara-a-comunidades-de-tosagua-con-otros-tres-cantones\\\/#breadcrumb\",\"itemListElement\":[{\"@type\":\"ListItem\",\"position\":1,\"name\":\"Portada\",\"item\":\"https:\\\/\\\/www.manabi.gob.ec\\\/\"},{\"@type\":\"ListItem\",\"position\":2,\"name\":\"Avanza la construcci\u00f3n del puente que comunicar\u00e1 a comunidades de Tosagua con otros tres cantones\"}]},{\"@type\":\"WebSite\",\"@id\":\"https:\\\/\\\/www.manabi.gob.ec\\\/#website\",\"url\":\"https:\\\/\\\/www.manabi.gob.ec\\\/\",\"name\":\"Prefectura de Manab\u00ed\",\"description\":\"P\u00e1gina web de la prefectura\",\"potentialAction\":[{\"@type\":\"SearchAction\",\"target\":{\"@type\":\"EntryPoint\",\"urlTemplate\":\"https:\\\/\\\/www.manabi.gob.ec\\\/?s={search_term_string}\"},\"query-input\":{\"@type\":\"PropertyValueSpecification\",\"valueRequired\":true,\"valueName\":\"search_term_string\"}}],\"inLanguage\":\"es\"},{\"@type\":\"Person\",\"@id\":\"https:\\\/\\\/www.manabi.gob.ec\\\/#\\\/schema\\\/person\\\/cfc71bd68fe2703b779edcc292a49722\",\"name\":\"admin\",\"image\":{\"@type\":\"ImageObject\",\"inLanguage\":\"es\",\"@id\":\"https:\\\/\\\/secure.gravatar.com\\\/avatar\\\/23e9f919492b0a2f65aa168e0d8c5c867ea853b61deffbadf08c7031e15b8d78?s=96&d=mm&r=g\",\"url\":\"https:\\\/\\\/secure.gravatar.com\\\/avatar\\\/23e9f919492b0a2f65aa168e0d8c5c867ea853b61deffbadf08c7031e15b8d78?s=96&d=mm&r=g\",\"contentUrl\":\"https:\\\/\\\/secure.gravatar.com\\\/avatar\\\/23e9f919492b0a2f65aa168e0d8c5c867ea853b61deffbadf08c7031e15b8d78?s=96&d=mm&r=g\",\"caption\":\"admin\"},\"sameAs\":[\"http:\\\/\\\/www.manabi.gob.ec\"],\"url\":\"https:\\\/\\\/www.manabi.gob.ec\\\/index.php\\\/author\\\/admin\\\/\"}]}<\/script>\n<!-- \/ Yoast SEO plugin. -->","yoast_head_json":{"title":"Avanza la construcci\u00f3n del puente que comunicar\u00e1 a comunidades de Tosagua con otros tres cantones - Prefectura de Manab\u00ed","robots":{"index":"index","follow":"follow","max-snippet":"max-snippet:-1","max-image-preview":"max-image-preview:large","max-video-preview":"max-video-preview:-1"},"canonical":"https:\/\/www.manabi.gob.ec\/index.php\/avanza-la-construccion-del-puente-que-comunicara-a-comunidades-de-tosagua-con-otros-tres-cantones\/","og_locale":"es_ES","og_type":"article","og_title":"Avanza la construcci\u00f3n del puente que comunicar\u00e1 a comunidades de Tosagua con otros tres cantones - Prefectura de Manab\u00ed","og_description":"Los trabajos de construcci\u00f3n del puente sobre Estero Grande, en la parroquia \u00c1ngel Pedro Giler del cant\u00f3n Tosagua, registran un avance del 70%. Actualmente se trabaja en la fundici\u00f3n de las vigas. \u00abEste puente es muy importante porque en invierno era imposible pasar por aqu\u00ed, ahora vemos con mucha alegr\u00eda que la obra avanza y [&hellip;]","og_url":"https:\/\/www.manabi.gob.ec\/index.php\/avanza-la-construccion-del-puente-que-comunicara-a-comunidades-de-tosagua-con-otros-tres-cantones\/","og_site_name":"Prefectura de Manab\u00ed","article_published_time":"2022-01-25T15:13:37+00:00","article_modified_time":"2022-01-25T15:13:41+00:00","og_image":[{"width":668,"height":502,"url":"https:\/\/www.manabi.gob.ec\/wp-content\/uploads\/2022\/01\/Picture-1-7.png","type":"image\/png"}],"author":"admin","twitter_card":"summary_large_image","twitter_misc":{"Escrito por":"admin","Tiempo de lectura":"1 minuto"},"schema":{"@context":"https:\/\/schema.org","@graph":[{"@type":"Article","@id":"https:\/\/www.manabi.gob.ec\/index.php\/avanza-la-construccion-del-puente-que-comunicara-a-comunidades-de-tosagua-con-otros-tres-cantones\/#article","isPartOf":{"@id":"https:\/\/www.manabi.gob.ec\/index.php\/avanza-la-construccion-del-puente-que-comunicara-a-comunidades-de-tosagua-con-otros-tres-cantones\/"},"author":{"name":"admin","@id":"https:\/\/www.manabi.gob.ec\/#\/schema\/person\/cfc71bd68fe2703b779edcc292a49722"},"headline":"Avanza la construcci\u00f3n del puente que comunicar\u00e1 a comunidades de Tosagua con otros tres cantones","datePublished":"2022-01-25T15:13:37+00:00","dateModified":"2022-01-25T15:13:41+00:00","mainEntityOfPage":{"@id":"https:\/\/www.manabi.gob.ec\/index.php\/avanza-la-construccion-del-puente-que-comunicara-a-comunidades-de-tosagua-con-otros-tres-cantones\/"},"wordCount":237,"image":{"@id":"https:\/\/www.manabi.gob.ec\/index.php\/avanza-la-construccion-del-puente-que-comunicara-a-comunidades-de-tosagua-con-otros-tres-cantones\/#primaryimage"},"thumbnailUrl":"https:\/\/www.manabi.gob.ec\/wp-content\/uploads\/2022\/01\/Picture-1-7.png","articleSection":["Tosagua","Vialidad"],"inLanguage":"es"},{"@type":"WebPage","@id":"https:\/\/www.manabi.gob.ec\/index.php\/avanza-la-construccion-del-puente-que-comunicara-a-comunidades-de-tosagua-con-otros-tres-cantones\/","url":"https:\/\/www.manabi.gob.ec\/index.php\/avanza-la-construccion-del-puente-que-comunicara-a-comunidades-de-tosagua-con-otros-tres-cantones\/","name":"Avanza la construcci\u00f3n del puente que comunicar\u00e1 a comunidades de Tosagua con otros tres cantones - Prefectura de Manab\u00ed","isPartOf":{"@id":"https:\/\/www.manabi.gob.ec\/#website"},"primaryImageOfPage":{"@id":"https:\/\/www.manabi.gob.ec\/index.php\/avanza-la-construccion-del-puente-que-comunicara-a-comunidades-de-tosagua-con-otros-tres-cantones\/#primaryimage"},"image":{"@id":"https:\/\/www.manabi.gob.ec\/index.php\/avanza-la-construccion-del-puente-que-comunicara-a-comunidades-de-tosagua-con-otros-tres-cantones\/#primaryimage"},"thumbnailUrl":"https:\/\/www.manabi.gob.ec\/wp-content\/uploads\/2022\/01\/Picture-1-7.png","datePublished":"2022-01-25T15:13:37+00:00","dateModified":"2022-01-25T15:13:41+00:00","author":{"@id":"https:\/\/www.manabi.gob.ec\/#\/schema\/person\/cfc71bd68fe2703b779edcc292a49722"},"breadcrumb":{"@id":"https:\/\/www.manabi.gob.ec\/index.php\/avanza-la-construccion-del-puente-que-comunicara-a-comunidades-de-tosagua-con-otros-tres-cantones\/#breadcrumb"},"inLanguage":"es","potentialAction":[{"@type":"ReadAction","target":["https:\/\/www.manabi.gob.ec\/index.php\/avanza-la-construccion-del-puente-que-comunicara-a-comunidades-de-tosagua-con-otros-tres-cantones\/"]}]},{"@type":"ImageObject","inLanguage":"es","@id":"https:\/\/www.manabi.gob.ec\/index.php\/avanza-la-construccion-del-puente-que-comunicara-a-comunidades-de-tosagua-con-otros-tres-cantones\/#primaryimage","url":"https:\/\/www.manabi.gob.ec\/wp-content\/uploads\/2022\/01\/Picture-1-7.png","contentUrl":"https:\/\/www.manabi.gob.ec\/wp-content\/uploads\/2022\/01\/Picture-1-7.png","width":668,"height":502},{"@type":"BreadcrumbList","@id":"https:\/\/www.manabi.gob.ec\/index.php\/avanza-la-construccion-del-puente-que-comunicara-a-comunidades-de-tosagua-con-otros-tres-cantones\/#breadcrumb","itemListElement":[{"@type":"ListItem","position":1,"name":"Portada","item":"https:\/\/www.manabi.gob.ec\/"},{"@type":"ListItem","position":2,"name":"Avanza la construcci\u00f3n del puente que comunicar\u00e1 a comunidades de Tosagua con otros tres cantones"}]},{"@type":"WebSite","@id":"https:\/\/www.manabi.gob.ec\/#website","url":"https:\/\/www.manabi.gob.ec\/","name":"Prefectura de Manab\u00ed","description":"P\u00e1gina web de la prefectura","potentialAction":[{"@type":"SearchAction","target":{"@type":"EntryPoint","urlTemplate":"https:\/\/www.manabi.gob.ec\/?s={search_term_string}"},"query-input":{"@type":"PropertyValueSpecification","valueRequired":true,"valueName":"search_term_string"}}],"inLanguage":"es"},{"@type":"Person","@id":"https:\/\/www.manabi.gob.ec\/#\/schema\/person\/cfc71bd68fe2703b779edcc292a49722","name":"admin","image":{"@type":"ImageObject","inLanguage":"es","@id":"https:\/\/secure.gravatar.com\/avatar\/23e9f919492b0a2f65aa168e0d8c5c867ea853b61deffbadf08c7031e15b8d78?s=96&d=mm&r=g","url":"https:\/\/secure.gravatar.com\/avatar\/23e9f919492b0a2f65aa168e0d8c5c867ea853b61deffbadf08c7031e15b8d78?s=96&d=mm&r=g","contentUrl":"https:\/\/secure.gravatar.com\/avatar\/23e9f919492b0a2f65aa168e0d8c5c867ea853b61deffbadf08c7031e15b8d78?s=96&d=mm&r=g","caption":"admin"},"sameAs":["http:\/\/www.manabi.gob.ec"],"url":"https:\/\/www.manabi.gob.ec\/index.php\/author\/admin\/"}]}},"jetpack_featured_media_url":"https:\/\/www.manabi.gob.ec\/wp-content\/uploads\/2022\/01\/Picture-1-7.png","_links":{"self":[{"href":"https:\/\/www.manabi.gob.ec\/index.php\/wp-json\/wp\/v2\/posts\/19494","targetHints":{"allow":["GET"]}}],"collection":[{"href":"https:\/\/www.manabi.gob.ec\/index.php\/wp-json\/wp\/v2\/posts"}],"about":[{"href":"https:\/\/www.manabi.gob.ec\/index.php\/wp-json\/wp\/v2\/types\/post"}],"author":[{"embeddable":true,"href":"https:\/\/www.manabi.gob.ec\/index.php\/wp-json\/wp\/v2\/users\/1"}],"replies":[{"embeddable":true,"href":"https:\/\/www.manabi.gob.ec\/index.php\/wp-json\/wp\/v2\/comments?post=19494"}],"version-history":[{"count":0,"href":"https:\/\/www.manabi.gob.ec\/index.php\/wp-json\/wp\/v2\/posts\/19494\/revisions"}],"wp:featuredmedia":[{"embeddable":true,"href":"https:\/\/www.manabi.gob.ec\/index.php\/wp-json\/wp\/v2\/media\/19495"}],"wp:attachment":[{"href":"https:\/\/www.manabi.gob.ec\/index.php\/wp-json\/wp\/v2\/media?parent=19494"}],"wp:term":[{"taxonomy":"category","embeddable":true,"href":"https:\/\/www.manabi.gob.ec\/index.php\/wp-json\/wp\/v2\/categories?post=19494"},{"taxonomy":"post_tag","embeddable":true,"href":"https:\/\/www.manabi.gob.ec\/index.php\/wp-json\/wp\/v2\/tags?post=19494"}],"curies":[{"name":"wp","href":"https:\/\/api.w.org\/{rel}","templated":true}]}}