{"id":19500,"date":"2022-01-25T15:24:20","date_gmt":"2022-01-25T15:24:20","guid":{"rendered":"https:\/\/www.manabi.gob.ec\/?p=19500"},"modified":"2022-01-25T15:24:25","modified_gmt":"2022-01-25T15:24:25","slug":"la-reconstruccion-del-puente-toni-el-suizo-es-considerada-una-bendicion-para-las-comunidades-rurales-del-canton-pajan","status":"publish","type":"post","link":"https:\/\/www.manabi.gob.ec\/index.php\/la-reconstruccion-del-puente-toni-el-suizo-es-considerada-una-bendicion-para-las-comunidades-rurales-del-canton-pajan\/","title":{"rendered":"La reconstrucci\u00f3n del puente \u201cToni El Suizo\u201d es considerada \u201cuna bendici\u00f3n\u201d para las comunidades rurales del cant\u00f3n Paj\u00e1n"},"content":{"rendered":"\n<p><strong>8 comunidades rurales del cant\u00f3n Paj\u00e1n se benefician de la reconstrucci\u00f3n del puente peatonal elevado sobre el rio Resbal\u00f3n. Una obra que se hizo realidad en base al convenio que mantiene la Prefectura de Manab\u00ed con el equipo de trabajo de Toni el Suizo, con apoyo del GAD parroquial de Campozano y la propia comunidad.<\/strong><\/p>\n\n\n\n<p><strong>M\u00e1s de dos mil personas se ven favorecidas de este trabajo conjunto; alrededor de 700 son afiliados del Seguro Social Campesino que reciben atenci\u00f3n en el dispensario m\u00e9dico del IESS de este sector. La v\u00eda sobre la cual est\u00e1 ubicado el viaducto conduce hacia El Aj\u00ed, y tambi\u00e9n tiene conexi\u00f3n con Las Ag\u00fcitas, Nueva Esperanza, El Corozo, Las Guabas, El Rosario, Las Casitas, y Las Comunas.&nbsp;<\/strong><\/p>\n\n\n\n<p><strong>Esta obra favorece tanto la producci\u00f3n cuanto el transporte de productos propios de la zona, como caf\u00e9, ma\u00edz, arroz, yuca, pl\u00e1tano, papaya, naranja, achiote, entre otros. Adem\u00e1s, brinda mejores condiciones para el traslado de estudiantes, personas con problemas de salud, y comunidad en general.<\/strong><\/p>\n\n\n\n<p><strong>\u201cEsto es una bendici\u00f3n que nos sirve para todos, especialmente a mi mamita que es una persona de 90 a\u00f1os. Ella, gracias a Dios, todav\u00eda camina, pero aqu\u00ed nos tocaba pasarla al hombro porque era muy dif\u00edcil la pasada del r\u00edo\u201d, manifest\u00f3 Nora Merch\u00e1n.<\/strong><\/p>\n\n\n\n<p><strong>Margarita \u00c1vila, otra moradora del sector, se\u00f1al\u00f3 que el antiguo puente no prestaba las condiciones para el traslado seguro de las personas, ya que hab\u00eda quedado muy bajo y se llen\u00f3 de arena. \u201cEn invierno la creciente pasaba por encima del puente y ya no nos serv\u00eda. Ten\u00edamos que esperar horas y horas para que baje el caudal del r\u00edo, mientras qued\u00e1bamos incomunicados. Ahora nos sentimos contentos por la reconstrucci\u00f3n, porque esto nos va a cambiar la vida en mucho, para paliar un poco la inclemencia del invierno\u201d, expres\u00f3.<\/strong><\/p>\n\n\n\n<p><strong>El puente tiene 28.55 metros de largo y fue construido por primera vez hace m\u00e1s de 15 a\u00f1os (4 de diciembre de 2006). Las comunidades beneficiarias de esta obra se organizaron y realizaron un acto festivo el pasado 6 de enero, en el cual resolvieron ponerle por nombre \u201cToni el Suizo\u201d.<\/strong><\/p>\n","protected":false},"excerpt":{"rendered":"<p>8 comunidades rurales del cant\u00f3n Paj\u00e1n se benefician de la reconstrucci\u00f3n del puente peatonal elevado sobre el rio Resbal\u00f3n. Una obra que se hizo realidad en base al convenio que mantiene la Prefectura de Manab\u00ed con el equipo de trabajo de Toni el Suizo, con apoyo del GAD parroquial de Campozano y la propia comunidad. [&hellip;]<\/p>\n","protected":false},"author":1,"featured_media":19501,"comment_status":"closed","ping_status":"open","sticky":false,"template":"","format":"standard","meta":{"_joinchat":[],"footnotes":""},"categories":[126,127],"tags":[],"class_list":["post-19500","post","type-post","status-publish","format-standard","has-post-thumbnail","hentry","category-pajan","category-vialidad"],"yoast_head":"<!-- This site is optimized with the Yoast SEO plugin v27.4 - https:\/\/yoast.com\/product\/yoast-seo-wordpress\/ -->\n<title>La reconstrucci\u00f3n del puente \u201cToni El Suizo\u201d es considerada \u201cuna bendici\u00f3n\u201d para las comunidades rurales del cant\u00f3n Paj\u00e1n - Prefectura de Manab\u00ed<\/title>\n<meta name=\"robots\" content=\"index, follow, max-snippet:-1, max-image-preview:large, max-video-preview:-1\" \/>\n<link rel=\"canonical\" href=\"https:\/\/www.manabi.gob.ec\/index.php\/la-reconstruccion-del-puente-toni-el-suizo-es-considerada-una-bendicion-para-las-comunidades-rurales-del-canton-pajan\/\" \/>\n<meta property=\"og:locale\" content=\"es_ES\" \/>\n<meta property=\"og:type\" content=\"article\" \/>\n<meta property=\"og:title\" content=\"La reconstrucci\u00f3n del puente \u201cToni El Suizo\u201d es considerada \u201cuna bendici\u00f3n\u201d para las comunidades rurales del cant\u00f3n Paj\u00e1n - Prefectura de Manab\u00ed\" \/>\n<meta property=\"og:description\" content=\"8 comunidades rurales del cant\u00f3n Paj\u00e1n se benefician de la reconstrucci\u00f3n del puente peatonal elevado sobre el rio Resbal\u00f3n. Una obra que se hizo realidad en base al convenio que mantiene la Prefectura de Manab\u00ed con el equipo de trabajo de Toni el Suizo, con apoyo del GAD parroquial de Campozano y la propia comunidad. [&hellip;]\" \/>\n<meta property=\"og:url\" content=\"https:\/\/www.manabi.gob.ec\/index.php\/la-reconstruccion-del-puente-toni-el-suizo-es-considerada-una-bendicion-para-las-comunidades-rurales-del-canton-pajan\/\" \/>\n<meta property=\"og:site_name\" content=\"Prefectura de Manab\u00ed\" \/>\n<meta property=\"article:published_time\" content=\"2022-01-25T15:24:20+00:00\" \/>\n<meta property=\"article:modified_time\" content=\"2022-01-25T15:24:25+00:00\" \/>\n<meta property=\"og:image\" content=\"https:\/\/www.manabi.gob.ec\/wp-content\/uploads\/2022\/01\/Picture-1-9.png\" \/>\n\t<meta property=\"og:image:width\" content=\"941\" \/>\n\t<meta property=\"og:image:height\" content=\"581\" \/>\n\t<meta property=\"og:image:type\" content=\"image\/png\" \/>\n<meta name=\"author\" content=\"admin\" \/>\n<meta name=\"twitter:card\" content=\"summary_large_image\" \/>\n<meta name=\"twitter:label1\" content=\"Escrito por\" \/>\n\t<meta name=\"twitter:data1\" content=\"admin\" \/>\n\t<meta name=\"twitter:label2\" content=\"Tiempo de lectura\" \/>\n\t<meta name=\"twitter:data2\" content=\"2 minutos\" \/>\n<script type=\"application\/ld+json\" class=\"yoast-schema-graph\">{\"@context\":\"https:\\\/\\\/schema.org\",\"@graph\":[{\"@type\":\"Article\",\"@id\":\"https:\\\/\\\/www.manabi.gob.ec\\\/index.php\\\/la-reconstruccion-del-puente-toni-el-suizo-es-considerada-una-bendicion-para-las-comunidades-rurales-del-canton-pajan\\\/#article\",\"isPartOf\":{\"@id\":\"https:\\\/\\\/www.manabi.gob.ec\\\/index.php\\\/la-reconstruccion-del-puente-toni-el-suizo-es-considerada-una-bendicion-para-las-comunidades-rurales-del-canton-pajan\\\/\"},\"author\":{\"name\":\"admin\",\"@id\":\"https:\\\/\\\/www.manabi.gob.ec\\\/#\\\/schema\\\/person\\\/cfc71bd68fe2703b779edcc292a49722\"},\"headline\":\"La reconstrucci\u00f3n del puente \u201cToni El Suizo\u201d es considerada \u201cuna bendici\u00f3n\u201d para las comunidades rurales del cant\u00f3n Paj\u00e1n\",\"datePublished\":\"2022-01-25T15:24:20+00:00\",\"dateModified\":\"2022-01-25T15:24:25+00:00\",\"mainEntityOfPage\":{\"@id\":\"https:\\\/\\\/www.manabi.gob.ec\\\/index.php\\\/la-reconstruccion-del-puente-toni-el-suizo-es-considerada-una-bendicion-para-las-comunidades-rurales-del-canton-pajan\\\/\"},\"wordCount\":394,\"image\":{\"@id\":\"https:\\\/\\\/www.manabi.gob.ec\\\/index.php\\\/la-reconstruccion-del-puente-toni-el-suizo-es-considerada-una-bendicion-para-las-comunidades-rurales-del-canton-pajan\\\/#primaryimage\"},\"thumbnailUrl\":\"https:\\\/\\\/www.manabi.gob.ec\\\/wp-content\\\/uploads\\\/2022\\\/01\\\/Picture-1-9.png\",\"articleSection\":[\"Paj\u00e1n\",\"Vialidad\"],\"inLanguage\":\"es\"},{\"@type\":\"WebPage\",\"@id\":\"https:\\\/\\\/www.manabi.gob.ec\\\/index.php\\\/la-reconstruccion-del-puente-toni-el-suizo-es-considerada-una-bendicion-para-las-comunidades-rurales-del-canton-pajan\\\/\",\"url\":\"https:\\\/\\\/www.manabi.gob.ec\\\/index.php\\\/la-reconstruccion-del-puente-toni-el-suizo-es-considerada-una-bendicion-para-las-comunidades-rurales-del-canton-pajan\\\/\",\"name\":\"La reconstrucci\u00f3n del puente \u201cToni El Suizo\u201d es considerada \u201cuna bendici\u00f3n\u201d para las comunidades rurales del cant\u00f3n Paj\u00e1n - Prefectura de Manab\u00ed\",\"isPartOf\":{\"@id\":\"https:\\\/\\\/www.manabi.gob.ec\\\/#website\"},\"primaryImageOfPage\":{\"@id\":\"https:\\\/\\\/www.manabi.gob.ec\\\/index.php\\\/la-reconstruccion-del-puente-toni-el-suizo-es-considerada-una-bendicion-para-las-comunidades-rurales-del-canton-pajan\\\/#primaryimage\"},\"image\":{\"@id\":\"https:\\\/\\\/www.manabi.gob.ec\\\/index.php\\\/la-reconstruccion-del-puente-toni-el-suizo-es-considerada-una-bendicion-para-las-comunidades-rurales-del-canton-pajan\\\/#primaryimage\"},\"thumbnailUrl\":\"https:\\\/\\\/www.manabi.gob.ec\\\/wp-content\\\/uploads\\\/2022\\\/01\\\/Picture-1-9.png\",\"datePublished\":\"2022-01-25T15:24:20+00:00\",\"dateModified\":\"2022-01-25T15:24:25+00:00\",\"author\":{\"@id\":\"https:\\\/\\\/www.manabi.gob.ec\\\/#\\\/schema\\\/person\\\/cfc71bd68fe2703b779edcc292a49722\"},\"breadcrumb\":{\"@id\":\"https:\\\/\\\/www.manabi.gob.ec\\\/index.php\\\/la-reconstruccion-del-puente-toni-el-suizo-es-considerada-una-bendicion-para-las-comunidades-rurales-del-canton-pajan\\\/#breadcrumb\"},\"inLanguage\":\"es\",\"potentialAction\":[{\"@type\":\"ReadAction\",\"target\":[\"https:\\\/\\\/www.manabi.gob.ec\\\/index.php\\\/la-reconstruccion-del-puente-toni-el-suizo-es-considerada-una-bendicion-para-las-comunidades-rurales-del-canton-pajan\\\/\"]}]},{\"@type\":\"ImageObject\",\"inLanguage\":\"es\",\"@id\":\"https:\\\/\\\/www.manabi.gob.ec\\\/index.php\\\/la-reconstruccion-del-puente-toni-el-suizo-es-considerada-una-bendicion-para-las-comunidades-rurales-del-canton-pajan\\\/#primaryimage\",\"url\":\"https:\\\/\\\/www.manabi.gob.ec\\\/wp-content\\\/uploads\\\/2022\\\/01\\\/Picture-1-9.png\",\"contentUrl\":\"https:\\\/\\\/www.manabi.gob.ec\\\/wp-content\\\/uploads\\\/2022\\\/01\\\/Picture-1-9.png\",\"width\":941,\"height\":581},{\"@type\":\"BreadcrumbList\",\"@id\":\"https:\\\/\\\/www.manabi.gob.ec\\\/index.php\\\/la-reconstruccion-del-puente-toni-el-suizo-es-considerada-una-bendicion-para-las-comunidades-rurales-del-canton-pajan\\\/#breadcrumb\",\"itemListElement\":[{\"@type\":\"ListItem\",\"position\":1,\"name\":\"Portada\",\"item\":\"https:\\\/\\\/www.manabi.gob.ec\\\/\"},{\"@type\":\"ListItem\",\"position\":2,\"name\":\"La reconstrucci\u00f3n del puente \u201cToni El Suizo\u201d es considerada \u201cuna bendici\u00f3n\u201d para las comunidades rurales del cant\u00f3n Paj\u00e1n\"}]},{\"@type\":\"WebSite\",\"@id\":\"https:\\\/\\\/www.manabi.gob.ec\\\/#website\",\"url\":\"https:\\\/\\\/www.manabi.gob.ec\\\/\",\"name\":\"Prefectura de Manab\u00ed\",\"description\":\"P\u00e1gina web de la prefectura\",\"potentialAction\":[{\"@type\":\"SearchAction\",\"target\":{\"@type\":\"EntryPoint\",\"urlTemplate\":\"https:\\\/\\\/www.manabi.gob.ec\\\/?s={search_term_string}\"},\"query-input\":{\"@type\":\"PropertyValueSpecification\",\"valueRequired\":true,\"valueName\":\"search_term_string\"}}],\"inLanguage\":\"es\"},{\"@type\":\"Person\",\"@id\":\"https:\\\/\\\/www.manabi.gob.ec\\\/#\\\/schema\\\/person\\\/cfc71bd68fe2703b779edcc292a49722\",\"name\":\"admin\",\"image\":{\"@type\":\"ImageObject\",\"inLanguage\":\"es\",\"@id\":\"https:\\\/\\\/secure.gravatar.com\\\/avatar\\\/23e9f919492b0a2f65aa168e0d8c5c867ea853b61deffbadf08c7031e15b8d78?s=96&d=mm&r=g\",\"url\":\"https:\\\/\\\/secure.gravatar.com\\\/avatar\\\/23e9f919492b0a2f65aa168e0d8c5c867ea853b61deffbadf08c7031e15b8d78?s=96&d=mm&r=g\",\"contentUrl\":\"https:\\\/\\\/secure.gravatar.com\\\/avatar\\\/23e9f919492b0a2f65aa168e0d8c5c867ea853b61deffbadf08c7031e15b8d78?s=96&d=mm&r=g\",\"caption\":\"admin\"},\"sameAs\":[\"http:\\\/\\\/www.manabi.gob.ec\"],\"url\":\"https:\\\/\\\/www.manabi.gob.ec\\\/index.php\\\/author\\\/admin\\\/\"}]}<\/script>\n<!-- \/ Yoast SEO plugin. -->","yoast_head_json":{"title":"La reconstrucci\u00f3n del puente \u201cToni El Suizo\u201d es considerada \u201cuna bendici\u00f3n\u201d para las comunidades rurales del cant\u00f3n Paj\u00e1n - Prefectura de Manab\u00ed","robots":{"index":"index","follow":"follow","max-snippet":"max-snippet:-1","max-image-preview":"max-image-preview:large","max-video-preview":"max-video-preview:-1"},"canonical":"https:\/\/www.manabi.gob.ec\/index.php\/la-reconstruccion-del-puente-toni-el-suizo-es-considerada-una-bendicion-para-las-comunidades-rurales-del-canton-pajan\/","og_locale":"es_ES","og_type":"article","og_title":"La reconstrucci\u00f3n del puente \u201cToni El Suizo\u201d es considerada \u201cuna bendici\u00f3n\u201d para las comunidades rurales del cant\u00f3n Paj\u00e1n - Prefectura de Manab\u00ed","og_description":"8 comunidades rurales del cant\u00f3n Paj\u00e1n se benefician de la reconstrucci\u00f3n del puente peatonal elevado sobre el rio Resbal\u00f3n. Una obra que se hizo realidad en base al convenio que mantiene la Prefectura de Manab\u00ed con el equipo de trabajo de Toni el Suizo, con apoyo del GAD parroquial de Campozano y la propia comunidad. [&hellip;]","og_url":"https:\/\/www.manabi.gob.ec\/index.php\/la-reconstruccion-del-puente-toni-el-suizo-es-considerada-una-bendicion-para-las-comunidades-rurales-del-canton-pajan\/","og_site_name":"Prefectura de Manab\u00ed","article_published_time":"2022-01-25T15:24:20+00:00","article_modified_time":"2022-01-25T15:24:25+00:00","og_image":[{"width":941,"height":581,"url":"https:\/\/www.manabi.gob.ec\/wp-content\/uploads\/2022\/01\/Picture-1-9.png","type":"image\/png"}],"author":"admin","twitter_card":"summary_large_image","twitter_misc":{"Escrito por":"admin","Tiempo de lectura":"2 minutos"},"schema":{"@context":"https:\/\/schema.org","@graph":[{"@type":"Article","@id":"https:\/\/www.manabi.gob.ec\/index.php\/la-reconstruccion-del-puente-toni-el-suizo-es-considerada-una-bendicion-para-las-comunidades-rurales-del-canton-pajan\/#article","isPartOf":{"@id":"https:\/\/www.manabi.gob.ec\/index.php\/la-reconstruccion-del-puente-toni-el-suizo-es-considerada-una-bendicion-para-las-comunidades-rurales-del-canton-pajan\/"},"author":{"name":"admin","@id":"https:\/\/www.manabi.gob.ec\/#\/schema\/person\/cfc71bd68fe2703b779edcc292a49722"},"headline":"La reconstrucci\u00f3n del puente \u201cToni El Suizo\u201d es considerada \u201cuna bendici\u00f3n\u201d para las comunidades rurales del cant\u00f3n Paj\u00e1n","datePublished":"2022-01-25T15:24:20+00:00","dateModified":"2022-01-25T15:24:25+00:00","mainEntityOfPage":{"@id":"https:\/\/www.manabi.gob.ec\/index.php\/la-reconstruccion-del-puente-toni-el-suizo-es-considerada-una-bendicion-para-las-comunidades-rurales-del-canton-pajan\/"},"wordCount":394,"image":{"@id":"https:\/\/www.manabi.gob.ec\/index.php\/la-reconstruccion-del-puente-toni-el-suizo-es-considerada-una-bendicion-para-las-comunidades-rurales-del-canton-pajan\/#primaryimage"},"thumbnailUrl":"https:\/\/www.manabi.gob.ec\/wp-content\/uploads\/2022\/01\/Picture-1-9.png","articleSection":["Paj\u00e1n","Vialidad"],"inLanguage":"es"},{"@type":"WebPage","@id":"https:\/\/www.manabi.gob.ec\/index.php\/la-reconstruccion-del-puente-toni-el-suizo-es-considerada-una-bendicion-para-las-comunidades-rurales-del-canton-pajan\/","url":"https:\/\/www.manabi.gob.ec\/index.php\/la-reconstruccion-del-puente-toni-el-suizo-es-considerada-una-bendicion-para-las-comunidades-rurales-del-canton-pajan\/","name":"La reconstrucci\u00f3n del puente \u201cToni El Suizo\u201d es considerada \u201cuna bendici\u00f3n\u201d para las comunidades rurales del cant\u00f3n Paj\u00e1n - Prefectura de Manab\u00ed","isPartOf":{"@id":"https:\/\/www.manabi.gob.ec\/#website"},"primaryImageOfPage":{"@id":"https:\/\/www.manabi.gob.ec\/index.php\/la-reconstruccion-del-puente-toni-el-suizo-es-considerada-una-bendicion-para-las-comunidades-rurales-del-canton-pajan\/#primaryimage"},"image":{"@id":"https:\/\/www.manabi.gob.ec\/index.php\/la-reconstruccion-del-puente-toni-el-suizo-es-considerada-una-bendicion-para-las-comunidades-rurales-del-canton-pajan\/#primaryimage"},"thumbnailUrl":"https:\/\/www.manabi.gob.ec\/wp-content\/uploads\/2022\/01\/Picture-1-9.png","datePublished":"2022-01-25T15:24:20+00:00","dateModified":"2022-01-25T15:24:25+00:00","author":{"@id":"https:\/\/www.manabi.gob.ec\/#\/schema\/person\/cfc71bd68fe2703b779edcc292a49722"},"breadcrumb":{"@id":"https:\/\/www.manabi.gob.ec\/index.php\/la-reconstruccion-del-puente-toni-el-suizo-es-considerada-una-bendicion-para-las-comunidades-rurales-del-canton-pajan\/#breadcrumb"},"inLanguage":"es","potentialAction":[{"@type":"ReadAction","target":["https:\/\/www.manabi.gob.ec\/index.php\/la-reconstruccion-del-puente-toni-el-suizo-es-considerada-una-bendicion-para-las-comunidades-rurales-del-canton-pajan\/"]}]},{"@type":"ImageObject","inLanguage":"es","@id":"https:\/\/www.manabi.gob.ec\/index.php\/la-reconstruccion-del-puente-toni-el-suizo-es-considerada-una-bendicion-para-las-comunidades-rurales-del-canton-pajan\/#primaryimage","url":"https:\/\/www.manabi.gob.ec\/wp-content\/uploads\/2022\/01\/Picture-1-9.png","contentUrl":"https:\/\/www.manabi.gob.ec\/wp-content\/uploads\/2022\/01\/Picture-1-9.png","width":941,"height":581},{"@type":"BreadcrumbList","@id":"https:\/\/www.manabi.gob.ec\/index.php\/la-reconstruccion-del-puente-toni-el-suizo-es-considerada-una-bendicion-para-las-comunidades-rurales-del-canton-pajan\/#breadcrumb","itemListElement":[{"@type":"ListItem","position":1,"name":"Portada","item":"https:\/\/www.manabi.gob.ec\/"},{"@type":"ListItem","position":2,"name":"La reconstrucci\u00f3n del puente \u201cToni El Suizo\u201d es considerada \u201cuna bendici\u00f3n\u201d para las comunidades rurales del cant\u00f3n Paj\u00e1n"}]},{"@type":"WebSite","@id":"https:\/\/www.manabi.gob.ec\/#website","url":"https:\/\/www.manabi.gob.ec\/","name":"Prefectura de Manab\u00ed","description":"P\u00e1gina web de la prefectura","potentialAction":[{"@type":"SearchAction","target":{"@type":"EntryPoint","urlTemplate":"https:\/\/www.manabi.gob.ec\/?s={search_term_string}"},"query-input":{"@type":"PropertyValueSpecification","valueRequired":true,"valueName":"search_term_string"}}],"inLanguage":"es"},{"@type":"Person","@id":"https:\/\/www.manabi.gob.ec\/#\/schema\/person\/cfc71bd68fe2703b779edcc292a49722","name":"admin","image":{"@type":"ImageObject","inLanguage":"es","@id":"https:\/\/secure.gravatar.com\/avatar\/23e9f919492b0a2f65aa168e0d8c5c867ea853b61deffbadf08c7031e15b8d78?s=96&d=mm&r=g","url":"https:\/\/secure.gravatar.com\/avatar\/23e9f919492b0a2f65aa168e0d8c5c867ea853b61deffbadf08c7031e15b8d78?s=96&d=mm&r=g","contentUrl":"https:\/\/secure.gravatar.com\/avatar\/23e9f919492b0a2f65aa168e0d8c5c867ea853b61deffbadf08c7031e15b8d78?s=96&d=mm&r=g","caption":"admin"},"sameAs":["http:\/\/www.manabi.gob.ec"],"url":"https:\/\/www.manabi.gob.ec\/index.php\/author\/admin\/"}]}},"jetpack_featured_media_url":"https:\/\/www.manabi.gob.ec\/wp-content\/uploads\/2022\/01\/Picture-1-9.png","_links":{"self":[{"href":"https:\/\/www.manabi.gob.ec\/index.php\/wp-json\/wp\/v2\/posts\/19500","targetHints":{"allow":["GET"]}}],"collection":[{"href":"https:\/\/www.manabi.gob.ec\/index.php\/wp-json\/wp\/v2\/posts"}],"about":[{"href":"https:\/\/www.manabi.gob.ec\/index.php\/wp-json\/wp\/v2\/types\/post"}],"author":[{"embeddable":true,"href":"https:\/\/www.manabi.gob.ec\/index.php\/wp-json\/wp\/v2\/users\/1"}],"replies":[{"embeddable":true,"href":"https:\/\/www.manabi.gob.ec\/index.php\/wp-json\/wp\/v2\/comments?post=19500"}],"version-history":[{"count":0,"href":"https:\/\/www.manabi.gob.ec\/index.php\/wp-json\/wp\/v2\/posts\/19500\/revisions"}],"wp:featuredmedia":[{"embeddable":true,"href":"https:\/\/www.manabi.gob.ec\/index.php\/wp-json\/wp\/v2\/media\/19501"}],"wp:attachment":[{"href":"https:\/\/www.manabi.gob.ec\/index.php\/wp-json\/wp\/v2\/media?parent=19500"}],"wp:term":[{"taxonomy":"category","embeddable":true,"href":"https:\/\/www.manabi.gob.ec\/index.php\/wp-json\/wp\/v2\/categories?post=19500"},{"taxonomy":"post_tag","embeddable":true,"href":"https:\/\/www.manabi.gob.ec\/index.php\/wp-json\/wp\/v2\/tags?post=19500"}],"curies":[{"name":"wp","href":"https:\/\/api.w.org\/{rel}","templated":true}]}}