{"id":19527,"date":"2022-01-25T15:55:26","date_gmt":"2022-01-25T15:55:26","guid":{"rendered":"https:\/\/www.manabi.gob.ec\/?p=19527"},"modified":"2022-01-25T15:55:31","modified_gmt":"2022-01-25T15:55:31","slug":"alegria-entre-residentes-de-la-boca-de-crucita-por-la-llegada-del-asfalto","status":"publish","type":"post","link":"https:\/\/www.manabi.gob.ec\/index.php\/alegria-entre-residentes-de-la-boca-de-crucita-por-la-llegada-del-asfalto\/","title":{"rendered":"Alegr\u00eda entre residentes de La Boca de Crucita por la llegada del asfalto"},"content":{"rendered":"\n<p><strong>Felicidad es lo que se observa entre los moradores de la parroquia Crucita de Portoviejo por el avance que registra la v\u00eda Los Arenales \u2013 Los Ranchos \u2013 Las Gilces \u2013 La Boca, que est\u00e1 siendo reconstruida por el Gobierno Provincial de Manab\u00ed.&nbsp;<\/strong><\/p>\n\n\n\n<p><strong>\u201cHab\u00edamos cre\u00eddo que esto era una utop\u00eda, pero hay cosas que uno sue\u00f1a y se hacen reales\u201d, manifest\u00f3 Jorge Palomeque, jubilado oriundo de la provincia de Azuay que reside en Las Gilces desde hace cinco a\u00f1os.<\/strong><\/p>\n\n\n\n<p><strong>\u201cDesde que comenzaron los trabajos he estado pendiente, porque esto es un progreso para el pa\u00eds. Estas cosas buenas hay que difundirlas\u201d, expres\u00f3.<\/strong><\/p>\n\n\n\n<p><strong>Avances<\/strong><\/p>\n\n\n\n<p><strong>La ampliaci\u00f3n y reconstrucci\u00f3n de esta v\u00eda tiene 85 por ciento de avance, inform\u00f3 Marlon L\u00f3pez, superintendente de obra. 5.8 kil\u00f3metros de los 7.2 km de esta arteria vial ya cuentan con carpeta asf\u00e1ltica de 2 pulgadas, y este lunes 17 de enero se coloc\u00f3 carpeta de rodadura asf\u00e1ltica en una franja de aproximadamente 700 metros, sobre el carril de salida desde La Boca.<\/strong><\/p>\n\n\n\n<p><strong>La obra est\u00e1 a cargo del Consorcio Los Ranchos, por un monto de 1.8 millones de d\u00f3lares. La v\u00eda tiene un ancho promedio de 8 metros e incluye ciclov\u00eda en los \u00faltimos 3 kil\u00f3metros.<\/strong><\/p>\n","protected":false},"excerpt":{"rendered":"<p>Felicidad es lo que se observa entre los moradores de la parroquia Crucita de Portoviejo por el avance que registra la v\u00eda Los Arenales \u2013 Los Ranchos \u2013 Las Gilces \u2013 La Boca, que est\u00e1 siendo reconstruida por el Gobierno Provincial de Manab\u00ed.&nbsp; \u201cHab\u00edamos cre\u00eddo que esto era una utop\u00eda, pero hay cosas que uno [&hellip;]<\/p>\n","protected":false},"author":1,"featured_media":19528,"comment_status":"closed","ping_status":"open","sticky":false,"template":"","format":"standard","meta":{"_joinchat":[],"footnotes":""},"categories":[132,127],"tags":[],"class_list":["post-19527","post","type-post","status-publish","format-standard","has-post-thumbnail","hentry","category-portoviejo","category-vialidad"],"yoast_head":"<!-- This site is optimized with the Yoast SEO plugin v27.4 - https:\/\/yoast.com\/product\/yoast-seo-wordpress\/ -->\n<title>Alegr\u00eda entre residentes de La Boca de Crucita por la llegada del asfalto - Prefectura de Manab\u00ed<\/title>\n<meta name=\"robots\" content=\"index, follow, max-snippet:-1, max-image-preview:large, max-video-preview:-1\" \/>\n<link rel=\"canonical\" href=\"https:\/\/www.manabi.gob.ec\/index.php\/alegria-entre-residentes-de-la-boca-de-crucita-por-la-llegada-del-asfalto\/\" \/>\n<meta property=\"og:locale\" content=\"es_ES\" \/>\n<meta property=\"og:type\" content=\"article\" \/>\n<meta property=\"og:title\" content=\"Alegr\u00eda entre residentes de La Boca de Crucita por la llegada del asfalto - Prefectura de Manab\u00ed\" \/>\n<meta property=\"og:description\" content=\"Felicidad es lo que se observa entre los moradores de la parroquia Crucita de Portoviejo por el avance que registra la v\u00eda Los Arenales \u2013 Los Ranchos \u2013 Las Gilces \u2013 La Boca, que est\u00e1 siendo reconstruida por el Gobierno Provincial de Manab\u00ed.&nbsp; \u201cHab\u00edamos cre\u00eddo que esto era una utop\u00eda, pero hay cosas que uno [&hellip;]\" \/>\n<meta property=\"og:url\" content=\"https:\/\/www.manabi.gob.ec\/index.php\/alegria-entre-residentes-de-la-boca-de-crucita-por-la-llegada-del-asfalto\/\" \/>\n<meta property=\"og:site_name\" content=\"Prefectura de Manab\u00ed\" \/>\n<meta property=\"article:published_time\" content=\"2022-01-25T15:55:26+00:00\" \/>\n<meta property=\"article:modified_time\" content=\"2022-01-25T15:55:31+00:00\" \/>\n<meta property=\"og:image\" content=\"https:\/\/www.manabi.gob.ec\/wp-content\/uploads\/2022\/01\/Picture-1-18.png\" \/>\n\t<meta property=\"og:image:width\" content=\"941\" \/>\n\t<meta property=\"og:image:height\" content=\"706\" \/>\n\t<meta property=\"og:image:type\" content=\"image\/png\" \/>\n<meta name=\"author\" content=\"admin\" \/>\n<meta name=\"twitter:card\" content=\"summary_large_image\" \/>\n<meta name=\"twitter:label1\" content=\"Escrito por\" \/>\n\t<meta name=\"twitter:data1\" content=\"admin\" \/>\n\t<meta name=\"twitter:label2\" content=\"Tiempo de lectura\" \/>\n\t<meta name=\"twitter:data2\" content=\"1 minuto\" \/>\n<script type=\"application\/ld+json\" class=\"yoast-schema-graph\">{\"@context\":\"https:\\\/\\\/schema.org\",\"@graph\":[{\"@type\":\"Article\",\"@id\":\"https:\\\/\\\/www.manabi.gob.ec\\\/index.php\\\/alegria-entre-residentes-de-la-boca-de-crucita-por-la-llegada-del-asfalto\\\/#article\",\"isPartOf\":{\"@id\":\"https:\\\/\\\/www.manabi.gob.ec\\\/index.php\\\/alegria-entre-residentes-de-la-boca-de-crucita-por-la-llegada-del-asfalto\\\/\"},\"author\":{\"name\":\"admin\",\"@id\":\"https:\\\/\\\/www.manabi.gob.ec\\\/#\\\/schema\\\/person\\\/cfc71bd68fe2703b779edcc292a49722\"},\"headline\":\"Alegr\u00eda entre residentes de La Boca de Crucita por la llegada del asfalto\",\"datePublished\":\"2022-01-25T15:55:26+00:00\",\"dateModified\":\"2022-01-25T15:55:31+00:00\",\"mainEntityOfPage\":{\"@id\":\"https:\\\/\\\/www.manabi.gob.ec\\\/index.php\\\/alegria-entre-residentes-de-la-boca-de-crucita-por-la-llegada-del-asfalto\\\/\"},\"wordCount\":222,\"image\":{\"@id\":\"https:\\\/\\\/www.manabi.gob.ec\\\/index.php\\\/alegria-entre-residentes-de-la-boca-de-crucita-por-la-llegada-del-asfalto\\\/#primaryimage\"},\"thumbnailUrl\":\"https:\\\/\\\/www.manabi.gob.ec\\\/wp-content\\\/uploads\\\/2022\\\/01\\\/Picture-1-18.png\",\"articleSection\":[\"Portoviejo\",\"Vialidad\"],\"inLanguage\":\"es\"},{\"@type\":\"WebPage\",\"@id\":\"https:\\\/\\\/www.manabi.gob.ec\\\/index.php\\\/alegria-entre-residentes-de-la-boca-de-crucita-por-la-llegada-del-asfalto\\\/\",\"url\":\"https:\\\/\\\/www.manabi.gob.ec\\\/index.php\\\/alegria-entre-residentes-de-la-boca-de-crucita-por-la-llegada-del-asfalto\\\/\",\"name\":\"Alegr\u00eda entre residentes de La Boca de Crucita por la llegada del asfalto - Prefectura de Manab\u00ed\",\"isPartOf\":{\"@id\":\"https:\\\/\\\/www.manabi.gob.ec\\\/#website\"},\"primaryImageOfPage\":{\"@id\":\"https:\\\/\\\/www.manabi.gob.ec\\\/index.php\\\/alegria-entre-residentes-de-la-boca-de-crucita-por-la-llegada-del-asfalto\\\/#primaryimage\"},\"image\":{\"@id\":\"https:\\\/\\\/www.manabi.gob.ec\\\/index.php\\\/alegria-entre-residentes-de-la-boca-de-crucita-por-la-llegada-del-asfalto\\\/#primaryimage\"},\"thumbnailUrl\":\"https:\\\/\\\/www.manabi.gob.ec\\\/wp-content\\\/uploads\\\/2022\\\/01\\\/Picture-1-18.png\",\"datePublished\":\"2022-01-25T15:55:26+00:00\",\"dateModified\":\"2022-01-25T15:55:31+00:00\",\"author\":{\"@id\":\"https:\\\/\\\/www.manabi.gob.ec\\\/#\\\/schema\\\/person\\\/cfc71bd68fe2703b779edcc292a49722\"},\"breadcrumb\":{\"@id\":\"https:\\\/\\\/www.manabi.gob.ec\\\/index.php\\\/alegria-entre-residentes-de-la-boca-de-crucita-por-la-llegada-del-asfalto\\\/#breadcrumb\"},\"inLanguage\":\"es\",\"potentialAction\":[{\"@type\":\"ReadAction\",\"target\":[\"https:\\\/\\\/www.manabi.gob.ec\\\/index.php\\\/alegria-entre-residentes-de-la-boca-de-crucita-por-la-llegada-del-asfalto\\\/\"]}]},{\"@type\":\"ImageObject\",\"inLanguage\":\"es\",\"@id\":\"https:\\\/\\\/www.manabi.gob.ec\\\/index.php\\\/alegria-entre-residentes-de-la-boca-de-crucita-por-la-llegada-del-asfalto\\\/#primaryimage\",\"url\":\"https:\\\/\\\/www.manabi.gob.ec\\\/wp-content\\\/uploads\\\/2022\\\/01\\\/Picture-1-18.png\",\"contentUrl\":\"https:\\\/\\\/www.manabi.gob.ec\\\/wp-content\\\/uploads\\\/2022\\\/01\\\/Picture-1-18.png\",\"width\":941,\"height\":706},{\"@type\":\"BreadcrumbList\",\"@id\":\"https:\\\/\\\/www.manabi.gob.ec\\\/index.php\\\/alegria-entre-residentes-de-la-boca-de-crucita-por-la-llegada-del-asfalto\\\/#breadcrumb\",\"itemListElement\":[{\"@type\":\"ListItem\",\"position\":1,\"name\":\"Portada\",\"item\":\"https:\\\/\\\/www.manabi.gob.ec\\\/\"},{\"@type\":\"ListItem\",\"position\":2,\"name\":\"Alegr\u00eda entre residentes de La Boca de Crucita por la llegada del asfalto\"}]},{\"@type\":\"WebSite\",\"@id\":\"https:\\\/\\\/www.manabi.gob.ec\\\/#website\",\"url\":\"https:\\\/\\\/www.manabi.gob.ec\\\/\",\"name\":\"Prefectura de Manab\u00ed\",\"description\":\"P\u00e1gina web de la prefectura\",\"potentialAction\":[{\"@type\":\"SearchAction\",\"target\":{\"@type\":\"EntryPoint\",\"urlTemplate\":\"https:\\\/\\\/www.manabi.gob.ec\\\/?s={search_term_string}\"},\"query-input\":{\"@type\":\"PropertyValueSpecification\",\"valueRequired\":true,\"valueName\":\"search_term_string\"}}],\"inLanguage\":\"es\"},{\"@type\":\"Person\",\"@id\":\"https:\\\/\\\/www.manabi.gob.ec\\\/#\\\/schema\\\/person\\\/cfc71bd68fe2703b779edcc292a49722\",\"name\":\"admin\",\"image\":{\"@type\":\"ImageObject\",\"inLanguage\":\"es\",\"@id\":\"https:\\\/\\\/secure.gravatar.com\\\/avatar\\\/23e9f919492b0a2f65aa168e0d8c5c867ea853b61deffbadf08c7031e15b8d78?s=96&d=mm&r=g\",\"url\":\"https:\\\/\\\/secure.gravatar.com\\\/avatar\\\/23e9f919492b0a2f65aa168e0d8c5c867ea853b61deffbadf08c7031e15b8d78?s=96&d=mm&r=g\",\"contentUrl\":\"https:\\\/\\\/secure.gravatar.com\\\/avatar\\\/23e9f919492b0a2f65aa168e0d8c5c867ea853b61deffbadf08c7031e15b8d78?s=96&d=mm&r=g\",\"caption\":\"admin\"},\"sameAs\":[\"http:\\\/\\\/www.manabi.gob.ec\"],\"url\":\"https:\\\/\\\/www.manabi.gob.ec\\\/index.php\\\/author\\\/admin\\\/\"}]}<\/script>\n<!-- \/ Yoast SEO plugin. -->","yoast_head_json":{"title":"Alegr\u00eda entre residentes de La Boca de Crucita por la llegada del asfalto - Prefectura de Manab\u00ed","robots":{"index":"index","follow":"follow","max-snippet":"max-snippet:-1","max-image-preview":"max-image-preview:large","max-video-preview":"max-video-preview:-1"},"canonical":"https:\/\/www.manabi.gob.ec\/index.php\/alegria-entre-residentes-de-la-boca-de-crucita-por-la-llegada-del-asfalto\/","og_locale":"es_ES","og_type":"article","og_title":"Alegr\u00eda entre residentes de La Boca de Crucita por la llegada del asfalto - Prefectura de Manab\u00ed","og_description":"Felicidad es lo que se observa entre los moradores de la parroquia Crucita de Portoviejo por el avance que registra la v\u00eda Los Arenales \u2013 Los Ranchos \u2013 Las Gilces \u2013 La Boca, que est\u00e1 siendo reconstruida por el Gobierno Provincial de Manab\u00ed.&nbsp; \u201cHab\u00edamos cre\u00eddo que esto era una utop\u00eda, pero hay cosas que uno [&hellip;]","og_url":"https:\/\/www.manabi.gob.ec\/index.php\/alegria-entre-residentes-de-la-boca-de-crucita-por-la-llegada-del-asfalto\/","og_site_name":"Prefectura de Manab\u00ed","article_published_time":"2022-01-25T15:55:26+00:00","article_modified_time":"2022-01-25T15:55:31+00:00","og_image":[{"width":941,"height":706,"url":"https:\/\/www.manabi.gob.ec\/wp-content\/uploads\/2022\/01\/Picture-1-18.png","type":"image\/png"}],"author":"admin","twitter_card":"summary_large_image","twitter_misc":{"Escrito por":"admin","Tiempo de lectura":"1 minuto"},"schema":{"@context":"https:\/\/schema.org","@graph":[{"@type":"Article","@id":"https:\/\/www.manabi.gob.ec\/index.php\/alegria-entre-residentes-de-la-boca-de-crucita-por-la-llegada-del-asfalto\/#article","isPartOf":{"@id":"https:\/\/www.manabi.gob.ec\/index.php\/alegria-entre-residentes-de-la-boca-de-crucita-por-la-llegada-del-asfalto\/"},"author":{"name":"admin","@id":"https:\/\/www.manabi.gob.ec\/#\/schema\/person\/cfc71bd68fe2703b779edcc292a49722"},"headline":"Alegr\u00eda entre residentes de La Boca de Crucita por la llegada del asfalto","datePublished":"2022-01-25T15:55:26+00:00","dateModified":"2022-01-25T15:55:31+00:00","mainEntityOfPage":{"@id":"https:\/\/www.manabi.gob.ec\/index.php\/alegria-entre-residentes-de-la-boca-de-crucita-por-la-llegada-del-asfalto\/"},"wordCount":222,"image":{"@id":"https:\/\/www.manabi.gob.ec\/index.php\/alegria-entre-residentes-de-la-boca-de-crucita-por-la-llegada-del-asfalto\/#primaryimage"},"thumbnailUrl":"https:\/\/www.manabi.gob.ec\/wp-content\/uploads\/2022\/01\/Picture-1-18.png","articleSection":["Portoviejo","Vialidad"],"inLanguage":"es"},{"@type":"WebPage","@id":"https:\/\/www.manabi.gob.ec\/index.php\/alegria-entre-residentes-de-la-boca-de-crucita-por-la-llegada-del-asfalto\/","url":"https:\/\/www.manabi.gob.ec\/index.php\/alegria-entre-residentes-de-la-boca-de-crucita-por-la-llegada-del-asfalto\/","name":"Alegr\u00eda entre residentes de La Boca de Crucita por la llegada del asfalto - Prefectura de Manab\u00ed","isPartOf":{"@id":"https:\/\/www.manabi.gob.ec\/#website"},"primaryImageOfPage":{"@id":"https:\/\/www.manabi.gob.ec\/index.php\/alegria-entre-residentes-de-la-boca-de-crucita-por-la-llegada-del-asfalto\/#primaryimage"},"image":{"@id":"https:\/\/www.manabi.gob.ec\/index.php\/alegria-entre-residentes-de-la-boca-de-crucita-por-la-llegada-del-asfalto\/#primaryimage"},"thumbnailUrl":"https:\/\/www.manabi.gob.ec\/wp-content\/uploads\/2022\/01\/Picture-1-18.png","datePublished":"2022-01-25T15:55:26+00:00","dateModified":"2022-01-25T15:55:31+00:00","author":{"@id":"https:\/\/www.manabi.gob.ec\/#\/schema\/person\/cfc71bd68fe2703b779edcc292a49722"},"breadcrumb":{"@id":"https:\/\/www.manabi.gob.ec\/index.php\/alegria-entre-residentes-de-la-boca-de-crucita-por-la-llegada-del-asfalto\/#breadcrumb"},"inLanguage":"es","potentialAction":[{"@type":"ReadAction","target":["https:\/\/www.manabi.gob.ec\/index.php\/alegria-entre-residentes-de-la-boca-de-crucita-por-la-llegada-del-asfalto\/"]}]},{"@type":"ImageObject","inLanguage":"es","@id":"https:\/\/www.manabi.gob.ec\/index.php\/alegria-entre-residentes-de-la-boca-de-crucita-por-la-llegada-del-asfalto\/#primaryimage","url":"https:\/\/www.manabi.gob.ec\/wp-content\/uploads\/2022\/01\/Picture-1-18.png","contentUrl":"https:\/\/www.manabi.gob.ec\/wp-content\/uploads\/2022\/01\/Picture-1-18.png","width":941,"height":706},{"@type":"BreadcrumbList","@id":"https:\/\/www.manabi.gob.ec\/index.php\/alegria-entre-residentes-de-la-boca-de-crucita-por-la-llegada-del-asfalto\/#breadcrumb","itemListElement":[{"@type":"ListItem","position":1,"name":"Portada","item":"https:\/\/www.manabi.gob.ec\/"},{"@type":"ListItem","position":2,"name":"Alegr\u00eda entre residentes de La Boca de Crucita por la llegada del asfalto"}]},{"@type":"WebSite","@id":"https:\/\/www.manabi.gob.ec\/#website","url":"https:\/\/www.manabi.gob.ec\/","name":"Prefectura de Manab\u00ed","description":"P\u00e1gina web de la prefectura","potentialAction":[{"@type":"SearchAction","target":{"@type":"EntryPoint","urlTemplate":"https:\/\/www.manabi.gob.ec\/?s={search_term_string}"},"query-input":{"@type":"PropertyValueSpecification","valueRequired":true,"valueName":"search_term_string"}}],"inLanguage":"es"},{"@type":"Person","@id":"https:\/\/www.manabi.gob.ec\/#\/schema\/person\/cfc71bd68fe2703b779edcc292a49722","name":"admin","image":{"@type":"ImageObject","inLanguage":"es","@id":"https:\/\/secure.gravatar.com\/avatar\/23e9f919492b0a2f65aa168e0d8c5c867ea853b61deffbadf08c7031e15b8d78?s=96&d=mm&r=g","url":"https:\/\/secure.gravatar.com\/avatar\/23e9f919492b0a2f65aa168e0d8c5c867ea853b61deffbadf08c7031e15b8d78?s=96&d=mm&r=g","contentUrl":"https:\/\/secure.gravatar.com\/avatar\/23e9f919492b0a2f65aa168e0d8c5c867ea853b61deffbadf08c7031e15b8d78?s=96&d=mm&r=g","caption":"admin"},"sameAs":["http:\/\/www.manabi.gob.ec"],"url":"https:\/\/www.manabi.gob.ec\/index.php\/author\/admin\/"}]}},"jetpack_featured_media_url":"https:\/\/www.manabi.gob.ec\/wp-content\/uploads\/2022\/01\/Picture-1-18.png","_links":{"self":[{"href":"https:\/\/www.manabi.gob.ec\/index.php\/wp-json\/wp\/v2\/posts\/19527","targetHints":{"allow":["GET"]}}],"collection":[{"href":"https:\/\/www.manabi.gob.ec\/index.php\/wp-json\/wp\/v2\/posts"}],"about":[{"href":"https:\/\/www.manabi.gob.ec\/index.php\/wp-json\/wp\/v2\/types\/post"}],"author":[{"embeddable":true,"href":"https:\/\/www.manabi.gob.ec\/index.php\/wp-json\/wp\/v2\/users\/1"}],"replies":[{"embeddable":true,"href":"https:\/\/www.manabi.gob.ec\/index.php\/wp-json\/wp\/v2\/comments?post=19527"}],"version-history":[{"count":0,"href":"https:\/\/www.manabi.gob.ec\/index.php\/wp-json\/wp\/v2\/posts\/19527\/revisions"}],"wp:featuredmedia":[{"embeddable":true,"href":"https:\/\/www.manabi.gob.ec\/index.php\/wp-json\/wp\/v2\/media\/19528"}],"wp:attachment":[{"href":"https:\/\/www.manabi.gob.ec\/index.php\/wp-json\/wp\/v2\/media?parent=19527"}],"wp:term":[{"taxonomy":"category","embeddable":true,"href":"https:\/\/www.manabi.gob.ec\/index.php\/wp-json\/wp\/v2\/categories?post=19527"},{"taxonomy":"post_tag","embeddable":true,"href":"https:\/\/www.manabi.gob.ec\/index.php\/wp-json\/wp\/v2\/tags?post=19527"}],"curies":[{"name":"wp","href":"https:\/\/api.w.org\/{rel}","templated":true}]}}