{"id":19539,"date":"2022-01-25T16:04:40","date_gmt":"2022-01-25T16:04:40","guid":{"rendered":"https:\/\/www.manabi.gob.ec\/?p=19539"},"modified":"2022-01-25T16:04:44","modified_gmt":"2022-01-25T16:04:44","slug":"la-alegria-se-extiende-con-la-construccion-de-pozos-en-comunidades-que-sufren-por-no-tener-agua","status":"publish","type":"post","link":"https:\/\/www.manabi.gob.ec\/index.php\/la-alegria-se-extiende-con-la-construccion-de-pozos-en-comunidades-que-sufren-por-no-tener-agua\/","title":{"rendered":"La alegr\u00eda se extiende con la construcci\u00f3n de pozos en comunidades que sufren por no tener agua"},"content":{"rendered":"\n<p><strong>Habitantes de la comunidad Las Maravillas de la parroquia Noboa, del cant\u00f3n 24 de Mayo, est\u00e1n muy felices debido a los trabajos que se realizan para la construcci\u00f3n de un pozo profundo que les permitir\u00e1 tener agua en invierno y verano.<\/strong><\/p>\n\n\n\n<p><strong>Siete pozos de las mismas caracter\u00edsticas se construir\u00e1n en la parroquia Noboa para beneficio de unas 300 familias. Los trabajos de perforaci\u00f3n son ejecutados por parte de la Prefectura de Manab\u00ed, en coordinaci\u00f3n con el GAD Parroquial. \u201cNuestros hermanos campesinos necesitaban una obra como esta, la misma que permitir\u00e1 tener agua en verano para poder cultivar productos de ciclo corto, gracias al trabajo de este gran l\u00edder, como es el prefecto de la ruralidad, Leonardo Orlando\u201d, dijo \u00c1ngel Quiroz, presidente del GAD Parroquial de Noboa.<\/strong><\/p>\n\n\n\n<p><strong>Esmerita Holgu\u00edn, habitante de Las Maravillas, manifest\u00f3 estar feliz con la obra que les permitir\u00e1 tener agua para sus cultivos de caf\u00e9, yuca, pl\u00e1tano, ma\u00edz, achiote y lim\u00f3n.<\/strong><\/p>\n\n\n\n<p><strong>Fernando Rivadeneira, t\u00e9cnico de la direcci\u00f3n de Riego y Drenaje de la Prefectura de Manab\u00ed, destac\u00f3 que mediante este convenio entre la Prefectura de Manab\u00ed y el Gobierno Parroquial de Noboa se construyen 5 pozos que benefician a las comunidades Las Maravillas, El Sap\u00e1n, Atascoso, Rosario y Rumichaca. Adicional al convenio, se ejecutan otros dos pozos en San Jacinto y Ca\u00f1a Brava.<\/strong><\/p>\n\n\n\n<p><strong>L\u00edder Mu\u00f1iz Pivaque, presidente de la comunidad Las Maravillas, destac\u00f3 que 50 familias de esta comunidad se beneficiar\u00e1n del pozo. \u201cGracias al prefecto, Leonardo Orlando, estamos contentos, ahora tendremos mejores beneficios, porque contaremos con agua para nuestros sembr\u00edos\u201d, manifest\u00f3.<\/strong><\/p>\n","protected":false},"excerpt":{"rendered":"<p>Habitantes de la comunidad Las Maravillas de la parroquia Noboa, del cant\u00f3n 24 de Mayo, est\u00e1n muy felices debido a los trabajos que se realizan para la construcci\u00f3n de un pozo profundo que les permitir\u00e1 tener agua en invierno y verano. Siete pozos de las mismas caracter\u00edsticas se construir\u00e1n en la parroquia Noboa para beneficio [&hellip;]<\/p>\n","protected":false},"author":1,"featured_media":19540,"comment_status":"closed","ping_status":"open","sticky":false,"template":"","format":"standard","meta":{"_joinchat":[],"footnotes":""},"categories":[138,89],"tags":[],"class_list":["post-19539","post","type-post","status-publish","format-standard","has-post-thumbnail","hentry","category-24-de-mayo","category-riego-drenaje"],"yoast_head":"<!-- This site is optimized with the Yoast SEO plugin v27.4 - https:\/\/yoast.com\/product\/yoast-seo-wordpress\/ -->\n<title>La alegr\u00eda se extiende con la construcci\u00f3n de pozos en comunidades que sufren por no tener agua - Prefectura de Manab\u00ed<\/title>\n<meta name=\"robots\" content=\"index, follow, max-snippet:-1, max-image-preview:large, max-video-preview:-1\" \/>\n<link rel=\"canonical\" href=\"https:\/\/www.manabi.gob.ec\/index.php\/la-alegria-se-extiende-con-la-construccion-de-pozos-en-comunidades-que-sufren-por-no-tener-agua\/\" \/>\n<meta property=\"og:locale\" content=\"es_ES\" \/>\n<meta property=\"og:type\" content=\"article\" \/>\n<meta property=\"og:title\" content=\"La alegr\u00eda se extiende con la construcci\u00f3n de pozos en comunidades que sufren por no tener agua - Prefectura de Manab\u00ed\" \/>\n<meta property=\"og:description\" content=\"Habitantes de la comunidad Las Maravillas de la parroquia Noboa, del cant\u00f3n 24 de Mayo, est\u00e1n muy felices debido a los trabajos que se realizan para la construcci\u00f3n de un pozo profundo que les permitir\u00e1 tener agua en invierno y verano. Siete pozos de las mismas caracter\u00edsticas se construir\u00e1n en la parroquia Noboa para beneficio [&hellip;]\" \/>\n<meta property=\"og:url\" content=\"https:\/\/www.manabi.gob.ec\/index.php\/la-alegria-se-extiende-con-la-construccion-de-pozos-en-comunidades-que-sufren-por-no-tener-agua\/\" \/>\n<meta property=\"og:site_name\" content=\"Prefectura de Manab\u00ed\" \/>\n<meta property=\"article:published_time\" content=\"2022-01-25T16:04:40+00:00\" \/>\n<meta property=\"article:modified_time\" content=\"2022-01-25T16:04:44+00:00\" \/>\n<meta property=\"og:image\" content=\"https:\/\/www.manabi.gob.ec\/wp-content\/uploads\/2022\/01\/Picture-1-21.png\" \/>\n\t<meta property=\"og:image:width\" content=\"941\" \/>\n\t<meta property=\"og:image:height\" content=\"529\" \/>\n\t<meta property=\"og:image:type\" content=\"image\/png\" \/>\n<meta name=\"author\" content=\"admin\" \/>\n<meta name=\"twitter:card\" content=\"summary_large_image\" \/>\n<meta name=\"twitter:label1\" content=\"Escrito por\" \/>\n\t<meta name=\"twitter:data1\" content=\"admin\" \/>\n\t<meta name=\"twitter:label2\" content=\"Tiempo de lectura\" \/>\n\t<meta name=\"twitter:data2\" content=\"2 minutos\" \/>\n<script type=\"application\/ld+json\" class=\"yoast-schema-graph\">{\"@context\":\"https:\\\/\\\/schema.org\",\"@graph\":[{\"@type\":\"Article\",\"@id\":\"https:\\\/\\\/www.manabi.gob.ec\\\/index.php\\\/la-alegria-se-extiende-con-la-construccion-de-pozos-en-comunidades-que-sufren-por-no-tener-agua\\\/#article\",\"isPartOf\":{\"@id\":\"https:\\\/\\\/www.manabi.gob.ec\\\/index.php\\\/la-alegria-se-extiende-con-la-construccion-de-pozos-en-comunidades-que-sufren-por-no-tener-agua\\\/\"},\"author\":{\"name\":\"admin\",\"@id\":\"https:\\\/\\\/www.manabi.gob.ec\\\/#\\\/schema\\\/person\\\/cfc71bd68fe2703b779edcc292a49722\"},\"headline\":\"La alegr\u00eda se extiende con la construcci\u00f3n de pozos en comunidades que sufren por no tener agua\",\"datePublished\":\"2022-01-25T16:04:40+00:00\",\"dateModified\":\"2022-01-25T16:04:44+00:00\",\"mainEntityOfPage\":{\"@id\":\"https:\\\/\\\/www.manabi.gob.ec\\\/index.php\\\/la-alegria-se-extiende-con-la-construccion-de-pozos-en-comunidades-que-sufren-por-no-tener-agua\\\/\"},\"wordCount\":290,\"image\":{\"@id\":\"https:\\\/\\\/www.manabi.gob.ec\\\/index.php\\\/la-alegria-se-extiende-con-la-construccion-de-pozos-en-comunidades-que-sufren-por-no-tener-agua\\\/#primaryimage\"},\"thumbnailUrl\":\"https:\\\/\\\/www.manabi.gob.ec\\\/wp-content\\\/uploads\\\/2022\\\/01\\\/Picture-1-21.png\",\"articleSection\":[\"24 de Mayo\",\"Riego y drenaje\"],\"inLanguage\":\"es\"},{\"@type\":\"WebPage\",\"@id\":\"https:\\\/\\\/www.manabi.gob.ec\\\/index.php\\\/la-alegria-se-extiende-con-la-construccion-de-pozos-en-comunidades-que-sufren-por-no-tener-agua\\\/\",\"url\":\"https:\\\/\\\/www.manabi.gob.ec\\\/index.php\\\/la-alegria-se-extiende-con-la-construccion-de-pozos-en-comunidades-que-sufren-por-no-tener-agua\\\/\",\"name\":\"La alegr\u00eda se extiende con la construcci\u00f3n de pozos en comunidades que sufren por no tener agua - Prefectura de Manab\u00ed\",\"isPartOf\":{\"@id\":\"https:\\\/\\\/www.manabi.gob.ec\\\/#website\"},\"primaryImageOfPage\":{\"@id\":\"https:\\\/\\\/www.manabi.gob.ec\\\/index.php\\\/la-alegria-se-extiende-con-la-construccion-de-pozos-en-comunidades-que-sufren-por-no-tener-agua\\\/#primaryimage\"},\"image\":{\"@id\":\"https:\\\/\\\/www.manabi.gob.ec\\\/index.php\\\/la-alegria-se-extiende-con-la-construccion-de-pozos-en-comunidades-que-sufren-por-no-tener-agua\\\/#primaryimage\"},\"thumbnailUrl\":\"https:\\\/\\\/www.manabi.gob.ec\\\/wp-content\\\/uploads\\\/2022\\\/01\\\/Picture-1-21.png\",\"datePublished\":\"2022-01-25T16:04:40+00:00\",\"dateModified\":\"2022-01-25T16:04:44+00:00\",\"author\":{\"@id\":\"https:\\\/\\\/www.manabi.gob.ec\\\/#\\\/schema\\\/person\\\/cfc71bd68fe2703b779edcc292a49722\"},\"breadcrumb\":{\"@id\":\"https:\\\/\\\/www.manabi.gob.ec\\\/index.php\\\/la-alegria-se-extiende-con-la-construccion-de-pozos-en-comunidades-que-sufren-por-no-tener-agua\\\/#breadcrumb\"},\"inLanguage\":\"es\",\"potentialAction\":[{\"@type\":\"ReadAction\",\"target\":[\"https:\\\/\\\/www.manabi.gob.ec\\\/index.php\\\/la-alegria-se-extiende-con-la-construccion-de-pozos-en-comunidades-que-sufren-por-no-tener-agua\\\/\"]}]},{\"@type\":\"ImageObject\",\"inLanguage\":\"es\",\"@id\":\"https:\\\/\\\/www.manabi.gob.ec\\\/index.php\\\/la-alegria-se-extiende-con-la-construccion-de-pozos-en-comunidades-que-sufren-por-no-tener-agua\\\/#primaryimage\",\"url\":\"https:\\\/\\\/www.manabi.gob.ec\\\/wp-content\\\/uploads\\\/2022\\\/01\\\/Picture-1-21.png\",\"contentUrl\":\"https:\\\/\\\/www.manabi.gob.ec\\\/wp-content\\\/uploads\\\/2022\\\/01\\\/Picture-1-21.png\",\"width\":941,\"height\":529},{\"@type\":\"BreadcrumbList\",\"@id\":\"https:\\\/\\\/www.manabi.gob.ec\\\/index.php\\\/la-alegria-se-extiende-con-la-construccion-de-pozos-en-comunidades-que-sufren-por-no-tener-agua\\\/#breadcrumb\",\"itemListElement\":[{\"@type\":\"ListItem\",\"position\":1,\"name\":\"Portada\",\"item\":\"https:\\\/\\\/www.manabi.gob.ec\\\/\"},{\"@type\":\"ListItem\",\"position\":2,\"name\":\"La alegr\u00eda se extiende con la construcci\u00f3n de pozos en comunidades que sufren por no tener agua\"}]},{\"@type\":\"WebSite\",\"@id\":\"https:\\\/\\\/www.manabi.gob.ec\\\/#website\",\"url\":\"https:\\\/\\\/www.manabi.gob.ec\\\/\",\"name\":\"Prefectura de Manab\u00ed\",\"description\":\"P\u00e1gina web de la prefectura\",\"potentialAction\":[{\"@type\":\"SearchAction\",\"target\":{\"@type\":\"EntryPoint\",\"urlTemplate\":\"https:\\\/\\\/www.manabi.gob.ec\\\/?s={search_term_string}\"},\"query-input\":{\"@type\":\"PropertyValueSpecification\",\"valueRequired\":true,\"valueName\":\"search_term_string\"}}],\"inLanguage\":\"es\"},{\"@type\":\"Person\",\"@id\":\"https:\\\/\\\/www.manabi.gob.ec\\\/#\\\/schema\\\/person\\\/cfc71bd68fe2703b779edcc292a49722\",\"name\":\"admin\",\"image\":{\"@type\":\"ImageObject\",\"inLanguage\":\"es\",\"@id\":\"https:\\\/\\\/secure.gravatar.com\\\/avatar\\\/23e9f919492b0a2f65aa168e0d8c5c867ea853b61deffbadf08c7031e15b8d78?s=96&d=mm&r=g\",\"url\":\"https:\\\/\\\/secure.gravatar.com\\\/avatar\\\/23e9f919492b0a2f65aa168e0d8c5c867ea853b61deffbadf08c7031e15b8d78?s=96&d=mm&r=g\",\"contentUrl\":\"https:\\\/\\\/secure.gravatar.com\\\/avatar\\\/23e9f919492b0a2f65aa168e0d8c5c867ea853b61deffbadf08c7031e15b8d78?s=96&d=mm&r=g\",\"caption\":\"admin\"},\"sameAs\":[\"http:\\\/\\\/www.manabi.gob.ec\"],\"url\":\"https:\\\/\\\/www.manabi.gob.ec\\\/index.php\\\/author\\\/admin\\\/\"}]}<\/script>\n<!-- \/ Yoast SEO plugin. -->","yoast_head_json":{"title":"La alegr\u00eda se extiende con la construcci\u00f3n de pozos en comunidades que sufren por no tener agua - Prefectura de Manab\u00ed","robots":{"index":"index","follow":"follow","max-snippet":"max-snippet:-1","max-image-preview":"max-image-preview:large","max-video-preview":"max-video-preview:-1"},"canonical":"https:\/\/www.manabi.gob.ec\/index.php\/la-alegria-se-extiende-con-la-construccion-de-pozos-en-comunidades-que-sufren-por-no-tener-agua\/","og_locale":"es_ES","og_type":"article","og_title":"La alegr\u00eda se extiende con la construcci\u00f3n de pozos en comunidades que sufren por no tener agua - Prefectura de Manab\u00ed","og_description":"Habitantes de la comunidad Las Maravillas de la parroquia Noboa, del cant\u00f3n 24 de Mayo, est\u00e1n muy felices debido a los trabajos que se realizan para la construcci\u00f3n de un pozo profundo que les permitir\u00e1 tener agua en invierno y verano. Siete pozos de las mismas caracter\u00edsticas se construir\u00e1n en la parroquia Noboa para beneficio [&hellip;]","og_url":"https:\/\/www.manabi.gob.ec\/index.php\/la-alegria-se-extiende-con-la-construccion-de-pozos-en-comunidades-que-sufren-por-no-tener-agua\/","og_site_name":"Prefectura de Manab\u00ed","article_published_time":"2022-01-25T16:04:40+00:00","article_modified_time":"2022-01-25T16:04:44+00:00","og_image":[{"width":941,"height":529,"url":"https:\/\/www.manabi.gob.ec\/wp-content\/uploads\/2022\/01\/Picture-1-21.png","type":"image\/png"}],"author":"admin","twitter_card":"summary_large_image","twitter_misc":{"Escrito por":"admin","Tiempo de lectura":"2 minutos"},"schema":{"@context":"https:\/\/schema.org","@graph":[{"@type":"Article","@id":"https:\/\/www.manabi.gob.ec\/index.php\/la-alegria-se-extiende-con-la-construccion-de-pozos-en-comunidades-que-sufren-por-no-tener-agua\/#article","isPartOf":{"@id":"https:\/\/www.manabi.gob.ec\/index.php\/la-alegria-se-extiende-con-la-construccion-de-pozos-en-comunidades-que-sufren-por-no-tener-agua\/"},"author":{"name":"admin","@id":"https:\/\/www.manabi.gob.ec\/#\/schema\/person\/cfc71bd68fe2703b779edcc292a49722"},"headline":"La alegr\u00eda se extiende con la construcci\u00f3n de pozos en comunidades que sufren por no tener agua","datePublished":"2022-01-25T16:04:40+00:00","dateModified":"2022-01-25T16:04:44+00:00","mainEntityOfPage":{"@id":"https:\/\/www.manabi.gob.ec\/index.php\/la-alegria-se-extiende-con-la-construccion-de-pozos-en-comunidades-que-sufren-por-no-tener-agua\/"},"wordCount":290,"image":{"@id":"https:\/\/www.manabi.gob.ec\/index.php\/la-alegria-se-extiende-con-la-construccion-de-pozos-en-comunidades-que-sufren-por-no-tener-agua\/#primaryimage"},"thumbnailUrl":"https:\/\/www.manabi.gob.ec\/wp-content\/uploads\/2022\/01\/Picture-1-21.png","articleSection":["24 de Mayo","Riego y drenaje"],"inLanguage":"es"},{"@type":"WebPage","@id":"https:\/\/www.manabi.gob.ec\/index.php\/la-alegria-se-extiende-con-la-construccion-de-pozos-en-comunidades-que-sufren-por-no-tener-agua\/","url":"https:\/\/www.manabi.gob.ec\/index.php\/la-alegria-se-extiende-con-la-construccion-de-pozos-en-comunidades-que-sufren-por-no-tener-agua\/","name":"La alegr\u00eda se extiende con la construcci\u00f3n de pozos en comunidades que sufren por no tener agua - Prefectura de Manab\u00ed","isPartOf":{"@id":"https:\/\/www.manabi.gob.ec\/#website"},"primaryImageOfPage":{"@id":"https:\/\/www.manabi.gob.ec\/index.php\/la-alegria-se-extiende-con-la-construccion-de-pozos-en-comunidades-que-sufren-por-no-tener-agua\/#primaryimage"},"image":{"@id":"https:\/\/www.manabi.gob.ec\/index.php\/la-alegria-se-extiende-con-la-construccion-de-pozos-en-comunidades-que-sufren-por-no-tener-agua\/#primaryimage"},"thumbnailUrl":"https:\/\/www.manabi.gob.ec\/wp-content\/uploads\/2022\/01\/Picture-1-21.png","datePublished":"2022-01-25T16:04:40+00:00","dateModified":"2022-01-25T16:04:44+00:00","author":{"@id":"https:\/\/www.manabi.gob.ec\/#\/schema\/person\/cfc71bd68fe2703b779edcc292a49722"},"breadcrumb":{"@id":"https:\/\/www.manabi.gob.ec\/index.php\/la-alegria-se-extiende-con-la-construccion-de-pozos-en-comunidades-que-sufren-por-no-tener-agua\/#breadcrumb"},"inLanguage":"es","potentialAction":[{"@type":"ReadAction","target":["https:\/\/www.manabi.gob.ec\/index.php\/la-alegria-se-extiende-con-la-construccion-de-pozos-en-comunidades-que-sufren-por-no-tener-agua\/"]}]},{"@type":"ImageObject","inLanguage":"es","@id":"https:\/\/www.manabi.gob.ec\/index.php\/la-alegria-se-extiende-con-la-construccion-de-pozos-en-comunidades-que-sufren-por-no-tener-agua\/#primaryimage","url":"https:\/\/www.manabi.gob.ec\/wp-content\/uploads\/2022\/01\/Picture-1-21.png","contentUrl":"https:\/\/www.manabi.gob.ec\/wp-content\/uploads\/2022\/01\/Picture-1-21.png","width":941,"height":529},{"@type":"BreadcrumbList","@id":"https:\/\/www.manabi.gob.ec\/index.php\/la-alegria-se-extiende-con-la-construccion-de-pozos-en-comunidades-que-sufren-por-no-tener-agua\/#breadcrumb","itemListElement":[{"@type":"ListItem","position":1,"name":"Portada","item":"https:\/\/www.manabi.gob.ec\/"},{"@type":"ListItem","position":2,"name":"La alegr\u00eda se extiende con la construcci\u00f3n de pozos en comunidades que sufren por no tener agua"}]},{"@type":"WebSite","@id":"https:\/\/www.manabi.gob.ec\/#website","url":"https:\/\/www.manabi.gob.ec\/","name":"Prefectura de Manab\u00ed","description":"P\u00e1gina web de la prefectura","potentialAction":[{"@type":"SearchAction","target":{"@type":"EntryPoint","urlTemplate":"https:\/\/www.manabi.gob.ec\/?s={search_term_string}"},"query-input":{"@type":"PropertyValueSpecification","valueRequired":true,"valueName":"search_term_string"}}],"inLanguage":"es"},{"@type":"Person","@id":"https:\/\/www.manabi.gob.ec\/#\/schema\/person\/cfc71bd68fe2703b779edcc292a49722","name":"admin","image":{"@type":"ImageObject","inLanguage":"es","@id":"https:\/\/secure.gravatar.com\/avatar\/23e9f919492b0a2f65aa168e0d8c5c867ea853b61deffbadf08c7031e15b8d78?s=96&d=mm&r=g","url":"https:\/\/secure.gravatar.com\/avatar\/23e9f919492b0a2f65aa168e0d8c5c867ea853b61deffbadf08c7031e15b8d78?s=96&d=mm&r=g","contentUrl":"https:\/\/secure.gravatar.com\/avatar\/23e9f919492b0a2f65aa168e0d8c5c867ea853b61deffbadf08c7031e15b8d78?s=96&d=mm&r=g","caption":"admin"},"sameAs":["http:\/\/www.manabi.gob.ec"],"url":"https:\/\/www.manabi.gob.ec\/index.php\/author\/admin\/"}]}},"jetpack_featured_media_url":"https:\/\/www.manabi.gob.ec\/wp-content\/uploads\/2022\/01\/Picture-1-21.png","_links":{"self":[{"href":"https:\/\/www.manabi.gob.ec\/index.php\/wp-json\/wp\/v2\/posts\/19539","targetHints":{"allow":["GET"]}}],"collection":[{"href":"https:\/\/www.manabi.gob.ec\/index.php\/wp-json\/wp\/v2\/posts"}],"about":[{"href":"https:\/\/www.manabi.gob.ec\/index.php\/wp-json\/wp\/v2\/types\/post"}],"author":[{"embeddable":true,"href":"https:\/\/www.manabi.gob.ec\/index.php\/wp-json\/wp\/v2\/users\/1"}],"replies":[{"embeddable":true,"href":"https:\/\/www.manabi.gob.ec\/index.php\/wp-json\/wp\/v2\/comments?post=19539"}],"version-history":[{"count":0,"href":"https:\/\/www.manabi.gob.ec\/index.php\/wp-json\/wp\/v2\/posts\/19539\/revisions"}],"wp:featuredmedia":[{"embeddable":true,"href":"https:\/\/www.manabi.gob.ec\/index.php\/wp-json\/wp\/v2\/media\/19540"}],"wp:attachment":[{"href":"https:\/\/www.manabi.gob.ec\/index.php\/wp-json\/wp\/v2\/media?parent=19539"}],"wp:term":[{"taxonomy":"category","embeddable":true,"href":"https:\/\/www.manabi.gob.ec\/index.php\/wp-json\/wp\/v2\/categories?post=19539"},{"taxonomy":"post_tag","embeddable":true,"href":"https:\/\/www.manabi.gob.ec\/index.php\/wp-json\/wp\/v2\/tags?post=19539"}],"curies":[{"name":"wp","href":"https:\/\/api.w.org\/{rel}","templated":true}]}}