{"id":19550,"date":"2022-01-25T17:47:26","date_gmt":"2022-01-25T17:47:26","guid":{"rendered":"https:\/\/www.manabi.gob.ec\/?p=19550"},"modified":"2022-01-25T17:47:31","modified_gmt":"2022-01-25T17:47:31","slug":"la-construccion-del-puente-en-san-valentin-beneficia-a-importante-numero-de-familias-conformadas-por-adultos-mayores","status":"publish","type":"post","link":"https:\/\/www.manabi.gob.ec\/index.php\/la-construccion-del-puente-en-san-valentin-beneficia-a-importante-numero-de-familias-conformadas-por-adultos-mayores\/","title":{"rendered":"La construcci\u00f3n del puente en San Valent\u00edn beneficia a importante n\u00famero de familias conformadas por adultos mayores"},"content":{"rendered":"\n<p>\u00abTodo estaba bien, pero de repente comenz\u00f3 a convulsionar, lo intubaron, pero, no resisti\u00f3\u00bb, ese es el relato de Elsa Reyes, una madre que perdi\u00f3 a su peque\u00f1o Darly, hace a\u00f1o y medio.<\/p>\n\n\n\n<p><br>\u201cCuando Darly estaba vivo y comenzaba a llover, para m\u00ed era angustiante, me daba miedo no poder salir y llegar a tiempo al m\u00e9dico\u201d, expres\u00f3, con su mirada nost\u00e1lgica, Elsa, quien vive a orillas del rio Jaboncillo, en la comunidad San Valent\u00edn, de la parroquia Bellavista.<\/p>\n\n\n\n<p><br>En este sector del cant\u00f3n 24 de Mayo, la Prefectura de Manab\u00ed construye un puente de hormig\u00f3n armado de 17 metros de longitud y 8,20 metros de ancho sobre el r\u00edo Jaboncillo. Este viaducto se financia con recursos del Banco de Desarrollo del Ecuador, por un valor de$235.330,59.<\/p>\n\n\n\n<p><br>Este viernes 21 de enero se realiz\u00f3 la fundici\u00f3n de la losa, trabajos que fueron supervisados por el director de Gesti\u00f3n Vial de la Prefectura de Manab\u00ed, Henry Ar\u00e1uz y Edisson Cabal, presidente de la parroquia Bellavista.<br>A criterio de Pastor Barreto, presidente de la comunidad San Valent\u00edn, el puente beneficiar\u00e1 a 68 familias de la localidad, de comunidades vecinas de las tabladas Vainilla y Cadial\u00bb. La mayor\u00eda de las familias somos personas de la tercera edad, y no pod\u00edamos salir con facilidades al centro de salud, ahora todo cambia, gracias al Prefecto\u00bb, dijo Barreto.<\/p>\n","protected":false},"excerpt":{"rendered":"<p>\u00abTodo estaba bien, pero de repente comenz\u00f3 a convulsionar, lo intubaron, pero, no resisti\u00f3\u00bb, ese es el relato de Elsa Reyes, una madre que perdi\u00f3 a su peque\u00f1o Darly, hace a\u00f1o y medio. \u201cCuando Darly estaba vivo y comenzaba a llover, para m\u00ed era angustiante, me daba miedo no poder salir y llegar a tiempo [&hellip;]<\/p>\n","protected":false},"author":1,"featured_media":19566,"comment_status":"closed","ping_status":"open","sticky":false,"template":"","format":"standard","meta":{"_joinchat":[],"footnotes":""},"categories":[138],"tags":[],"class_list":["post-19550","post","type-post","status-publish","format-standard","has-post-thumbnail","hentry","category-24-de-mayo"],"yoast_head":"<!-- This site is optimized with the Yoast SEO plugin v27.4 - https:\/\/yoast.com\/product\/yoast-seo-wordpress\/ -->\n<title>La construcci\u00f3n del puente en San Valent\u00edn beneficia a importante n\u00famero de familias conformadas por adultos mayores - Prefectura de Manab\u00ed<\/title>\n<meta name=\"robots\" content=\"index, follow, max-snippet:-1, max-image-preview:large, max-video-preview:-1\" \/>\n<link rel=\"canonical\" href=\"https:\/\/www.manabi.gob.ec\/index.php\/la-construccion-del-puente-en-san-valentin-beneficia-a-importante-numero-de-familias-conformadas-por-adultos-mayores\/\" \/>\n<meta property=\"og:locale\" content=\"es_ES\" \/>\n<meta property=\"og:type\" content=\"article\" \/>\n<meta property=\"og:title\" content=\"La construcci\u00f3n del puente en San Valent\u00edn beneficia a importante n\u00famero de familias conformadas por adultos mayores - Prefectura de Manab\u00ed\" \/>\n<meta property=\"og:description\" content=\"\u00abTodo estaba bien, pero de repente comenz\u00f3 a convulsionar, lo intubaron, pero, no resisti\u00f3\u00bb, ese es el relato de Elsa Reyes, una madre que perdi\u00f3 a su peque\u00f1o Darly, hace a\u00f1o y medio. \u201cCuando Darly estaba vivo y comenzaba a llover, para m\u00ed era angustiante, me daba miedo no poder salir y llegar a tiempo [&hellip;]\" \/>\n<meta property=\"og:url\" content=\"https:\/\/www.manabi.gob.ec\/index.php\/la-construccion-del-puente-en-san-valentin-beneficia-a-importante-numero-de-familias-conformadas-por-adultos-mayores\/\" \/>\n<meta property=\"og:site_name\" content=\"Prefectura de Manab\u00ed\" \/>\n<meta property=\"article:published_time\" content=\"2022-01-25T17:47:26+00:00\" \/>\n<meta property=\"article:modified_time\" content=\"2022-01-25T17:47:31+00:00\" \/>\n<meta property=\"og:image\" content=\"https:\/\/www.manabi.gob.ec\/wp-content\/uploads\/2022\/01\/WhatsApp-Image-2022-01-21-at-16.08.21.jpeg\" \/>\n\t<meta property=\"og:image:width\" content=\"1280\" \/>\n\t<meta property=\"og:image:height\" content=\"576\" \/>\n\t<meta property=\"og:image:type\" content=\"image\/jpeg\" \/>\n<meta name=\"author\" content=\"admin\" \/>\n<meta name=\"twitter:card\" content=\"summary_large_image\" \/>\n<meta name=\"twitter:label1\" content=\"Escrito por\" \/>\n\t<meta name=\"twitter:data1\" content=\"admin\" \/>\n\t<meta name=\"twitter:label2\" content=\"Tiempo de lectura\" \/>\n\t<meta name=\"twitter:data2\" content=\"2 minutos\" \/>\n<script type=\"application\/ld+json\" class=\"yoast-schema-graph\">{\"@context\":\"https:\\\/\\\/schema.org\",\"@graph\":[{\"@type\":\"Article\",\"@id\":\"https:\\\/\\\/www.manabi.gob.ec\\\/index.php\\\/la-construccion-del-puente-en-san-valentin-beneficia-a-importante-numero-de-familias-conformadas-por-adultos-mayores\\\/#article\",\"isPartOf\":{\"@id\":\"https:\\\/\\\/www.manabi.gob.ec\\\/index.php\\\/la-construccion-del-puente-en-san-valentin-beneficia-a-importante-numero-de-familias-conformadas-por-adultos-mayores\\\/\"},\"author\":{\"name\":\"admin\",\"@id\":\"https:\\\/\\\/www.manabi.gob.ec\\\/#\\\/schema\\\/person\\\/cfc71bd68fe2703b779edcc292a49722\"},\"headline\":\"La construcci\u00f3n del puente en San Valent\u00edn beneficia a importante n\u00famero de familias conformadas por adultos mayores\",\"datePublished\":\"2022-01-25T17:47:26+00:00\",\"dateModified\":\"2022-01-25T17:47:31+00:00\",\"mainEntityOfPage\":{\"@id\":\"https:\\\/\\\/www.manabi.gob.ec\\\/index.php\\\/la-construccion-del-puente-en-san-valentin-beneficia-a-importante-numero-de-familias-conformadas-por-adultos-mayores\\\/\"},\"wordCount\":251,\"image\":{\"@id\":\"https:\\\/\\\/www.manabi.gob.ec\\\/index.php\\\/la-construccion-del-puente-en-san-valentin-beneficia-a-importante-numero-de-familias-conformadas-por-adultos-mayores\\\/#primaryimage\"},\"thumbnailUrl\":\"https:\\\/\\\/www.manabi.gob.ec\\\/wp-content\\\/uploads\\\/2022\\\/01\\\/WhatsApp-Image-2022-01-21-at-16.08.21.jpeg\",\"articleSection\":[\"24 de Mayo\"],\"inLanguage\":\"es\"},{\"@type\":\"WebPage\",\"@id\":\"https:\\\/\\\/www.manabi.gob.ec\\\/index.php\\\/la-construccion-del-puente-en-san-valentin-beneficia-a-importante-numero-de-familias-conformadas-por-adultos-mayores\\\/\",\"url\":\"https:\\\/\\\/www.manabi.gob.ec\\\/index.php\\\/la-construccion-del-puente-en-san-valentin-beneficia-a-importante-numero-de-familias-conformadas-por-adultos-mayores\\\/\",\"name\":\"La construcci\u00f3n del puente en San Valent\u00edn beneficia a importante n\u00famero de familias conformadas por adultos mayores - Prefectura de Manab\u00ed\",\"isPartOf\":{\"@id\":\"https:\\\/\\\/www.manabi.gob.ec\\\/#website\"},\"primaryImageOfPage\":{\"@id\":\"https:\\\/\\\/www.manabi.gob.ec\\\/index.php\\\/la-construccion-del-puente-en-san-valentin-beneficia-a-importante-numero-de-familias-conformadas-por-adultos-mayores\\\/#primaryimage\"},\"image\":{\"@id\":\"https:\\\/\\\/www.manabi.gob.ec\\\/index.php\\\/la-construccion-del-puente-en-san-valentin-beneficia-a-importante-numero-de-familias-conformadas-por-adultos-mayores\\\/#primaryimage\"},\"thumbnailUrl\":\"https:\\\/\\\/www.manabi.gob.ec\\\/wp-content\\\/uploads\\\/2022\\\/01\\\/WhatsApp-Image-2022-01-21-at-16.08.21.jpeg\",\"datePublished\":\"2022-01-25T17:47:26+00:00\",\"dateModified\":\"2022-01-25T17:47:31+00:00\",\"author\":{\"@id\":\"https:\\\/\\\/www.manabi.gob.ec\\\/#\\\/schema\\\/person\\\/cfc71bd68fe2703b779edcc292a49722\"},\"breadcrumb\":{\"@id\":\"https:\\\/\\\/www.manabi.gob.ec\\\/index.php\\\/la-construccion-del-puente-en-san-valentin-beneficia-a-importante-numero-de-familias-conformadas-por-adultos-mayores\\\/#breadcrumb\"},\"inLanguage\":\"es\",\"potentialAction\":[{\"@type\":\"ReadAction\",\"target\":[\"https:\\\/\\\/www.manabi.gob.ec\\\/index.php\\\/la-construccion-del-puente-en-san-valentin-beneficia-a-importante-numero-de-familias-conformadas-por-adultos-mayores\\\/\"]}]},{\"@type\":\"ImageObject\",\"inLanguage\":\"es\",\"@id\":\"https:\\\/\\\/www.manabi.gob.ec\\\/index.php\\\/la-construccion-del-puente-en-san-valentin-beneficia-a-importante-numero-de-familias-conformadas-por-adultos-mayores\\\/#primaryimage\",\"url\":\"https:\\\/\\\/www.manabi.gob.ec\\\/wp-content\\\/uploads\\\/2022\\\/01\\\/WhatsApp-Image-2022-01-21-at-16.08.21.jpeg\",\"contentUrl\":\"https:\\\/\\\/www.manabi.gob.ec\\\/wp-content\\\/uploads\\\/2022\\\/01\\\/WhatsApp-Image-2022-01-21-at-16.08.21.jpeg\",\"width\":1280,\"height\":576},{\"@type\":\"BreadcrumbList\",\"@id\":\"https:\\\/\\\/www.manabi.gob.ec\\\/index.php\\\/la-construccion-del-puente-en-san-valentin-beneficia-a-importante-numero-de-familias-conformadas-por-adultos-mayores\\\/#breadcrumb\",\"itemListElement\":[{\"@type\":\"ListItem\",\"position\":1,\"name\":\"Portada\",\"item\":\"https:\\\/\\\/www.manabi.gob.ec\\\/\"},{\"@type\":\"ListItem\",\"position\":2,\"name\":\"La construcci\u00f3n del puente en San Valent\u00edn beneficia a importante n\u00famero de familias conformadas por adultos mayores\"}]},{\"@type\":\"WebSite\",\"@id\":\"https:\\\/\\\/www.manabi.gob.ec\\\/#website\",\"url\":\"https:\\\/\\\/www.manabi.gob.ec\\\/\",\"name\":\"Prefectura de Manab\u00ed\",\"description\":\"P\u00e1gina web de la prefectura\",\"potentialAction\":[{\"@type\":\"SearchAction\",\"target\":{\"@type\":\"EntryPoint\",\"urlTemplate\":\"https:\\\/\\\/www.manabi.gob.ec\\\/?s={search_term_string}\"},\"query-input\":{\"@type\":\"PropertyValueSpecification\",\"valueRequired\":true,\"valueName\":\"search_term_string\"}}],\"inLanguage\":\"es\"},{\"@type\":\"Person\",\"@id\":\"https:\\\/\\\/www.manabi.gob.ec\\\/#\\\/schema\\\/person\\\/cfc71bd68fe2703b779edcc292a49722\",\"name\":\"admin\",\"image\":{\"@type\":\"ImageObject\",\"inLanguage\":\"es\",\"@id\":\"https:\\\/\\\/secure.gravatar.com\\\/avatar\\\/23e9f919492b0a2f65aa168e0d8c5c867ea853b61deffbadf08c7031e15b8d78?s=96&d=mm&r=g\",\"url\":\"https:\\\/\\\/secure.gravatar.com\\\/avatar\\\/23e9f919492b0a2f65aa168e0d8c5c867ea853b61deffbadf08c7031e15b8d78?s=96&d=mm&r=g\",\"contentUrl\":\"https:\\\/\\\/secure.gravatar.com\\\/avatar\\\/23e9f919492b0a2f65aa168e0d8c5c867ea853b61deffbadf08c7031e15b8d78?s=96&d=mm&r=g\",\"caption\":\"admin\"},\"sameAs\":[\"http:\\\/\\\/www.manabi.gob.ec\"],\"url\":\"https:\\\/\\\/www.manabi.gob.ec\\\/index.php\\\/author\\\/admin\\\/\"}]}<\/script>\n<!-- \/ Yoast SEO plugin. -->","yoast_head_json":{"title":"La construcci\u00f3n del puente en San Valent\u00edn beneficia a importante n\u00famero de familias conformadas por adultos mayores - Prefectura de Manab\u00ed","robots":{"index":"index","follow":"follow","max-snippet":"max-snippet:-1","max-image-preview":"max-image-preview:large","max-video-preview":"max-video-preview:-1"},"canonical":"https:\/\/www.manabi.gob.ec\/index.php\/la-construccion-del-puente-en-san-valentin-beneficia-a-importante-numero-de-familias-conformadas-por-adultos-mayores\/","og_locale":"es_ES","og_type":"article","og_title":"La construcci\u00f3n del puente en San Valent\u00edn beneficia a importante n\u00famero de familias conformadas por adultos mayores - Prefectura de Manab\u00ed","og_description":"\u00abTodo estaba bien, pero de repente comenz\u00f3 a convulsionar, lo intubaron, pero, no resisti\u00f3\u00bb, ese es el relato de Elsa Reyes, una madre que perdi\u00f3 a su peque\u00f1o Darly, hace a\u00f1o y medio. \u201cCuando Darly estaba vivo y comenzaba a llover, para m\u00ed era angustiante, me daba miedo no poder salir y llegar a tiempo [&hellip;]","og_url":"https:\/\/www.manabi.gob.ec\/index.php\/la-construccion-del-puente-en-san-valentin-beneficia-a-importante-numero-de-familias-conformadas-por-adultos-mayores\/","og_site_name":"Prefectura de Manab\u00ed","article_published_time":"2022-01-25T17:47:26+00:00","article_modified_time":"2022-01-25T17:47:31+00:00","og_image":[{"width":1280,"height":576,"url":"https:\/\/www.manabi.gob.ec\/wp-content\/uploads\/2022\/01\/WhatsApp-Image-2022-01-21-at-16.08.21.jpeg","type":"image\/jpeg"}],"author":"admin","twitter_card":"summary_large_image","twitter_misc":{"Escrito por":"admin","Tiempo de lectura":"2 minutos"},"schema":{"@context":"https:\/\/schema.org","@graph":[{"@type":"Article","@id":"https:\/\/www.manabi.gob.ec\/index.php\/la-construccion-del-puente-en-san-valentin-beneficia-a-importante-numero-de-familias-conformadas-por-adultos-mayores\/#article","isPartOf":{"@id":"https:\/\/www.manabi.gob.ec\/index.php\/la-construccion-del-puente-en-san-valentin-beneficia-a-importante-numero-de-familias-conformadas-por-adultos-mayores\/"},"author":{"name":"admin","@id":"https:\/\/www.manabi.gob.ec\/#\/schema\/person\/cfc71bd68fe2703b779edcc292a49722"},"headline":"La construcci\u00f3n del puente en San Valent\u00edn beneficia a importante n\u00famero de familias conformadas por adultos mayores","datePublished":"2022-01-25T17:47:26+00:00","dateModified":"2022-01-25T17:47:31+00:00","mainEntityOfPage":{"@id":"https:\/\/www.manabi.gob.ec\/index.php\/la-construccion-del-puente-en-san-valentin-beneficia-a-importante-numero-de-familias-conformadas-por-adultos-mayores\/"},"wordCount":251,"image":{"@id":"https:\/\/www.manabi.gob.ec\/index.php\/la-construccion-del-puente-en-san-valentin-beneficia-a-importante-numero-de-familias-conformadas-por-adultos-mayores\/#primaryimage"},"thumbnailUrl":"https:\/\/www.manabi.gob.ec\/wp-content\/uploads\/2022\/01\/WhatsApp-Image-2022-01-21-at-16.08.21.jpeg","articleSection":["24 de Mayo"],"inLanguage":"es"},{"@type":"WebPage","@id":"https:\/\/www.manabi.gob.ec\/index.php\/la-construccion-del-puente-en-san-valentin-beneficia-a-importante-numero-de-familias-conformadas-por-adultos-mayores\/","url":"https:\/\/www.manabi.gob.ec\/index.php\/la-construccion-del-puente-en-san-valentin-beneficia-a-importante-numero-de-familias-conformadas-por-adultos-mayores\/","name":"La construcci\u00f3n del puente en San Valent\u00edn beneficia a importante n\u00famero de familias conformadas por adultos mayores - Prefectura de Manab\u00ed","isPartOf":{"@id":"https:\/\/www.manabi.gob.ec\/#website"},"primaryImageOfPage":{"@id":"https:\/\/www.manabi.gob.ec\/index.php\/la-construccion-del-puente-en-san-valentin-beneficia-a-importante-numero-de-familias-conformadas-por-adultos-mayores\/#primaryimage"},"image":{"@id":"https:\/\/www.manabi.gob.ec\/index.php\/la-construccion-del-puente-en-san-valentin-beneficia-a-importante-numero-de-familias-conformadas-por-adultos-mayores\/#primaryimage"},"thumbnailUrl":"https:\/\/www.manabi.gob.ec\/wp-content\/uploads\/2022\/01\/WhatsApp-Image-2022-01-21-at-16.08.21.jpeg","datePublished":"2022-01-25T17:47:26+00:00","dateModified":"2022-01-25T17:47:31+00:00","author":{"@id":"https:\/\/www.manabi.gob.ec\/#\/schema\/person\/cfc71bd68fe2703b779edcc292a49722"},"breadcrumb":{"@id":"https:\/\/www.manabi.gob.ec\/index.php\/la-construccion-del-puente-en-san-valentin-beneficia-a-importante-numero-de-familias-conformadas-por-adultos-mayores\/#breadcrumb"},"inLanguage":"es","potentialAction":[{"@type":"ReadAction","target":["https:\/\/www.manabi.gob.ec\/index.php\/la-construccion-del-puente-en-san-valentin-beneficia-a-importante-numero-de-familias-conformadas-por-adultos-mayores\/"]}]},{"@type":"ImageObject","inLanguage":"es","@id":"https:\/\/www.manabi.gob.ec\/index.php\/la-construccion-del-puente-en-san-valentin-beneficia-a-importante-numero-de-familias-conformadas-por-adultos-mayores\/#primaryimage","url":"https:\/\/www.manabi.gob.ec\/wp-content\/uploads\/2022\/01\/WhatsApp-Image-2022-01-21-at-16.08.21.jpeg","contentUrl":"https:\/\/www.manabi.gob.ec\/wp-content\/uploads\/2022\/01\/WhatsApp-Image-2022-01-21-at-16.08.21.jpeg","width":1280,"height":576},{"@type":"BreadcrumbList","@id":"https:\/\/www.manabi.gob.ec\/index.php\/la-construccion-del-puente-en-san-valentin-beneficia-a-importante-numero-de-familias-conformadas-por-adultos-mayores\/#breadcrumb","itemListElement":[{"@type":"ListItem","position":1,"name":"Portada","item":"https:\/\/www.manabi.gob.ec\/"},{"@type":"ListItem","position":2,"name":"La construcci\u00f3n del puente en San Valent\u00edn beneficia a importante n\u00famero de familias conformadas por adultos mayores"}]},{"@type":"WebSite","@id":"https:\/\/www.manabi.gob.ec\/#website","url":"https:\/\/www.manabi.gob.ec\/","name":"Prefectura de Manab\u00ed","description":"P\u00e1gina web de la prefectura","potentialAction":[{"@type":"SearchAction","target":{"@type":"EntryPoint","urlTemplate":"https:\/\/www.manabi.gob.ec\/?s={search_term_string}"},"query-input":{"@type":"PropertyValueSpecification","valueRequired":true,"valueName":"search_term_string"}}],"inLanguage":"es"},{"@type":"Person","@id":"https:\/\/www.manabi.gob.ec\/#\/schema\/person\/cfc71bd68fe2703b779edcc292a49722","name":"admin","image":{"@type":"ImageObject","inLanguage":"es","@id":"https:\/\/secure.gravatar.com\/avatar\/23e9f919492b0a2f65aa168e0d8c5c867ea853b61deffbadf08c7031e15b8d78?s=96&d=mm&r=g","url":"https:\/\/secure.gravatar.com\/avatar\/23e9f919492b0a2f65aa168e0d8c5c867ea853b61deffbadf08c7031e15b8d78?s=96&d=mm&r=g","contentUrl":"https:\/\/secure.gravatar.com\/avatar\/23e9f919492b0a2f65aa168e0d8c5c867ea853b61deffbadf08c7031e15b8d78?s=96&d=mm&r=g","caption":"admin"},"sameAs":["http:\/\/www.manabi.gob.ec"],"url":"https:\/\/www.manabi.gob.ec\/index.php\/author\/admin\/"}]}},"jetpack_featured_media_url":"https:\/\/www.manabi.gob.ec\/wp-content\/uploads\/2022\/01\/WhatsApp-Image-2022-01-21-at-16.08.21.jpeg","_links":{"self":[{"href":"https:\/\/www.manabi.gob.ec\/index.php\/wp-json\/wp\/v2\/posts\/19550","targetHints":{"allow":["GET"]}}],"collection":[{"href":"https:\/\/www.manabi.gob.ec\/index.php\/wp-json\/wp\/v2\/posts"}],"about":[{"href":"https:\/\/www.manabi.gob.ec\/index.php\/wp-json\/wp\/v2\/types\/post"}],"author":[{"embeddable":true,"href":"https:\/\/www.manabi.gob.ec\/index.php\/wp-json\/wp\/v2\/users\/1"}],"replies":[{"embeddable":true,"href":"https:\/\/www.manabi.gob.ec\/index.php\/wp-json\/wp\/v2\/comments?post=19550"}],"version-history":[{"count":0,"href":"https:\/\/www.manabi.gob.ec\/index.php\/wp-json\/wp\/v2\/posts\/19550\/revisions"}],"wp:featuredmedia":[{"embeddable":true,"href":"https:\/\/www.manabi.gob.ec\/index.php\/wp-json\/wp\/v2\/media\/19566"}],"wp:attachment":[{"href":"https:\/\/www.manabi.gob.ec\/index.php\/wp-json\/wp\/v2\/media?parent=19550"}],"wp:term":[{"taxonomy":"category","embeddable":true,"href":"https:\/\/www.manabi.gob.ec\/index.php\/wp-json\/wp\/v2\/categories?post=19550"},{"taxonomy":"post_tag","embeddable":true,"href":"https:\/\/www.manabi.gob.ec\/index.php\/wp-json\/wp\/v2\/tags?post=19550"}],"curies":[{"name":"wp","href":"https:\/\/api.w.org\/{rel}","templated":true}]}}