{"id":19660,"date":"2022-02-08T20:23:26","date_gmt":"2022-02-08T20:23:26","guid":{"rendered":"https:\/\/www.manabi.gob.ec\/?p=19660"},"modified":"2022-02-08T20:27:33","modified_gmt":"2022-02-08T20:27:33","slug":"llevamos-salud-a-grupos-prioritarios-de-santa-rita-de-chone","status":"publish","type":"post","link":"https:\/\/www.manabi.gob.ec\/index.php\/llevamos-salud-a-grupos-prioritarios-de-santa-rita-de-chone\/","title":{"rendered":"Llevamos salud a grupos prioritarios de Santa Rita de Chone"},"content":{"rendered":"\n<p>En silla de ruedas y acompa\u00f1ada de su hija, lleg\u00f3 Estrella Miriam V\u00e9lez Macay, de 55 a\u00f1os de edad, a la jornada de salud que realiz\u00f3 por segundo a\u00f1o consecutivo la Prefectura de Manab\u00ed, en la ciudadela Camilo Giler de la parroquia Santa Rita del cant\u00f3n Chone.<\/p>\n\n\n\n<p>\u00abHace tres a\u00f1os sufri\u00f3 un derrame cerebral, ya no puede hablar, y somos gente pobre. Cuando me enter\u00e9 que la brigada m\u00e9dica estar\u00eda aqu\u00ed no dude en traer a mi mam\u00e1. Ella fue evaluada y recibi\u00f3 medicina gratuita\u00bb, expres\u00f3 Maryury Valencia V\u00e9lez, quien tambi\u00e9n aprovech\u00f3 la visita de los m\u00e9dicos a su sector, para que sus 4 hijos fueran atendidos en salud, y reciban desparasitantes y vitaminas.<\/p>\n\n\n\n<p>La jornada de salud se desarroll\u00f3 desde la ma\u00f1ana y mediod\u00eda de este martes 01 de febrero, con la participaci\u00f3n de 2 m\u00e9dicos y 2 auxiliares en enfermer\u00eda. Se atendieron m\u00e1s de 60 personas muy pobres que no tienen recursos para asistencia en salud, entre ni\u00f1os, j\u00f3venes y adultos mayores.<\/p>\n\n\n\n<p>Esta actividad se cumple en el marco del proyecto Operaci\u00f3n Justicia Social y del programa Manab\u00ed Saludable, con el que la Prefectura realiza&nbsp;brigadas m\u00e9dicas en diferentes sectores de la provincia.<\/p>\n","protected":false},"excerpt":{"rendered":"<p>En silla de ruedas y acompa\u00f1ada de su hija, lleg\u00f3 Estrella Miriam V\u00e9lez Macay, de 55 a\u00f1os de edad, a la jornada de salud que realiz\u00f3 por segundo a\u00f1o consecutivo la Prefectura de Manab\u00ed, en la ciudadela Camilo Giler de la parroquia Santa Rita del cant\u00f3n Chone. \u00abHace tres a\u00f1os sufri\u00f3 un derrame cerebral, ya [&hellip;]<\/p>\n","protected":false},"author":1,"featured_media":19661,"comment_status":"closed","ping_status":"closed","sticky":false,"template":"","format":"standard","meta":{"_joinchat":[],"footnotes":""},"categories":[141,127],"tags":[],"class_list":["post-19660","post","type-post","status-publish","format-standard","has-post-thumbnail","hentry","category-chone","category-vialidad"],"yoast_head":"<!-- This site is optimized with the Yoast SEO plugin v27.4 - https:\/\/yoast.com\/product\/yoast-seo-wordpress\/ -->\n<title>Llevamos salud a grupos prioritarios de Santa Rita de Chone - Prefectura de Manab\u00ed<\/title>\n<meta name=\"robots\" content=\"index, follow, max-snippet:-1, max-image-preview:large, max-video-preview:-1\" \/>\n<link rel=\"canonical\" href=\"https:\/\/www.manabi.gob.ec\/index.php\/llevamos-salud-a-grupos-prioritarios-de-santa-rita-de-chone\/\" \/>\n<meta property=\"og:locale\" content=\"es_ES\" \/>\n<meta property=\"og:type\" content=\"article\" \/>\n<meta property=\"og:title\" content=\"Llevamos salud a grupos prioritarios de Santa Rita de Chone - Prefectura de Manab\u00ed\" \/>\n<meta property=\"og:description\" content=\"En silla de ruedas y acompa\u00f1ada de su hija, lleg\u00f3 Estrella Miriam V\u00e9lez Macay, de 55 a\u00f1os de edad, a la jornada de salud que realiz\u00f3 por segundo a\u00f1o consecutivo la Prefectura de Manab\u00ed, en la ciudadela Camilo Giler de la parroquia Santa Rita del cant\u00f3n Chone. \u00abHace tres a\u00f1os sufri\u00f3 un derrame cerebral, ya [&hellip;]\" \/>\n<meta property=\"og:url\" content=\"https:\/\/www.manabi.gob.ec\/index.php\/llevamos-salud-a-grupos-prioritarios-de-santa-rita-de-chone\/\" \/>\n<meta property=\"og:site_name\" content=\"Prefectura de Manab\u00ed\" \/>\n<meta property=\"article:published_time\" content=\"2022-02-08T20:23:26+00:00\" \/>\n<meta property=\"article:modified_time\" content=\"2022-02-08T20:27:33+00:00\" \/>\n<meta property=\"og:image\" content=\"https:\/\/www.manabi.gob.ec\/wp-content\/uploads\/2022\/02\/WhatsApp-Image-2022-02-01-at-15.30.31.jpeg\" \/>\n\t<meta property=\"og:image:width\" content=\"1280\" \/>\n\t<meta property=\"og:image:height\" content=\"696\" \/>\n\t<meta property=\"og:image:type\" content=\"image\/jpeg\" \/>\n<meta name=\"author\" content=\"admin\" \/>\n<meta name=\"twitter:card\" content=\"summary_large_image\" \/>\n<meta name=\"twitter:label1\" content=\"Escrito por\" \/>\n\t<meta name=\"twitter:data1\" content=\"admin\" \/>\n\t<meta name=\"twitter:label2\" content=\"Tiempo de lectura\" \/>\n\t<meta name=\"twitter:data2\" content=\"1 minuto\" \/>\n<script type=\"application\/ld+json\" class=\"yoast-schema-graph\">{\"@context\":\"https:\\\/\\\/schema.org\",\"@graph\":[{\"@type\":\"Article\",\"@id\":\"https:\\\/\\\/www.manabi.gob.ec\\\/index.php\\\/llevamos-salud-a-grupos-prioritarios-de-santa-rita-de-chone\\\/#article\",\"isPartOf\":{\"@id\":\"https:\\\/\\\/www.manabi.gob.ec\\\/index.php\\\/llevamos-salud-a-grupos-prioritarios-de-santa-rita-de-chone\\\/\"},\"author\":{\"name\":\"admin\",\"@id\":\"https:\\\/\\\/www.manabi.gob.ec\\\/#\\\/schema\\\/person\\\/cfc71bd68fe2703b779edcc292a49722\"},\"headline\":\"Llevamos salud a grupos prioritarios de Santa Rita de Chone\",\"datePublished\":\"2022-02-08T20:23:26+00:00\",\"dateModified\":\"2022-02-08T20:27:33+00:00\",\"mainEntityOfPage\":{\"@id\":\"https:\\\/\\\/www.manabi.gob.ec\\\/index.php\\\/llevamos-salud-a-grupos-prioritarios-de-santa-rita-de-chone\\\/\"},\"wordCount\":221,\"image\":{\"@id\":\"https:\\\/\\\/www.manabi.gob.ec\\\/index.php\\\/llevamos-salud-a-grupos-prioritarios-de-santa-rita-de-chone\\\/#primaryimage\"},\"thumbnailUrl\":\"https:\\\/\\\/www.manabi.gob.ec\\\/wp-content\\\/uploads\\\/2022\\\/02\\\/WhatsApp-Image-2022-02-01-at-15.30.31.jpeg\",\"articleSection\":[\"Chone\",\"Vialidad\"],\"inLanguage\":\"es\"},{\"@type\":\"WebPage\",\"@id\":\"https:\\\/\\\/www.manabi.gob.ec\\\/index.php\\\/llevamos-salud-a-grupos-prioritarios-de-santa-rita-de-chone\\\/\",\"url\":\"https:\\\/\\\/www.manabi.gob.ec\\\/index.php\\\/llevamos-salud-a-grupos-prioritarios-de-santa-rita-de-chone\\\/\",\"name\":\"Llevamos salud a grupos prioritarios de Santa Rita de Chone - Prefectura de Manab\u00ed\",\"isPartOf\":{\"@id\":\"https:\\\/\\\/www.manabi.gob.ec\\\/#website\"},\"primaryImageOfPage\":{\"@id\":\"https:\\\/\\\/www.manabi.gob.ec\\\/index.php\\\/llevamos-salud-a-grupos-prioritarios-de-santa-rita-de-chone\\\/#primaryimage\"},\"image\":{\"@id\":\"https:\\\/\\\/www.manabi.gob.ec\\\/index.php\\\/llevamos-salud-a-grupos-prioritarios-de-santa-rita-de-chone\\\/#primaryimage\"},\"thumbnailUrl\":\"https:\\\/\\\/www.manabi.gob.ec\\\/wp-content\\\/uploads\\\/2022\\\/02\\\/WhatsApp-Image-2022-02-01-at-15.30.31.jpeg\",\"datePublished\":\"2022-02-08T20:23:26+00:00\",\"dateModified\":\"2022-02-08T20:27:33+00:00\",\"author\":{\"@id\":\"https:\\\/\\\/www.manabi.gob.ec\\\/#\\\/schema\\\/person\\\/cfc71bd68fe2703b779edcc292a49722\"},\"breadcrumb\":{\"@id\":\"https:\\\/\\\/www.manabi.gob.ec\\\/index.php\\\/llevamos-salud-a-grupos-prioritarios-de-santa-rita-de-chone\\\/#breadcrumb\"},\"inLanguage\":\"es\",\"potentialAction\":[{\"@type\":\"ReadAction\",\"target\":[\"https:\\\/\\\/www.manabi.gob.ec\\\/index.php\\\/llevamos-salud-a-grupos-prioritarios-de-santa-rita-de-chone\\\/\"]}]},{\"@type\":\"ImageObject\",\"inLanguage\":\"es\",\"@id\":\"https:\\\/\\\/www.manabi.gob.ec\\\/index.php\\\/llevamos-salud-a-grupos-prioritarios-de-santa-rita-de-chone\\\/#primaryimage\",\"url\":\"https:\\\/\\\/www.manabi.gob.ec\\\/wp-content\\\/uploads\\\/2022\\\/02\\\/WhatsApp-Image-2022-02-01-at-15.30.31.jpeg\",\"contentUrl\":\"https:\\\/\\\/www.manabi.gob.ec\\\/wp-content\\\/uploads\\\/2022\\\/02\\\/WhatsApp-Image-2022-02-01-at-15.30.31.jpeg\",\"width\":1280,\"height\":696},{\"@type\":\"BreadcrumbList\",\"@id\":\"https:\\\/\\\/www.manabi.gob.ec\\\/index.php\\\/llevamos-salud-a-grupos-prioritarios-de-santa-rita-de-chone\\\/#breadcrumb\",\"itemListElement\":[{\"@type\":\"ListItem\",\"position\":1,\"name\":\"Portada\",\"item\":\"https:\\\/\\\/www.manabi.gob.ec\\\/\"},{\"@type\":\"ListItem\",\"position\":2,\"name\":\"Llevamos salud a grupos prioritarios de Santa Rita de Chone\"}]},{\"@type\":\"WebSite\",\"@id\":\"https:\\\/\\\/www.manabi.gob.ec\\\/#website\",\"url\":\"https:\\\/\\\/www.manabi.gob.ec\\\/\",\"name\":\"Prefectura de Manab\u00ed\",\"description\":\"P\u00e1gina web de la prefectura\",\"potentialAction\":[{\"@type\":\"SearchAction\",\"target\":{\"@type\":\"EntryPoint\",\"urlTemplate\":\"https:\\\/\\\/www.manabi.gob.ec\\\/?s={search_term_string}\"},\"query-input\":{\"@type\":\"PropertyValueSpecification\",\"valueRequired\":true,\"valueName\":\"search_term_string\"}}],\"inLanguage\":\"es\"},{\"@type\":\"Person\",\"@id\":\"https:\\\/\\\/www.manabi.gob.ec\\\/#\\\/schema\\\/person\\\/cfc71bd68fe2703b779edcc292a49722\",\"name\":\"admin\",\"image\":{\"@type\":\"ImageObject\",\"inLanguage\":\"es\",\"@id\":\"https:\\\/\\\/secure.gravatar.com\\\/avatar\\\/23e9f919492b0a2f65aa168e0d8c5c867ea853b61deffbadf08c7031e15b8d78?s=96&d=mm&r=g\",\"url\":\"https:\\\/\\\/secure.gravatar.com\\\/avatar\\\/23e9f919492b0a2f65aa168e0d8c5c867ea853b61deffbadf08c7031e15b8d78?s=96&d=mm&r=g\",\"contentUrl\":\"https:\\\/\\\/secure.gravatar.com\\\/avatar\\\/23e9f919492b0a2f65aa168e0d8c5c867ea853b61deffbadf08c7031e15b8d78?s=96&d=mm&r=g\",\"caption\":\"admin\"},\"sameAs\":[\"http:\\\/\\\/www.manabi.gob.ec\"],\"url\":\"https:\\\/\\\/www.manabi.gob.ec\\\/index.php\\\/author\\\/admin\\\/\"}]}<\/script>\n<!-- \/ Yoast SEO plugin. -->","yoast_head_json":{"title":"Llevamos salud a grupos prioritarios de Santa Rita de Chone - Prefectura de Manab\u00ed","robots":{"index":"index","follow":"follow","max-snippet":"max-snippet:-1","max-image-preview":"max-image-preview:large","max-video-preview":"max-video-preview:-1"},"canonical":"https:\/\/www.manabi.gob.ec\/index.php\/llevamos-salud-a-grupos-prioritarios-de-santa-rita-de-chone\/","og_locale":"es_ES","og_type":"article","og_title":"Llevamos salud a grupos prioritarios de Santa Rita de Chone - Prefectura de Manab\u00ed","og_description":"En silla de ruedas y acompa\u00f1ada de su hija, lleg\u00f3 Estrella Miriam V\u00e9lez Macay, de 55 a\u00f1os de edad, a la jornada de salud que realiz\u00f3 por segundo a\u00f1o consecutivo la Prefectura de Manab\u00ed, en la ciudadela Camilo Giler de la parroquia Santa Rita del cant\u00f3n Chone. \u00abHace tres a\u00f1os sufri\u00f3 un derrame cerebral, ya [&hellip;]","og_url":"https:\/\/www.manabi.gob.ec\/index.php\/llevamos-salud-a-grupos-prioritarios-de-santa-rita-de-chone\/","og_site_name":"Prefectura de Manab\u00ed","article_published_time":"2022-02-08T20:23:26+00:00","article_modified_time":"2022-02-08T20:27:33+00:00","og_image":[{"width":1280,"height":696,"url":"https:\/\/www.manabi.gob.ec\/wp-content\/uploads\/2022\/02\/WhatsApp-Image-2022-02-01-at-15.30.31.jpeg","type":"image\/jpeg"}],"author":"admin","twitter_card":"summary_large_image","twitter_misc":{"Escrito por":"admin","Tiempo de lectura":"1 minuto"},"schema":{"@context":"https:\/\/schema.org","@graph":[{"@type":"Article","@id":"https:\/\/www.manabi.gob.ec\/index.php\/llevamos-salud-a-grupos-prioritarios-de-santa-rita-de-chone\/#article","isPartOf":{"@id":"https:\/\/www.manabi.gob.ec\/index.php\/llevamos-salud-a-grupos-prioritarios-de-santa-rita-de-chone\/"},"author":{"name":"admin","@id":"https:\/\/www.manabi.gob.ec\/#\/schema\/person\/cfc71bd68fe2703b779edcc292a49722"},"headline":"Llevamos salud a grupos prioritarios de Santa Rita de Chone","datePublished":"2022-02-08T20:23:26+00:00","dateModified":"2022-02-08T20:27:33+00:00","mainEntityOfPage":{"@id":"https:\/\/www.manabi.gob.ec\/index.php\/llevamos-salud-a-grupos-prioritarios-de-santa-rita-de-chone\/"},"wordCount":221,"image":{"@id":"https:\/\/www.manabi.gob.ec\/index.php\/llevamos-salud-a-grupos-prioritarios-de-santa-rita-de-chone\/#primaryimage"},"thumbnailUrl":"https:\/\/www.manabi.gob.ec\/wp-content\/uploads\/2022\/02\/WhatsApp-Image-2022-02-01-at-15.30.31.jpeg","articleSection":["Chone","Vialidad"],"inLanguage":"es"},{"@type":"WebPage","@id":"https:\/\/www.manabi.gob.ec\/index.php\/llevamos-salud-a-grupos-prioritarios-de-santa-rita-de-chone\/","url":"https:\/\/www.manabi.gob.ec\/index.php\/llevamos-salud-a-grupos-prioritarios-de-santa-rita-de-chone\/","name":"Llevamos salud a grupos prioritarios de Santa Rita de Chone - Prefectura de Manab\u00ed","isPartOf":{"@id":"https:\/\/www.manabi.gob.ec\/#website"},"primaryImageOfPage":{"@id":"https:\/\/www.manabi.gob.ec\/index.php\/llevamos-salud-a-grupos-prioritarios-de-santa-rita-de-chone\/#primaryimage"},"image":{"@id":"https:\/\/www.manabi.gob.ec\/index.php\/llevamos-salud-a-grupos-prioritarios-de-santa-rita-de-chone\/#primaryimage"},"thumbnailUrl":"https:\/\/www.manabi.gob.ec\/wp-content\/uploads\/2022\/02\/WhatsApp-Image-2022-02-01-at-15.30.31.jpeg","datePublished":"2022-02-08T20:23:26+00:00","dateModified":"2022-02-08T20:27:33+00:00","author":{"@id":"https:\/\/www.manabi.gob.ec\/#\/schema\/person\/cfc71bd68fe2703b779edcc292a49722"},"breadcrumb":{"@id":"https:\/\/www.manabi.gob.ec\/index.php\/llevamos-salud-a-grupos-prioritarios-de-santa-rita-de-chone\/#breadcrumb"},"inLanguage":"es","potentialAction":[{"@type":"ReadAction","target":["https:\/\/www.manabi.gob.ec\/index.php\/llevamos-salud-a-grupos-prioritarios-de-santa-rita-de-chone\/"]}]},{"@type":"ImageObject","inLanguage":"es","@id":"https:\/\/www.manabi.gob.ec\/index.php\/llevamos-salud-a-grupos-prioritarios-de-santa-rita-de-chone\/#primaryimage","url":"https:\/\/www.manabi.gob.ec\/wp-content\/uploads\/2022\/02\/WhatsApp-Image-2022-02-01-at-15.30.31.jpeg","contentUrl":"https:\/\/www.manabi.gob.ec\/wp-content\/uploads\/2022\/02\/WhatsApp-Image-2022-02-01-at-15.30.31.jpeg","width":1280,"height":696},{"@type":"BreadcrumbList","@id":"https:\/\/www.manabi.gob.ec\/index.php\/llevamos-salud-a-grupos-prioritarios-de-santa-rita-de-chone\/#breadcrumb","itemListElement":[{"@type":"ListItem","position":1,"name":"Portada","item":"https:\/\/www.manabi.gob.ec\/"},{"@type":"ListItem","position":2,"name":"Llevamos salud a grupos prioritarios de Santa Rita de Chone"}]},{"@type":"WebSite","@id":"https:\/\/www.manabi.gob.ec\/#website","url":"https:\/\/www.manabi.gob.ec\/","name":"Prefectura de Manab\u00ed","description":"P\u00e1gina web de la prefectura","potentialAction":[{"@type":"SearchAction","target":{"@type":"EntryPoint","urlTemplate":"https:\/\/www.manabi.gob.ec\/?s={search_term_string}"},"query-input":{"@type":"PropertyValueSpecification","valueRequired":true,"valueName":"search_term_string"}}],"inLanguage":"es"},{"@type":"Person","@id":"https:\/\/www.manabi.gob.ec\/#\/schema\/person\/cfc71bd68fe2703b779edcc292a49722","name":"admin","image":{"@type":"ImageObject","inLanguage":"es","@id":"https:\/\/secure.gravatar.com\/avatar\/23e9f919492b0a2f65aa168e0d8c5c867ea853b61deffbadf08c7031e15b8d78?s=96&d=mm&r=g","url":"https:\/\/secure.gravatar.com\/avatar\/23e9f919492b0a2f65aa168e0d8c5c867ea853b61deffbadf08c7031e15b8d78?s=96&d=mm&r=g","contentUrl":"https:\/\/secure.gravatar.com\/avatar\/23e9f919492b0a2f65aa168e0d8c5c867ea853b61deffbadf08c7031e15b8d78?s=96&d=mm&r=g","caption":"admin"},"sameAs":["http:\/\/www.manabi.gob.ec"],"url":"https:\/\/www.manabi.gob.ec\/index.php\/author\/admin\/"}]}},"jetpack_featured_media_url":"https:\/\/www.manabi.gob.ec\/wp-content\/uploads\/2022\/02\/WhatsApp-Image-2022-02-01-at-15.30.31.jpeg","_links":{"self":[{"href":"https:\/\/www.manabi.gob.ec\/index.php\/wp-json\/wp\/v2\/posts\/19660","targetHints":{"allow":["GET"]}}],"collection":[{"href":"https:\/\/www.manabi.gob.ec\/index.php\/wp-json\/wp\/v2\/posts"}],"about":[{"href":"https:\/\/www.manabi.gob.ec\/index.php\/wp-json\/wp\/v2\/types\/post"}],"author":[{"embeddable":true,"href":"https:\/\/www.manabi.gob.ec\/index.php\/wp-json\/wp\/v2\/users\/1"}],"replies":[{"embeddable":true,"href":"https:\/\/www.manabi.gob.ec\/index.php\/wp-json\/wp\/v2\/comments?post=19660"}],"version-history":[{"count":0,"href":"https:\/\/www.manabi.gob.ec\/index.php\/wp-json\/wp\/v2\/posts\/19660\/revisions"}],"wp:featuredmedia":[{"embeddable":true,"href":"https:\/\/www.manabi.gob.ec\/index.php\/wp-json\/wp\/v2\/media\/19661"}],"wp:attachment":[{"href":"https:\/\/www.manabi.gob.ec\/index.php\/wp-json\/wp\/v2\/media?parent=19660"}],"wp:term":[{"taxonomy":"category","embeddable":true,"href":"https:\/\/www.manabi.gob.ec\/index.php\/wp-json\/wp\/v2\/categories?post=19660"},{"taxonomy":"post_tag","embeddable":true,"href":"https:\/\/www.manabi.gob.ec\/index.php\/wp-json\/wp\/v2\/tags?post=19660"}],"curies":[{"name":"wp","href":"https:\/\/api.w.org\/{rel}","templated":true}]}}