{"id":19693,"date":"2022-02-08T21:29:04","date_gmt":"2022-02-08T21:29:04","guid":{"rendered":"https:\/\/www.manabi.gob.ec\/?p=19693"},"modified":"2022-02-08T21:29:08","modified_gmt":"2022-02-08T21:29:08","slug":"trabajamos-en-la-colocacion-de-piedra-escollera-y-reforzamiento-de-muro-en-las-gilces-de-crucita","status":"publish","type":"post","link":"https:\/\/www.manabi.gob.ec\/index.php\/trabajamos-en-la-colocacion-de-piedra-escollera-y-reforzamiento-de-muro-en-las-gilces-de-crucita\/","title":{"rendered":"Trabajamos en la colocaci\u00f3n de piedra escollera y reforzamiento de muro en Las Gilces de Crucita"},"content":{"rendered":"\n<p>Desde la direcci\u00f3n de Gesti\u00f3n Vial e Infraestructura P\u00fablica de la Prefectura de Manab\u00ed, se trabaja en la construcci\u00f3n y refuerzo del muro existente en el sitio Las Gilces de la parroquia Crucita de Portoviejo. Se prev\u00e9 intervenir en 6 puntos cr\u00edticos en una longitud de 700 metros, aproximadamente.<\/p>\n\n\n\n<p>Luego de que se conocieran los riegos que se presentan, tras las fuertes oleajes en el perfil costero, la respuesta r\u00e1pida y acci\u00f3n emergente del prefecto, Leonardo Orlando, se evidenci\u00f3 en el env\u00edo de maquinaria con el fin de evitar da\u00f1os en las viviendas ubicadas en zona de riesgo.<\/p>\n\n\n\n<p>Jos\u00e9 Miguel Ponce, residente de la obra y responsable de la misma, indic\u00f3 que los trabajos se desarrollan en los sectores San Felipe y Ni\u00f1o Caracol donde se colocar\u00e1n 6.583,42 m3 de piedra escollera que evitar\u00e1 inundaciones.<br>Bol\u00edvar Aragundi es dirigente del sector Las Gilces, y comenta con agrado la satisfacci\u00f3n de los habitantes al recibir una respuesta positiva y, sobre todo, oportuna del persona t\u00e9cnico de la Prefectura. Dice que apenas convers\u00f3 con el Prefecto Orlando, se comprometi\u00f3 y envi\u00f3 personal.<\/p>\n\n\n\n<p><br>La casa de Mariela Reyes, que est\u00e1 frente al mar,impactada por las olas, y entre l\u00e1grimas dijo sentirse protegida tras la acci\u00f3n inmediata del prefecto, Leonardo Orlando.<\/p>\n","protected":false},"excerpt":{"rendered":"<p>Desde la direcci\u00f3n de Gesti\u00f3n Vial e Infraestructura P\u00fablica de la Prefectura de Manab\u00ed, se trabaja en la construcci\u00f3n y refuerzo del muro existente en el sitio Las Gilces de la parroquia Crucita de Portoviejo. Se prev\u00e9 intervenir en 6 puntos cr\u00edticos en una longitud de 700 metros, aproximadamente. Luego de que se conocieran los [&hellip;]<\/p>\n","protected":false},"author":1,"featured_media":19694,"comment_status":"closed","ping_status":"closed","sticky":false,"template":"","format":"standard","meta":{"_joinchat":[],"footnotes":""},"categories":[222,127],"tags":[],"class_list":["post-19693","post","type-post","status-publish","format-standard","has-post-thumbnail","hentry","category-crucita","category-vialidad"],"yoast_head":"<!-- This site is optimized with the Yoast SEO plugin v27.4 - https:\/\/yoast.com\/product\/yoast-seo-wordpress\/ -->\n<title>Trabajamos en la colocaci\u00f3n de piedra escollera y reforzamiento de muro en Las Gilces de Crucita - Prefectura de Manab\u00ed<\/title>\n<meta name=\"robots\" content=\"index, follow, max-snippet:-1, max-image-preview:large, max-video-preview:-1\" \/>\n<link rel=\"canonical\" href=\"https:\/\/www.manabi.gob.ec\/index.php\/trabajamos-en-la-colocacion-de-piedra-escollera-y-reforzamiento-de-muro-en-las-gilces-de-crucita\/\" \/>\n<meta property=\"og:locale\" content=\"es_ES\" \/>\n<meta property=\"og:type\" content=\"article\" \/>\n<meta property=\"og:title\" content=\"Trabajamos en la colocaci\u00f3n de piedra escollera y reforzamiento de muro en Las Gilces de Crucita - Prefectura de Manab\u00ed\" \/>\n<meta property=\"og:description\" content=\"Desde la direcci\u00f3n de Gesti\u00f3n Vial e Infraestructura P\u00fablica de la Prefectura de Manab\u00ed, se trabaja en la construcci\u00f3n y refuerzo del muro existente en el sitio Las Gilces de la parroquia Crucita de Portoviejo. Se prev\u00e9 intervenir en 6 puntos cr\u00edticos en una longitud de 700 metros, aproximadamente. Luego de que se conocieran los [&hellip;]\" \/>\n<meta property=\"og:url\" content=\"https:\/\/www.manabi.gob.ec\/index.php\/trabajamos-en-la-colocacion-de-piedra-escollera-y-reforzamiento-de-muro-en-las-gilces-de-crucita\/\" \/>\n<meta property=\"og:site_name\" content=\"Prefectura de Manab\u00ed\" \/>\n<meta property=\"article:published_time\" content=\"2022-02-08T21:29:04+00:00\" \/>\n<meta property=\"article:modified_time\" content=\"2022-02-08T21:29:08+00:00\" \/>\n<meta property=\"og:image\" content=\"https:\/\/www.manabi.gob.ec\/wp-content\/uploads\/2022\/02\/WhatsApp-Image-2022-02-07-at-21.36.48.jpeg\" \/>\n\t<meta property=\"og:image:width\" content=\"1280\" \/>\n\t<meta property=\"og:image:height\" content=\"720\" \/>\n\t<meta property=\"og:image:type\" content=\"image\/jpeg\" \/>\n<meta name=\"author\" content=\"admin\" \/>\n<meta name=\"twitter:card\" content=\"summary_large_image\" \/>\n<meta name=\"twitter:label1\" content=\"Escrito por\" \/>\n\t<meta name=\"twitter:data1\" content=\"admin\" \/>\n\t<meta name=\"twitter:label2\" content=\"Tiempo de lectura\" \/>\n\t<meta name=\"twitter:data2\" content=\"1 minuto\" \/>\n<script type=\"application\/ld+json\" class=\"yoast-schema-graph\">{\"@context\":\"https:\\\/\\\/schema.org\",\"@graph\":[{\"@type\":\"Article\",\"@id\":\"https:\\\/\\\/www.manabi.gob.ec\\\/index.php\\\/trabajamos-en-la-colocacion-de-piedra-escollera-y-reforzamiento-de-muro-en-las-gilces-de-crucita\\\/#article\",\"isPartOf\":{\"@id\":\"https:\\\/\\\/www.manabi.gob.ec\\\/index.php\\\/trabajamos-en-la-colocacion-de-piedra-escollera-y-reforzamiento-de-muro-en-las-gilces-de-crucita\\\/\"},\"author\":{\"name\":\"admin\",\"@id\":\"https:\\\/\\\/www.manabi.gob.ec\\\/#\\\/schema\\\/person\\\/cfc71bd68fe2703b779edcc292a49722\"},\"headline\":\"Trabajamos en la colocaci\u00f3n de piedra escollera y reforzamiento de muro en Las Gilces de Crucita\",\"datePublished\":\"2022-02-08T21:29:04+00:00\",\"dateModified\":\"2022-02-08T21:29:08+00:00\",\"mainEntityOfPage\":{\"@id\":\"https:\\\/\\\/www.manabi.gob.ec\\\/index.php\\\/trabajamos-en-la-colocacion-de-piedra-escollera-y-reforzamiento-de-muro-en-las-gilces-de-crucita\\\/\"},\"wordCount\":238,\"image\":{\"@id\":\"https:\\\/\\\/www.manabi.gob.ec\\\/index.php\\\/trabajamos-en-la-colocacion-de-piedra-escollera-y-reforzamiento-de-muro-en-las-gilces-de-crucita\\\/#primaryimage\"},\"thumbnailUrl\":\"https:\\\/\\\/www.manabi.gob.ec\\\/wp-content\\\/uploads\\\/2022\\\/02\\\/WhatsApp-Image-2022-02-07-at-21.36.48.jpeg\",\"articleSection\":[\"Crucita\",\"Vialidad\"],\"inLanguage\":\"es\"},{\"@type\":\"WebPage\",\"@id\":\"https:\\\/\\\/www.manabi.gob.ec\\\/index.php\\\/trabajamos-en-la-colocacion-de-piedra-escollera-y-reforzamiento-de-muro-en-las-gilces-de-crucita\\\/\",\"url\":\"https:\\\/\\\/www.manabi.gob.ec\\\/index.php\\\/trabajamos-en-la-colocacion-de-piedra-escollera-y-reforzamiento-de-muro-en-las-gilces-de-crucita\\\/\",\"name\":\"Trabajamos en la colocaci\u00f3n de piedra escollera y reforzamiento de muro en Las Gilces de Crucita - Prefectura de Manab\u00ed\",\"isPartOf\":{\"@id\":\"https:\\\/\\\/www.manabi.gob.ec\\\/#website\"},\"primaryImageOfPage\":{\"@id\":\"https:\\\/\\\/www.manabi.gob.ec\\\/index.php\\\/trabajamos-en-la-colocacion-de-piedra-escollera-y-reforzamiento-de-muro-en-las-gilces-de-crucita\\\/#primaryimage\"},\"image\":{\"@id\":\"https:\\\/\\\/www.manabi.gob.ec\\\/index.php\\\/trabajamos-en-la-colocacion-de-piedra-escollera-y-reforzamiento-de-muro-en-las-gilces-de-crucita\\\/#primaryimage\"},\"thumbnailUrl\":\"https:\\\/\\\/www.manabi.gob.ec\\\/wp-content\\\/uploads\\\/2022\\\/02\\\/WhatsApp-Image-2022-02-07-at-21.36.48.jpeg\",\"datePublished\":\"2022-02-08T21:29:04+00:00\",\"dateModified\":\"2022-02-08T21:29:08+00:00\",\"author\":{\"@id\":\"https:\\\/\\\/www.manabi.gob.ec\\\/#\\\/schema\\\/person\\\/cfc71bd68fe2703b779edcc292a49722\"},\"breadcrumb\":{\"@id\":\"https:\\\/\\\/www.manabi.gob.ec\\\/index.php\\\/trabajamos-en-la-colocacion-de-piedra-escollera-y-reforzamiento-de-muro-en-las-gilces-de-crucita\\\/#breadcrumb\"},\"inLanguage\":\"es\",\"potentialAction\":[{\"@type\":\"ReadAction\",\"target\":[\"https:\\\/\\\/www.manabi.gob.ec\\\/index.php\\\/trabajamos-en-la-colocacion-de-piedra-escollera-y-reforzamiento-de-muro-en-las-gilces-de-crucita\\\/\"]}]},{\"@type\":\"ImageObject\",\"inLanguage\":\"es\",\"@id\":\"https:\\\/\\\/www.manabi.gob.ec\\\/index.php\\\/trabajamos-en-la-colocacion-de-piedra-escollera-y-reforzamiento-de-muro-en-las-gilces-de-crucita\\\/#primaryimage\",\"url\":\"https:\\\/\\\/www.manabi.gob.ec\\\/wp-content\\\/uploads\\\/2022\\\/02\\\/WhatsApp-Image-2022-02-07-at-21.36.48.jpeg\",\"contentUrl\":\"https:\\\/\\\/www.manabi.gob.ec\\\/wp-content\\\/uploads\\\/2022\\\/02\\\/WhatsApp-Image-2022-02-07-at-21.36.48.jpeg\",\"width\":1280,\"height\":720},{\"@type\":\"BreadcrumbList\",\"@id\":\"https:\\\/\\\/www.manabi.gob.ec\\\/index.php\\\/trabajamos-en-la-colocacion-de-piedra-escollera-y-reforzamiento-de-muro-en-las-gilces-de-crucita\\\/#breadcrumb\",\"itemListElement\":[{\"@type\":\"ListItem\",\"position\":1,\"name\":\"Portada\",\"item\":\"https:\\\/\\\/www.manabi.gob.ec\\\/\"},{\"@type\":\"ListItem\",\"position\":2,\"name\":\"Trabajamos en la colocaci\u00f3n de piedra escollera y reforzamiento de muro en Las Gilces de Crucita\"}]},{\"@type\":\"WebSite\",\"@id\":\"https:\\\/\\\/www.manabi.gob.ec\\\/#website\",\"url\":\"https:\\\/\\\/www.manabi.gob.ec\\\/\",\"name\":\"Prefectura de Manab\u00ed\",\"description\":\"P\u00e1gina web de la prefectura\",\"potentialAction\":[{\"@type\":\"SearchAction\",\"target\":{\"@type\":\"EntryPoint\",\"urlTemplate\":\"https:\\\/\\\/www.manabi.gob.ec\\\/?s={search_term_string}\"},\"query-input\":{\"@type\":\"PropertyValueSpecification\",\"valueRequired\":true,\"valueName\":\"search_term_string\"}}],\"inLanguage\":\"es\"},{\"@type\":\"Person\",\"@id\":\"https:\\\/\\\/www.manabi.gob.ec\\\/#\\\/schema\\\/person\\\/cfc71bd68fe2703b779edcc292a49722\",\"name\":\"admin\",\"image\":{\"@type\":\"ImageObject\",\"inLanguage\":\"es\",\"@id\":\"https:\\\/\\\/secure.gravatar.com\\\/avatar\\\/23e9f919492b0a2f65aa168e0d8c5c867ea853b61deffbadf08c7031e15b8d78?s=96&d=mm&r=g\",\"url\":\"https:\\\/\\\/secure.gravatar.com\\\/avatar\\\/23e9f919492b0a2f65aa168e0d8c5c867ea853b61deffbadf08c7031e15b8d78?s=96&d=mm&r=g\",\"contentUrl\":\"https:\\\/\\\/secure.gravatar.com\\\/avatar\\\/23e9f919492b0a2f65aa168e0d8c5c867ea853b61deffbadf08c7031e15b8d78?s=96&d=mm&r=g\",\"caption\":\"admin\"},\"sameAs\":[\"http:\\\/\\\/www.manabi.gob.ec\"],\"url\":\"https:\\\/\\\/www.manabi.gob.ec\\\/index.php\\\/author\\\/admin\\\/\"}]}<\/script>\n<!-- \/ Yoast SEO plugin. -->","yoast_head_json":{"title":"Trabajamos en la colocaci\u00f3n de piedra escollera y reforzamiento de muro en Las Gilces de Crucita - Prefectura de Manab\u00ed","robots":{"index":"index","follow":"follow","max-snippet":"max-snippet:-1","max-image-preview":"max-image-preview:large","max-video-preview":"max-video-preview:-1"},"canonical":"https:\/\/www.manabi.gob.ec\/index.php\/trabajamos-en-la-colocacion-de-piedra-escollera-y-reforzamiento-de-muro-en-las-gilces-de-crucita\/","og_locale":"es_ES","og_type":"article","og_title":"Trabajamos en la colocaci\u00f3n de piedra escollera y reforzamiento de muro en Las Gilces de Crucita - Prefectura de Manab\u00ed","og_description":"Desde la direcci\u00f3n de Gesti\u00f3n Vial e Infraestructura P\u00fablica de la Prefectura de Manab\u00ed, se trabaja en la construcci\u00f3n y refuerzo del muro existente en el sitio Las Gilces de la parroquia Crucita de Portoviejo. Se prev\u00e9 intervenir en 6 puntos cr\u00edticos en una longitud de 700 metros, aproximadamente. Luego de que se conocieran los [&hellip;]","og_url":"https:\/\/www.manabi.gob.ec\/index.php\/trabajamos-en-la-colocacion-de-piedra-escollera-y-reforzamiento-de-muro-en-las-gilces-de-crucita\/","og_site_name":"Prefectura de Manab\u00ed","article_published_time":"2022-02-08T21:29:04+00:00","article_modified_time":"2022-02-08T21:29:08+00:00","og_image":[{"width":1280,"height":720,"url":"https:\/\/www.manabi.gob.ec\/wp-content\/uploads\/2022\/02\/WhatsApp-Image-2022-02-07-at-21.36.48.jpeg","type":"image\/jpeg"}],"author":"admin","twitter_card":"summary_large_image","twitter_misc":{"Escrito por":"admin","Tiempo de lectura":"1 minuto"},"schema":{"@context":"https:\/\/schema.org","@graph":[{"@type":"Article","@id":"https:\/\/www.manabi.gob.ec\/index.php\/trabajamos-en-la-colocacion-de-piedra-escollera-y-reforzamiento-de-muro-en-las-gilces-de-crucita\/#article","isPartOf":{"@id":"https:\/\/www.manabi.gob.ec\/index.php\/trabajamos-en-la-colocacion-de-piedra-escollera-y-reforzamiento-de-muro-en-las-gilces-de-crucita\/"},"author":{"name":"admin","@id":"https:\/\/www.manabi.gob.ec\/#\/schema\/person\/cfc71bd68fe2703b779edcc292a49722"},"headline":"Trabajamos en la colocaci\u00f3n de piedra escollera y reforzamiento de muro en Las Gilces de Crucita","datePublished":"2022-02-08T21:29:04+00:00","dateModified":"2022-02-08T21:29:08+00:00","mainEntityOfPage":{"@id":"https:\/\/www.manabi.gob.ec\/index.php\/trabajamos-en-la-colocacion-de-piedra-escollera-y-reforzamiento-de-muro-en-las-gilces-de-crucita\/"},"wordCount":238,"image":{"@id":"https:\/\/www.manabi.gob.ec\/index.php\/trabajamos-en-la-colocacion-de-piedra-escollera-y-reforzamiento-de-muro-en-las-gilces-de-crucita\/#primaryimage"},"thumbnailUrl":"https:\/\/www.manabi.gob.ec\/wp-content\/uploads\/2022\/02\/WhatsApp-Image-2022-02-07-at-21.36.48.jpeg","articleSection":["Crucita","Vialidad"],"inLanguage":"es"},{"@type":"WebPage","@id":"https:\/\/www.manabi.gob.ec\/index.php\/trabajamos-en-la-colocacion-de-piedra-escollera-y-reforzamiento-de-muro-en-las-gilces-de-crucita\/","url":"https:\/\/www.manabi.gob.ec\/index.php\/trabajamos-en-la-colocacion-de-piedra-escollera-y-reforzamiento-de-muro-en-las-gilces-de-crucita\/","name":"Trabajamos en la colocaci\u00f3n de piedra escollera y reforzamiento de muro en Las Gilces de Crucita - Prefectura de Manab\u00ed","isPartOf":{"@id":"https:\/\/www.manabi.gob.ec\/#website"},"primaryImageOfPage":{"@id":"https:\/\/www.manabi.gob.ec\/index.php\/trabajamos-en-la-colocacion-de-piedra-escollera-y-reforzamiento-de-muro-en-las-gilces-de-crucita\/#primaryimage"},"image":{"@id":"https:\/\/www.manabi.gob.ec\/index.php\/trabajamos-en-la-colocacion-de-piedra-escollera-y-reforzamiento-de-muro-en-las-gilces-de-crucita\/#primaryimage"},"thumbnailUrl":"https:\/\/www.manabi.gob.ec\/wp-content\/uploads\/2022\/02\/WhatsApp-Image-2022-02-07-at-21.36.48.jpeg","datePublished":"2022-02-08T21:29:04+00:00","dateModified":"2022-02-08T21:29:08+00:00","author":{"@id":"https:\/\/www.manabi.gob.ec\/#\/schema\/person\/cfc71bd68fe2703b779edcc292a49722"},"breadcrumb":{"@id":"https:\/\/www.manabi.gob.ec\/index.php\/trabajamos-en-la-colocacion-de-piedra-escollera-y-reforzamiento-de-muro-en-las-gilces-de-crucita\/#breadcrumb"},"inLanguage":"es","potentialAction":[{"@type":"ReadAction","target":["https:\/\/www.manabi.gob.ec\/index.php\/trabajamos-en-la-colocacion-de-piedra-escollera-y-reforzamiento-de-muro-en-las-gilces-de-crucita\/"]}]},{"@type":"ImageObject","inLanguage":"es","@id":"https:\/\/www.manabi.gob.ec\/index.php\/trabajamos-en-la-colocacion-de-piedra-escollera-y-reforzamiento-de-muro-en-las-gilces-de-crucita\/#primaryimage","url":"https:\/\/www.manabi.gob.ec\/wp-content\/uploads\/2022\/02\/WhatsApp-Image-2022-02-07-at-21.36.48.jpeg","contentUrl":"https:\/\/www.manabi.gob.ec\/wp-content\/uploads\/2022\/02\/WhatsApp-Image-2022-02-07-at-21.36.48.jpeg","width":1280,"height":720},{"@type":"BreadcrumbList","@id":"https:\/\/www.manabi.gob.ec\/index.php\/trabajamos-en-la-colocacion-de-piedra-escollera-y-reforzamiento-de-muro-en-las-gilces-de-crucita\/#breadcrumb","itemListElement":[{"@type":"ListItem","position":1,"name":"Portada","item":"https:\/\/www.manabi.gob.ec\/"},{"@type":"ListItem","position":2,"name":"Trabajamos en la colocaci\u00f3n de piedra escollera y reforzamiento de muro en Las Gilces de Crucita"}]},{"@type":"WebSite","@id":"https:\/\/www.manabi.gob.ec\/#website","url":"https:\/\/www.manabi.gob.ec\/","name":"Prefectura de Manab\u00ed","description":"P\u00e1gina web de la prefectura","potentialAction":[{"@type":"SearchAction","target":{"@type":"EntryPoint","urlTemplate":"https:\/\/www.manabi.gob.ec\/?s={search_term_string}"},"query-input":{"@type":"PropertyValueSpecification","valueRequired":true,"valueName":"search_term_string"}}],"inLanguage":"es"},{"@type":"Person","@id":"https:\/\/www.manabi.gob.ec\/#\/schema\/person\/cfc71bd68fe2703b779edcc292a49722","name":"admin","image":{"@type":"ImageObject","inLanguage":"es","@id":"https:\/\/secure.gravatar.com\/avatar\/23e9f919492b0a2f65aa168e0d8c5c867ea853b61deffbadf08c7031e15b8d78?s=96&d=mm&r=g","url":"https:\/\/secure.gravatar.com\/avatar\/23e9f919492b0a2f65aa168e0d8c5c867ea853b61deffbadf08c7031e15b8d78?s=96&d=mm&r=g","contentUrl":"https:\/\/secure.gravatar.com\/avatar\/23e9f919492b0a2f65aa168e0d8c5c867ea853b61deffbadf08c7031e15b8d78?s=96&d=mm&r=g","caption":"admin"},"sameAs":["http:\/\/www.manabi.gob.ec"],"url":"https:\/\/www.manabi.gob.ec\/index.php\/author\/admin\/"}]}},"jetpack_featured_media_url":"https:\/\/www.manabi.gob.ec\/wp-content\/uploads\/2022\/02\/WhatsApp-Image-2022-02-07-at-21.36.48.jpeg","_links":{"self":[{"href":"https:\/\/www.manabi.gob.ec\/index.php\/wp-json\/wp\/v2\/posts\/19693","targetHints":{"allow":["GET"]}}],"collection":[{"href":"https:\/\/www.manabi.gob.ec\/index.php\/wp-json\/wp\/v2\/posts"}],"about":[{"href":"https:\/\/www.manabi.gob.ec\/index.php\/wp-json\/wp\/v2\/types\/post"}],"author":[{"embeddable":true,"href":"https:\/\/www.manabi.gob.ec\/index.php\/wp-json\/wp\/v2\/users\/1"}],"replies":[{"embeddable":true,"href":"https:\/\/www.manabi.gob.ec\/index.php\/wp-json\/wp\/v2\/comments?post=19693"}],"version-history":[{"count":0,"href":"https:\/\/www.manabi.gob.ec\/index.php\/wp-json\/wp\/v2\/posts\/19693\/revisions"}],"wp:featuredmedia":[{"embeddable":true,"href":"https:\/\/www.manabi.gob.ec\/index.php\/wp-json\/wp\/v2\/media\/19694"}],"wp:attachment":[{"href":"https:\/\/www.manabi.gob.ec\/index.php\/wp-json\/wp\/v2\/media?parent=19693"}],"wp:term":[{"taxonomy":"category","embeddable":true,"href":"https:\/\/www.manabi.gob.ec\/index.php\/wp-json\/wp\/v2\/categories?post=19693"},{"taxonomy":"post_tag","embeddable":true,"href":"https:\/\/www.manabi.gob.ec\/index.php\/wp-json\/wp\/v2\/tags?post=19693"}],"curies":[{"name":"wp","href":"https:\/\/api.w.org\/{rel}","templated":true}]}}