{"id":19773,"date":"2022-03-21T14:42:40","date_gmt":"2022-03-21T14:42:40","guid":{"rendered":"https:\/\/www.manabi.gob.ec\/?p=19773"},"modified":"2022-03-21T14:42:43","modified_gmt":"2022-03-21T14:42:43","slug":"ministros-se-excusaron-ante-corporacion-provincial-de-manabi","status":"publish","type":"post","link":"https:\/\/www.manabi.gob.ec\/index.php\/ministros-se-excusaron-ante-corporacion-provincial-de-manabi\/","title":{"rendered":"MINISTROS SE EXCUSARON ANTE CORPORACI\u00d3N PROVINCIAL DE MANAB\u00cd"},"content":{"rendered":"\n<p>Los ministros de Econom\u00eda y Finanzas, y de Transporte y Obras P\u00fablicas, Sim\u00f3n Cueva Armijos y Marcelo Cabrera Palacios, no comparecieron a la sesi\u00f3n extraordinaria del Consejo Provincial de Manab\u00ed, realizada este viernes 11 de marzo.<\/p>\n\n\n\n<p>Los dos representantes del Gobierno Nacional justificaron su ausencia porque deb\u00edan asistir a la Comisi\u00f3n de los Gobiernos Aut\u00f3nomos Descentralizados en la Asamblea Nacional.<\/p>\n\n\n\n<p>La Corporaci\u00f3n Provincial los hab\u00eda convocado para que, el ministro Cueva Armijos, explique sobre la misiva remitida a la Embajada de la Rep\u00fablica Popular China, y el Plan de Financiamiento de los recursos de la reconstrucci\u00f3n, y al ministro Cabrera, para que informe sobre los proyectos prioriozados y planificados por el Comit\u00e9 de Reconstrucci\u00f3n.<\/p>\n\n\n\n<p>El prefecto, Leonardo Orlando, dijo que se mantendr\u00e1 vigilante y har\u00e1 seguimiento permanente en uni\u00f3n del Pleno, a los recursos de la reconstrucci\u00f3n de Manab\u00ed y Esmeraldas, porque todav\u00eda queda m\u00e1s del 21% por ejecutar, esto es m\u00e1s de 600 millones de d\u00f3lares.<\/p>\n\n\n\n<p>El pleno de la Corporaci\u00f3n Provincial, se mantiene unida para defender los recursos que por Ley le corresponden a Manab\u00ed y Esmeraldas, para su reactivaci\u00f3n econ\u00f3mica y productiva, dinero que se recaud\u00f3 con varias l\u00edneas de financiamiento, donaciones y la Ley de Solidaridad.<\/p>\n\n\n\n<p>Por unanimidad, el Consejo en Pleno resolvi\u00f3 convocar nuevamente a los ministros de Econom\u00eda y Finanzas, y de Transportes y Obras P\u00fablicas.<\/p>\n\n\n\n<p>La sesi\u00f3n se desarroll\u00f3 con el qu\u00f3rum reglamentario y en modalidad presencial y virtual. Participaron varios asamble\u00edstas manabitas, quienes se comprometieron a trabajar en conjunto por las causas de la provincia.<\/p>\n","protected":false},"excerpt":{"rendered":"<p>Los ministros de Econom\u00eda y Finanzas, y de Transporte y Obras P\u00fablicas, Sim\u00f3n Cueva Armijos y Marcelo Cabrera Palacios, no comparecieron a la sesi\u00f3n extraordinaria del Consejo Provincial de Manab\u00ed, realizada este viernes 11 de marzo. Los dos representantes del Gobierno Nacional justificaron su ausencia porque deb\u00edan asistir a la Comisi\u00f3n de los Gobiernos Aut\u00f3nomos [&hellip;]<\/p>\n","protected":false},"author":1,"featured_media":19774,"comment_status":"closed","ping_status":"closed","sticky":false,"template":"","format":"standard","meta":{"_joinchat":[],"footnotes":""},"categories":[127],"tags":[],"class_list":["post-19773","post","type-post","status-publish","format-standard","has-post-thumbnail","hentry","category-vialidad"],"yoast_head":"<!-- This site is optimized with the Yoast SEO plugin v27.4 - https:\/\/yoast.com\/product\/yoast-seo-wordpress\/ -->\n<title>MINISTROS SE EXCUSARON ANTE CORPORACI\u00d3N PROVINCIAL DE MANAB\u00cd - Prefectura de Manab\u00ed<\/title>\n<meta name=\"robots\" content=\"index, follow, max-snippet:-1, max-image-preview:large, max-video-preview:-1\" \/>\n<link rel=\"canonical\" href=\"https:\/\/www.manabi.gob.ec\/index.php\/ministros-se-excusaron-ante-corporacion-provincial-de-manabi\/\" \/>\n<meta property=\"og:locale\" content=\"es_ES\" \/>\n<meta property=\"og:type\" content=\"article\" \/>\n<meta property=\"og:title\" content=\"MINISTROS SE EXCUSARON ANTE CORPORACI\u00d3N PROVINCIAL DE MANAB\u00cd - Prefectura de Manab\u00ed\" \/>\n<meta property=\"og:description\" content=\"Los ministros de Econom\u00eda y Finanzas, y de Transporte y Obras P\u00fablicas, Sim\u00f3n Cueva Armijos y Marcelo Cabrera Palacios, no comparecieron a la sesi\u00f3n extraordinaria del Consejo Provincial de Manab\u00ed, realizada este viernes 11 de marzo. Los dos representantes del Gobierno Nacional justificaron su ausencia porque deb\u00edan asistir a la Comisi\u00f3n de los Gobiernos Aut\u00f3nomos [&hellip;]\" \/>\n<meta property=\"og:url\" content=\"https:\/\/www.manabi.gob.ec\/index.php\/ministros-se-excusaron-ante-corporacion-provincial-de-manabi\/\" \/>\n<meta property=\"og:site_name\" content=\"Prefectura de Manab\u00ed\" \/>\n<meta property=\"article:published_time\" content=\"2022-03-21T14:42:40+00:00\" \/>\n<meta property=\"article:modified_time\" content=\"2022-03-21T14:42:43+00:00\" \/>\n<meta property=\"og:image\" content=\"https:\/\/www.manabi.gob.ec\/wp-content\/uploads\/2022\/03\/WhatsApp-Image-2022-03-11-at-6.14.32-PM.jpeg\" \/>\n\t<meta property=\"og:image:width\" content=\"1600\" \/>\n\t<meta property=\"og:image:height\" content=\"1200\" \/>\n\t<meta property=\"og:image:type\" content=\"image\/jpeg\" \/>\n<meta name=\"author\" content=\"admin\" \/>\n<meta name=\"twitter:card\" content=\"summary_large_image\" \/>\n<meta name=\"twitter:label1\" content=\"Escrito por\" \/>\n\t<meta name=\"twitter:data1\" content=\"admin\" \/>\n\t<meta name=\"twitter:label2\" content=\"Tiempo de lectura\" \/>\n\t<meta name=\"twitter:data2\" content=\"2 minutos\" \/>\n<script type=\"application\/ld+json\" class=\"yoast-schema-graph\">{\"@context\":\"https:\\\/\\\/schema.org\",\"@graph\":[{\"@type\":\"Article\",\"@id\":\"https:\\\/\\\/www.manabi.gob.ec\\\/index.php\\\/ministros-se-excusaron-ante-corporacion-provincial-de-manabi\\\/#article\",\"isPartOf\":{\"@id\":\"https:\\\/\\\/www.manabi.gob.ec\\\/index.php\\\/ministros-se-excusaron-ante-corporacion-provincial-de-manabi\\\/\"},\"author\":{\"name\":\"admin\",\"@id\":\"https:\\\/\\\/www.manabi.gob.ec\\\/#\\\/schema\\\/person\\\/cfc71bd68fe2703b779edcc292a49722\"},\"headline\":\"MINISTROS SE EXCUSARON ANTE CORPORACI\u00d3N PROVINCIAL DE MANAB\u00cd\",\"datePublished\":\"2022-03-21T14:42:40+00:00\",\"dateModified\":\"2022-03-21T14:42:43+00:00\",\"mainEntityOfPage\":{\"@id\":\"https:\\\/\\\/www.manabi.gob.ec\\\/index.php\\\/ministros-se-excusaron-ante-corporacion-provincial-de-manabi\\\/\"},\"wordCount\":286,\"image\":{\"@id\":\"https:\\\/\\\/www.manabi.gob.ec\\\/index.php\\\/ministros-se-excusaron-ante-corporacion-provincial-de-manabi\\\/#primaryimage\"},\"thumbnailUrl\":\"https:\\\/\\\/www.manabi.gob.ec\\\/wp-content\\\/uploads\\\/2022\\\/03\\\/WhatsApp-Image-2022-03-11-at-6.14.32-PM.jpeg\",\"articleSection\":[\"Vialidad\"],\"inLanguage\":\"es\"},{\"@type\":\"WebPage\",\"@id\":\"https:\\\/\\\/www.manabi.gob.ec\\\/index.php\\\/ministros-se-excusaron-ante-corporacion-provincial-de-manabi\\\/\",\"url\":\"https:\\\/\\\/www.manabi.gob.ec\\\/index.php\\\/ministros-se-excusaron-ante-corporacion-provincial-de-manabi\\\/\",\"name\":\"MINISTROS SE EXCUSARON ANTE CORPORACI\u00d3N PROVINCIAL DE MANAB\u00cd - Prefectura de Manab\u00ed\",\"isPartOf\":{\"@id\":\"https:\\\/\\\/www.manabi.gob.ec\\\/#website\"},\"primaryImageOfPage\":{\"@id\":\"https:\\\/\\\/www.manabi.gob.ec\\\/index.php\\\/ministros-se-excusaron-ante-corporacion-provincial-de-manabi\\\/#primaryimage\"},\"image\":{\"@id\":\"https:\\\/\\\/www.manabi.gob.ec\\\/index.php\\\/ministros-se-excusaron-ante-corporacion-provincial-de-manabi\\\/#primaryimage\"},\"thumbnailUrl\":\"https:\\\/\\\/www.manabi.gob.ec\\\/wp-content\\\/uploads\\\/2022\\\/03\\\/WhatsApp-Image-2022-03-11-at-6.14.32-PM.jpeg\",\"datePublished\":\"2022-03-21T14:42:40+00:00\",\"dateModified\":\"2022-03-21T14:42:43+00:00\",\"author\":{\"@id\":\"https:\\\/\\\/www.manabi.gob.ec\\\/#\\\/schema\\\/person\\\/cfc71bd68fe2703b779edcc292a49722\"},\"breadcrumb\":{\"@id\":\"https:\\\/\\\/www.manabi.gob.ec\\\/index.php\\\/ministros-se-excusaron-ante-corporacion-provincial-de-manabi\\\/#breadcrumb\"},\"inLanguage\":\"es\",\"potentialAction\":[{\"@type\":\"ReadAction\",\"target\":[\"https:\\\/\\\/www.manabi.gob.ec\\\/index.php\\\/ministros-se-excusaron-ante-corporacion-provincial-de-manabi\\\/\"]}]},{\"@type\":\"ImageObject\",\"inLanguage\":\"es\",\"@id\":\"https:\\\/\\\/www.manabi.gob.ec\\\/index.php\\\/ministros-se-excusaron-ante-corporacion-provincial-de-manabi\\\/#primaryimage\",\"url\":\"https:\\\/\\\/www.manabi.gob.ec\\\/wp-content\\\/uploads\\\/2022\\\/03\\\/WhatsApp-Image-2022-03-11-at-6.14.32-PM.jpeg\",\"contentUrl\":\"https:\\\/\\\/www.manabi.gob.ec\\\/wp-content\\\/uploads\\\/2022\\\/03\\\/WhatsApp-Image-2022-03-11-at-6.14.32-PM.jpeg\",\"width\":1600,\"height\":1200},{\"@type\":\"BreadcrumbList\",\"@id\":\"https:\\\/\\\/www.manabi.gob.ec\\\/index.php\\\/ministros-se-excusaron-ante-corporacion-provincial-de-manabi\\\/#breadcrumb\",\"itemListElement\":[{\"@type\":\"ListItem\",\"position\":1,\"name\":\"Portada\",\"item\":\"https:\\\/\\\/www.manabi.gob.ec\\\/\"},{\"@type\":\"ListItem\",\"position\":2,\"name\":\"MINISTROS SE EXCUSARON ANTE CORPORACI\u00d3N PROVINCIAL DE MANAB\u00cd\"}]},{\"@type\":\"WebSite\",\"@id\":\"https:\\\/\\\/www.manabi.gob.ec\\\/#website\",\"url\":\"https:\\\/\\\/www.manabi.gob.ec\\\/\",\"name\":\"Prefectura de Manab\u00ed\",\"description\":\"P\u00e1gina web de la prefectura\",\"potentialAction\":[{\"@type\":\"SearchAction\",\"target\":{\"@type\":\"EntryPoint\",\"urlTemplate\":\"https:\\\/\\\/www.manabi.gob.ec\\\/?s={search_term_string}\"},\"query-input\":{\"@type\":\"PropertyValueSpecification\",\"valueRequired\":true,\"valueName\":\"search_term_string\"}}],\"inLanguage\":\"es\"},{\"@type\":\"Person\",\"@id\":\"https:\\\/\\\/www.manabi.gob.ec\\\/#\\\/schema\\\/person\\\/cfc71bd68fe2703b779edcc292a49722\",\"name\":\"admin\",\"image\":{\"@type\":\"ImageObject\",\"inLanguage\":\"es\",\"@id\":\"https:\\\/\\\/secure.gravatar.com\\\/avatar\\\/23e9f919492b0a2f65aa168e0d8c5c867ea853b61deffbadf08c7031e15b8d78?s=96&d=mm&r=g\",\"url\":\"https:\\\/\\\/secure.gravatar.com\\\/avatar\\\/23e9f919492b0a2f65aa168e0d8c5c867ea853b61deffbadf08c7031e15b8d78?s=96&d=mm&r=g\",\"contentUrl\":\"https:\\\/\\\/secure.gravatar.com\\\/avatar\\\/23e9f919492b0a2f65aa168e0d8c5c867ea853b61deffbadf08c7031e15b8d78?s=96&d=mm&r=g\",\"caption\":\"admin\"},\"sameAs\":[\"http:\\\/\\\/www.manabi.gob.ec\"],\"url\":\"https:\\\/\\\/www.manabi.gob.ec\\\/index.php\\\/author\\\/admin\\\/\"}]}<\/script>\n<!-- \/ Yoast SEO plugin. -->","yoast_head_json":{"title":"MINISTROS SE EXCUSARON ANTE CORPORACI\u00d3N PROVINCIAL DE MANAB\u00cd - Prefectura de Manab\u00ed","robots":{"index":"index","follow":"follow","max-snippet":"max-snippet:-1","max-image-preview":"max-image-preview:large","max-video-preview":"max-video-preview:-1"},"canonical":"https:\/\/www.manabi.gob.ec\/index.php\/ministros-se-excusaron-ante-corporacion-provincial-de-manabi\/","og_locale":"es_ES","og_type":"article","og_title":"MINISTROS SE EXCUSARON ANTE CORPORACI\u00d3N PROVINCIAL DE MANAB\u00cd - Prefectura de Manab\u00ed","og_description":"Los ministros de Econom\u00eda y Finanzas, y de Transporte y Obras P\u00fablicas, Sim\u00f3n Cueva Armijos y Marcelo Cabrera Palacios, no comparecieron a la sesi\u00f3n extraordinaria del Consejo Provincial de Manab\u00ed, realizada este viernes 11 de marzo. Los dos representantes del Gobierno Nacional justificaron su ausencia porque deb\u00edan asistir a la Comisi\u00f3n de los Gobiernos Aut\u00f3nomos [&hellip;]","og_url":"https:\/\/www.manabi.gob.ec\/index.php\/ministros-se-excusaron-ante-corporacion-provincial-de-manabi\/","og_site_name":"Prefectura de Manab\u00ed","article_published_time":"2022-03-21T14:42:40+00:00","article_modified_time":"2022-03-21T14:42:43+00:00","og_image":[{"width":1600,"height":1200,"url":"https:\/\/www.manabi.gob.ec\/wp-content\/uploads\/2022\/03\/WhatsApp-Image-2022-03-11-at-6.14.32-PM.jpeg","type":"image\/jpeg"}],"author":"admin","twitter_card":"summary_large_image","twitter_misc":{"Escrito por":"admin","Tiempo de lectura":"2 minutos"},"schema":{"@context":"https:\/\/schema.org","@graph":[{"@type":"Article","@id":"https:\/\/www.manabi.gob.ec\/index.php\/ministros-se-excusaron-ante-corporacion-provincial-de-manabi\/#article","isPartOf":{"@id":"https:\/\/www.manabi.gob.ec\/index.php\/ministros-se-excusaron-ante-corporacion-provincial-de-manabi\/"},"author":{"name":"admin","@id":"https:\/\/www.manabi.gob.ec\/#\/schema\/person\/cfc71bd68fe2703b779edcc292a49722"},"headline":"MINISTROS SE EXCUSARON ANTE CORPORACI\u00d3N PROVINCIAL DE MANAB\u00cd","datePublished":"2022-03-21T14:42:40+00:00","dateModified":"2022-03-21T14:42:43+00:00","mainEntityOfPage":{"@id":"https:\/\/www.manabi.gob.ec\/index.php\/ministros-se-excusaron-ante-corporacion-provincial-de-manabi\/"},"wordCount":286,"image":{"@id":"https:\/\/www.manabi.gob.ec\/index.php\/ministros-se-excusaron-ante-corporacion-provincial-de-manabi\/#primaryimage"},"thumbnailUrl":"https:\/\/www.manabi.gob.ec\/wp-content\/uploads\/2022\/03\/WhatsApp-Image-2022-03-11-at-6.14.32-PM.jpeg","articleSection":["Vialidad"],"inLanguage":"es"},{"@type":"WebPage","@id":"https:\/\/www.manabi.gob.ec\/index.php\/ministros-se-excusaron-ante-corporacion-provincial-de-manabi\/","url":"https:\/\/www.manabi.gob.ec\/index.php\/ministros-se-excusaron-ante-corporacion-provincial-de-manabi\/","name":"MINISTROS SE EXCUSARON ANTE CORPORACI\u00d3N PROVINCIAL DE MANAB\u00cd - Prefectura de Manab\u00ed","isPartOf":{"@id":"https:\/\/www.manabi.gob.ec\/#website"},"primaryImageOfPage":{"@id":"https:\/\/www.manabi.gob.ec\/index.php\/ministros-se-excusaron-ante-corporacion-provincial-de-manabi\/#primaryimage"},"image":{"@id":"https:\/\/www.manabi.gob.ec\/index.php\/ministros-se-excusaron-ante-corporacion-provincial-de-manabi\/#primaryimage"},"thumbnailUrl":"https:\/\/www.manabi.gob.ec\/wp-content\/uploads\/2022\/03\/WhatsApp-Image-2022-03-11-at-6.14.32-PM.jpeg","datePublished":"2022-03-21T14:42:40+00:00","dateModified":"2022-03-21T14:42:43+00:00","author":{"@id":"https:\/\/www.manabi.gob.ec\/#\/schema\/person\/cfc71bd68fe2703b779edcc292a49722"},"breadcrumb":{"@id":"https:\/\/www.manabi.gob.ec\/index.php\/ministros-se-excusaron-ante-corporacion-provincial-de-manabi\/#breadcrumb"},"inLanguage":"es","potentialAction":[{"@type":"ReadAction","target":["https:\/\/www.manabi.gob.ec\/index.php\/ministros-se-excusaron-ante-corporacion-provincial-de-manabi\/"]}]},{"@type":"ImageObject","inLanguage":"es","@id":"https:\/\/www.manabi.gob.ec\/index.php\/ministros-se-excusaron-ante-corporacion-provincial-de-manabi\/#primaryimage","url":"https:\/\/www.manabi.gob.ec\/wp-content\/uploads\/2022\/03\/WhatsApp-Image-2022-03-11-at-6.14.32-PM.jpeg","contentUrl":"https:\/\/www.manabi.gob.ec\/wp-content\/uploads\/2022\/03\/WhatsApp-Image-2022-03-11-at-6.14.32-PM.jpeg","width":1600,"height":1200},{"@type":"BreadcrumbList","@id":"https:\/\/www.manabi.gob.ec\/index.php\/ministros-se-excusaron-ante-corporacion-provincial-de-manabi\/#breadcrumb","itemListElement":[{"@type":"ListItem","position":1,"name":"Portada","item":"https:\/\/www.manabi.gob.ec\/"},{"@type":"ListItem","position":2,"name":"MINISTROS SE EXCUSARON ANTE CORPORACI\u00d3N PROVINCIAL DE MANAB\u00cd"}]},{"@type":"WebSite","@id":"https:\/\/www.manabi.gob.ec\/#website","url":"https:\/\/www.manabi.gob.ec\/","name":"Prefectura de Manab\u00ed","description":"P\u00e1gina web de la prefectura","potentialAction":[{"@type":"SearchAction","target":{"@type":"EntryPoint","urlTemplate":"https:\/\/www.manabi.gob.ec\/?s={search_term_string}"},"query-input":{"@type":"PropertyValueSpecification","valueRequired":true,"valueName":"search_term_string"}}],"inLanguage":"es"},{"@type":"Person","@id":"https:\/\/www.manabi.gob.ec\/#\/schema\/person\/cfc71bd68fe2703b779edcc292a49722","name":"admin","image":{"@type":"ImageObject","inLanguage":"es","@id":"https:\/\/secure.gravatar.com\/avatar\/23e9f919492b0a2f65aa168e0d8c5c867ea853b61deffbadf08c7031e15b8d78?s=96&d=mm&r=g","url":"https:\/\/secure.gravatar.com\/avatar\/23e9f919492b0a2f65aa168e0d8c5c867ea853b61deffbadf08c7031e15b8d78?s=96&d=mm&r=g","contentUrl":"https:\/\/secure.gravatar.com\/avatar\/23e9f919492b0a2f65aa168e0d8c5c867ea853b61deffbadf08c7031e15b8d78?s=96&d=mm&r=g","caption":"admin"},"sameAs":["http:\/\/www.manabi.gob.ec"],"url":"https:\/\/www.manabi.gob.ec\/index.php\/author\/admin\/"}]}},"jetpack_featured_media_url":"https:\/\/www.manabi.gob.ec\/wp-content\/uploads\/2022\/03\/WhatsApp-Image-2022-03-11-at-6.14.32-PM.jpeg","_links":{"self":[{"href":"https:\/\/www.manabi.gob.ec\/index.php\/wp-json\/wp\/v2\/posts\/19773","targetHints":{"allow":["GET"]}}],"collection":[{"href":"https:\/\/www.manabi.gob.ec\/index.php\/wp-json\/wp\/v2\/posts"}],"about":[{"href":"https:\/\/www.manabi.gob.ec\/index.php\/wp-json\/wp\/v2\/types\/post"}],"author":[{"embeddable":true,"href":"https:\/\/www.manabi.gob.ec\/index.php\/wp-json\/wp\/v2\/users\/1"}],"replies":[{"embeddable":true,"href":"https:\/\/www.manabi.gob.ec\/index.php\/wp-json\/wp\/v2\/comments?post=19773"}],"version-history":[{"count":0,"href":"https:\/\/www.manabi.gob.ec\/index.php\/wp-json\/wp\/v2\/posts\/19773\/revisions"}],"wp:featuredmedia":[{"embeddable":true,"href":"https:\/\/www.manabi.gob.ec\/index.php\/wp-json\/wp\/v2\/media\/19774"}],"wp:attachment":[{"href":"https:\/\/www.manabi.gob.ec\/index.php\/wp-json\/wp\/v2\/media?parent=19773"}],"wp:term":[{"taxonomy":"category","embeddable":true,"href":"https:\/\/www.manabi.gob.ec\/index.php\/wp-json\/wp\/v2\/categories?post=19773"},{"taxonomy":"post_tag","embeddable":true,"href":"https:\/\/www.manabi.gob.ec\/index.php\/wp-json\/wp\/v2\/tags?post=19773"}],"curies":[{"name":"wp","href":"https:\/\/api.w.org\/{rel}","templated":true}]}}