{"id":19786,"date":"2022-03-21T15:02:46","date_gmt":"2022-03-21T15:02:46","guid":{"rendered":"https:\/\/www.manabi.gob.ec\/?p=19786"},"modified":"2022-03-21T15:02:50","modified_gmt":"2022-03-21T15:02:50","slug":"seguimos-articulando-acciones-para-fortalecer-la-lucha-contra-la-violencia-de-genero-2","status":"publish","type":"post","link":"https:\/\/www.manabi.gob.ec\/index.php\/seguimos-articulando-acciones-para-fortalecer-la-lucha-contra-la-violencia-de-genero-2\/","title":{"rendered":"Seguimos articulando acciones para fortalecer la lucha contra la violencia de g\u00e9nero"},"content":{"rendered":"\n<p>\u00abEs muy importante lo que hagamos hoy para transformar esa realidad\u00bb, dijo el prefecto de Manab\u00ed, Leonardo Orlando, en relaci\u00f3n a las altas cifras de violencia contra las mujeres, durante la presentaci\u00f3n del cuadernillo con los datos correspondientes a Manab\u00ed, de la Encuesta Nacional sobre las Relaciones Familiares y la Violencia de G\u00e9nero contra las Mujeres (ENVIGMU 2019) y femicidio.<\/p>\n\n\n\n<p>Esta publicaci\u00f3n se hizo posible con el apoyo de la Prefectura de Manab\u00ed, en el marco de la articulaci\u00f3n de acciones con organismos internacionales como la Uni\u00f3n Europea, ONU Mujeres, y PNUD Ecuador.<\/p>\n\n\n\n<p>\u201cEstamos aqu\u00ed en la b\u00fasqueda de esta igualdad de g\u00e9nero, objetivo 5 en la agenda global de los Objetivos de Desarrollo Sostenible. Y esa igualdad de g\u00e9nero tiene que comenzar por lo estructural, por lo de fondo, que es la igualdad de las relaciones de poder\u00bb, manifest\u00f3 Leonardo Orlando.<\/p>\n\n\n\n<p>ENVIGMU 2019 es parte de la Iniciativa Spotlight; una campa\u00f1a conjunta de la Uni\u00f3n Europea y las Naciones Unidas orientada a eliminar todas las formas de violencia contra las mujeres y las ni\u00f1as. Adem\u00e1s, es un insumo importante para la toma de decisiones a nivel local en la lucha contra la violencia de g\u00e9nero.<\/p>\n","protected":false},"excerpt":{"rendered":"<p>\u00abEs muy importante lo que hagamos hoy para transformar esa realidad\u00bb, dijo el prefecto de Manab\u00ed, Leonardo Orlando, en relaci\u00f3n a las altas cifras de violencia contra las mujeres, durante la presentaci\u00f3n del cuadernillo con los datos correspondientes a Manab\u00ed, de la Encuesta Nacional sobre las Relaciones Familiares y la Violencia de G\u00e9nero contra las [&hellip;]<\/p>\n","protected":false},"author":1,"featured_media":19787,"comment_status":"closed","ping_status":"closed","sticky":false,"template":"","format":"standard","meta":{"_joinchat":[],"footnotes":""},"categories":[],"tags":[134,226,232,225],"class_list":["post-19786","post","type-post","status-publish","format-standard","has-post-thumbnail","hentry","tag-desarrollo-social","tag-genero","tag-igualdad","tag-violencia"],"yoast_head":"<!-- This site is optimized with the Yoast SEO plugin v27.4 - https:\/\/yoast.com\/product\/yoast-seo-wordpress\/ -->\n<title>Seguimos articulando acciones para fortalecer la lucha contra la violencia de g\u00e9nero - Prefectura de Manab\u00ed<\/title>\n<meta name=\"robots\" content=\"index, follow, max-snippet:-1, max-image-preview:large, max-video-preview:-1\" \/>\n<link rel=\"canonical\" href=\"https:\/\/www.manabi.gob.ec\/index.php\/seguimos-articulando-acciones-para-fortalecer-la-lucha-contra-la-violencia-de-genero-2\/\" \/>\n<meta property=\"og:locale\" content=\"es_ES\" \/>\n<meta property=\"og:type\" content=\"article\" \/>\n<meta property=\"og:title\" content=\"Seguimos articulando acciones para fortalecer la lucha contra la violencia de g\u00e9nero - Prefectura de Manab\u00ed\" \/>\n<meta property=\"og:description\" content=\"\u00abEs muy importante lo que hagamos hoy para transformar esa realidad\u00bb, dijo el prefecto de Manab\u00ed, Leonardo Orlando, en relaci\u00f3n a las altas cifras de violencia contra las mujeres, durante la presentaci\u00f3n del cuadernillo con los datos correspondientes a Manab\u00ed, de la Encuesta Nacional sobre las Relaciones Familiares y la Violencia de G\u00e9nero contra las [&hellip;]\" \/>\n<meta property=\"og:url\" content=\"https:\/\/www.manabi.gob.ec\/index.php\/seguimos-articulando-acciones-para-fortalecer-la-lucha-contra-la-violencia-de-genero-2\/\" \/>\n<meta property=\"og:site_name\" content=\"Prefectura de Manab\u00ed\" \/>\n<meta property=\"article:published_time\" content=\"2022-03-21T15:02:46+00:00\" \/>\n<meta property=\"article:modified_time\" content=\"2022-03-21T15:02:50+00:00\" \/>\n<meta property=\"og:image\" content=\"https:\/\/www.manabi.gob.ec\/wp-content\/uploads\/2022\/03\/WhatsApp-Image-2022-03-14-at-5.12.55-PM.jpeg\" \/>\n\t<meta property=\"og:image:width\" content=\"1280\" \/>\n\t<meta property=\"og:image:height\" content=\"853\" \/>\n\t<meta property=\"og:image:type\" content=\"image\/jpeg\" \/>\n<meta name=\"author\" content=\"admin\" \/>\n<meta name=\"twitter:card\" content=\"summary_large_image\" \/>\n<meta name=\"twitter:label1\" content=\"Escrito por\" \/>\n\t<meta name=\"twitter:data1\" content=\"admin\" \/>\n\t<meta name=\"twitter:label2\" content=\"Tiempo de lectura\" \/>\n\t<meta name=\"twitter:data2\" content=\"1 minuto\" \/>\n<script type=\"application\/ld+json\" class=\"yoast-schema-graph\">{\"@context\":\"https:\\\/\\\/schema.org\",\"@graph\":[{\"@type\":\"Article\",\"@id\":\"https:\\\/\\\/www.manabi.gob.ec\\\/index.php\\\/seguimos-articulando-acciones-para-fortalecer-la-lucha-contra-la-violencia-de-genero-2\\\/#article\",\"isPartOf\":{\"@id\":\"https:\\\/\\\/www.manabi.gob.ec\\\/index.php\\\/seguimos-articulando-acciones-para-fortalecer-la-lucha-contra-la-violencia-de-genero-2\\\/\"},\"author\":{\"name\":\"admin\",\"@id\":\"https:\\\/\\\/www.manabi.gob.ec\\\/#\\\/schema\\\/person\\\/cfc71bd68fe2703b779edcc292a49722\"},\"headline\":\"Seguimos articulando acciones para fortalecer la lucha contra la violencia de g\u00e9nero\",\"datePublished\":\"2022-03-21T15:02:46+00:00\",\"dateModified\":\"2022-03-21T15:02:50+00:00\",\"mainEntityOfPage\":{\"@id\":\"https:\\\/\\\/www.manabi.gob.ec\\\/index.php\\\/seguimos-articulando-acciones-para-fortalecer-la-lucha-contra-la-violencia-de-genero-2\\\/\"},\"wordCount\":220,\"image\":{\"@id\":\"https:\\\/\\\/www.manabi.gob.ec\\\/index.php\\\/seguimos-articulando-acciones-para-fortalecer-la-lucha-contra-la-violencia-de-genero-2\\\/#primaryimage\"},\"thumbnailUrl\":\"https:\\\/\\\/www.manabi.gob.ec\\\/wp-content\\\/uploads\\\/2022\\\/03\\\/WhatsApp-Image-2022-03-14-at-5.12.55-PM.jpeg\",\"keywords\":[\"Desarrollo Social\",\"G\u00e9nero\",\"Igualdad\",\"Violencia\"],\"inLanguage\":\"es\"},{\"@type\":\"WebPage\",\"@id\":\"https:\\\/\\\/www.manabi.gob.ec\\\/index.php\\\/seguimos-articulando-acciones-para-fortalecer-la-lucha-contra-la-violencia-de-genero-2\\\/\",\"url\":\"https:\\\/\\\/www.manabi.gob.ec\\\/index.php\\\/seguimos-articulando-acciones-para-fortalecer-la-lucha-contra-la-violencia-de-genero-2\\\/\",\"name\":\"Seguimos articulando acciones para fortalecer la lucha contra la violencia de g\u00e9nero - Prefectura de Manab\u00ed\",\"isPartOf\":{\"@id\":\"https:\\\/\\\/www.manabi.gob.ec\\\/#website\"},\"primaryImageOfPage\":{\"@id\":\"https:\\\/\\\/www.manabi.gob.ec\\\/index.php\\\/seguimos-articulando-acciones-para-fortalecer-la-lucha-contra-la-violencia-de-genero-2\\\/#primaryimage\"},\"image\":{\"@id\":\"https:\\\/\\\/www.manabi.gob.ec\\\/index.php\\\/seguimos-articulando-acciones-para-fortalecer-la-lucha-contra-la-violencia-de-genero-2\\\/#primaryimage\"},\"thumbnailUrl\":\"https:\\\/\\\/www.manabi.gob.ec\\\/wp-content\\\/uploads\\\/2022\\\/03\\\/WhatsApp-Image-2022-03-14-at-5.12.55-PM.jpeg\",\"datePublished\":\"2022-03-21T15:02:46+00:00\",\"dateModified\":\"2022-03-21T15:02:50+00:00\",\"author\":{\"@id\":\"https:\\\/\\\/www.manabi.gob.ec\\\/#\\\/schema\\\/person\\\/cfc71bd68fe2703b779edcc292a49722\"},\"breadcrumb\":{\"@id\":\"https:\\\/\\\/www.manabi.gob.ec\\\/index.php\\\/seguimos-articulando-acciones-para-fortalecer-la-lucha-contra-la-violencia-de-genero-2\\\/#breadcrumb\"},\"inLanguage\":\"es\",\"potentialAction\":[{\"@type\":\"ReadAction\",\"target\":[\"https:\\\/\\\/www.manabi.gob.ec\\\/index.php\\\/seguimos-articulando-acciones-para-fortalecer-la-lucha-contra-la-violencia-de-genero-2\\\/\"]}]},{\"@type\":\"ImageObject\",\"inLanguage\":\"es\",\"@id\":\"https:\\\/\\\/www.manabi.gob.ec\\\/index.php\\\/seguimos-articulando-acciones-para-fortalecer-la-lucha-contra-la-violencia-de-genero-2\\\/#primaryimage\",\"url\":\"https:\\\/\\\/www.manabi.gob.ec\\\/wp-content\\\/uploads\\\/2022\\\/03\\\/WhatsApp-Image-2022-03-14-at-5.12.55-PM.jpeg\",\"contentUrl\":\"https:\\\/\\\/www.manabi.gob.ec\\\/wp-content\\\/uploads\\\/2022\\\/03\\\/WhatsApp-Image-2022-03-14-at-5.12.55-PM.jpeg\",\"width\":1280,\"height\":853},{\"@type\":\"BreadcrumbList\",\"@id\":\"https:\\\/\\\/www.manabi.gob.ec\\\/index.php\\\/seguimos-articulando-acciones-para-fortalecer-la-lucha-contra-la-violencia-de-genero-2\\\/#breadcrumb\",\"itemListElement\":[{\"@type\":\"ListItem\",\"position\":1,\"name\":\"Portada\",\"item\":\"https:\\\/\\\/www.manabi.gob.ec\\\/\"},{\"@type\":\"ListItem\",\"position\":2,\"name\":\"Seguimos articulando acciones para fortalecer la lucha contra la violencia de g\u00e9nero\"}]},{\"@type\":\"WebSite\",\"@id\":\"https:\\\/\\\/www.manabi.gob.ec\\\/#website\",\"url\":\"https:\\\/\\\/www.manabi.gob.ec\\\/\",\"name\":\"Prefectura de Manab\u00ed\",\"description\":\"P\u00e1gina web de la prefectura\",\"potentialAction\":[{\"@type\":\"SearchAction\",\"target\":{\"@type\":\"EntryPoint\",\"urlTemplate\":\"https:\\\/\\\/www.manabi.gob.ec\\\/?s={search_term_string}\"},\"query-input\":{\"@type\":\"PropertyValueSpecification\",\"valueRequired\":true,\"valueName\":\"search_term_string\"}}],\"inLanguage\":\"es\"},{\"@type\":\"Person\",\"@id\":\"https:\\\/\\\/www.manabi.gob.ec\\\/#\\\/schema\\\/person\\\/cfc71bd68fe2703b779edcc292a49722\",\"name\":\"admin\",\"image\":{\"@type\":\"ImageObject\",\"inLanguage\":\"es\",\"@id\":\"https:\\\/\\\/secure.gravatar.com\\\/avatar\\\/23e9f919492b0a2f65aa168e0d8c5c867ea853b61deffbadf08c7031e15b8d78?s=96&d=mm&r=g\",\"url\":\"https:\\\/\\\/secure.gravatar.com\\\/avatar\\\/23e9f919492b0a2f65aa168e0d8c5c867ea853b61deffbadf08c7031e15b8d78?s=96&d=mm&r=g\",\"contentUrl\":\"https:\\\/\\\/secure.gravatar.com\\\/avatar\\\/23e9f919492b0a2f65aa168e0d8c5c867ea853b61deffbadf08c7031e15b8d78?s=96&d=mm&r=g\",\"caption\":\"admin\"},\"sameAs\":[\"http:\\\/\\\/www.manabi.gob.ec\"],\"url\":\"https:\\\/\\\/www.manabi.gob.ec\\\/index.php\\\/author\\\/admin\\\/\"}]}<\/script>\n<!-- \/ Yoast SEO plugin. -->","yoast_head_json":{"title":"Seguimos articulando acciones para fortalecer la lucha contra la violencia de g\u00e9nero - Prefectura de Manab\u00ed","robots":{"index":"index","follow":"follow","max-snippet":"max-snippet:-1","max-image-preview":"max-image-preview:large","max-video-preview":"max-video-preview:-1"},"canonical":"https:\/\/www.manabi.gob.ec\/index.php\/seguimos-articulando-acciones-para-fortalecer-la-lucha-contra-la-violencia-de-genero-2\/","og_locale":"es_ES","og_type":"article","og_title":"Seguimos articulando acciones para fortalecer la lucha contra la violencia de g\u00e9nero - Prefectura de Manab\u00ed","og_description":"\u00abEs muy importante lo que hagamos hoy para transformar esa realidad\u00bb, dijo el prefecto de Manab\u00ed, Leonardo Orlando, en relaci\u00f3n a las altas cifras de violencia contra las mujeres, durante la presentaci\u00f3n del cuadernillo con los datos correspondientes a Manab\u00ed, de la Encuesta Nacional sobre las Relaciones Familiares y la Violencia de G\u00e9nero contra las [&hellip;]","og_url":"https:\/\/www.manabi.gob.ec\/index.php\/seguimos-articulando-acciones-para-fortalecer-la-lucha-contra-la-violencia-de-genero-2\/","og_site_name":"Prefectura de Manab\u00ed","article_published_time":"2022-03-21T15:02:46+00:00","article_modified_time":"2022-03-21T15:02:50+00:00","og_image":[{"width":1280,"height":853,"url":"https:\/\/www.manabi.gob.ec\/wp-content\/uploads\/2022\/03\/WhatsApp-Image-2022-03-14-at-5.12.55-PM.jpeg","type":"image\/jpeg"}],"author":"admin","twitter_card":"summary_large_image","twitter_misc":{"Escrito por":"admin","Tiempo de lectura":"1 minuto"},"schema":{"@context":"https:\/\/schema.org","@graph":[{"@type":"Article","@id":"https:\/\/www.manabi.gob.ec\/index.php\/seguimos-articulando-acciones-para-fortalecer-la-lucha-contra-la-violencia-de-genero-2\/#article","isPartOf":{"@id":"https:\/\/www.manabi.gob.ec\/index.php\/seguimos-articulando-acciones-para-fortalecer-la-lucha-contra-la-violencia-de-genero-2\/"},"author":{"name":"admin","@id":"https:\/\/www.manabi.gob.ec\/#\/schema\/person\/cfc71bd68fe2703b779edcc292a49722"},"headline":"Seguimos articulando acciones para fortalecer la lucha contra la violencia de g\u00e9nero","datePublished":"2022-03-21T15:02:46+00:00","dateModified":"2022-03-21T15:02:50+00:00","mainEntityOfPage":{"@id":"https:\/\/www.manabi.gob.ec\/index.php\/seguimos-articulando-acciones-para-fortalecer-la-lucha-contra-la-violencia-de-genero-2\/"},"wordCount":220,"image":{"@id":"https:\/\/www.manabi.gob.ec\/index.php\/seguimos-articulando-acciones-para-fortalecer-la-lucha-contra-la-violencia-de-genero-2\/#primaryimage"},"thumbnailUrl":"https:\/\/www.manabi.gob.ec\/wp-content\/uploads\/2022\/03\/WhatsApp-Image-2022-03-14-at-5.12.55-PM.jpeg","keywords":["Desarrollo Social","G\u00e9nero","Igualdad","Violencia"],"inLanguage":"es"},{"@type":"WebPage","@id":"https:\/\/www.manabi.gob.ec\/index.php\/seguimos-articulando-acciones-para-fortalecer-la-lucha-contra-la-violencia-de-genero-2\/","url":"https:\/\/www.manabi.gob.ec\/index.php\/seguimos-articulando-acciones-para-fortalecer-la-lucha-contra-la-violencia-de-genero-2\/","name":"Seguimos articulando acciones para fortalecer la lucha contra la violencia de g\u00e9nero - Prefectura de Manab\u00ed","isPartOf":{"@id":"https:\/\/www.manabi.gob.ec\/#website"},"primaryImageOfPage":{"@id":"https:\/\/www.manabi.gob.ec\/index.php\/seguimos-articulando-acciones-para-fortalecer-la-lucha-contra-la-violencia-de-genero-2\/#primaryimage"},"image":{"@id":"https:\/\/www.manabi.gob.ec\/index.php\/seguimos-articulando-acciones-para-fortalecer-la-lucha-contra-la-violencia-de-genero-2\/#primaryimage"},"thumbnailUrl":"https:\/\/www.manabi.gob.ec\/wp-content\/uploads\/2022\/03\/WhatsApp-Image-2022-03-14-at-5.12.55-PM.jpeg","datePublished":"2022-03-21T15:02:46+00:00","dateModified":"2022-03-21T15:02:50+00:00","author":{"@id":"https:\/\/www.manabi.gob.ec\/#\/schema\/person\/cfc71bd68fe2703b779edcc292a49722"},"breadcrumb":{"@id":"https:\/\/www.manabi.gob.ec\/index.php\/seguimos-articulando-acciones-para-fortalecer-la-lucha-contra-la-violencia-de-genero-2\/#breadcrumb"},"inLanguage":"es","potentialAction":[{"@type":"ReadAction","target":["https:\/\/www.manabi.gob.ec\/index.php\/seguimos-articulando-acciones-para-fortalecer-la-lucha-contra-la-violencia-de-genero-2\/"]}]},{"@type":"ImageObject","inLanguage":"es","@id":"https:\/\/www.manabi.gob.ec\/index.php\/seguimos-articulando-acciones-para-fortalecer-la-lucha-contra-la-violencia-de-genero-2\/#primaryimage","url":"https:\/\/www.manabi.gob.ec\/wp-content\/uploads\/2022\/03\/WhatsApp-Image-2022-03-14-at-5.12.55-PM.jpeg","contentUrl":"https:\/\/www.manabi.gob.ec\/wp-content\/uploads\/2022\/03\/WhatsApp-Image-2022-03-14-at-5.12.55-PM.jpeg","width":1280,"height":853},{"@type":"BreadcrumbList","@id":"https:\/\/www.manabi.gob.ec\/index.php\/seguimos-articulando-acciones-para-fortalecer-la-lucha-contra-la-violencia-de-genero-2\/#breadcrumb","itemListElement":[{"@type":"ListItem","position":1,"name":"Portada","item":"https:\/\/www.manabi.gob.ec\/"},{"@type":"ListItem","position":2,"name":"Seguimos articulando acciones para fortalecer la lucha contra la violencia de g\u00e9nero"}]},{"@type":"WebSite","@id":"https:\/\/www.manabi.gob.ec\/#website","url":"https:\/\/www.manabi.gob.ec\/","name":"Prefectura de Manab\u00ed","description":"P\u00e1gina web de la prefectura","potentialAction":[{"@type":"SearchAction","target":{"@type":"EntryPoint","urlTemplate":"https:\/\/www.manabi.gob.ec\/?s={search_term_string}"},"query-input":{"@type":"PropertyValueSpecification","valueRequired":true,"valueName":"search_term_string"}}],"inLanguage":"es"},{"@type":"Person","@id":"https:\/\/www.manabi.gob.ec\/#\/schema\/person\/cfc71bd68fe2703b779edcc292a49722","name":"admin","image":{"@type":"ImageObject","inLanguage":"es","@id":"https:\/\/secure.gravatar.com\/avatar\/23e9f919492b0a2f65aa168e0d8c5c867ea853b61deffbadf08c7031e15b8d78?s=96&d=mm&r=g","url":"https:\/\/secure.gravatar.com\/avatar\/23e9f919492b0a2f65aa168e0d8c5c867ea853b61deffbadf08c7031e15b8d78?s=96&d=mm&r=g","contentUrl":"https:\/\/secure.gravatar.com\/avatar\/23e9f919492b0a2f65aa168e0d8c5c867ea853b61deffbadf08c7031e15b8d78?s=96&d=mm&r=g","caption":"admin"},"sameAs":["http:\/\/www.manabi.gob.ec"],"url":"https:\/\/www.manabi.gob.ec\/index.php\/author\/admin\/"}]}},"jetpack_featured_media_url":"https:\/\/www.manabi.gob.ec\/wp-content\/uploads\/2022\/03\/WhatsApp-Image-2022-03-14-at-5.12.55-PM.jpeg","_links":{"self":[{"href":"https:\/\/www.manabi.gob.ec\/index.php\/wp-json\/wp\/v2\/posts\/19786","targetHints":{"allow":["GET"]}}],"collection":[{"href":"https:\/\/www.manabi.gob.ec\/index.php\/wp-json\/wp\/v2\/posts"}],"about":[{"href":"https:\/\/www.manabi.gob.ec\/index.php\/wp-json\/wp\/v2\/types\/post"}],"author":[{"embeddable":true,"href":"https:\/\/www.manabi.gob.ec\/index.php\/wp-json\/wp\/v2\/users\/1"}],"replies":[{"embeddable":true,"href":"https:\/\/www.manabi.gob.ec\/index.php\/wp-json\/wp\/v2\/comments?post=19786"}],"version-history":[{"count":0,"href":"https:\/\/www.manabi.gob.ec\/index.php\/wp-json\/wp\/v2\/posts\/19786\/revisions"}],"wp:featuredmedia":[{"embeddable":true,"href":"https:\/\/www.manabi.gob.ec\/index.php\/wp-json\/wp\/v2\/media\/19787"}],"wp:attachment":[{"href":"https:\/\/www.manabi.gob.ec\/index.php\/wp-json\/wp\/v2\/media?parent=19786"}],"wp:term":[{"taxonomy":"category","embeddable":true,"href":"https:\/\/www.manabi.gob.ec\/index.php\/wp-json\/wp\/v2\/categories?post=19786"},{"taxonomy":"post_tag","embeddable":true,"href":"https:\/\/www.manabi.gob.ec\/index.php\/wp-json\/wp\/v2\/tags?post=19786"}],"curies":[{"name":"wp","href":"https:\/\/api.w.org\/{rel}","templated":true}]}}