{"id":19792,"date":"2022-03-21T15:09:25","date_gmt":"2022-03-21T15:09:25","guid":{"rendered":"https:\/\/www.manabi.gob.ec\/?p=19792"},"modified":"2022-03-21T15:09:28","modified_gmt":"2022-03-21T15:09:28","slug":"embajador-de-china-ratifica-a-asambleistas-y-prefecto-de-manabi-que-reconoce-y-respeta-la-prioridad-de-los-proyectos-de-la-reconstruccion-de-manabi-y-esmeraldas","status":"publish","type":"post","link":"https:\/\/www.manabi.gob.ec\/index.php\/embajador-de-china-ratifica-a-asambleistas-y-prefecto-de-manabi-que-reconoce-y-respeta-la-prioridad-de-los-proyectos-de-la-reconstruccion-de-manabi-y-esmeraldas\/","title":{"rendered":"Embajador de China ratifica a asamble\u00edstas y Prefecto de Manab\u00ed que reconoce y respeta la prioridad de los proyectos de la reconstrucci\u00f3n de Manab\u00ed y Esmeraldas"},"content":{"rendered":"\n<p>Esta ma\u00f1ana, en reuni\u00f3n con el embajador de China, Chen Gouyou y una delegaci\u00f3n de asamble\u00edstas de #Manab\u00ed y #Esmeraldas, reafirmamos los compromisos con las l\u00edneas de financiamientos y apoyo que este hermano pa\u00eds tiene para la reconstrucci\u00f3n de Manab\u00ed y Esmeraldas\u201d, inform\u00f3 el prefecto de Manab\u00ed, Leonardo Orlando.<br>Indic\u00f3 que el Embajador reconoce y respeta las priorizaciones de los proyectos que se encuentran disponibles para la reconstrucci\u00f3n de ambas provincias afectadas, con las l\u00edneas de financiamiento, adem\u00e1s de las donaciones para casas y hospitales.<br>Como parte de los compromisos, inform\u00f3 la autoridad provincial, tambi\u00e9n se potenciar\u00e1 la innovaci\u00f3n y tecnificaci\u00f3n agr\u00edcola, ayuda en investigaci\u00f3n, temas de comercio y cultura, siguiendo el camino del desarrollo para Manab\u00ed.<br>El Prefecto dijo que adem\u00e1s le realiz\u00f3 una cordial invitaci\u00f3n al Embajador a conocer el Plan de Desarrollo Provincial Manab\u00ed 5i, entablar otras reuniones con los asamble\u00edstas, y que de primera mano conozca las acciones de la Prefectura en territorio. \u201cSer\u00e1 un gusto ser el anfitri\u00f3n y llevarlo a recorrer nuestro Manab\u00ed m\u00e1gico y diverso\u201d, le manifest\u00f3 el Prefecto.<\/p>\n","protected":false},"excerpt":{"rendered":"<p>Esta ma\u00f1ana, en reuni\u00f3n con el embajador de China, Chen Gouyou y una delegaci\u00f3n de asamble\u00edstas de #Manab\u00ed y #Esmeraldas, reafirmamos los compromisos con las l\u00edneas de financiamientos y apoyo que este hermano pa\u00eds tiene para la reconstrucci\u00f3n de Manab\u00ed y Esmeraldas\u201d, inform\u00f3 el prefecto de Manab\u00ed, Leonardo Orlando.Indic\u00f3 que el Embajador reconoce y respeta [&hellip;]<\/p>\n","protected":false},"author":1,"featured_media":19793,"comment_status":"closed","ping_status":"closed","sticky":false,"template":"","format":"standard","meta":{"_joinchat":[],"footnotes":""},"categories":[],"tags":[234,233],"class_list":["post-19792","post","type-post","status-publish","format-standard","has-post-thumbnail","hentry","tag-agricola","tag-desarrollo"],"yoast_head":"<!-- This site is optimized with the Yoast SEO plugin v27.4 - https:\/\/yoast.com\/product\/yoast-seo-wordpress\/ -->\n<title>Embajador de China ratifica a asamble\u00edstas y Prefecto de Manab\u00ed que reconoce y respeta la prioridad de los proyectos de la reconstrucci\u00f3n de Manab\u00ed y Esmeraldas - Prefectura de Manab\u00ed<\/title>\n<meta name=\"robots\" content=\"index, follow, max-snippet:-1, max-image-preview:large, max-video-preview:-1\" \/>\n<link rel=\"canonical\" href=\"https:\/\/www.manabi.gob.ec\/index.php\/embajador-de-china-ratifica-a-asambleistas-y-prefecto-de-manabi-que-reconoce-y-respeta-la-prioridad-de-los-proyectos-de-la-reconstruccion-de-manabi-y-esmeraldas\/\" \/>\n<meta property=\"og:locale\" content=\"es_ES\" \/>\n<meta property=\"og:type\" content=\"article\" \/>\n<meta property=\"og:title\" content=\"Embajador de China ratifica a asamble\u00edstas y Prefecto de Manab\u00ed que reconoce y respeta la prioridad de los proyectos de la reconstrucci\u00f3n de Manab\u00ed y Esmeraldas - Prefectura de Manab\u00ed\" \/>\n<meta property=\"og:description\" content=\"Esta ma\u00f1ana, en reuni\u00f3n con el embajador de China, Chen Gouyou y una delegaci\u00f3n de asamble\u00edstas de #Manab\u00ed y #Esmeraldas, reafirmamos los compromisos con las l\u00edneas de financiamientos y apoyo que este hermano pa\u00eds tiene para la reconstrucci\u00f3n de Manab\u00ed y Esmeraldas\u201d, inform\u00f3 el prefecto de Manab\u00ed, Leonardo Orlando.Indic\u00f3 que el Embajador reconoce y respeta [&hellip;]\" \/>\n<meta property=\"og:url\" content=\"https:\/\/www.manabi.gob.ec\/index.php\/embajador-de-china-ratifica-a-asambleistas-y-prefecto-de-manabi-que-reconoce-y-respeta-la-prioridad-de-los-proyectos-de-la-reconstruccion-de-manabi-y-esmeraldas\/\" \/>\n<meta property=\"og:site_name\" content=\"Prefectura de Manab\u00ed\" \/>\n<meta property=\"article:published_time\" content=\"2022-03-21T15:09:25+00:00\" \/>\n<meta property=\"article:modified_time\" content=\"2022-03-21T15:09:28+00:00\" \/>\n<meta property=\"og:image\" content=\"https:\/\/www.manabi.gob.ec\/wp-content\/uploads\/2022\/03\/WhatsApp-Image-2022-03-15-at-9.13.38-PM.jpeg\" \/>\n\t<meta property=\"og:image:width\" content=\"960\" \/>\n\t<meta property=\"og:image:height\" content=\"1280\" \/>\n\t<meta property=\"og:image:type\" content=\"image\/jpeg\" \/>\n<meta name=\"author\" content=\"admin\" \/>\n<meta name=\"twitter:card\" content=\"summary_large_image\" \/>\n<meta name=\"twitter:label1\" content=\"Escrito por\" \/>\n\t<meta name=\"twitter:data1\" content=\"admin\" \/>\n\t<meta name=\"twitter:label2\" content=\"Tiempo de lectura\" \/>\n\t<meta name=\"twitter:data2\" content=\"1 minuto\" \/>\n<script type=\"application\/ld+json\" class=\"yoast-schema-graph\">{\"@context\":\"https:\\\/\\\/schema.org\",\"@graph\":[{\"@type\":\"Article\",\"@id\":\"https:\\\/\\\/www.manabi.gob.ec\\\/index.php\\\/embajador-de-china-ratifica-a-asambleistas-y-prefecto-de-manabi-que-reconoce-y-respeta-la-prioridad-de-los-proyectos-de-la-reconstruccion-de-manabi-y-esmeraldas\\\/#article\",\"isPartOf\":{\"@id\":\"https:\\\/\\\/www.manabi.gob.ec\\\/index.php\\\/embajador-de-china-ratifica-a-asambleistas-y-prefecto-de-manabi-que-reconoce-y-respeta-la-prioridad-de-los-proyectos-de-la-reconstruccion-de-manabi-y-esmeraldas\\\/\"},\"author\":{\"name\":\"admin\",\"@id\":\"https:\\\/\\\/www.manabi.gob.ec\\\/#\\\/schema\\\/person\\\/cfc71bd68fe2703b779edcc292a49722\"},\"headline\":\"Embajador de China ratifica a asamble\u00edstas y Prefecto de Manab\u00ed que reconoce y respeta la prioridad de los proyectos de la reconstrucci\u00f3n de Manab\u00ed y Esmeraldas\",\"datePublished\":\"2022-03-21T15:09:25+00:00\",\"dateModified\":\"2022-03-21T15:09:28+00:00\",\"mainEntityOfPage\":{\"@id\":\"https:\\\/\\\/www.manabi.gob.ec\\\/index.php\\\/embajador-de-china-ratifica-a-asambleistas-y-prefecto-de-manabi-que-reconoce-y-respeta-la-prioridad-de-los-proyectos-de-la-reconstruccion-de-manabi-y-esmeraldas\\\/\"},\"wordCount\":224,\"image\":{\"@id\":\"https:\\\/\\\/www.manabi.gob.ec\\\/index.php\\\/embajador-de-china-ratifica-a-asambleistas-y-prefecto-de-manabi-que-reconoce-y-respeta-la-prioridad-de-los-proyectos-de-la-reconstruccion-de-manabi-y-esmeraldas\\\/#primaryimage\"},\"thumbnailUrl\":\"https:\\\/\\\/www.manabi.gob.ec\\\/wp-content\\\/uploads\\\/2022\\\/03\\\/WhatsApp-Image-2022-03-15-at-9.13.38-PM.jpeg\",\"keywords\":[\"Agr\u00edcola\",\"Desarrollo\"],\"inLanguage\":\"es\"},{\"@type\":\"WebPage\",\"@id\":\"https:\\\/\\\/www.manabi.gob.ec\\\/index.php\\\/embajador-de-china-ratifica-a-asambleistas-y-prefecto-de-manabi-que-reconoce-y-respeta-la-prioridad-de-los-proyectos-de-la-reconstruccion-de-manabi-y-esmeraldas\\\/\",\"url\":\"https:\\\/\\\/www.manabi.gob.ec\\\/index.php\\\/embajador-de-china-ratifica-a-asambleistas-y-prefecto-de-manabi-que-reconoce-y-respeta-la-prioridad-de-los-proyectos-de-la-reconstruccion-de-manabi-y-esmeraldas\\\/\",\"name\":\"Embajador de China ratifica a asamble\u00edstas y Prefecto de Manab\u00ed que reconoce y respeta la prioridad de los proyectos de la reconstrucci\u00f3n de Manab\u00ed y Esmeraldas - Prefectura de Manab\u00ed\",\"isPartOf\":{\"@id\":\"https:\\\/\\\/www.manabi.gob.ec\\\/#website\"},\"primaryImageOfPage\":{\"@id\":\"https:\\\/\\\/www.manabi.gob.ec\\\/index.php\\\/embajador-de-china-ratifica-a-asambleistas-y-prefecto-de-manabi-que-reconoce-y-respeta-la-prioridad-de-los-proyectos-de-la-reconstruccion-de-manabi-y-esmeraldas\\\/#primaryimage\"},\"image\":{\"@id\":\"https:\\\/\\\/www.manabi.gob.ec\\\/index.php\\\/embajador-de-china-ratifica-a-asambleistas-y-prefecto-de-manabi-que-reconoce-y-respeta-la-prioridad-de-los-proyectos-de-la-reconstruccion-de-manabi-y-esmeraldas\\\/#primaryimage\"},\"thumbnailUrl\":\"https:\\\/\\\/www.manabi.gob.ec\\\/wp-content\\\/uploads\\\/2022\\\/03\\\/WhatsApp-Image-2022-03-15-at-9.13.38-PM.jpeg\",\"datePublished\":\"2022-03-21T15:09:25+00:00\",\"dateModified\":\"2022-03-21T15:09:28+00:00\",\"author\":{\"@id\":\"https:\\\/\\\/www.manabi.gob.ec\\\/#\\\/schema\\\/person\\\/cfc71bd68fe2703b779edcc292a49722\"},\"breadcrumb\":{\"@id\":\"https:\\\/\\\/www.manabi.gob.ec\\\/index.php\\\/embajador-de-china-ratifica-a-asambleistas-y-prefecto-de-manabi-que-reconoce-y-respeta-la-prioridad-de-los-proyectos-de-la-reconstruccion-de-manabi-y-esmeraldas\\\/#breadcrumb\"},\"inLanguage\":\"es\",\"potentialAction\":[{\"@type\":\"ReadAction\",\"target\":[\"https:\\\/\\\/www.manabi.gob.ec\\\/index.php\\\/embajador-de-china-ratifica-a-asambleistas-y-prefecto-de-manabi-que-reconoce-y-respeta-la-prioridad-de-los-proyectos-de-la-reconstruccion-de-manabi-y-esmeraldas\\\/\"]}]},{\"@type\":\"ImageObject\",\"inLanguage\":\"es\",\"@id\":\"https:\\\/\\\/www.manabi.gob.ec\\\/index.php\\\/embajador-de-china-ratifica-a-asambleistas-y-prefecto-de-manabi-que-reconoce-y-respeta-la-prioridad-de-los-proyectos-de-la-reconstruccion-de-manabi-y-esmeraldas\\\/#primaryimage\",\"url\":\"https:\\\/\\\/www.manabi.gob.ec\\\/wp-content\\\/uploads\\\/2022\\\/03\\\/WhatsApp-Image-2022-03-15-at-9.13.38-PM.jpeg\",\"contentUrl\":\"https:\\\/\\\/www.manabi.gob.ec\\\/wp-content\\\/uploads\\\/2022\\\/03\\\/WhatsApp-Image-2022-03-15-at-9.13.38-PM.jpeg\",\"width\":960,\"height\":1280},{\"@type\":\"BreadcrumbList\",\"@id\":\"https:\\\/\\\/www.manabi.gob.ec\\\/index.php\\\/embajador-de-china-ratifica-a-asambleistas-y-prefecto-de-manabi-que-reconoce-y-respeta-la-prioridad-de-los-proyectos-de-la-reconstruccion-de-manabi-y-esmeraldas\\\/#breadcrumb\",\"itemListElement\":[{\"@type\":\"ListItem\",\"position\":1,\"name\":\"Portada\",\"item\":\"https:\\\/\\\/www.manabi.gob.ec\\\/\"},{\"@type\":\"ListItem\",\"position\":2,\"name\":\"Embajador de China ratifica a asamble\u00edstas y Prefecto de Manab\u00ed que reconoce y respeta la prioridad de los proyectos de la reconstrucci\u00f3n de Manab\u00ed y Esmeraldas\"}]},{\"@type\":\"WebSite\",\"@id\":\"https:\\\/\\\/www.manabi.gob.ec\\\/#website\",\"url\":\"https:\\\/\\\/www.manabi.gob.ec\\\/\",\"name\":\"Prefectura de Manab\u00ed\",\"description\":\"P\u00e1gina web de la prefectura\",\"potentialAction\":[{\"@type\":\"SearchAction\",\"target\":{\"@type\":\"EntryPoint\",\"urlTemplate\":\"https:\\\/\\\/www.manabi.gob.ec\\\/?s={search_term_string}\"},\"query-input\":{\"@type\":\"PropertyValueSpecification\",\"valueRequired\":true,\"valueName\":\"search_term_string\"}}],\"inLanguage\":\"es\"},{\"@type\":\"Person\",\"@id\":\"https:\\\/\\\/www.manabi.gob.ec\\\/#\\\/schema\\\/person\\\/cfc71bd68fe2703b779edcc292a49722\",\"name\":\"admin\",\"image\":{\"@type\":\"ImageObject\",\"inLanguage\":\"es\",\"@id\":\"https:\\\/\\\/secure.gravatar.com\\\/avatar\\\/23e9f919492b0a2f65aa168e0d8c5c867ea853b61deffbadf08c7031e15b8d78?s=96&d=mm&r=g\",\"url\":\"https:\\\/\\\/secure.gravatar.com\\\/avatar\\\/23e9f919492b0a2f65aa168e0d8c5c867ea853b61deffbadf08c7031e15b8d78?s=96&d=mm&r=g\",\"contentUrl\":\"https:\\\/\\\/secure.gravatar.com\\\/avatar\\\/23e9f919492b0a2f65aa168e0d8c5c867ea853b61deffbadf08c7031e15b8d78?s=96&d=mm&r=g\",\"caption\":\"admin\"},\"sameAs\":[\"http:\\\/\\\/www.manabi.gob.ec\"],\"url\":\"https:\\\/\\\/www.manabi.gob.ec\\\/index.php\\\/author\\\/admin\\\/\"}]}<\/script>\n<!-- \/ Yoast SEO plugin. -->","yoast_head_json":{"title":"Embajador de China ratifica a asamble\u00edstas y Prefecto de Manab\u00ed que reconoce y respeta la prioridad de los proyectos de la reconstrucci\u00f3n de Manab\u00ed y Esmeraldas - Prefectura de Manab\u00ed","robots":{"index":"index","follow":"follow","max-snippet":"max-snippet:-1","max-image-preview":"max-image-preview:large","max-video-preview":"max-video-preview:-1"},"canonical":"https:\/\/www.manabi.gob.ec\/index.php\/embajador-de-china-ratifica-a-asambleistas-y-prefecto-de-manabi-que-reconoce-y-respeta-la-prioridad-de-los-proyectos-de-la-reconstruccion-de-manabi-y-esmeraldas\/","og_locale":"es_ES","og_type":"article","og_title":"Embajador de China ratifica a asamble\u00edstas y Prefecto de Manab\u00ed que reconoce y respeta la prioridad de los proyectos de la reconstrucci\u00f3n de Manab\u00ed y Esmeraldas - Prefectura de Manab\u00ed","og_description":"Esta ma\u00f1ana, en reuni\u00f3n con el embajador de China, Chen Gouyou y una delegaci\u00f3n de asamble\u00edstas de #Manab\u00ed y #Esmeraldas, reafirmamos los compromisos con las l\u00edneas de financiamientos y apoyo que este hermano pa\u00eds tiene para la reconstrucci\u00f3n de Manab\u00ed y Esmeraldas\u201d, inform\u00f3 el prefecto de Manab\u00ed, Leonardo Orlando.Indic\u00f3 que el Embajador reconoce y respeta [&hellip;]","og_url":"https:\/\/www.manabi.gob.ec\/index.php\/embajador-de-china-ratifica-a-asambleistas-y-prefecto-de-manabi-que-reconoce-y-respeta-la-prioridad-de-los-proyectos-de-la-reconstruccion-de-manabi-y-esmeraldas\/","og_site_name":"Prefectura de Manab\u00ed","article_published_time":"2022-03-21T15:09:25+00:00","article_modified_time":"2022-03-21T15:09:28+00:00","og_image":[{"width":960,"height":1280,"url":"https:\/\/www.manabi.gob.ec\/wp-content\/uploads\/2022\/03\/WhatsApp-Image-2022-03-15-at-9.13.38-PM.jpeg","type":"image\/jpeg"}],"author":"admin","twitter_card":"summary_large_image","twitter_misc":{"Escrito por":"admin","Tiempo de lectura":"1 minuto"},"schema":{"@context":"https:\/\/schema.org","@graph":[{"@type":"Article","@id":"https:\/\/www.manabi.gob.ec\/index.php\/embajador-de-china-ratifica-a-asambleistas-y-prefecto-de-manabi-que-reconoce-y-respeta-la-prioridad-de-los-proyectos-de-la-reconstruccion-de-manabi-y-esmeraldas\/#article","isPartOf":{"@id":"https:\/\/www.manabi.gob.ec\/index.php\/embajador-de-china-ratifica-a-asambleistas-y-prefecto-de-manabi-que-reconoce-y-respeta-la-prioridad-de-los-proyectos-de-la-reconstruccion-de-manabi-y-esmeraldas\/"},"author":{"name":"admin","@id":"https:\/\/www.manabi.gob.ec\/#\/schema\/person\/cfc71bd68fe2703b779edcc292a49722"},"headline":"Embajador de China ratifica a asamble\u00edstas y Prefecto de Manab\u00ed que reconoce y respeta la prioridad de los proyectos de la reconstrucci\u00f3n de Manab\u00ed y Esmeraldas","datePublished":"2022-03-21T15:09:25+00:00","dateModified":"2022-03-21T15:09:28+00:00","mainEntityOfPage":{"@id":"https:\/\/www.manabi.gob.ec\/index.php\/embajador-de-china-ratifica-a-asambleistas-y-prefecto-de-manabi-que-reconoce-y-respeta-la-prioridad-de-los-proyectos-de-la-reconstruccion-de-manabi-y-esmeraldas\/"},"wordCount":224,"image":{"@id":"https:\/\/www.manabi.gob.ec\/index.php\/embajador-de-china-ratifica-a-asambleistas-y-prefecto-de-manabi-que-reconoce-y-respeta-la-prioridad-de-los-proyectos-de-la-reconstruccion-de-manabi-y-esmeraldas\/#primaryimage"},"thumbnailUrl":"https:\/\/www.manabi.gob.ec\/wp-content\/uploads\/2022\/03\/WhatsApp-Image-2022-03-15-at-9.13.38-PM.jpeg","keywords":["Agr\u00edcola","Desarrollo"],"inLanguage":"es"},{"@type":"WebPage","@id":"https:\/\/www.manabi.gob.ec\/index.php\/embajador-de-china-ratifica-a-asambleistas-y-prefecto-de-manabi-que-reconoce-y-respeta-la-prioridad-de-los-proyectos-de-la-reconstruccion-de-manabi-y-esmeraldas\/","url":"https:\/\/www.manabi.gob.ec\/index.php\/embajador-de-china-ratifica-a-asambleistas-y-prefecto-de-manabi-que-reconoce-y-respeta-la-prioridad-de-los-proyectos-de-la-reconstruccion-de-manabi-y-esmeraldas\/","name":"Embajador de China ratifica a asamble\u00edstas y Prefecto de Manab\u00ed que reconoce y respeta la prioridad de los proyectos de la reconstrucci\u00f3n de Manab\u00ed y Esmeraldas - Prefectura de Manab\u00ed","isPartOf":{"@id":"https:\/\/www.manabi.gob.ec\/#website"},"primaryImageOfPage":{"@id":"https:\/\/www.manabi.gob.ec\/index.php\/embajador-de-china-ratifica-a-asambleistas-y-prefecto-de-manabi-que-reconoce-y-respeta-la-prioridad-de-los-proyectos-de-la-reconstruccion-de-manabi-y-esmeraldas\/#primaryimage"},"image":{"@id":"https:\/\/www.manabi.gob.ec\/index.php\/embajador-de-china-ratifica-a-asambleistas-y-prefecto-de-manabi-que-reconoce-y-respeta-la-prioridad-de-los-proyectos-de-la-reconstruccion-de-manabi-y-esmeraldas\/#primaryimage"},"thumbnailUrl":"https:\/\/www.manabi.gob.ec\/wp-content\/uploads\/2022\/03\/WhatsApp-Image-2022-03-15-at-9.13.38-PM.jpeg","datePublished":"2022-03-21T15:09:25+00:00","dateModified":"2022-03-21T15:09:28+00:00","author":{"@id":"https:\/\/www.manabi.gob.ec\/#\/schema\/person\/cfc71bd68fe2703b779edcc292a49722"},"breadcrumb":{"@id":"https:\/\/www.manabi.gob.ec\/index.php\/embajador-de-china-ratifica-a-asambleistas-y-prefecto-de-manabi-que-reconoce-y-respeta-la-prioridad-de-los-proyectos-de-la-reconstruccion-de-manabi-y-esmeraldas\/#breadcrumb"},"inLanguage":"es","potentialAction":[{"@type":"ReadAction","target":["https:\/\/www.manabi.gob.ec\/index.php\/embajador-de-china-ratifica-a-asambleistas-y-prefecto-de-manabi-que-reconoce-y-respeta-la-prioridad-de-los-proyectos-de-la-reconstruccion-de-manabi-y-esmeraldas\/"]}]},{"@type":"ImageObject","inLanguage":"es","@id":"https:\/\/www.manabi.gob.ec\/index.php\/embajador-de-china-ratifica-a-asambleistas-y-prefecto-de-manabi-que-reconoce-y-respeta-la-prioridad-de-los-proyectos-de-la-reconstruccion-de-manabi-y-esmeraldas\/#primaryimage","url":"https:\/\/www.manabi.gob.ec\/wp-content\/uploads\/2022\/03\/WhatsApp-Image-2022-03-15-at-9.13.38-PM.jpeg","contentUrl":"https:\/\/www.manabi.gob.ec\/wp-content\/uploads\/2022\/03\/WhatsApp-Image-2022-03-15-at-9.13.38-PM.jpeg","width":960,"height":1280},{"@type":"BreadcrumbList","@id":"https:\/\/www.manabi.gob.ec\/index.php\/embajador-de-china-ratifica-a-asambleistas-y-prefecto-de-manabi-que-reconoce-y-respeta-la-prioridad-de-los-proyectos-de-la-reconstruccion-de-manabi-y-esmeraldas\/#breadcrumb","itemListElement":[{"@type":"ListItem","position":1,"name":"Portada","item":"https:\/\/www.manabi.gob.ec\/"},{"@type":"ListItem","position":2,"name":"Embajador de China ratifica a asamble\u00edstas y Prefecto de Manab\u00ed que reconoce y respeta la prioridad de los proyectos de la reconstrucci\u00f3n de Manab\u00ed y Esmeraldas"}]},{"@type":"WebSite","@id":"https:\/\/www.manabi.gob.ec\/#website","url":"https:\/\/www.manabi.gob.ec\/","name":"Prefectura de Manab\u00ed","description":"P\u00e1gina web de la prefectura","potentialAction":[{"@type":"SearchAction","target":{"@type":"EntryPoint","urlTemplate":"https:\/\/www.manabi.gob.ec\/?s={search_term_string}"},"query-input":{"@type":"PropertyValueSpecification","valueRequired":true,"valueName":"search_term_string"}}],"inLanguage":"es"},{"@type":"Person","@id":"https:\/\/www.manabi.gob.ec\/#\/schema\/person\/cfc71bd68fe2703b779edcc292a49722","name":"admin","image":{"@type":"ImageObject","inLanguage":"es","@id":"https:\/\/secure.gravatar.com\/avatar\/23e9f919492b0a2f65aa168e0d8c5c867ea853b61deffbadf08c7031e15b8d78?s=96&d=mm&r=g","url":"https:\/\/secure.gravatar.com\/avatar\/23e9f919492b0a2f65aa168e0d8c5c867ea853b61deffbadf08c7031e15b8d78?s=96&d=mm&r=g","contentUrl":"https:\/\/secure.gravatar.com\/avatar\/23e9f919492b0a2f65aa168e0d8c5c867ea853b61deffbadf08c7031e15b8d78?s=96&d=mm&r=g","caption":"admin"},"sameAs":["http:\/\/www.manabi.gob.ec"],"url":"https:\/\/www.manabi.gob.ec\/index.php\/author\/admin\/"}]}},"jetpack_featured_media_url":"https:\/\/www.manabi.gob.ec\/wp-content\/uploads\/2022\/03\/WhatsApp-Image-2022-03-15-at-9.13.38-PM.jpeg","_links":{"self":[{"href":"https:\/\/www.manabi.gob.ec\/index.php\/wp-json\/wp\/v2\/posts\/19792","targetHints":{"allow":["GET"]}}],"collection":[{"href":"https:\/\/www.manabi.gob.ec\/index.php\/wp-json\/wp\/v2\/posts"}],"about":[{"href":"https:\/\/www.manabi.gob.ec\/index.php\/wp-json\/wp\/v2\/types\/post"}],"author":[{"embeddable":true,"href":"https:\/\/www.manabi.gob.ec\/index.php\/wp-json\/wp\/v2\/users\/1"}],"replies":[{"embeddable":true,"href":"https:\/\/www.manabi.gob.ec\/index.php\/wp-json\/wp\/v2\/comments?post=19792"}],"version-history":[{"count":0,"href":"https:\/\/www.manabi.gob.ec\/index.php\/wp-json\/wp\/v2\/posts\/19792\/revisions"}],"wp:featuredmedia":[{"embeddable":true,"href":"https:\/\/www.manabi.gob.ec\/index.php\/wp-json\/wp\/v2\/media\/19793"}],"wp:attachment":[{"href":"https:\/\/www.manabi.gob.ec\/index.php\/wp-json\/wp\/v2\/media?parent=19792"}],"wp:term":[{"taxonomy":"category","embeddable":true,"href":"https:\/\/www.manabi.gob.ec\/index.php\/wp-json\/wp\/v2\/categories?post=19792"},{"taxonomy":"post_tag","embeddable":true,"href":"https:\/\/www.manabi.gob.ec\/index.php\/wp-json\/wp\/v2\/tags?post=19792"}],"curies":[{"name":"wp","href":"https:\/\/api.w.org\/{rel}","templated":true}]}}