{"id":19816,"date":"2022-03-21T15:42:18","date_gmt":"2022-03-21T15:42:18","guid":{"rendered":"https:\/\/www.manabi.gob.ec\/?p=19816"},"modified":"2022-03-21T15:42:22","modified_gmt":"2022-03-21T15:42:22","slug":"prefecturas-de-manabi-y-esmeraldas-impulsaran-la-construccion-de-nuevo-puente-carrozable-en-los-limites-provinciales","status":"publish","type":"post","link":"https:\/\/www.manabi.gob.ec\/index.php\/prefecturas-de-manabi-y-esmeraldas-impulsaran-la-construccion-de-nuevo-puente-carrozable-en-los-limites-provinciales\/","title":{"rendered":"Prefecturas de Manab\u00ed y Esmeraldas impulsar\u00e1n la construcci\u00f3n de nuevo puente carrozable en los l\u00edmites provinciales"},"content":{"rendered":"\n<p>Durante el acto formal de inauguraci\u00f3n del puente sobre el r\u00edo Pl\u00e1tano, en la comunidad San Juan del B\u00faa de la parroquia Chibunga de Chone, los prefectos de Manab\u00ed, Leonardo Orlando, y Esmeraldas, Roberta Zambrano, firmaron un convenio marco de cooperaci\u00f3n para financiar los estudios y buscar el financiamiento para construir un puente carrozable en la zona lim\u00edtrofe donde convergen Manab\u00ed, Esmeraldas y Santo Domingo de los Ts\u00e1chilas.<\/p>\n\n\n\n<p>El objetivo es ejecutar un viaducto que fortalezca la producci\u00f3n, el comercio, la integraci\u00f3n de estas provincias, y reemplazar el actual puente colgante peatonal sobre el r\u00edo Quinind\u00e9, el cual une a San Juan del B\u00faa (Chone de Manab\u00ed) con Bocana del B\u00faa (Quinind\u00e9 de Esmeraldas).<\/p>\n\n\n\n<p>\u00abEsmeraldas y Manab\u00ed nos juntamos en un solo abrazo, para seguir trabajando juntos por nuestro desarrollo. Electoralmente podemos caminar por veredas y colores distintos, pero las autoridades tenemos que escuchar a nuestros pueblos\u201d, manifest\u00f3 Leonardo Orlando.<\/p>\n\n\n\n<p>Previo a la firma del convenio, los prefectos Orlando y Zambrano, junto a otras autoridades y asamble\u00edstas de Manab\u00ed y Esmeraldas, atravesaron el puente colgante peatonal sobre el r\u00edo Quinind\u00e9, el cual recibi\u00f3 un mantenimiento integral durante los \u00faltimos d\u00edas por parte de la Prefectura de Manab\u00ed.<\/p>\n\n\n\n<p>La Prefecta de Esmeralda dijo que el puente que se proyecta construir entre San Juan del B\u00faa y Bocana del B\u00faa va a servir para el progreso y desarrollo de estos sectores fronterizos de las dos provincias hermanas. \u201cVa a servir a los agricultores que son los que garantizan la soberan\u00eda alimentaria\u201d, expres\u00f3 Roberta Zambrano<\/p>\n","protected":false},"excerpt":{"rendered":"<p>Durante el acto formal de inauguraci\u00f3n del puente sobre el r\u00edo Pl\u00e1tano, en la comunidad San Juan del B\u00faa de la parroquia Chibunga de Chone, los prefectos de Manab\u00ed, Leonardo Orlando, y Esmeraldas, Roberta Zambrano, firmaron un convenio marco de cooperaci\u00f3n para financiar los estudios y buscar el financiamiento para construir un puente carrozable en [&hellip;]<\/p>\n","protected":false},"author":1,"featured_media":19817,"comment_status":"closed","ping_status":"closed","sticky":false,"template":"","format":"standard","meta":{"_joinchat":[],"footnotes":""},"categories":[],"tags":[235,197,144],"class_list":["post-19816","post","type-post","status-publish","format-standard","has-post-thumbnail","hentry","tag-esmeraldas","tag-manabi","tag-puente"],"yoast_head":"<!-- This site is optimized with the Yoast SEO plugin v27.4 - https:\/\/yoast.com\/product\/yoast-seo-wordpress\/ -->\n<title>Prefecturas de Manab\u00ed y Esmeraldas impulsar\u00e1n la construcci\u00f3n de nuevo puente carrozable en los l\u00edmites provinciales - Prefectura de Manab\u00ed<\/title>\n<meta name=\"robots\" content=\"index, follow, max-snippet:-1, max-image-preview:large, max-video-preview:-1\" \/>\n<link rel=\"canonical\" href=\"https:\/\/www.manabi.gob.ec\/index.php\/prefecturas-de-manabi-y-esmeraldas-impulsaran-la-construccion-de-nuevo-puente-carrozable-en-los-limites-provinciales\/\" \/>\n<meta property=\"og:locale\" content=\"es_ES\" \/>\n<meta property=\"og:type\" content=\"article\" \/>\n<meta property=\"og:title\" content=\"Prefecturas de Manab\u00ed y Esmeraldas impulsar\u00e1n la construcci\u00f3n de nuevo puente carrozable en los l\u00edmites provinciales - Prefectura de Manab\u00ed\" \/>\n<meta property=\"og:description\" content=\"Durante el acto formal de inauguraci\u00f3n del puente sobre el r\u00edo Pl\u00e1tano, en la comunidad San Juan del B\u00faa de la parroquia Chibunga de Chone, los prefectos de Manab\u00ed, Leonardo Orlando, y Esmeraldas, Roberta Zambrano, firmaron un convenio marco de cooperaci\u00f3n para financiar los estudios y buscar el financiamiento para construir un puente carrozable en [&hellip;]\" \/>\n<meta property=\"og:url\" content=\"https:\/\/www.manabi.gob.ec\/index.php\/prefecturas-de-manabi-y-esmeraldas-impulsaran-la-construccion-de-nuevo-puente-carrozable-en-los-limites-provinciales\/\" \/>\n<meta property=\"og:site_name\" content=\"Prefectura de Manab\u00ed\" \/>\n<meta property=\"article:published_time\" content=\"2022-03-21T15:42:18+00:00\" \/>\n<meta property=\"article:modified_time\" content=\"2022-03-21T15:42:22+00:00\" \/>\n<meta property=\"og:image\" content=\"https:\/\/www.manabi.gob.ec\/wp-content\/uploads\/2022\/03\/WhatsApp-Image-2022-03-20-at-9.13.34-AM.jpeg\" \/>\n\t<meta property=\"og:image:width\" content=\"1504\" \/>\n\t<meta property=\"og:image:height\" content=\"1004\" \/>\n\t<meta property=\"og:image:type\" content=\"image\/jpeg\" \/>\n<meta name=\"author\" content=\"admin\" \/>\n<meta name=\"twitter:card\" content=\"summary_large_image\" \/>\n<meta name=\"twitter:label1\" content=\"Escrito por\" \/>\n\t<meta name=\"twitter:data1\" content=\"admin\" \/>\n\t<meta name=\"twitter:label2\" content=\"Tiempo de lectura\" \/>\n\t<meta name=\"twitter:data2\" content=\"2 minutos\" \/>\n<script type=\"application\/ld+json\" class=\"yoast-schema-graph\">{\"@context\":\"https:\\\/\\\/schema.org\",\"@graph\":[{\"@type\":\"Article\",\"@id\":\"https:\\\/\\\/www.manabi.gob.ec\\\/index.php\\\/prefecturas-de-manabi-y-esmeraldas-impulsaran-la-construccion-de-nuevo-puente-carrozable-en-los-limites-provinciales\\\/#article\",\"isPartOf\":{\"@id\":\"https:\\\/\\\/www.manabi.gob.ec\\\/index.php\\\/prefecturas-de-manabi-y-esmeraldas-impulsaran-la-construccion-de-nuevo-puente-carrozable-en-los-limites-provinciales\\\/\"},\"author\":{\"name\":\"admin\",\"@id\":\"https:\\\/\\\/www.manabi.gob.ec\\\/#\\\/schema\\\/person\\\/cfc71bd68fe2703b779edcc292a49722\"},\"headline\":\"Prefecturas de Manab\u00ed y Esmeraldas impulsar\u00e1n la construcci\u00f3n de nuevo puente carrozable en los l\u00edmites provinciales\",\"datePublished\":\"2022-03-21T15:42:18+00:00\",\"dateModified\":\"2022-03-21T15:42:22+00:00\",\"mainEntityOfPage\":{\"@id\":\"https:\\\/\\\/www.manabi.gob.ec\\\/index.php\\\/prefecturas-de-manabi-y-esmeraldas-impulsaran-la-construccion-de-nuevo-puente-carrozable-en-los-limites-provinciales\\\/\"},\"wordCount\":289,\"image\":{\"@id\":\"https:\\\/\\\/www.manabi.gob.ec\\\/index.php\\\/prefecturas-de-manabi-y-esmeraldas-impulsaran-la-construccion-de-nuevo-puente-carrozable-en-los-limites-provinciales\\\/#primaryimage\"},\"thumbnailUrl\":\"https:\\\/\\\/www.manabi.gob.ec\\\/wp-content\\\/uploads\\\/2022\\\/03\\\/WhatsApp-Image-2022-03-20-at-9.13.34-AM.jpeg\",\"keywords\":[\"Esmeraldas\",\"manab\u00ed\",\"Puente\"],\"inLanguage\":\"es\"},{\"@type\":\"WebPage\",\"@id\":\"https:\\\/\\\/www.manabi.gob.ec\\\/index.php\\\/prefecturas-de-manabi-y-esmeraldas-impulsaran-la-construccion-de-nuevo-puente-carrozable-en-los-limites-provinciales\\\/\",\"url\":\"https:\\\/\\\/www.manabi.gob.ec\\\/index.php\\\/prefecturas-de-manabi-y-esmeraldas-impulsaran-la-construccion-de-nuevo-puente-carrozable-en-los-limites-provinciales\\\/\",\"name\":\"Prefecturas de Manab\u00ed y Esmeraldas impulsar\u00e1n la construcci\u00f3n de nuevo puente carrozable en los l\u00edmites provinciales - Prefectura de Manab\u00ed\",\"isPartOf\":{\"@id\":\"https:\\\/\\\/www.manabi.gob.ec\\\/#website\"},\"primaryImageOfPage\":{\"@id\":\"https:\\\/\\\/www.manabi.gob.ec\\\/index.php\\\/prefecturas-de-manabi-y-esmeraldas-impulsaran-la-construccion-de-nuevo-puente-carrozable-en-los-limites-provinciales\\\/#primaryimage\"},\"image\":{\"@id\":\"https:\\\/\\\/www.manabi.gob.ec\\\/index.php\\\/prefecturas-de-manabi-y-esmeraldas-impulsaran-la-construccion-de-nuevo-puente-carrozable-en-los-limites-provinciales\\\/#primaryimage\"},\"thumbnailUrl\":\"https:\\\/\\\/www.manabi.gob.ec\\\/wp-content\\\/uploads\\\/2022\\\/03\\\/WhatsApp-Image-2022-03-20-at-9.13.34-AM.jpeg\",\"datePublished\":\"2022-03-21T15:42:18+00:00\",\"dateModified\":\"2022-03-21T15:42:22+00:00\",\"author\":{\"@id\":\"https:\\\/\\\/www.manabi.gob.ec\\\/#\\\/schema\\\/person\\\/cfc71bd68fe2703b779edcc292a49722\"},\"breadcrumb\":{\"@id\":\"https:\\\/\\\/www.manabi.gob.ec\\\/index.php\\\/prefecturas-de-manabi-y-esmeraldas-impulsaran-la-construccion-de-nuevo-puente-carrozable-en-los-limites-provinciales\\\/#breadcrumb\"},\"inLanguage\":\"es\",\"potentialAction\":[{\"@type\":\"ReadAction\",\"target\":[\"https:\\\/\\\/www.manabi.gob.ec\\\/index.php\\\/prefecturas-de-manabi-y-esmeraldas-impulsaran-la-construccion-de-nuevo-puente-carrozable-en-los-limites-provinciales\\\/\"]}]},{\"@type\":\"ImageObject\",\"inLanguage\":\"es\",\"@id\":\"https:\\\/\\\/www.manabi.gob.ec\\\/index.php\\\/prefecturas-de-manabi-y-esmeraldas-impulsaran-la-construccion-de-nuevo-puente-carrozable-en-los-limites-provinciales\\\/#primaryimage\",\"url\":\"https:\\\/\\\/www.manabi.gob.ec\\\/wp-content\\\/uploads\\\/2022\\\/03\\\/WhatsApp-Image-2022-03-20-at-9.13.34-AM.jpeg\",\"contentUrl\":\"https:\\\/\\\/www.manabi.gob.ec\\\/wp-content\\\/uploads\\\/2022\\\/03\\\/WhatsApp-Image-2022-03-20-at-9.13.34-AM.jpeg\",\"width\":1504,\"height\":1004},{\"@type\":\"BreadcrumbList\",\"@id\":\"https:\\\/\\\/www.manabi.gob.ec\\\/index.php\\\/prefecturas-de-manabi-y-esmeraldas-impulsaran-la-construccion-de-nuevo-puente-carrozable-en-los-limites-provinciales\\\/#breadcrumb\",\"itemListElement\":[{\"@type\":\"ListItem\",\"position\":1,\"name\":\"Portada\",\"item\":\"https:\\\/\\\/www.manabi.gob.ec\\\/\"},{\"@type\":\"ListItem\",\"position\":2,\"name\":\"Prefecturas de Manab\u00ed y Esmeraldas impulsar\u00e1n la construcci\u00f3n de nuevo puente carrozable en los l\u00edmites provinciales\"}]},{\"@type\":\"WebSite\",\"@id\":\"https:\\\/\\\/www.manabi.gob.ec\\\/#website\",\"url\":\"https:\\\/\\\/www.manabi.gob.ec\\\/\",\"name\":\"Prefectura de Manab\u00ed\",\"description\":\"P\u00e1gina web de la prefectura\",\"potentialAction\":[{\"@type\":\"SearchAction\",\"target\":{\"@type\":\"EntryPoint\",\"urlTemplate\":\"https:\\\/\\\/www.manabi.gob.ec\\\/?s={search_term_string}\"},\"query-input\":{\"@type\":\"PropertyValueSpecification\",\"valueRequired\":true,\"valueName\":\"search_term_string\"}}],\"inLanguage\":\"es\"},{\"@type\":\"Person\",\"@id\":\"https:\\\/\\\/www.manabi.gob.ec\\\/#\\\/schema\\\/person\\\/cfc71bd68fe2703b779edcc292a49722\",\"name\":\"admin\",\"image\":{\"@type\":\"ImageObject\",\"inLanguage\":\"es\",\"@id\":\"https:\\\/\\\/secure.gravatar.com\\\/avatar\\\/23e9f919492b0a2f65aa168e0d8c5c867ea853b61deffbadf08c7031e15b8d78?s=96&d=mm&r=g\",\"url\":\"https:\\\/\\\/secure.gravatar.com\\\/avatar\\\/23e9f919492b0a2f65aa168e0d8c5c867ea853b61deffbadf08c7031e15b8d78?s=96&d=mm&r=g\",\"contentUrl\":\"https:\\\/\\\/secure.gravatar.com\\\/avatar\\\/23e9f919492b0a2f65aa168e0d8c5c867ea853b61deffbadf08c7031e15b8d78?s=96&d=mm&r=g\",\"caption\":\"admin\"},\"sameAs\":[\"http:\\\/\\\/www.manabi.gob.ec\"],\"url\":\"https:\\\/\\\/www.manabi.gob.ec\\\/index.php\\\/author\\\/admin\\\/\"}]}<\/script>\n<!-- \/ Yoast SEO plugin. -->","yoast_head_json":{"title":"Prefecturas de Manab\u00ed y Esmeraldas impulsar\u00e1n la construcci\u00f3n de nuevo puente carrozable en los l\u00edmites provinciales - Prefectura de Manab\u00ed","robots":{"index":"index","follow":"follow","max-snippet":"max-snippet:-1","max-image-preview":"max-image-preview:large","max-video-preview":"max-video-preview:-1"},"canonical":"https:\/\/www.manabi.gob.ec\/index.php\/prefecturas-de-manabi-y-esmeraldas-impulsaran-la-construccion-de-nuevo-puente-carrozable-en-los-limites-provinciales\/","og_locale":"es_ES","og_type":"article","og_title":"Prefecturas de Manab\u00ed y Esmeraldas impulsar\u00e1n la construcci\u00f3n de nuevo puente carrozable en los l\u00edmites provinciales - Prefectura de Manab\u00ed","og_description":"Durante el acto formal de inauguraci\u00f3n del puente sobre el r\u00edo Pl\u00e1tano, en la comunidad San Juan del B\u00faa de la parroquia Chibunga de Chone, los prefectos de Manab\u00ed, Leonardo Orlando, y Esmeraldas, Roberta Zambrano, firmaron un convenio marco de cooperaci\u00f3n para financiar los estudios y buscar el financiamiento para construir un puente carrozable en [&hellip;]","og_url":"https:\/\/www.manabi.gob.ec\/index.php\/prefecturas-de-manabi-y-esmeraldas-impulsaran-la-construccion-de-nuevo-puente-carrozable-en-los-limites-provinciales\/","og_site_name":"Prefectura de Manab\u00ed","article_published_time":"2022-03-21T15:42:18+00:00","article_modified_time":"2022-03-21T15:42:22+00:00","og_image":[{"width":1504,"height":1004,"url":"https:\/\/www.manabi.gob.ec\/wp-content\/uploads\/2022\/03\/WhatsApp-Image-2022-03-20-at-9.13.34-AM.jpeg","type":"image\/jpeg"}],"author":"admin","twitter_card":"summary_large_image","twitter_misc":{"Escrito por":"admin","Tiempo de lectura":"2 minutos"},"schema":{"@context":"https:\/\/schema.org","@graph":[{"@type":"Article","@id":"https:\/\/www.manabi.gob.ec\/index.php\/prefecturas-de-manabi-y-esmeraldas-impulsaran-la-construccion-de-nuevo-puente-carrozable-en-los-limites-provinciales\/#article","isPartOf":{"@id":"https:\/\/www.manabi.gob.ec\/index.php\/prefecturas-de-manabi-y-esmeraldas-impulsaran-la-construccion-de-nuevo-puente-carrozable-en-los-limites-provinciales\/"},"author":{"name":"admin","@id":"https:\/\/www.manabi.gob.ec\/#\/schema\/person\/cfc71bd68fe2703b779edcc292a49722"},"headline":"Prefecturas de Manab\u00ed y Esmeraldas impulsar\u00e1n la construcci\u00f3n de nuevo puente carrozable en los l\u00edmites provinciales","datePublished":"2022-03-21T15:42:18+00:00","dateModified":"2022-03-21T15:42:22+00:00","mainEntityOfPage":{"@id":"https:\/\/www.manabi.gob.ec\/index.php\/prefecturas-de-manabi-y-esmeraldas-impulsaran-la-construccion-de-nuevo-puente-carrozable-en-los-limites-provinciales\/"},"wordCount":289,"image":{"@id":"https:\/\/www.manabi.gob.ec\/index.php\/prefecturas-de-manabi-y-esmeraldas-impulsaran-la-construccion-de-nuevo-puente-carrozable-en-los-limites-provinciales\/#primaryimage"},"thumbnailUrl":"https:\/\/www.manabi.gob.ec\/wp-content\/uploads\/2022\/03\/WhatsApp-Image-2022-03-20-at-9.13.34-AM.jpeg","keywords":["Esmeraldas","manab\u00ed","Puente"],"inLanguage":"es"},{"@type":"WebPage","@id":"https:\/\/www.manabi.gob.ec\/index.php\/prefecturas-de-manabi-y-esmeraldas-impulsaran-la-construccion-de-nuevo-puente-carrozable-en-los-limites-provinciales\/","url":"https:\/\/www.manabi.gob.ec\/index.php\/prefecturas-de-manabi-y-esmeraldas-impulsaran-la-construccion-de-nuevo-puente-carrozable-en-los-limites-provinciales\/","name":"Prefecturas de Manab\u00ed y Esmeraldas impulsar\u00e1n la construcci\u00f3n de nuevo puente carrozable en los l\u00edmites provinciales - Prefectura de Manab\u00ed","isPartOf":{"@id":"https:\/\/www.manabi.gob.ec\/#website"},"primaryImageOfPage":{"@id":"https:\/\/www.manabi.gob.ec\/index.php\/prefecturas-de-manabi-y-esmeraldas-impulsaran-la-construccion-de-nuevo-puente-carrozable-en-los-limites-provinciales\/#primaryimage"},"image":{"@id":"https:\/\/www.manabi.gob.ec\/index.php\/prefecturas-de-manabi-y-esmeraldas-impulsaran-la-construccion-de-nuevo-puente-carrozable-en-los-limites-provinciales\/#primaryimage"},"thumbnailUrl":"https:\/\/www.manabi.gob.ec\/wp-content\/uploads\/2022\/03\/WhatsApp-Image-2022-03-20-at-9.13.34-AM.jpeg","datePublished":"2022-03-21T15:42:18+00:00","dateModified":"2022-03-21T15:42:22+00:00","author":{"@id":"https:\/\/www.manabi.gob.ec\/#\/schema\/person\/cfc71bd68fe2703b779edcc292a49722"},"breadcrumb":{"@id":"https:\/\/www.manabi.gob.ec\/index.php\/prefecturas-de-manabi-y-esmeraldas-impulsaran-la-construccion-de-nuevo-puente-carrozable-en-los-limites-provinciales\/#breadcrumb"},"inLanguage":"es","potentialAction":[{"@type":"ReadAction","target":["https:\/\/www.manabi.gob.ec\/index.php\/prefecturas-de-manabi-y-esmeraldas-impulsaran-la-construccion-de-nuevo-puente-carrozable-en-los-limites-provinciales\/"]}]},{"@type":"ImageObject","inLanguage":"es","@id":"https:\/\/www.manabi.gob.ec\/index.php\/prefecturas-de-manabi-y-esmeraldas-impulsaran-la-construccion-de-nuevo-puente-carrozable-en-los-limites-provinciales\/#primaryimage","url":"https:\/\/www.manabi.gob.ec\/wp-content\/uploads\/2022\/03\/WhatsApp-Image-2022-03-20-at-9.13.34-AM.jpeg","contentUrl":"https:\/\/www.manabi.gob.ec\/wp-content\/uploads\/2022\/03\/WhatsApp-Image-2022-03-20-at-9.13.34-AM.jpeg","width":1504,"height":1004},{"@type":"BreadcrumbList","@id":"https:\/\/www.manabi.gob.ec\/index.php\/prefecturas-de-manabi-y-esmeraldas-impulsaran-la-construccion-de-nuevo-puente-carrozable-en-los-limites-provinciales\/#breadcrumb","itemListElement":[{"@type":"ListItem","position":1,"name":"Portada","item":"https:\/\/www.manabi.gob.ec\/"},{"@type":"ListItem","position":2,"name":"Prefecturas de Manab\u00ed y Esmeraldas impulsar\u00e1n la construcci\u00f3n de nuevo puente carrozable en los l\u00edmites provinciales"}]},{"@type":"WebSite","@id":"https:\/\/www.manabi.gob.ec\/#website","url":"https:\/\/www.manabi.gob.ec\/","name":"Prefectura de Manab\u00ed","description":"P\u00e1gina web de la prefectura","potentialAction":[{"@type":"SearchAction","target":{"@type":"EntryPoint","urlTemplate":"https:\/\/www.manabi.gob.ec\/?s={search_term_string}"},"query-input":{"@type":"PropertyValueSpecification","valueRequired":true,"valueName":"search_term_string"}}],"inLanguage":"es"},{"@type":"Person","@id":"https:\/\/www.manabi.gob.ec\/#\/schema\/person\/cfc71bd68fe2703b779edcc292a49722","name":"admin","image":{"@type":"ImageObject","inLanguage":"es","@id":"https:\/\/secure.gravatar.com\/avatar\/23e9f919492b0a2f65aa168e0d8c5c867ea853b61deffbadf08c7031e15b8d78?s=96&d=mm&r=g","url":"https:\/\/secure.gravatar.com\/avatar\/23e9f919492b0a2f65aa168e0d8c5c867ea853b61deffbadf08c7031e15b8d78?s=96&d=mm&r=g","contentUrl":"https:\/\/secure.gravatar.com\/avatar\/23e9f919492b0a2f65aa168e0d8c5c867ea853b61deffbadf08c7031e15b8d78?s=96&d=mm&r=g","caption":"admin"},"sameAs":["http:\/\/www.manabi.gob.ec"],"url":"https:\/\/www.manabi.gob.ec\/index.php\/author\/admin\/"}]}},"jetpack_featured_media_url":"https:\/\/www.manabi.gob.ec\/wp-content\/uploads\/2022\/03\/WhatsApp-Image-2022-03-20-at-9.13.34-AM.jpeg","_links":{"self":[{"href":"https:\/\/www.manabi.gob.ec\/index.php\/wp-json\/wp\/v2\/posts\/19816","targetHints":{"allow":["GET"]}}],"collection":[{"href":"https:\/\/www.manabi.gob.ec\/index.php\/wp-json\/wp\/v2\/posts"}],"about":[{"href":"https:\/\/www.manabi.gob.ec\/index.php\/wp-json\/wp\/v2\/types\/post"}],"author":[{"embeddable":true,"href":"https:\/\/www.manabi.gob.ec\/index.php\/wp-json\/wp\/v2\/users\/1"}],"replies":[{"embeddable":true,"href":"https:\/\/www.manabi.gob.ec\/index.php\/wp-json\/wp\/v2\/comments?post=19816"}],"version-history":[{"count":0,"href":"https:\/\/www.manabi.gob.ec\/index.php\/wp-json\/wp\/v2\/posts\/19816\/revisions"}],"wp:featuredmedia":[{"embeddable":true,"href":"https:\/\/www.manabi.gob.ec\/index.php\/wp-json\/wp\/v2\/media\/19817"}],"wp:attachment":[{"href":"https:\/\/www.manabi.gob.ec\/index.php\/wp-json\/wp\/v2\/media?parent=19816"}],"wp:term":[{"taxonomy":"category","embeddable":true,"href":"https:\/\/www.manabi.gob.ec\/index.php\/wp-json\/wp\/v2\/categories?post=19816"},{"taxonomy":"post_tag","embeddable":true,"href":"https:\/\/www.manabi.gob.ec\/index.php\/wp-json\/wp\/v2\/tags?post=19816"}],"curies":[{"name":"wp","href":"https:\/\/api.w.org\/{rel}","templated":true}]}}