{"id":19945,"date":"2022-03-28T20:58:35","date_gmt":"2022-03-28T20:58:35","guid":{"rendered":"https:\/\/www.manabi.gob.ec\/?p=19945"},"modified":"2022-03-28T20:58:38","modified_gmt":"2022-03-28T20:58:38","slug":"la-prefectura-junto-a-otras-instituciones-trabaja-para-erradicar-y-prevenir-la-desnutricion-infantil-en-la-provincia","status":"publish","type":"post","link":"https:\/\/www.manabi.gob.ec\/index.php\/la-prefectura-junto-a-otras-instituciones-trabaja-para-erradicar-y-prevenir-la-desnutricion-infantil-en-la-provincia\/","title":{"rendered":"LA PREFECTURA JUNTO A OTRAS INSTITUCIONES TRABAJA PARA ERRADICAR Y PREVENIR LA DESNUTRICI\u00d3N INFANTIL EN LA PROVINCIA"},"content":{"rendered":"\n<p><\/p>\n\n\n\n<p>La Prefectura de Manab\u00ed junto a otras instituciones trabajan para prevenir y erradicar la desnutrici\u00f3n infantil a trav\u00e9s de las mesas intersectoriales en diferentes cantones de la provincia.<br>Este jueves 24 de marzo se reuni\u00f3 la mesa t\u00e9cnica intersectorial de Portoviejo integrada por la Prefectura, la Secretar\u00eda T\u00e9cnica de la Ni\u00f1ez \u201cEcuador Crece sin Desnutrici\u00f3n\u201d; la Secretar\u00eda de Derechos; los ministerios de Salud P\u00fablica, Inclusi\u00f3n Social, Educaci\u00f3n y Cultura, Vivienda, Agricultura y Ganader\u00eda; la Gobernaci\u00f3n, Tenencia Pol\u00edtica.<\/p>\n\n\n\n<p><br>\u201cEstas mesas han sido integradas en 6 cantones de la provincia y son lideradas por los gobiernos locales, de acuerdo al decreto ejecutivo 1211 de diciembre del 2020, y en todas est\u00e1 la Prefectura\u201d, explic\u00f3 Maika Zambrano Mendoza, subdirectora de Desarrollo Social de la Prefectura de Manab\u00ed, quien es delegada permanente por la instituci\u00f3n provincial en todas las mesas intersectoriales en los diferentes cantones manabitas.<br>\u201cEstamos haciendo un gran trabajo. unidos como equipo, para poder buscar las mejores estrategias que nos ayuden a erradicar y prevenir la desnutrici\u00f3n en la poblaci\u00f3n infantil\u201d, dijo Zambrano.<\/p>\n\n\n\n<p>PORTOVIEJO.<br>La mesa intersectorial de Portoviejo ha definido 4 componentes de trabajo: Agua segura; buenas pr\u00e1cticas alimentarias; promoci\u00f3n y prevenci\u00f3n de salud; y embarazo en adolescente, y se ha establecido una hoja de ruta con estrategias y actividades para este 2022<br>Los compromisos de servicios para este a\u00f1o contemplan la realizaci\u00f3n de ferias integrales de salud; charlas de agua segura en los hogares de ni\u00f1os y ni\u00f1as con desnutrici\u00f3n infantil y entrega de medios de tratamiento de agua cuando se identifica que no la tienen.<br>Adem\u00e1s, se realizar\u00e1n visitas de valoraci\u00f3n nutricional a los ni\u00f1os identificadas con desnutrici\u00f3n infantil, y la realizaci\u00f3n de ecograf\u00edas para adolescentes embarazadas, como medio de control a los infantes desde la gestaci\u00f3n.<br>En este cant\u00f3n se actuar\u00e1 con 1.418 ni\u00f1os y ni\u00f1as con desnutrici\u00f3n y 400 adolescentes embarazadas,<br>\u201cEste d\u00eda hemos analizado la problem\u00e1tica en Portoviejo, sin embargo, la Prefectura est\u00e1 inmersa en todos todas las mesas sectoriales de los cantones de la provincia\u201d, explic\u00f3 Zambrano.<\/p>\n\n\n\n<p>FERIA DE SALUD.<br>Como se ha indicado, las ferias de salud integrales son otro aporte de los compromisos en los diferentes cantones, es as\u00ed que, tambi\u00e9n el jueves, se realiz\u00f3 en Olmedo la feria de salud denominada \u201cInfancia con Futuro\u201d, cant\u00f3n donde se reportan 60 casos de desnutrici\u00f3n.<\/p>\n","protected":false},"excerpt":{"rendered":"<p>La Prefectura de Manab\u00ed junto a otras instituciones trabajan para prevenir y erradicar la desnutrici\u00f3n infantil a trav\u00e9s de las mesas intersectoriales en diferentes cantones de la provincia.Este jueves 24 de marzo se reuni\u00f3 la mesa t\u00e9cnica intersectorial de Portoviejo integrada por la Prefectura, la Secretar\u00eda T\u00e9cnica de la Ni\u00f1ez \u201cEcuador Crece sin Desnutrici\u00f3n\u201d; la [&hellip;]<\/p>\n","protected":false},"author":1,"featured_media":19946,"comment_status":"closed","ping_status":"closed","sticky":false,"template":"","format":"standard","meta":{"_joinchat":[],"footnotes":""},"categories":[],"tags":[289,206,134,291,290],"class_list":["post-19945","post","type-post","status-publish","format-standard","has-post-thumbnail","hentry","tag-agua","tag-cultura","tag-desarrollo-social","tag-ministerio","tag-vivienda"],"yoast_head":"<!-- This site is optimized with the Yoast SEO plugin v27.4 - https:\/\/yoast.com\/product\/yoast-seo-wordpress\/ -->\n<title>LA PREFECTURA JUNTO A OTRAS INSTITUCIONES TRABAJA PARA ERRADICAR Y PREVENIR LA DESNUTRICI\u00d3N INFANTIL EN LA PROVINCIA - Prefectura de Manab\u00ed<\/title>\n<meta name=\"robots\" content=\"index, follow, max-snippet:-1, max-image-preview:large, max-video-preview:-1\" \/>\n<link rel=\"canonical\" href=\"https:\/\/www.manabi.gob.ec\/index.php\/la-prefectura-junto-a-otras-instituciones-trabaja-para-erradicar-y-prevenir-la-desnutricion-infantil-en-la-provincia\/\" \/>\n<meta property=\"og:locale\" content=\"es_ES\" \/>\n<meta property=\"og:type\" content=\"article\" \/>\n<meta property=\"og:title\" content=\"LA PREFECTURA JUNTO A OTRAS INSTITUCIONES TRABAJA PARA ERRADICAR Y PREVENIR LA DESNUTRICI\u00d3N INFANTIL EN LA PROVINCIA - Prefectura de Manab\u00ed\" \/>\n<meta property=\"og:description\" content=\"La Prefectura de Manab\u00ed junto a otras instituciones trabajan para prevenir y erradicar la desnutrici\u00f3n infantil a trav\u00e9s de las mesas intersectoriales en diferentes cantones de la provincia.Este jueves 24 de marzo se reuni\u00f3 la mesa t\u00e9cnica intersectorial de Portoviejo integrada por la Prefectura, la Secretar\u00eda T\u00e9cnica de la Ni\u00f1ez \u201cEcuador Crece sin Desnutrici\u00f3n\u201d; la [&hellip;]\" \/>\n<meta property=\"og:url\" content=\"https:\/\/www.manabi.gob.ec\/index.php\/la-prefectura-junto-a-otras-instituciones-trabaja-para-erradicar-y-prevenir-la-desnutricion-infantil-en-la-provincia\/\" \/>\n<meta property=\"og:site_name\" content=\"Prefectura de Manab\u00ed\" \/>\n<meta property=\"article:published_time\" content=\"2022-03-28T20:58:35+00:00\" \/>\n<meta property=\"article:modified_time\" content=\"2022-03-28T20:58:38+00:00\" \/>\n<meta property=\"og:image\" content=\"https:\/\/www.manabi.gob.ec\/wp-content\/uploads\/2022\/03\/WhatsApp-Image-2022-03-25-at-8.03.34-PM.jpeg\" \/>\n\t<meta property=\"og:image:width\" content=\"1600\" \/>\n\t<meta property=\"og:image:height\" content=\"1200\" \/>\n\t<meta property=\"og:image:type\" content=\"image\/jpeg\" \/>\n<meta name=\"author\" content=\"admin\" \/>\n<meta name=\"twitter:card\" content=\"summary_large_image\" \/>\n<meta name=\"twitter:label1\" content=\"Escrito por\" \/>\n\t<meta name=\"twitter:data1\" content=\"admin\" \/>\n\t<meta name=\"twitter:label2\" content=\"Tiempo de lectura\" \/>\n\t<meta name=\"twitter:data2\" content=\"2 minutos\" \/>\n<script type=\"application\/ld+json\" class=\"yoast-schema-graph\">{\"@context\":\"https:\\\/\\\/schema.org\",\"@graph\":[{\"@type\":\"Article\",\"@id\":\"https:\\\/\\\/www.manabi.gob.ec\\\/index.php\\\/la-prefectura-junto-a-otras-instituciones-trabaja-para-erradicar-y-prevenir-la-desnutricion-infantil-en-la-provincia\\\/#article\",\"isPartOf\":{\"@id\":\"https:\\\/\\\/www.manabi.gob.ec\\\/index.php\\\/la-prefectura-junto-a-otras-instituciones-trabaja-para-erradicar-y-prevenir-la-desnutricion-infantil-en-la-provincia\\\/\"},\"author\":{\"name\":\"admin\",\"@id\":\"https:\\\/\\\/www.manabi.gob.ec\\\/#\\\/schema\\\/person\\\/cfc71bd68fe2703b779edcc292a49722\"},\"headline\":\"LA PREFECTURA JUNTO A OTRAS INSTITUCIONES TRABAJA PARA ERRADICAR Y PREVENIR LA DESNUTRICI\u00d3N INFANTIL EN LA PROVINCIA\",\"datePublished\":\"2022-03-28T20:58:35+00:00\",\"dateModified\":\"2022-03-28T20:58:38+00:00\",\"mainEntityOfPage\":{\"@id\":\"https:\\\/\\\/www.manabi.gob.ec\\\/index.php\\\/la-prefectura-junto-a-otras-instituciones-trabaja-para-erradicar-y-prevenir-la-desnutricion-infantil-en-la-provincia\\\/\"},\"wordCount\":431,\"image\":{\"@id\":\"https:\\\/\\\/www.manabi.gob.ec\\\/index.php\\\/la-prefectura-junto-a-otras-instituciones-trabaja-para-erradicar-y-prevenir-la-desnutricion-infantil-en-la-provincia\\\/#primaryimage\"},\"thumbnailUrl\":\"https:\\\/\\\/www.manabi.gob.ec\\\/wp-content\\\/uploads\\\/2022\\\/03\\\/WhatsApp-Image-2022-03-25-at-8.03.34-PM.jpeg\",\"keywords\":[\"Agua\",\"Cultura\",\"Desarrollo Social\",\"Ministerio\",\"vIVIENDA\"],\"inLanguage\":\"es\"},{\"@type\":\"WebPage\",\"@id\":\"https:\\\/\\\/www.manabi.gob.ec\\\/index.php\\\/la-prefectura-junto-a-otras-instituciones-trabaja-para-erradicar-y-prevenir-la-desnutricion-infantil-en-la-provincia\\\/\",\"url\":\"https:\\\/\\\/www.manabi.gob.ec\\\/index.php\\\/la-prefectura-junto-a-otras-instituciones-trabaja-para-erradicar-y-prevenir-la-desnutricion-infantil-en-la-provincia\\\/\",\"name\":\"LA PREFECTURA JUNTO A OTRAS INSTITUCIONES TRABAJA PARA ERRADICAR Y PREVENIR LA DESNUTRICI\u00d3N INFANTIL EN LA PROVINCIA - Prefectura de Manab\u00ed\",\"isPartOf\":{\"@id\":\"https:\\\/\\\/www.manabi.gob.ec\\\/#website\"},\"primaryImageOfPage\":{\"@id\":\"https:\\\/\\\/www.manabi.gob.ec\\\/index.php\\\/la-prefectura-junto-a-otras-instituciones-trabaja-para-erradicar-y-prevenir-la-desnutricion-infantil-en-la-provincia\\\/#primaryimage\"},\"image\":{\"@id\":\"https:\\\/\\\/www.manabi.gob.ec\\\/index.php\\\/la-prefectura-junto-a-otras-instituciones-trabaja-para-erradicar-y-prevenir-la-desnutricion-infantil-en-la-provincia\\\/#primaryimage\"},\"thumbnailUrl\":\"https:\\\/\\\/www.manabi.gob.ec\\\/wp-content\\\/uploads\\\/2022\\\/03\\\/WhatsApp-Image-2022-03-25-at-8.03.34-PM.jpeg\",\"datePublished\":\"2022-03-28T20:58:35+00:00\",\"dateModified\":\"2022-03-28T20:58:38+00:00\",\"author\":{\"@id\":\"https:\\\/\\\/www.manabi.gob.ec\\\/#\\\/schema\\\/person\\\/cfc71bd68fe2703b779edcc292a49722\"},\"breadcrumb\":{\"@id\":\"https:\\\/\\\/www.manabi.gob.ec\\\/index.php\\\/la-prefectura-junto-a-otras-instituciones-trabaja-para-erradicar-y-prevenir-la-desnutricion-infantil-en-la-provincia\\\/#breadcrumb\"},\"inLanguage\":\"es\",\"potentialAction\":[{\"@type\":\"ReadAction\",\"target\":[\"https:\\\/\\\/www.manabi.gob.ec\\\/index.php\\\/la-prefectura-junto-a-otras-instituciones-trabaja-para-erradicar-y-prevenir-la-desnutricion-infantil-en-la-provincia\\\/\"]}]},{\"@type\":\"ImageObject\",\"inLanguage\":\"es\",\"@id\":\"https:\\\/\\\/www.manabi.gob.ec\\\/index.php\\\/la-prefectura-junto-a-otras-instituciones-trabaja-para-erradicar-y-prevenir-la-desnutricion-infantil-en-la-provincia\\\/#primaryimage\",\"url\":\"https:\\\/\\\/www.manabi.gob.ec\\\/wp-content\\\/uploads\\\/2022\\\/03\\\/WhatsApp-Image-2022-03-25-at-8.03.34-PM.jpeg\",\"contentUrl\":\"https:\\\/\\\/www.manabi.gob.ec\\\/wp-content\\\/uploads\\\/2022\\\/03\\\/WhatsApp-Image-2022-03-25-at-8.03.34-PM.jpeg\",\"width\":1600,\"height\":1200},{\"@type\":\"BreadcrumbList\",\"@id\":\"https:\\\/\\\/www.manabi.gob.ec\\\/index.php\\\/la-prefectura-junto-a-otras-instituciones-trabaja-para-erradicar-y-prevenir-la-desnutricion-infantil-en-la-provincia\\\/#breadcrumb\",\"itemListElement\":[{\"@type\":\"ListItem\",\"position\":1,\"name\":\"Portada\",\"item\":\"https:\\\/\\\/www.manabi.gob.ec\\\/\"},{\"@type\":\"ListItem\",\"position\":2,\"name\":\"LA PREFECTURA JUNTO A OTRAS INSTITUCIONES TRABAJA PARA ERRADICAR Y PREVENIR LA DESNUTRICI\u00d3N INFANTIL EN LA PROVINCIA\"}]},{\"@type\":\"WebSite\",\"@id\":\"https:\\\/\\\/www.manabi.gob.ec\\\/#website\",\"url\":\"https:\\\/\\\/www.manabi.gob.ec\\\/\",\"name\":\"Prefectura de Manab\u00ed\",\"description\":\"P\u00e1gina web de la prefectura\",\"potentialAction\":[{\"@type\":\"SearchAction\",\"target\":{\"@type\":\"EntryPoint\",\"urlTemplate\":\"https:\\\/\\\/www.manabi.gob.ec\\\/?s={search_term_string}\"},\"query-input\":{\"@type\":\"PropertyValueSpecification\",\"valueRequired\":true,\"valueName\":\"search_term_string\"}}],\"inLanguage\":\"es\"},{\"@type\":\"Person\",\"@id\":\"https:\\\/\\\/www.manabi.gob.ec\\\/#\\\/schema\\\/person\\\/cfc71bd68fe2703b779edcc292a49722\",\"name\":\"admin\",\"image\":{\"@type\":\"ImageObject\",\"inLanguage\":\"es\",\"@id\":\"https:\\\/\\\/secure.gravatar.com\\\/avatar\\\/23e9f919492b0a2f65aa168e0d8c5c867ea853b61deffbadf08c7031e15b8d78?s=96&d=mm&r=g\",\"url\":\"https:\\\/\\\/secure.gravatar.com\\\/avatar\\\/23e9f919492b0a2f65aa168e0d8c5c867ea853b61deffbadf08c7031e15b8d78?s=96&d=mm&r=g\",\"contentUrl\":\"https:\\\/\\\/secure.gravatar.com\\\/avatar\\\/23e9f919492b0a2f65aa168e0d8c5c867ea853b61deffbadf08c7031e15b8d78?s=96&d=mm&r=g\",\"caption\":\"admin\"},\"sameAs\":[\"http:\\\/\\\/www.manabi.gob.ec\"],\"url\":\"https:\\\/\\\/www.manabi.gob.ec\\\/index.php\\\/author\\\/admin\\\/\"}]}<\/script>\n<!-- \/ Yoast SEO plugin. -->","yoast_head_json":{"title":"LA PREFECTURA JUNTO A OTRAS INSTITUCIONES TRABAJA PARA ERRADICAR Y PREVENIR LA DESNUTRICI\u00d3N INFANTIL EN LA PROVINCIA - Prefectura de Manab\u00ed","robots":{"index":"index","follow":"follow","max-snippet":"max-snippet:-1","max-image-preview":"max-image-preview:large","max-video-preview":"max-video-preview:-1"},"canonical":"https:\/\/www.manabi.gob.ec\/index.php\/la-prefectura-junto-a-otras-instituciones-trabaja-para-erradicar-y-prevenir-la-desnutricion-infantil-en-la-provincia\/","og_locale":"es_ES","og_type":"article","og_title":"LA PREFECTURA JUNTO A OTRAS INSTITUCIONES TRABAJA PARA ERRADICAR Y PREVENIR LA DESNUTRICI\u00d3N INFANTIL EN LA PROVINCIA - Prefectura de Manab\u00ed","og_description":"La Prefectura de Manab\u00ed junto a otras instituciones trabajan para prevenir y erradicar la desnutrici\u00f3n infantil a trav\u00e9s de las mesas intersectoriales en diferentes cantones de la provincia.Este jueves 24 de marzo se reuni\u00f3 la mesa t\u00e9cnica intersectorial de Portoviejo integrada por la Prefectura, la Secretar\u00eda T\u00e9cnica de la Ni\u00f1ez \u201cEcuador Crece sin Desnutrici\u00f3n\u201d; la [&hellip;]","og_url":"https:\/\/www.manabi.gob.ec\/index.php\/la-prefectura-junto-a-otras-instituciones-trabaja-para-erradicar-y-prevenir-la-desnutricion-infantil-en-la-provincia\/","og_site_name":"Prefectura de Manab\u00ed","article_published_time":"2022-03-28T20:58:35+00:00","article_modified_time":"2022-03-28T20:58:38+00:00","og_image":[{"width":1600,"height":1200,"url":"https:\/\/www.manabi.gob.ec\/wp-content\/uploads\/2022\/03\/WhatsApp-Image-2022-03-25-at-8.03.34-PM.jpeg","type":"image\/jpeg"}],"author":"admin","twitter_card":"summary_large_image","twitter_misc":{"Escrito por":"admin","Tiempo de lectura":"2 minutos"},"schema":{"@context":"https:\/\/schema.org","@graph":[{"@type":"Article","@id":"https:\/\/www.manabi.gob.ec\/index.php\/la-prefectura-junto-a-otras-instituciones-trabaja-para-erradicar-y-prevenir-la-desnutricion-infantil-en-la-provincia\/#article","isPartOf":{"@id":"https:\/\/www.manabi.gob.ec\/index.php\/la-prefectura-junto-a-otras-instituciones-trabaja-para-erradicar-y-prevenir-la-desnutricion-infantil-en-la-provincia\/"},"author":{"name":"admin","@id":"https:\/\/www.manabi.gob.ec\/#\/schema\/person\/cfc71bd68fe2703b779edcc292a49722"},"headline":"LA PREFECTURA JUNTO A OTRAS INSTITUCIONES TRABAJA PARA ERRADICAR Y PREVENIR LA DESNUTRICI\u00d3N INFANTIL EN LA PROVINCIA","datePublished":"2022-03-28T20:58:35+00:00","dateModified":"2022-03-28T20:58:38+00:00","mainEntityOfPage":{"@id":"https:\/\/www.manabi.gob.ec\/index.php\/la-prefectura-junto-a-otras-instituciones-trabaja-para-erradicar-y-prevenir-la-desnutricion-infantil-en-la-provincia\/"},"wordCount":431,"image":{"@id":"https:\/\/www.manabi.gob.ec\/index.php\/la-prefectura-junto-a-otras-instituciones-trabaja-para-erradicar-y-prevenir-la-desnutricion-infantil-en-la-provincia\/#primaryimage"},"thumbnailUrl":"https:\/\/www.manabi.gob.ec\/wp-content\/uploads\/2022\/03\/WhatsApp-Image-2022-03-25-at-8.03.34-PM.jpeg","keywords":["Agua","Cultura","Desarrollo Social","Ministerio","vIVIENDA"],"inLanguage":"es"},{"@type":"WebPage","@id":"https:\/\/www.manabi.gob.ec\/index.php\/la-prefectura-junto-a-otras-instituciones-trabaja-para-erradicar-y-prevenir-la-desnutricion-infantil-en-la-provincia\/","url":"https:\/\/www.manabi.gob.ec\/index.php\/la-prefectura-junto-a-otras-instituciones-trabaja-para-erradicar-y-prevenir-la-desnutricion-infantil-en-la-provincia\/","name":"LA PREFECTURA JUNTO A OTRAS INSTITUCIONES TRABAJA PARA ERRADICAR Y PREVENIR LA DESNUTRICI\u00d3N INFANTIL EN LA PROVINCIA - Prefectura de Manab\u00ed","isPartOf":{"@id":"https:\/\/www.manabi.gob.ec\/#website"},"primaryImageOfPage":{"@id":"https:\/\/www.manabi.gob.ec\/index.php\/la-prefectura-junto-a-otras-instituciones-trabaja-para-erradicar-y-prevenir-la-desnutricion-infantil-en-la-provincia\/#primaryimage"},"image":{"@id":"https:\/\/www.manabi.gob.ec\/index.php\/la-prefectura-junto-a-otras-instituciones-trabaja-para-erradicar-y-prevenir-la-desnutricion-infantil-en-la-provincia\/#primaryimage"},"thumbnailUrl":"https:\/\/www.manabi.gob.ec\/wp-content\/uploads\/2022\/03\/WhatsApp-Image-2022-03-25-at-8.03.34-PM.jpeg","datePublished":"2022-03-28T20:58:35+00:00","dateModified":"2022-03-28T20:58:38+00:00","author":{"@id":"https:\/\/www.manabi.gob.ec\/#\/schema\/person\/cfc71bd68fe2703b779edcc292a49722"},"breadcrumb":{"@id":"https:\/\/www.manabi.gob.ec\/index.php\/la-prefectura-junto-a-otras-instituciones-trabaja-para-erradicar-y-prevenir-la-desnutricion-infantil-en-la-provincia\/#breadcrumb"},"inLanguage":"es","potentialAction":[{"@type":"ReadAction","target":["https:\/\/www.manabi.gob.ec\/index.php\/la-prefectura-junto-a-otras-instituciones-trabaja-para-erradicar-y-prevenir-la-desnutricion-infantil-en-la-provincia\/"]}]},{"@type":"ImageObject","inLanguage":"es","@id":"https:\/\/www.manabi.gob.ec\/index.php\/la-prefectura-junto-a-otras-instituciones-trabaja-para-erradicar-y-prevenir-la-desnutricion-infantil-en-la-provincia\/#primaryimage","url":"https:\/\/www.manabi.gob.ec\/wp-content\/uploads\/2022\/03\/WhatsApp-Image-2022-03-25-at-8.03.34-PM.jpeg","contentUrl":"https:\/\/www.manabi.gob.ec\/wp-content\/uploads\/2022\/03\/WhatsApp-Image-2022-03-25-at-8.03.34-PM.jpeg","width":1600,"height":1200},{"@type":"BreadcrumbList","@id":"https:\/\/www.manabi.gob.ec\/index.php\/la-prefectura-junto-a-otras-instituciones-trabaja-para-erradicar-y-prevenir-la-desnutricion-infantil-en-la-provincia\/#breadcrumb","itemListElement":[{"@type":"ListItem","position":1,"name":"Portada","item":"https:\/\/www.manabi.gob.ec\/"},{"@type":"ListItem","position":2,"name":"LA PREFECTURA JUNTO A OTRAS INSTITUCIONES TRABAJA PARA ERRADICAR Y PREVENIR LA DESNUTRICI\u00d3N INFANTIL EN LA PROVINCIA"}]},{"@type":"WebSite","@id":"https:\/\/www.manabi.gob.ec\/#website","url":"https:\/\/www.manabi.gob.ec\/","name":"Prefectura de Manab\u00ed","description":"P\u00e1gina web de la prefectura","potentialAction":[{"@type":"SearchAction","target":{"@type":"EntryPoint","urlTemplate":"https:\/\/www.manabi.gob.ec\/?s={search_term_string}"},"query-input":{"@type":"PropertyValueSpecification","valueRequired":true,"valueName":"search_term_string"}}],"inLanguage":"es"},{"@type":"Person","@id":"https:\/\/www.manabi.gob.ec\/#\/schema\/person\/cfc71bd68fe2703b779edcc292a49722","name":"admin","image":{"@type":"ImageObject","inLanguage":"es","@id":"https:\/\/secure.gravatar.com\/avatar\/23e9f919492b0a2f65aa168e0d8c5c867ea853b61deffbadf08c7031e15b8d78?s=96&d=mm&r=g","url":"https:\/\/secure.gravatar.com\/avatar\/23e9f919492b0a2f65aa168e0d8c5c867ea853b61deffbadf08c7031e15b8d78?s=96&d=mm&r=g","contentUrl":"https:\/\/secure.gravatar.com\/avatar\/23e9f919492b0a2f65aa168e0d8c5c867ea853b61deffbadf08c7031e15b8d78?s=96&d=mm&r=g","caption":"admin"},"sameAs":["http:\/\/www.manabi.gob.ec"],"url":"https:\/\/www.manabi.gob.ec\/index.php\/author\/admin\/"}]}},"jetpack_featured_media_url":"https:\/\/www.manabi.gob.ec\/wp-content\/uploads\/2022\/03\/WhatsApp-Image-2022-03-25-at-8.03.34-PM.jpeg","_links":{"self":[{"href":"https:\/\/www.manabi.gob.ec\/index.php\/wp-json\/wp\/v2\/posts\/19945","targetHints":{"allow":["GET"]}}],"collection":[{"href":"https:\/\/www.manabi.gob.ec\/index.php\/wp-json\/wp\/v2\/posts"}],"about":[{"href":"https:\/\/www.manabi.gob.ec\/index.php\/wp-json\/wp\/v2\/types\/post"}],"author":[{"embeddable":true,"href":"https:\/\/www.manabi.gob.ec\/index.php\/wp-json\/wp\/v2\/users\/1"}],"replies":[{"embeddable":true,"href":"https:\/\/www.manabi.gob.ec\/index.php\/wp-json\/wp\/v2\/comments?post=19945"}],"version-history":[{"count":0,"href":"https:\/\/www.manabi.gob.ec\/index.php\/wp-json\/wp\/v2\/posts\/19945\/revisions"}],"wp:featuredmedia":[{"embeddable":true,"href":"https:\/\/www.manabi.gob.ec\/index.php\/wp-json\/wp\/v2\/media\/19946"}],"wp:attachment":[{"href":"https:\/\/www.manabi.gob.ec\/index.php\/wp-json\/wp\/v2\/media?parent=19945"}],"wp:term":[{"taxonomy":"category","embeddable":true,"href":"https:\/\/www.manabi.gob.ec\/index.php\/wp-json\/wp\/v2\/categories?post=19945"},{"taxonomy":"post_tag","embeddable":true,"href":"https:\/\/www.manabi.gob.ec\/index.php\/wp-json\/wp\/v2\/tags?post=19945"}],"curies":[{"name":"wp","href":"https:\/\/api.w.org\/{rel}","templated":true}]}}