{"id":20012,"date":"2022-04-04T15:38:41","date_gmt":"2022-04-04T15:38:41","guid":{"rendered":"https:\/\/www.manabi.gob.ec\/?p=20012"},"modified":"2022-04-04T15:38:44","modified_gmt":"2022-04-04T15:38:44","slug":"alianza-entre-prefectura-e-iniap-fortaleceran-desarrollo-agropecuario-de-manabi","status":"publish","type":"post","link":"https:\/\/www.manabi.gob.ec\/index.php\/alianza-entre-prefectura-e-iniap-fortaleceran-desarrollo-agropecuario-de-manabi\/","title":{"rendered":"Alianza entre Prefectura e INIAP, fortalecer\u00e1n desarrollo agropecuario de Manab\u00ed"},"content":{"rendered":"\n<p>Con la firma del convenio marco de cooperaci\u00f3n institucional entre La Prefectura y el Instituto Nacional de Investigaciones Agropecuarias (INIAP), se marca un hito importante para el desarrollo agropecuario de Manab\u00ed.<\/p>\n\n\n\n<p>\u00abNos compromete a todos los investigadores del Instituto a responder a este nuevo desaf\u00edo que lo asumimos con mucha responsabilidad\u00bb, precis\u00f3 Luis Alberto Duicela, director de la Escuela Experimental del INIAP.<\/p>\n\n\n\n<p>Este convenio tiene como finalidad impulsar la producci\u00f3n con innovaci\u00f3n y valor agregado de la vainilla tahitensis, dijo el prefecto, Leonardo Orlando.<\/p>\n\n\n\n<p>Adem\u00e1s, agreg\u00f3 la autoridad provincial, que se puede articular acciones para fortalecer la productividad de otros productos como: Camote, yuca, pl\u00e1tano y cacao con transformaci\u00f3n para comercializarse.<\/p>\n\n\n\n<p>RECORRIDO P0R INSTALACIONES<br>Luego de la firma del convenio el Prefecto, visit\u00f3 el laboratorio de entomolog\u00eda y el \u00e1rea de agroindustria, donde conoci\u00f3 las investigaciones sobre el control de plagas e insectos que afectan a las plantaciones agricolas y el valor agregado que est\u00e1n realizando a los productos de yuca y camote.<\/p>\n\n\n\n<p>Tambi\u00e9n conoci\u00f3 las plantaciones de pl\u00e1tano, ma\u00edz e higuerilla.<\/p>\n","protected":false},"excerpt":{"rendered":"<p>Con la firma del convenio marco de cooperaci\u00f3n institucional entre La Prefectura y el Instituto Nacional de Investigaciones Agropecuarias (INIAP), se marca un hito importante para el desarrollo agropecuario de Manab\u00ed. \u00abNos compromete a todos los investigadores del Instituto a responder a este nuevo desaf\u00edo que lo asumimos con mucha responsabilidad\u00bb, precis\u00f3 Luis Alberto Duicela, [&hellip;]<\/p>\n","protected":false},"author":1,"featured_media":20013,"comment_status":"closed","ping_status":"closed","sticky":false,"template":"","format":"standard","meta":{"_joinchat":[],"footnotes":""},"categories":[],"tags":[322,321],"class_list":["post-20012","post","type-post","status-publish","format-standard","has-post-thumbnail","hentry","tag-agropecuario","tag-iniap"],"yoast_head":"<!-- This site is optimized with the Yoast SEO plugin v27.4 - https:\/\/yoast.com\/product\/yoast-seo-wordpress\/ -->\n<title>Alianza entre Prefectura e INIAP, fortalecer\u00e1n desarrollo agropecuario de Manab\u00ed - Prefectura de Manab\u00ed<\/title>\n<meta name=\"robots\" content=\"index, follow, max-snippet:-1, max-image-preview:large, max-video-preview:-1\" \/>\n<link rel=\"canonical\" href=\"https:\/\/www.manabi.gob.ec\/index.php\/alianza-entre-prefectura-e-iniap-fortaleceran-desarrollo-agropecuario-de-manabi\/\" \/>\n<meta property=\"og:locale\" content=\"es_ES\" \/>\n<meta property=\"og:type\" content=\"article\" \/>\n<meta property=\"og:title\" content=\"Alianza entre Prefectura e INIAP, fortalecer\u00e1n desarrollo agropecuario de Manab\u00ed - Prefectura de Manab\u00ed\" \/>\n<meta property=\"og:description\" content=\"Con la firma del convenio marco de cooperaci\u00f3n institucional entre La Prefectura y el Instituto Nacional de Investigaciones Agropecuarias (INIAP), se marca un hito importante para el desarrollo agropecuario de Manab\u00ed. \u00abNos compromete a todos los investigadores del Instituto a responder a este nuevo desaf\u00edo que lo asumimos con mucha responsabilidad\u00bb, precis\u00f3 Luis Alberto Duicela, [&hellip;]\" \/>\n<meta property=\"og:url\" content=\"https:\/\/www.manabi.gob.ec\/index.php\/alianza-entre-prefectura-e-iniap-fortaleceran-desarrollo-agropecuario-de-manabi\/\" \/>\n<meta property=\"og:site_name\" content=\"Prefectura de Manab\u00ed\" \/>\n<meta property=\"article:published_time\" content=\"2022-04-04T15:38:41+00:00\" \/>\n<meta property=\"article:modified_time\" content=\"2022-04-04T15:38:44+00:00\" \/>\n<meta property=\"og:image\" content=\"https:\/\/www.manabi.gob.ec\/wp-content\/uploads\/2022\/04\/WhatsApp-Image-2022-04-01-at-2.25.16-PM.jpeg\" \/>\n\t<meta property=\"og:image:width\" content=\"1296\" \/>\n\t<meta property=\"og:image:height\" content=\"864\" \/>\n\t<meta property=\"og:image:type\" content=\"image\/jpeg\" \/>\n<meta name=\"author\" content=\"admin\" \/>\n<meta name=\"twitter:card\" content=\"summary_large_image\" \/>\n<meta name=\"twitter:label1\" content=\"Escrito por\" \/>\n\t<meta name=\"twitter:data1\" content=\"admin\" \/>\n\t<meta name=\"twitter:label2\" content=\"Tiempo de lectura\" \/>\n\t<meta name=\"twitter:data2\" content=\"1 minuto\" \/>\n<script type=\"application\/ld+json\" class=\"yoast-schema-graph\">{\"@context\":\"https:\\\/\\\/schema.org\",\"@graph\":[{\"@type\":\"Article\",\"@id\":\"https:\\\/\\\/www.manabi.gob.ec\\\/index.php\\\/alianza-entre-prefectura-e-iniap-fortaleceran-desarrollo-agropecuario-de-manabi\\\/#article\",\"isPartOf\":{\"@id\":\"https:\\\/\\\/www.manabi.gob.ec\\\/index.php\\\/alianza-entre-prefectura-e-iniap-fortaleceran-desarrollo-agropecuario-de-manabi\\\/\"},\"author\":{\"name\":\"admin\",\"@id\":\"https:\\\/\\\/www.manabi.gob.ec\\\/#\\\/schema\\\/person\\\/cfc71bd68fe2703b779edcc292a49722\"},\"headline\":\"Alianza entre Prefectura e INIAP, fortalecer\u00e1n desarrollo agropecuario de Manab\u00ed\",\"datePublished\":\"2022-04-04T15:38:41+00:00\",\"dateModified\":\"2022-04-04T15:38:44+00:00\",\"mainEntityOfPage\":{\"@id\":\"https:\\\/\\\/www.manabi.gob.ec\\\/index.php\\\/alianza-entre-prefectura-e-iniap-fortaleceran-desarrollo-agropecuario-de-manabi\\\/\"},\"wordCount\":195,\"image\":{\"@id\":\"https:\\\/\\\/www.manabi.gob.ec\\\/index.php\\\/alianza-entre-prefectura-e-iniap-fortaleceran-desarrollo-agropecuario-de-manabi\\\/#primaryimage\"},\"thumbnailUrl\":\"https:\\\/\\\/www.manabi.gob.ec\\\/wp-content\\\/uploads\\\/2022\\\/04\\\/WhatsApp-Image-2022-04-01-at-2.25.16-PM.jpeg\",\"keywords\":[\"agropecuario\",\"INIAP\"],\"inLanguage\":\"es\"},{\"@type\":\"WebPage\",\"@id\":\"https:\\\/\\\/www.manabi.gob.ec\\\/index.php\\\/alianza-entre-prefectura-e-iniap-fortaleceran-desarrollo-agropecuario-de-manabi\\\/\",\"url\":\"https:\\\/\\\/www.manabi.gob.ec\\\/index.php\\\/alianza-entre-prefectura-e-iniap-fortaleceran-desarrollo-agropecuario-de-manabi\\\/\",\"name\":\"Alianza entre Prefectura e INIAP, fortalecer\u00e1n desarrollo agropecuario de Manab\u00ed - Prefectura de Manab\u00ed\",\"isPartOf\":{\"@id\":\"https:\\\/\\\/www.manabi.gob.ec\\\/#website\"},\"primaryImageOfPage\":{\"@id\":\"https:\\\/\\\/www.manabi.gob.ec\\\/index.php\\\/alianza-entre-prefectura-e-iniap-fortaleceran-desarrollo-agropecuario-de-manabi\\\/#primaryimage\"},\"image\":{\"@id\":\"https:\\\/\\\/www.manabi.gob.ec\\\/index.php\\\/alianza-entre-prefectura-e-iniap-fortaleceran-desarrollo-agropecuario-de-manabi\\\/#primaryimage\"},\"thumbnailUrl\":\"https:\\\/\\\/www.manabi.gob.ec\\\/wp-content\\\/uploads\\\/2022\\\/04\\\/WhatsApp-Image-2022-04-01-at-2.25.16-PM.jpeg\",\"datePublished\":\"2022-04-04T15:38:41+00:00\",\"dateModified\":\"2022-04-04T15:38:44+00:00\",\"author\":{\"@id\":\"https:\\\/\\\/www.manabi.gob.ec\\\/#\\\/schema\\\/person\\\/cfc71bd68fe2703b779edcc292a49722\"},\"breadcrumb\":{\"@id\":\"https:\\\/\\\/www.manabi.gob.ec\\\/index.php\\\/alianza-entre-prefectura-e-iniap-fortaleceran-desarrollo-agropecuario-de-manabi\\\/#breadcrumb\"},\"inLanguage\":\"es\",\"potentialAction\":[{\"@type\":\"ReadAction\",\"target\":[\"https:\\\/\\\/www.manabi.gob.ec\\\/index.php\\\/alianza-entre-prefectura-e-iniap-fortaleceran-desarrollo-agropecuario-de-manabi\\\/\"]}]},{\"@type\":\"ImageObject\",\"inLanguage\":\"es\",\"@id\":\"https:\\\/\\\/www.manabi.gob.ec\\\/index.php\\\/alianza-entre-prefectura-e-iniap-fortaleceran-desarrollo-agropecuario-de-manabi\\\/#primaryimage\",\"url\":\"https:\\\/\\\/www.manabi.gob.ec\\\/wp-content\\\/uploads\\\/2022\\\/04\\\/WhatsApp-Image-2022-04-01-at-2.25.16-PM.jpeg\",\"contentUrl\":\"https:\\\/\\\/www.manabi.gob.ec\\\/wp-content\\\/uploads\\\/2022\\\/04\\\/WhatsApp-Image-2022-04-01-at-2.25.16-PM.jpeg\",\"width\":1296,\"height\":864},{\"@type\":\"BreadcrumbList\",\"@id\":\"https:\\\/\\\/www.manabi.gob.ec\\\/index.php\\\/alianza-entre-prefectura-e-iniap-fortaleceran-desarrollo-agropecuario-de-manabi\\\/#breadcrumb\",\"itemListElement\":[{\"@type\":\"ListItem\",\"position\":1,\"name\":\"Portada\",\"item\":\"https:\\\/\\\/www.manabi.gob.ec\\\/\"},{\"@type\":\"ListItem\",\"position\":2,\"name\":\"Alianza entre Prefectura e INIAP, fortalecer\u00e1n desarrollo agropecuario de Manab\u00ed\"}]},{\"@type\":\"WebSite\",\"@id\":\"https:\\\/\\\/www.manabi.gob.ec\\\/#website\",\"url\":\"https:\\\/\\\/www.manabi.gob.ec\\\/\",\"name\":\"Prefectura de Manab\u00ed\",\"description\":\"P\u00e1gina web de la prefectura\",\"potentialAction\":[{\"@type\":\"SearchAction\",\"target\":{\"@type\":\"EntryPoint\",\"urlTemplate\":\"https:\\\/\\\/www.manabi.gob.ec\\\/?s={search_term_string}\"},\"query-input\":{\"@type\":\"PropertyValueSpecification\",\"valueRequired\":true,\"valueName\":\"search_term_string\"}}],\"inLanguage\":\"es\"},{\"@type\":\"Person\",\"@id\":\"https:\\\/\\\/www.manabi.gob.ec\\\/#\\\/schema\\\/person\\\/cfc71bd68fe2703b779edcc292a49722\",\"name\":\"admin\",\"image\":{\"@type\":\"ImageObject\",\"inLanguage\":\"es\",\"@id\":\"https:\\\/\\\/secure.gravatar.com\\\/avatar\\\/23e9f919492b0a2f65aa168e0d8c5c867ea853b61deffbadf08c7031e15b8d78?s=96&d=mm&r=g\",\"url\":\"https:\\\/\\\/secure.gravatar.com\\\/avatar\\\/23e9f919492b0a2f65aa168e0d8c5c867ea853b61deffbadf08c7031e15b8d78?s=96&d=mm&r=g\",\"contentUrl\":\"https:\\\/\\\/secure.gravatar.com\\\/avatar\\\/23e9f919492b0a2f65aa168e0d8c5c867ea853b61deffbadf08c7031e15b8d78?s=96&d=mm&r=g\",\"caption\":\"admin\"},\"sameAs\":[\"http:\\\/\\\/www.manabi.gob.ec\"],\"url\":\"https:\\\/\\\/www.manabi.gob.ec\\\/index.php\\\/author\\\/admin\\\/\"}]}<\/script>\n<!-- \/ Yoast SEO plugin. -->","yoast_head_json":{"title":"Alianza entre Prefectura e INIAP, fortalecer\u00e1n desarrollo agropecuario de Manab\u00ed - Prefectura de Manab\u00ed","robots":{"index":"index","follow":"follow","max-snippet":"max-snippet:-1","max-image-preview":"max-image-preview:large","max-video-preview":"max-video-preview:-1"},"canonical":"https:\/\/www.manabi.gob.ec\/index.php\/alianza-entre-prefectura-e-iniap-fortaleceran-desarrollo-agropecuario-de-manabi\/","og_locale":"es_ES","og_type":"article","og_title":"Alianza entre Prefectura e INIAP, fortalecer\u00e1n desarrollo agropecuario de Manab\u00ed - Prefectura de Manab\u00ed","og_description":"Con la firma del convenio marco de cooperaci\u00f3n institucional entre La Prefectura y el Instituto Nacional de Investigaciones Agropecuarias (INIAP), se marca un hito importante para el desarrollo agropecuario de Manab\u00ed. \u00abNos compromete a todos los investigadores del Instituto a responder a este nuevo desaf\u00edo que lo asumimos con mucha responsabilidad\u00bb, precis\u00f3 Luis Alberto Duicela, [&hellip;]","og_url":"https:\/\/www.manabi.gob.ec\/index.php\/alianza-entre-prefectura-e-iniap-fortaleceran-desarrollo-agropecuario-de-manabi\/","og_site_name":"Prefectura de Manab\u00ed","article_published_time":"2022-04-04T15:38:41+00:00","article_modified_time":"2022-04-04T15:38:44+00:00","og_image":[{"width":1296,"height":864,"url":"https:\/\/www.manabi.gob.ec\/wp-content\/uploads\/2022\/04\/WhatsApp-Image-2022-04-01-at-2.25.16-PM.jpeg","type":"image\/jpeg"}],"author":"admin","twitter_card":"summary_large_image","twitter_misc":{"Escrito por":"admin","Tiempo de lectura":"1 minuto"},"schema":{"@context":"https:\/\/schema.org","@graph":[{"@type":"Article","@id":"https:\/\/www.manabi.gob.ec\/index.php\/alianza-entre-prefectura-e-iniap-fortaleceran-desarrollo-agropecuario-de-manabi\/#article","isPartOf":{"@id":"https:\/\/www.manabi.gob.ec\/index.php\/alianza-entre-prefectura-e-iniap-fortaleceran-desarrollo-agropecuario-de-manabi\/"},"author":{"name":"admin","@id":"https:\/\/www.manabi.gob.ec\/#\/schema\/person\/cfc71bd68fe2703b779edcc292a49722"},"headline":"Alianza entre Prefectura e INIAP, fortalecer\u00e1n desarrollo agropecuario de Manab\u00ed","datePublished":"2022-04-04T15:38:41+00:00","dateModified":"2022-04-04T15:38:44+00:00","mainEntityOfPage":{"@id":"https:\/\/www.manabi.gob.ec\/index.php\/alianza-entre-prefectura-e-iniap-fortaleceran-desarrollo-agropecuario-de-manabi\/"},"wordCount":195,"image":{"@id":"https:\/\/www.manabi.gob.ec\/index.php\/alianza-entre-prefectura-e-iniap-fortaleceran-desarrollo-agropecuario-de-manabi\/#primaryimage"},"thumbnailUrl":"https:\/\/www.manabi.gob.ec\/wp-content\/uploads\/2022\/04\/WhatsApp-Image-2022-04-01-at-2.25.16-PM.jpeg","keywords":["agropecuario","INIAP"],"inLanguage":"es"},{"@type":"WebPage","@id":"https:\/\/www.manabi.gob.ec\/index.php\/alianza-entre-prefectura-e-iniap-fortaleceran-desarrollo-agropecuario-de-manabi\/","url":"https:\/\/www.manabi.gob.ec\/index.php\/alianza-entre-prefectura-e-iniap-fortaleceran-desarrollo-agropecuario-de-manabi\/","name":"Alianza entre Prefectura e INIAP, fortalecer\u00e1n desarrollo agropecuario de Manab\u00ed - Prefectura de Manab\u00ed","isPartOf":{"@id":"https:\/\/www.manabi.gob.ec\/#website"},"primaryImageOfPage":{"@id":"https:\/\/www.manabi.gob.ec\/index.php\/alianza-entre-prefectura-e-iniap-fortaleceran-desarrollo-agropecuario-de-manabi\/#primaryimage"},"image":{"@id":"https:\/\/www.manabi.gob.ec\/index.php\/alianza-entre-prefectura-e-iniap-fortaleceran-desarrollo-agropecuario-de-manabi\/#primaryimage"},"thumbnailUrl":"https:\/\/www.manabi.gob.ec\/wp-content\/uploads\/2022\/04\/WhatsApp-Image-2022-04-01-at-2.25.16-PM.jpeg","datePublished":"2022-04-04T15:38:41+00:00","dateModified":"2022-04-04T15:38:44+00:00","author":{"@id":"https:\/\/www.manabi.gob.ec\/#\/schema\/person\/cfc71bd68fe2703b779edcc292a49722"},"breadcrumb":{"@id":"https:\/\/www.manabi.gob.ec\/index.php\/alianza-entre-prefectura-e-iniap-fortaleceran-desarrollo-agropecuario-de-manabi\/#breadcrumb"},"inLanguage":"es","potentialAction":[{"@type":"ReadAction","target":["https:\/\/www.manabi.gob.ec\/index.php\/alianza-entre-prefectura-e-iniap-fortaleceran-desarrollo-agropecuario-de-manabi\/"]}]},{"@type":"ImageObject","inLanguage":"es","@id":"https:\/\/www.manabi.gob.ec\/index.php\/alianza-entre-prefectura-e-iniap-fortaleceran-desarrollo-agropecuario-de-manabi\/#primaryimage","url":"https:\/\/www.manabi.gob.ec\/wp-content\/uploads\/2022\/04\/WhatsApp-Image-2022-04-01-at-2.25.16-PM.jpeg","contentUrl":"https:\/\/www.manabi.gob.ec\/wp-content\/uploads\/2022\/04\/WhatsApp-Image-2022-04-01-at-2.25.16-PM.jpeg","width":1296,"height":864},{"@type":"BreadcrumbList","@id":"https:\/\/www.manabi.gob.ec\/index.php\/alianza-entre-prefectura-e-iniap-fortaleceran-desarrollo-agropecuario-de-manabi\/#breadcrumb","itemListElement":[{"@type":"ListItem","position":1,"name":"Portada","item":"https:\/\/www.manabi.gob.ec\/"},{"@type":"ListItem","position":2,"name":"Alianza entre Prefectura e INIAP, fortalecer\u00e1n desarrollo agropecuario de Manab\u00ed"}]},{"@type":"WebSite","@id":"https:\/\/www.manabi.gob.ec\/#website","url":"https:\/\/www.manabi.gob.ec\/","name":"Prefectura de Manab\u00ed","description":"P\u00e1gina web de la prefectura","potentialAction":[{"@type":"SearchAction","target":{"@type":"EntryPoint","urlTemplate":"https:\/\/www.manabi.gob.ec\/?s={search_term_string}"},"query-input":{"@type":"PropertyValueSpecification","valueRequired":true,"valueName":"search_term_string"}}],"inLanguage":"es"},{"@type":"Person","@id":"https:\/\/www.manabi.gob.ec\/#\/schema\/person\/cfc71bd68fe2703b779edcc292a49722","name":"admin","image":{"@type":"ImageObject","inLanguage":"es","@id":"https:\/\/secure.gravatar.com\/avatar\/23e9f919492b0a2f65aa168e0d8c5c867ea853b61deffbadf08c7031e15b8d78?s=96&d=mm&r=g","url":"https:\/\/secure.gravatar.com\/avatar\/23e9f919492b0a2f65aa168e0d8c5c867ea853b61deffbadf08c7031e15b8d78?s=96&d=mm&r=g","contentUrl":"https:\/\/secure.gravatar.com\/avatar\/23e9f919492b0a2f65aa168e0d8c5c867ea853b61deffbadf08c7031e15b8d78?s=96&d=mm&r=g","caption":"admin"},"sameAs":["http:\/\/www.manabi.gob.ec"],"url":"https:\/\/www.manabi.gob.ec\/index.php\/author\/admin\/"}]}},"jetpack_featured_media_url":"https:\/\/www.manabi.gob.ec\/wp-content\/uploads\/2022\/04\/WhatsApp-Image-2022-04-01-at-2.25.16-PM.jpeg","_links":{"self":[{"href":"https:\/\/www.manabi.gob.ec\/index.php\/wp-json\/wp\/v2\/posts\/20012","targetHints":{"allow":["GET"]}}],"collection":[{"href":"https:\/\/www.manabi.gob.ec\/index.php\/wp-json\/wp\/v2\/posts"}],"about":[{"href":"https:\/\/www.manabi.gob.ec\/index.php\/wp-json\/wp\/v2\/types\/post"}],"author":[{"embeddable":true,"href":"https:\/\/www.manabi.gob.ec\/index.php\/wp-json\/wp\/v2\/users\/1"}],"replies":[{"embeddable":true,"href":"https:\/\/www.manabi.gob.ec\/index.php\/wp-json\/wp\/v2\/comments?post=20012"}],"version-history":[{"count":0,"href":"https:\/\/www.manabi.gob.ec\/index.php\/wp-json\/wp\/v2\/posts\/20012\/revisions"}],"wp:featuredmedia":[{"embeddable":true,"href":"https:\/\/www.manabi.gob.ec\/index.php\/wp-json\/wp\/v2\/media\/20013"}],"wp:attachment":[{"href":"https:\/\/www.manabi.gob.ec\/index.php\/wp-json\/wp\/v2\/media?parent=20012"}],"wp:term":[{"taxonomy":"category","embeddable":true,"href":"https:\/\/www.manabi.gob.ec\/index.php\/wp-json\/wp\/v2\/categories?post=20012"},{"taxonomy":"post_tag","embeddable":true,"href":"https:\/\/www.manabi.gob.ec\/index.php\/wp-json\/wp\/v2\/tags?post=20012"}],"curies":[{"name":"wp","href":"https:\/\/api.w.org\/{rel}","templated":true}]}}