{"id":20077,"date":"2022-04-11T19:48:56","date_gmt":"2022-04-11T19:48:56","guid":{"rendered":"https:\/\/www.manabi.gob.ec\/?p=20077"},"modified":"2022-04-11T19:48:59","modified_gmt":"2022-04-11T19:48:59","slug":"historico-por-primera-vez-una-prefectura-lidera-una-mesa-provincial-interinstitucional-para-prevenir-y-erradicar-la-violencia-contra-las-mujeres","status":"publish","type":"post","link":"https:\/\/www.manabi.gob.ec\/index.php\/historico-por-primera-vez-una-prefectura-lidera-una-mesa-provincial-interinstitucional-para-prevenir-y-erradicar-la-violencia-contra-las-mujeres\/","title":{"rendered":"\u00a1Hist\u00f3rico! Por primera vez una prefectura lidera una mesa Provincial Interinstitucional para Prevenir y Erradicar la Violencia Contra las Mujeres"},"content":{"rendered":"\n<p><\/p>\n\n\n\n<p>Este jueves, 7 de abril, tuvo lugar la primera reuni\u00f3n de la Mesa Interinstitucional Provincial para Prevenir y Erradicar la Violencia contra las Mujeres, la cual tiene como objetivo general articular acciones a nivel provincial con los actores del Sistema Nacional Integral para prevenir y erradicar la violencia de g\u00e9nero, y con las organizaciones y redes de mujeres para su restituci\u00f3n y protecci\u00f3n de derechos dentro de la provincia de Manab\u00ed.<\/p>\n\n\n\n<p><br>Esta mesa t\u00e9cnica se reunir\u00e1 de manera ordinaria cada tres meses, y generar\u00e1 un plan de trabajo provincial que garantice de manera efectiva el cumplimiento de los objetivos plasmados en la pol\u00edtica p\u00fablica y la ordenanza para la prevenci\u00f3n y erradicaci\u00f3n de la violencia contra la mujer, para alcanzar la igualdad, inclusi\u00f3n, garant\u00eda plena de derechos y construir una cultura de paz en la provincia de Manab\u00ed, aprobada el 8 de marzo del 2021, cuyo Reglamento General de la Ordenanza fue expedido el 25 de febrero del 2022, y en su Cap\u00edtulo V aborda lo relacionado con la Mesa Interinstitucional Provincial dando de esta manera cumplimiento al mencionado reglamento.<\/p>\n\n\n\n<p><br>\u201cLa protecci\u00f3n y la promoci\u00f3n de derechos, la garant\u00eda de acceso pleno a derechos, no puede ser una funci\u00f3n residual en ninguna de las instituciones. El prevenir y erradicar toda forma de violencia, de manera especial contra la mujer, es procurar inclusi\u00f3n. Entonces, mi llamado m\u00e1s fraterno y respetuoso para que todos nos sumemos\u201d, expres\u00f3 el Prefecto.<\/p>\n","protected":false},"excerpt":{"rendered":"<p>Por primera vez una prefectura lidera una mesa Provincial Interinstitucional para Prevenir y Erradicar la Violencia Contra las Mujeres<\/p>\n","protected":false},"author":10,"featured_media":20078,"comment_status":"closed","ping_status":"closed","sticky":false,"template":"","format":"standard","meta":{"_joinchat":[],"footnotes":""},"categories":[142,224,92,193,91,223],"tags":[],"class_list":["post-20077","post","type-post","status-publish","format-standard","has-post-thumbnail","hentry","category-desarrollo-social","category-mujeres","category-noticias-manabi","category-participacion-ciudadana","category-todas","category-violencia-de-genero"],"yoast_head":"<!-- This site is optimized with the Yoast SEO plugin v27.4 - https:\/\/yoast.com\/product\/yoast-seo-wordpress\/ -->\n<title>\u00a1Hist\u00f3rico! Por primera vez una prefectura lidera una mesa Provincial Interinstitucional para Prevenir y Erradicar la Violencia Contra las Mujeres - Prefectura de Manab\u00ed<\/title>\n<meta name=\"robots\" content=\"index, follow, max-snippet:-1, max-image-preview:large, max-video-preview:-1\" \/>\n<link rel=\"canonical\" href=\"https:\/\/www.manabi.gob.ec\/index.php\/historico-por-primera-vez-una-prefectura-lidera-una-mesa-provincial-interinstitucional-para-prevenir-y-erradicar-la-violencia-contra-las-mujeres\/\" \/>\n<meta property=\"og:locale\" content=\"es_ES\" \/>\n<meta property=\"og:type\" content=\"article\" \/>\n<meta property=\"og:title\" content=\"\u00a1Hist\u00f3rico! Por primera vez una prefectura lidera una mesa Provincial Interinstitucional para Prevenir y Erradicar la Violencia Contra las Mujeres - Prefectura de Manab\u00ed\" \/>\n<meta property=\"og:description\" content=\"Por primera vez una prefectura lidera una mesa Provincial Interinstitucional para Prevenir y Erradicar la Violencia Contra las Mujeres\" \/>\n<meta property=\"og:url\" content=\"https:\/\/www.manabi.gob.ec\/index.php\/historico-por-primera-vez-una-prefectura-lidera-una-mesa-provincial-interinstitucional-para-prevenir-y-erradicar-la-violencia-contra-las-mujeres\/\" \/>\n<meta property=\"og:site_name\" content=\"Prefectura de Manab\u00ed\" \/>\n<meta property=\"article:published_time\" content=\"2022-04-11T19:48:56+00:00\" \/>\n<meta property=\"article:modified_time\" content=\"2022-04-11T19:48:59+00:00\" \/>\n<meta property=\"og:image\" content=\"https:\/\/www.manabi.gob.ec\/wp-content\/uploads\/2022\/04\/51990925126_a60bbbc7e5_o-scaled.jpg\" \/>\n\t<meta property=\"og:image:width\" content=\"2560\" \/>\n\t<meta property=\"og:image:height\" content=\"1707\" \/>\n\t<meta property=\"og:image:type\" content=\"image\/jpeg\" \/>\n<meta name=\"author\" content=\"Lui Ochoa\" \/>\n<meta name=\"twitter:card\" content=\"summary_large_image\" \/>\n<meta name=\"twitter:label1\" content=\"Escrito por\" \/>\n\t<meta name=\"twitter:data1\" content=\"Lui Ochoa\" \/>\n\t<meta name=\"twitter:label2\" content=\"Tiempo de lectura\" \/>\n\t<meta name=\"twitter:data2\" content=\"2 minutos\" \/>\n<script type=\"application\/ld+json\" class=\"yoast-schema-graph\">{\"@context\":\"https:\\\/\\\/schema.org\",\"@graph\":[{\"@type\":\"Article\",\"@id\":\"https:\\\/\\\/www.manabi.gob.ec\\\/index.php\\\/historico-por-primera-vez-una-prefectura-lidera-una-mesa-provincial-interinstitucional-para-prevenir-y-erradicar-la-violencia-contra-las-mujeres\\\/#article\",\"isPartOf\":{\"@id\":\"https:\\\/\\\/www.manabi.gob.ec\\\/index.php\\\/historico-por-primera-vez-una-prefectura-lidera-una-mesa-provincial-interinstitucional-para-prevenir-y-erradicar-la-violencia-contra-las-mujeres\\\/\"},\"author\":{\"name\":\"Lui Ochoa\",\"@id\":\"https:\\\/\\\/www.manabi.gob.ec\\\/#\\\/schema\\\/person\\\/c4f117989332ad723a6ced5994aa7d7a\"},\"headline\":\"\u00a1Hist\u00f3rico! Por primera vez una prefectura lidera una mesa Provincial Interinstitucional para Prevenir y Erradicar la Violencia Contra las Mujeres\",\"datePublished\":\"2022-04-11T19:48:56+00:00\",\"dateModified\":\"2022-04-11T19:48:59+00:00\",\"mainEntityOfPage\":{\"@id\":\"https:\\\/\\\/www.manabi.gob.ec\\\/index.php\\\/historico-por-primera-vez-una-prefectura-lidera-una-mesa-provincial-interinstitucional-para-prevenir-y-erradicar-la-violencia-contra-las-mujeres\\\/\"},\"wordCount\":271,\"image\":{\"@id\":\"https:\\\/\\\/www.manabi.gob.ec\\\/index.php\\\/historico-por-primera-vez-una-prefectura-lidera-una-mesa-provincial-interinstitucional-para-prevenir-y-erradicar-la-violencia-contra-las-mujeres\\\/#primaryimage\"},\"thumbnailUrl\":\"https:\\\/\\\/www.manabi.gob.ec\\\/wp-content\\\/uploads\\\/2022\\\/04\\\/51990925126_a60bbbc7e5_o-scaled.jpg\",\"articleSection\":[\"Desarrollo Social\",\"Mujeres\",\"Noticias\",\"Participaci\u00f3n ciudadana\",\"Todas\",\"Violencia de G\u00e9nero\"],\"inLanguage\":\"es\"},{\"@type\":\"WebPage\",\"@id\":\"https:\\\/\\\/www.manabi.gob.ec\\\/index.php\\\/historico-por-primera-vez-una-prefectura-lidera-una-mesa-provincial-interinstitucional-para-prevenir-y-erradicar-la-violencia-contra-las-mujeres\\\/\",\"url\":\"https:\\\/\\\/www.manabi.gob.ec\\\/index.php\\\/historico-por-primera-vez-una-prefectura-lidera-una-mesa-provincial-interinstitucional-para-prevenir-y-erradicar-la-violencia-contra-las-mujeres\\\/\",\"name\":\"\u00a1Hist\u00f3rico! Por primera vez una prefectura lidera una mesa Provincial Interinstitucional para Prevenir y Erradicar la Violencia Contra las Mujeres - Prefectura de Manab\u00ed\",\"isPartOf\":{\"@id\":\"https:\\\/\\\/www.manabi.gob.ec\\\/#website\"},\"primaryImageOfPage\":{\"@id\":\"https:\\\/\\\/www.manabi.gob.ec\\\/index.php\\\/historico-por-primera-vez-una-prefectura-lidera-una-mesa-provincial-interinstitucional-para-prevenir-y-erradicar-la-violencia-contra-las-mujeres\\\/#primaryimage\"},\"image\":{\"@id\":\"https:\\\/\\\/www.manabi.gob.ec\\\/index.php\\\/historico-por-primera-vez-una-prefectura-lidera-una-mesa-provincial-interinstitucional-para-prevenir-y-erradicar-la-violencia-contra-las-mujeres\\\/#primaryimage\"},\"thumbnailUrl\":\"https:\\\/\\\/www.manabi.gob.ec\\\/wp-content\\\/uploads\\\/2022\\\/04\\\/51990925126_a60bbbc7e5_o-scaled.jpg\",\"datePublished\":\"2022-04-11T19:48:56+00:00\",\"dateModified\":\"2022-04-11T19:48:59+00:00\",\"author\":{\"@id\":\"https:\\\/\\\/www.manabi.gob.ec\\\/#\\\/schema\\\/person\\\/c4f117989332ad723a6ced5994aa7d7a\"},\"breadcrumb\":{\"@id\":\"https:\\\/\\\/www.manabi.gob.ec\\\/index.php\\\/historico-por-primera-vez-una-prefectura-lidera-una-mesa-provincial-interinstitucional-para-prevenir-y-erradicar-la-violencia-contra-las-mujeres\\\/#breadcrumb\"},\"inLanguage\":\"es\",\"potentialAction\":[{\"@type\":\"ReadAction\",\"target\":[\"https:\\\/\\\/www.manabi.gob.ec\\\/index.php\\\/historico-por-primera-vez-una-prefectura-lidera-una-mesa-provincial-interinstitucional-para-prevenir-y-erradicar-la-violencia-contra-las-mujeres\\\/\"]}]},{\"@type\":\"ImageObject\",\"inLanguage\":\"es\",\"@id\":\"https:\\\/\\\/www.manabi.gob.ec\\\/index.php\\\/historico-por-primera-vez-una-prefectura-lidera-una-mesa-provincial-interinstitucional-para-prevenir-y-erradicar-la-violencia-contra-las-mujeres\\\/#primaryimage\",\"url\":\"https:\\\/\\\/www.manabi.gob.ec\\\/wp-content\\\/uploads\\\/2022\\\/04\\\/51990925126_a60bbbc7e5_o-scaled.jpg\",\"contentUrl\":\"https:\\\/\\\/www.manabi.gob.ec\\\/wp-content\\\/uploads\\\/2022\\\/04\\\/51990925126_a60bbbc7e5_o-scaled.jpg\",\"width\":2560,\"height\":1707},{\"@type\":\"BreadcrumbList\",\"@id\":\"https:\\\/\\\/www.manabi.gob.ec\\\/index.php\\\/historico-por-primera-vez-una-prefectura-lidera-una-mesa-provincial-interinstitucional-para-prevenir-y-erradicar-la-violencia-contra-las-mujeres\\\/#breadcrumb\",\"itemListElement\":[{\"@type\":\"ListItem\",\"position\":1,\"name\":\"Portada\",\"item\":\"https:\\\/\\\/www.manabi.gob.ec\\\/\"},{\"@type\":\"ListItem\",\"position\":2,\"name\":\"\u00a1Hist\u00f3rico! Por primera vez una prefectura lidera una mesa Provincial Interinstitucional para Prevenir y Erradicar la Violencia Contra las Mujeres\"}]},{\"@type\":\"WebSite\",\"@id\":\"https:\\\/\\\/www.manabi.gob.ec\\\/#website\",\"url\":\"https:\\\/\\\/www.manabi.gob.ec\\\/\",\"name\":\"Prefectura de Manab\u00ed\",\"description\":\"P\u00e1gina web de la prefectura\",\"potentialAction\":[{\"@type\":\"SearchAction\",\"target\":{\"@type\":\"EntryPoint\",\"urlTemplate\":\"https:\\\/\\\/www.manabi.gob.ec\\\/?s={search_term_string}\"},\"query-input\":{\"@type\":\"PropertyValueSpecification\",\"valueRequired\":true,\"valueName\":\"search_term_string\"}}],\"inLanguage\":\"es\"},{\"@type\":\"Person\",\"@id\":\"https:\\\/\\\/www.manabi.gob.ec\\\/#\\\/schema\\\/person\\\/c4f117989332ad723a6ced5994aa7d7a\",\"name\":\"Lui Ochoa\",\"image\":{\"@type\":\"ImageObject\",\"inLanguage\":\"es\",\"@id\":\"https:\\\/\\\/secure.gravatar.com\\\/avatar\\\/6e8017d0fe69dead8a95864d2eb6e1e1d8bf8e01194ba49cf7b897ff038126ba?s=96&d=mm&r=g\",\"url\":\"https:\\\/\\\/secure.gravatar.com\\\/avatar\\\/6e8017d0fe69dead8a95864d2eb6e1e1d8bf8e01194ba49cf7b897ff038126ba?s=96&d=mm&r=g\",\"contentUrl\":\"https:\\\/\\\/secure.gravatar.com\\\/avatar\\\/6e8017d0fe69dead8a95864d2eb6e1e1d8bf8e01194ba49cf7b897ff038126ba?s=96&d=mm&r=g\",\"caption\":\"Lui Ochoa\"},\"url\":\"https:\\\/\\\/www.manabi.gob.ec\\\/index.php\\\/author\\\/lochoa\\\/\"}]}<\/script>\n<!-- \/ Yoast SEO plugin. -->","yoast_head_json":{"title":"\u00a1Hist\u00f3rico! Por primera vez una prefectura lidera una mesa Provincial Interinstitucional para Prevenir y Erradicar la Violencia Contra las Mujeres - Prefectura de Manab\u00ed","robots":{"index":"index","follow":"follow","max-snippet":"max-snippet:-1","max-image-preview":"max-image-preview:large","max-video-preview":"max-video-preview:-1"},"canonical":"https:\/\/www.manabi.gob.ec\/index.php\/historico-por-primera-vez-una-prefectura-lidera-una-mesa-provincial-interinstitucional-para-prevenir-y-erradicar-la-violencia-contra-las-mujeres\/","og_locale":"es_ES","og_type":"article","og_title":"\u00a1Hist\u00f3rico! Por primera vez una prefectura lidera una mesa Provincial Interinstitucional para Prevenir y Erradicar la Violencia Contra las Mujeres - Prefectura de Manab\u00ed","og_description":"Por primera vez una prefectura lidera una mesa Provincial Interinstitucional para Prevenir y Erradicar la Violencia Contra las Mujeres","og_url":"https:\/\/www.manabi.gob.ec\/index.php\/historico-por-primera-vez-una-prefectura-lidera-una-mesa-provincial-interinstitucional-para-prevenir-y-erradicar-la-violencia-contra-las-mujeres\/","og_site_name":"Prefectura de Manab\u00ed","article_published_time":"2022-04-11T19:48:56+00:00","article_modified_time":"2022-04-11T19:48:59+00:00","og_image":[{"width":2560,"height":1707,"url":"https:\/\/www.manabi.gob.ec\/wp-content\/uploads\/2022\/04\/51990925126_a60bbbc7e5_o-scaled.jpg","type":"image\/jpeg"}],"author":"Lui Ochoa","twitter_card":"summary_large_image","twitter_misc":{"Escrito por":"Lui Ochoa","Tiempo de lectura":"2 minutos"},"schema":{"@context":"https:\/\/schema.org","@graph":[{"@type":"Article","@id":"https:\/\/www.manabi.gob.ec\/index.php\/historico-por-primera-vez-una-prefectura-lidera-una-mesa-provincial-interinstitucional-para-prevenir-y-erradicar-la-violencia-contra-las-mujeres\/#article","isPartOf":{"@id":"https:\/\/www.manabi.gob.ec\/index.php\/historico-por-primera-vez-una-prefectura-lidera-una-mesa-provincial-interinstitucional-para-prevenir-y-erradicar-la-violencia-contra-las-mujeres\/"},"author":{"name":"Lui Ochoa","@id":"https:\/\/www.manabi.gob.ec\/#\/schema\/person\/c4f117989332ad723a6ced5994aa7d7a"},"headline":"\u00a1Hist\u00f3rico! Por primera vez una prefectura lidera una mesa Provincial Interinstitucional para Prevenir y Erradicar la Violencia Contra las Mujeres","datePublished":"2022-04-11T19:48:56+00:00","dateModified":"2022-04-11T19:48:59+00:00","mainEntityOfPage":{"@id":"https:\/\/www.manabi.gob.ec\/index.php\/historico-por-primera-vez-una-prefectura-lidera-una-mesa-provincial-interinstitucional-para-prevenir-y-erradicar-la-violencia-contra-las-mujeres\/"},"wordCount":271,"image":{"@id":"https:\/\/www.manabi.gob.ec\/index.php\/historico-por-primera-vez-una-prefectura-lidera-una-mesa-provincial-interinstitucional-para-prevenir-y-erradicar-la-violencia-contra-las-mujeres\/#primaryimage"},"thumbnailUrl":"https:\/\/www.manabi.gob.ec\/wp-content\/uploads\/2022\/04\/51990925126_a60bbbc7e5_o-scaled.jpg","articleSection":["Desarrollo Social","Mujeres","Noticias","Participaci\u00f3n ciudadana","Todas","Violencia de G\u00e9nero"],"inLanguage":"es"},{"@type":"WebPage","@id":"https:\/\/www.manabi.gob.ec\/index.php\/historico-por-primera-vez-una-prefectura-lidera-una-mesa-provincial-interinstitucional-para-prevenir-y-erradicar-la-violencia-contra-las-mujeres\/","url":"https:\/\/www.manabi.gob.ec\/index.php\/historico-por-primera-vez-una-prefectura-lidera-una-mesa-provincial-interinstitucional-para-prevenir-y-erradicar-la-violencia-contra-las-mujeres\/","name":"\u00a1Hist\u00f3rico! Por primera vez una prefectura lidera una mesa Provincial Interinstitucional para Prevenir y Erradicar la Violencia Contra las Mujeres - Prefectura de Manab\u00ed","isPartOf":{"@id":"https:\/\/www.manabi.gob.ec\/#website"},"primaryImageOfPage":{"@id":"https:\/\/www.manabi.gob.ec\/index.php\/historico-por-primera-vez-una-prefectura-lidera-una-mesa-provincial-interinstitucional-para-prevenir-y-erradicar-la-violencia-contra-las-mujeres\/#primaryimage"},"image":{"@id":"https:\/\/www.manabi.gob.ec\/index.php\/historico-por-primera-vez-una-prefectura-lidera-una-mesa-provincial-interinstitucional-para-prevenir-y-erradicar-la-violencia-contra-las-mujeres\/#primaryimage"},"thumbnailUrl":"https:\/\/www.manabi.gob.ec\/wp-content\/uploads\/2022\/04\/51990925126_a60bbbc7e5_o-scaled.jpg","datePublished":"2022-04-11T19:48:56+00:00","dateModified":"2022-04-11T19:48:59+00:00","author":{"@id":"https:\/\/www.manabi.gob.ec\/#\/schema\/person\/c4f117989332ad723a6ced5994aa7d7a"},"breadcrumb":{"@id":"https:\/\/www.manabi.gob.ec\/index.php\/historico-por-primera-vez-una-prefectura-lidera-una-mesa-provincial-interinstitucional-para-prevenir-y-erradicar-la-violencia-contra-las-mujeres\/#breadcrumb"},"inLanguage":"es","potentialAction":[{"@type":"ReadAction","target":["https:\/\/www.manabi.gob.ec\/index.php\/historico-por-primera-vez-una-prefectura-lidera-una-mesa-provincial-interinstitucional-para-prevenir-y-erradicar-la-violencia-contra-las-mujeres\/"]}]},{"@type":"ImageObject","inLanguage":"es","@id":"https:\/\/www.manabi.gob.ec\/index.php\/historico-por-primera-vez-una-prefectura-lidera-una-mesa-provincial-interinstitucional-para-prevenir-y-erradicar-la-violencia-contra-las-mujeres\/#primaryimage","url":"https:\/\/www.manabi.gob.ec\/wp-content\/uploads\/2022\/04\/51990925126_a60bbbc7e5_o-scaled.jpg","contentUrl":"https:\/\/www.manabi.gob.ec\/wp-content\/uploads\/2022\/04\/51990925126_a60bbbc7e5_o-scaled.jpg","width":2560,"height":1707},{"@type":"BreadcrumbList","@id":"https:\/\/www.manabi.gob.ec\/index.php\/historico-por-primera-vez-una-prefectura-lidera-una-mesa-provincial-interinstitucional-para-prevenir-y-erradicar-la-violencia-contra-las-mujeres\/#breadcrumb","itemListElement":[{"@type":"ListItem","position":1,"name":"Portada","item":"https:\/\/www.manabi.gob.ec\/"},{"@type":"ListItem","position":2,"name":"\u00a1Hist\u00f3rico! Por primera vez una prefectura lidera una mesa Provincial Interinstitucional para Prevenir y Erradicar la Violencia Contra las Mujeres"}]},{"@type":"WebSite","@id":"https:\/\/www.manabi.gob.ec\/#website","url":"https:\/\/www.manabi.gob.ec\/","name":"Prefectura de Manab\u00ed","description":"P\u00e1gina web de la prefectura","potentialAction":[{"@type":"SearchAction","target":{"@type":"EntryPoint","urlTemplate":"https:\/\/www.manabi.gob.ec\/?s={search_term_string}"},"query-input":{"@type":"PropertyValueSpecification","valueRequired":true,"valueName":"search_term_string"}}],"inLanguage":"es"},{"@type":"Person","@id":"https:\/\/www.manabi.gob.ec\/#\/schema\/person\/c4f117989332ad723a6ced5994aa7d7a","name":"Lui Ochoa","image":{"@type":"ImageObject","inLanguage":"es","@id":"https:\/\/secure.gravatar.com\/avatar\/6e8017d0fe69dead8a95864d2eb6e1e1d8bf8e01194ba49cf7b897ff038126ba?s=96&d=mm&r=g","url":"https:\/\/secure.gravatar.com\/avatar\/6e8017d0fe69dead8a95864d2eb6e1e1d8bf8e01194ba49cf7b897ff038126ba?s=96&d=mm&r=g","contentUrl":"https:\/\/secure.gravatar.com\/avatar\/6e8017d0fe69dead8a95864d2eb6e1e1d8bf8e01194ba49cf7b897ff038126ba?s=96&d=mm&r=g","caption":"Lui Ochoa"},"url":"https:\/\/www.manabi.gob.ec\/index.php\/author\/lochoa\/"}]}},"jetpack_featured_media_url":"https:\/\/www.manabi.gob.ec\/wp-content\/uploads\/2022\/04\/51990925126_a60bbbc7e5_o-scaled.jpg","_links":{"self":[{"href":"https:\/\/www.manabi.gob.ec\/index.php\/wp-json\/wp\/v2\/posts\/20077","targetHints":{"allow":["GET"]}}],"collection":[{"href":"https:\/\/www.manabi.gob.ec\/index.php\/wp-json\/wp\/v2\/posts"}],"about":[{"href":"https:\/\/www.manabi.gob.ec\/index.php\/wp-json\/wp\/v2\/types\/post"}],"author":[{"embeddable":true,"href":"https:\/\/www.manabi.gob.ec\/index.php\/wp-json\/wp\/v2\/users\/10"}],"replies":[{"embeddable":true,"href":"https:\/\/www.manabi.gob.ec\/index.php\/wp-json\/wp\/v2\/comments?post=20077"}],"version-history":[{"count":0,"href":"https:\/\/www.manabi.gob.ec\/index.php\/wp-json\/wp\/v2\/posts\/20077\/revisions"}],"wp:featuredmedia":[{"embeddable":true,"href":"https:\/\/www.manabi.gob.ec\/index.php\/wp-json\/wp\/v2\/media\/20078"}],"wp:attachment":[{"href":"https:\/\/www.manabi.gob.ec\/index.php\/wp-json\/wp\/v2\/media?parent=20077"}],"wp:term":[{"taxonomy":"category","embeddable":true,"href":"https:\/\/www.manabi.gob.ec\/index.php\/wp-json\/wp\/v2\/categories?post=20077"},{"taxonomy":"post_tag","embeddable":true,"href":"https:\/\/www.manabi.gob.ec\/index.php\/wp-json\/wp\/v2\/tags?post=20077"}],"curies":[{"name":"wp","href":"https:\/\/api.w.org\/{rel}","templated":true}]}}