{"id":20080,"date":"2022-04-11T19:59:04","date_gmt":"2022-04-11T19:59:04","guid":{"rendered":"https:\/\/www.manabi.gob.ec\/?p=20080"},"modified":"2022-04-11T19:59:09","modified_gmt":"2022-04-11T19:59:09","slug":"el-dia-mundial-de-la-salud-lo-conmemoramos-con-acciones","status":"publish","type":"post","link":"https:\/\/www.manabi.gob.ec\/index.php\/el-dia-mundial-de-la-salud-lo-conmemoramos-con-acciones\/","title":{"rendered":"El D\u00eda mundial de la Salud lo conmemoramos con acciones"},"content":{"rendered":"\n<p><\/p>\n\n\n\n<p>Nuestro compromiso de amor y honor se transparenta en acciones permanentes que comprendan a la salud como un derecho fundamental e irrenunciable, por ello desde la Prefectura de Manab\u00ed, celebramos el D\u00eda de la Salud con acciones diarias que le otorgan vida y dignidad a todos quienes habitamos en el territorio manabita.<\/p>\n\n\n\n<p>El prefecto, Leonardo Orlando, desde que inici\u00f3 su gesti\u00f3n se comprometi\u00f3 con las causas justas, entre esas la vida misma. Hemos brindado 982.899 atenciones m\u00e9dicas en los 22 cantones, as\u00ed como atenciones domiciliarias y el oportuno manejo de la emergencia sanitaria por el COVID19.<\/p>\n\n\n\n<p>Este 7 de abril, celebramos la vida y la atenci\u00f3n a nuestros ciudadanos manabitas, por ellos realizamos una gran feria de salud en la zona norte de la provincia, precisamente en el Sitio Buenos Aires del cant\u00f3n el Carmen, donde se beneficiaron cientos de personas que recibieron el servicio de salud en diferentes \u00e1reas, como: medicina general, odontolog\u00eda, enfermer\u00eda, nutricional, optometr\u00eda y pruebas de glicemia. As\u00ed como la entrega de las medicinas correspondientes, leches nutricionales, cepillos y pastas dentales.<\/p>\n\n\n\n<p>Desde la instituci\u00f3n venimos trabajando en un constante homenaje a la vida y a la salud, por ellos tambi\u00e9n desarrollamos programas como brigadas m\u00e9dicas permanentes, atenci\u00f3n en centros de rehabilitaci\u00f3n f\u00edsica, atenci\u00f3n a la salud mental como apoyo a mujer v\u00edctimas de violencia, entregas de \u00f3rtesis y pr\u00f3tesis, financiamos operaciones requeridas, constante valoraci\u00f3n nutricional a ni\u00f1os y ni\u00f1as; entre otros programas que desde la direcci\u00f3n de Desarollo Social se han desarrollado y articulado con fundaciones, gobiernos municipales y parroquiales, con el fin de dignificar y atender las necesidades de salud que nuestra provincia requiera.<br>\u00a1Nuestra prioridad es la vida, la salud t\u00fa derecho!<\/p>\n","protected":false},"excerpt":{"rendered":"<p>El D\u00eda mundial de la Salud lo conmemoramos con acciones<\/p>\n","protected":false},"author":10,"featured_media":20083,"comment_status":"closed","ping_status":"closed","sticky":false,"template":"","format":"standard","meta":{"_joinchat":[],"footnotes":""},"categories":[142,92,72,91],"tags":[],"class_list":["post-20080","post","type-post","status-publish","format-standard","has-post-thumbnail","hentry","category-desarrollo-social","category-noticias-manabi","category-salud","category-todas"],"yoast_head":"<!-- This site is optimized with the Yoast SEO plugin v27.4 - https:\/\/yoast.com\/product\/yoast-seo-wordpress\/ -->\n<title>El D\u00eda mundial de la Salud lo conmemoramos con acciones - Prefectura de Manab\u00ed<\/title>\n<meta name=\"robots\" content=\"index, follow, max-snippet:-1, max-image-preview:large, max-video-preview:-1\" \/>\n<link rel=\"canonical\" href=\"https:\/\/www.manabi.gob.ec\/index.php\/el-dia-mundial-de-la-salud-lo-conmemoramos-con-acciones\/\" \/>\n<meta property=\"og:locale\" content=\"es_ES\" \/>\n<meta property=\"og:type\" content=\"article\" \/>\n<meta property=\"og:title\" content=\"El D\u00eda mundial de la Salud lo conmemoramos con acciones - Prefectura de Manab\u00ed\" \/>\n<meta property=\"og:description\" content=\"El D\u00eda mundial de la Salud lo conmemoramos con acciones\" \/>\n<meta property=\"og:url\" content=\"https:\/\/www.manabi.gob.ec\/index.php\/el-dia-mundial-de-la-salud-lo-conmemoramos-con-acciones\/\" \/>\n<meta property=\"og:site_name\" content=\"Prefectura de Manab\u00ed\" \/>\n<meta property=\"article:published_time\" content=\"2022-04-11T19:59:04+00:00\" \/>\n<meta property=\"article:modified_time\" content=\"2022-04-11T19:59:09+00:00\" \/>\n<meta property=\"og:image\" content=\"https:\/\/www.manabi.gob.ec\/wp-content\/uploads\/2022\/04\/272787032_618771566033932_3437344764438802370_n.jpg\" \/>\n\t<meta property=\"og:image:width\" content=\"2016\" \/>\n\t<meta property=\"og:image:height\" content=\"1512\" \/>\n\t<meta property=\"og:image:type\" content=\"image\/jpeg\" \/>\n<meta name=\"author\" content=\"Lui Ochoa\" \/>\n<meta name=\"twitter:card\" content=\"summary_large_image\" \/>\n<meta name=\"twitter:label1\" content=\"Escrito por\" \/>\n\t<meta name=\"twitter:data1\" content=\"Lui Ochoa\" \/>\n\t<meta name=\"twitter:label2\" content=\"Tiempo de lectura\" \/>\n\t<meta name=\"twitter:data2\" content=\"2 minutos\" \/>\n<script type=\"application\/ld+json\" class=\"yoast-schema-graph\">{\"@context\":\"https:\\\/\\\/schema.org\",\"@graph\":[{\"@type\":\"Article\",\"@id\":\"https:\\\/\\\/www.manabi.gob.ec\\\/index.php\\\/el-dia-mundial-de-la-salud-lo-conmemoramos-con-acciones\\\/#article\",\"isPartOf\":{\"@id\":\"https:\\\/\\\/www.manabi.gob.ec\\\/index.php\\\/el-dia-mundial-de-la-salud-lo-conmemoramos-con-acciones\\\/\"},\"author\":{\"name\":\"Lui Ochoa\",\"@id\":\"https:\\\/\\\/www.manabi.gob.ec\\\/#\\\/schema\\\/person\\\/c4f117989332ad723a6ced5994aa7d7a\"},\"headline\":\"El D\u00eda mundial de la Salud lo conmemoramos con acciones\",\"datePublished\":\"2022-04-11T19:59:04+00:00\",\"dateModified\":\"2022-04-11T19:59:09+00:00\",\"mainEntityOfPage\":{\"@id\":\"https:\\\/\\\/www.manabi.gob.ec\\\/index.php\\\/el-dia-mundial-de-la-salud-lo-conmemoramos-con-acciones\\\/\"},\"wordCount\":307,\"image\":{\"@id\":\"https:\\\/\\\/www.manabi.gob.ec\\\/index.php\\\/el-dia-mundial-de-la-salud-lo-conmemoramos-con-acciones\\\/#primaryimage\"},\"thumbnailUrl\":\"https:\\\/\\\/www.manabi.gob.ec\\\/wp-content\\\/uploads\\\/2022\\\/04\\\/272787032_618771566033932_3437344764438802370_n.jpg\",\"articleSection\":[\"Desarrollo Social\",\"Noticias\",\"salud\",\"Todas\"],\"inLanguage\":\"es\"},{\"@type\":\"WebPage\",\"@id\":\"https:\\\/\\\/www.manabi.gob.ec\\\/index.php\\\/el-dia-mundial-de-la-salud-lo-conmemoramos-con-acciones\\\/\",\"url\":\"https:\\\/\\\/www.manabi.gob.ec\\\/index.php\\\/el-dia-mundial-de-la-salud-lo-conmemoramos-con-acciones\\\/\",\"name\":\"El D\u00eda mundial de la Salud lo conmemoramos con acciones - Prefectura de Manab\u00ed\",\"isPartOf\":{\"@id\":\"https:\\\/\\\/www.manabi.gob.ec\\\/#website\"},\"primaryImageOfPage\":{\"@id\":\"https:\\\/\\\/www.manabi.gob.ec\\\/index.php\\\/el-dia-mundial-de-la-salud-lo-conmemoramos-con-acciones\\\/#primaryimage\"},\"image\":{\"@id\":\"https:\\\/\\\/www.manabi.gob.ec\\\/index.php\\\/el-dia-mundial-de-la-salud-lo-conmemoramos-con-acciones\\\/#primaryimage\"},\"thumbnailUrl\":\"https:\\\/\\\/www.manabi.gob.ec\\\/wp-content\\\/uploads\\\/2022\\\/04\\\/272787032_618771566033932_3437344764438802370_n.jpg\",\"datePublished\":\"2022-04-11T19:59:04+00:00\",\"dateModified\":\"2022-04-11T19:59:09+00:00\",\"author\":{\"@id\":\"https:\\\/\\\/www.manabi.gob.ec\\\/#\\\/schema\\\/person\\\/c4f117989332ad723a6ced5994aa7d7a\"},\"breadcrumb\":{\"@id\":\"https:\\\/\\\/www.manabi.gob.ec\\\/index.php\\\/el-dia-mundial-de-la-salud-lo-conmemoramos-con-acciones\\\/#breadcrumb\"},\"inLanguage\":\"es\",\"potentialAction\":[{\"@type\":\"ReadAction\",\"target\":[\"https:\\\/\\\/www.manabi.gob.ec\\\/index.php\\\/el-dia-mundial-de-la-salud-lo-conmemoramos-con-acciones\\\/\"]}]},{\"@type\":\"ImageObject\",\"inLanguage\":\"es\",\"@id\":\"https:\\\/\\\/www.manabi.gob.ec\\\/index.php\\\/el-dia-mundial-de-la-salud-lo-conmemoramos-con-acciones\\\/#primaryimage\",\"url\":\"https:\\\/\\\/www.manabi.gob.ec\\\/wp-content\\\/uploads\\\/2022\\\/04\\\/272787032_618771566033932_3437344764438802370_n.jpg\",\"contentUrl\":\"https:\\\/\\\/www.manabi.gob.ec\\\/wp-content\\\/uploads\\\/2022\\\/04\\\/272787032_618771566033932_3437344764438802370_n.jpg\",\"width\":2016,\"height\":1512},{\"@type\":\"BreadcrumbList\",\"@id\":\"https:\\\/\\\/www.manabi.gob.ec\\\/index.php\\\/el-dia-mundial-de-la-salud-lo-conmemoramos-con-acciones\\\/#breadcrumb\",\"itemListElement\":[{\"@type\":\"ListItem\",\"position\":1,\"name\":\"Portada\",\"item\":\"https:\\\/\\\/www.manabi.gob.ec\\\/\"},{\"@type\":\"ListItem\",\"position\":2,\"name\":\"El D\u00eda mundial de la Salud lo conmemoramos con acciones\"}]},{\"@type\":\"WebSite\",\"@id\":\"https:\\\/\\\/www.manabi.gob.ec\\\/#website\",\"url\":\"https:\\\/\\\/www.manabi.gob.ec\\\/\",\"name\":\"Prefectura de Manab\u00ed\",\"description\":\"P\u00e1gina web de la prefectura\",\"potentialAction\":[{\"@type\":\"SearchAction\",\"target\":{\"@type\":\"EntryPoint\",\"urlTemplate\":\"https:\\\/\\\/www.manabi.gob.ec\\\/?s={search_term_string}\"},\"query-input\":{\"@type\":\"PropertyValueSpecification\",\"valueRequired\":true,\"valueName\":\"search_term_string\"}}],\"inLanguage\":\"es\"},{\"@type\":\"Person\",\"@id\":\"https:\\\/\\\/www.manabi.gob.ec\\\/#\\\/schema\\\/person\\\/c4f117989332ad723a6ced5994aa7d7a\",\"name\":\"Lui Ochoa\",\"image\":{\"@type\":\"ImageObject\",\"inLanguage\":\"es\",\"@id\":\"https:\\\/\\\/secure.gravatar.com\\\/avatar\\\/6e8017d0fe69dead8a95864d2eb6e1e1d8bf8e01194ba49cf7b897ff038126ba?s=96&d=mm&r=g\",\"url\":\"https:\\\/\\\/secure.gravatar.com\\\/avatar\\\/6e8017d0fe69dead8a95864d2eb6e1e1d8bf8e01194ba49cf7b897ff038126ba?s=96&d=mm&r=g\",\"contentUrl\":\"https:\\\/\\\/secure.gravatar.com\\\/avatar\\\/6e8017d0fe69dead8a95864d2eb6e1e1d8bf8e01194ba49cf7b897ff038126ba?s=96&d=mm&r=g\",\"caption\":\"Lui Ochoa\"},\"url\":\"https:\\\/\\\/www.manabi.gob.ec\\\/index.php\\\/author\\\/lochoa\\\/\"}]}<\/script>\n<!-- \/ Yoast SEO plugin. -->","yoast_head_json":{"title":"El D\u00eda mundial de la Salud lo conmemoramos con acciones - Prefectura de Manab\u00ed","robots":{"index":"index","follow":"follow","max-snippet":"max-snippet:-1","max-image-preview":"max-image-preview:large","max-video-preview":"max-video-preview:-1"},"canonical":"https:\/\/www.manabi.gob.ec\/index.php\/el-dia-mundial-de-la-salud-lo-conmemoramos-con-acciones\/","og_locale":"es_ES","og_type":"article","og_title":"El D\u00eda mundial de la Salud lo conmemoramos con acciones - Prefectura de Manab\u00ed","og_description":"El D\u00eda mundial de la Salud lo conmemoramos con acciones","og_url":"https:\/\/www.manabi.gob.ec\/index.php\/el-dia-mundial-de-la-salud-lo-conmemoramos-con-acciones\/","og_site_name":"Prefectura de Manab\u00ed","article_published_time":"2022-04-11T19:59:04+00:00","article_modified_time":"2022-04-11T19:59:09+00:00","og_image":[{"width":2016,"height":1512,"url":"https:\/\/www.manabi.gob.ec\/wp-content\/uploads\/2022\/04\/272787032_618771566033932_3437344764438802370_n.jpg","type":"image\/jpeg"}],"author":"Lui Ochoa","twitter_card":"summary_large_image","twitter_misc":{"Escrito por":"Lui Ochoa","Tiempo de lectura":"2 minutos"},"schema":{"@context":"https:\/\/schema.org","@graph":[{"@type":"Article","@id":"https:\/\/www.manabi.gob.ec\/index.php\/el-dia-mundial-de-la-salud-lo-conmemoramos-con-acciones\/#article","isPartOf":{"@id":"https:\/\/www.manabi.gob.ec\/index.php\/el-dia-mundial-de-la-salud-lo-conmemoramos-con-acciones\/"},"author":{"name":"Lui Ochoa","@id":"https:\/\/www.manabi.gob.ec\/#\/schema\/person\/c4f117989332ad723a6ced5994aa7d7a"},"headline":"El D\u00eda mundial de la Salud lo conmemoramos con acciones","datePublished":"2022-04-11T19:59:04+00:00","dateModified":"2022-04-11T19:59:09+00:00","mainEntityOfPage":{"@id":"https:\/\/www.manabi.gob.ec\/index.php\/el-dia-mundial-de-la-salud-lo-conmemoramos-con-acciones\/"},"wordCount":307,"image":{"@id":"https:\/\/www.manabi.gob.ec\/index.php\/el-dia-mundial-de-la-salud-lo-conmemoramos-con-acciones\/#primaryimage"},"thumbnailUrl":"https:\/\/www.manabi.gob.ec\/wp-content\/uploads\/2022\/04\/272787032_618771566033932_3437344764438802370_n.jpg","articleSection":["Desarrollo Social","Noticias","salud","Todas"],"inLanguage":"es"},{"@type":"WebPage","@id":"https:\/\/www.manabi.gob.ec\/index.php\/el-dia-mundial-de-la-salud-lo-conmemoramos-con-acciones\/","url":"https:\/\/www.manabi.gob.ec\/index.php\/el-dia-mundial-de-la-salud-lo-conmemoramos-con-acciones\/","name":"El D\u00eda mundial de la Salud lo conmemoramos con acciones - Prefectura de Manab\u00ed","isPartOf":{"@id":"https:\/\/www.manabi.gob.ec\/#website"},"primaryImageOfPage":{"@id":"https:\/\/www.manabi.gob.ec\/index.php\/el-dia-mundial-de-la-salud-lo-conmemoramos-con-acciones\/#primaryimage"},"image":{"@id":"https:\/\/www.manabi.gob.ec\/index.php\/el-dia-mundial-de-la-salud-lo-conmemoramos-con-acciones\/#primaryimage"},"thumbnailUrl":"https:\/\/www.manabi.gob.ec\/wp-content\/uploads\/2022\/04\/272787032_618771566033932_3437344764438802370_n.jpg","datePublished":"2022-04-11T19:59:04+00:00","dateModified":"2022-04-11T19:59:09+00:00","author":{"@id":"https:\/\/www.manabi.gob.ec\/#\/schema\/person\/c4f117989332ad723a6ced5994aa7d7a"},"breadcrumb":{"@id":"https:\/\/www.manabi.gob.ec\/index.php\/el-dia-mundial-de-la-salud-lo-conmemoramos-con-acciones\/#breadcrumb"},"inLanguage":"es","potentialAction":[{"@type":"ReadAction","target":["https:\/\/www.manabi.gob.ec\/index.php\/el-dia-mundial-de-la-salud-lo-conmemoramos-con-acciones\/"]}]},{"@type":"ImageObject","inLanguage":"es","@id":"https:\/\/www.manabi.gob.ec\/index.php\/el-dia-mundial-de-la-salud-lo-conmemoramos-con-acciones\/#primaryimage","url":"https:\/\/www.manabi.gob.ec\/wp-content\/uploads\/2022\/04\/272787032_618771566033932_3437344764438802370_n.jpg","contentUrl":"https:\/\/www.manabi.gob.ec\/wp-content\/uploads\/2022\/04\/272787032_618771566033932_3437344764438802370_n.jpg","width":2016,"height":1512},{"@type":"BreadcrumbList","@id":"https:\/\/www.manabi.gob.ec\/index.php\/el-dia-mundial-de-la-salud-lo-conmemoramos-con-acciones\/#breadcrumb","itemListElement":[{"@type":"ListItem","position":1,"name":"Portada","item":"https:\/\/www.manabi.gob.ec\/"},{"@type":"ListItem","position":2,"name":"El D\u00eda mundial de la Salud lo conmemoramos con acciones"}]},{"@type":"WebSite","@id":"https:\/\/www.manabi.gob.ec\/#website","url":"https:\/\/www.manabi.gob.ec\/","name":"Prefectura de Manab\u00ed","description":"P\u00e1gina web de la prefectura","potentialAction":[{"@type":"SearchAction","target":{"@type":"EntryPoint","urlTemplate":"https:\/\/www.manabi.gob.ec\/?s={search_term_string}"},"query-input":{"@type":"PropertyValueSpecification","valueRequired":true,"valueName":"search_term_string"}}],"inLanguage":"es"},{"@type":"Person","@id":"https:\/\/www.manabi.gob.ec\/#\/schema\/person\/c4f117989332ad723a6ced5994aa7d7a","name":"Lui Ochoa","image":{"@type":"ImageObject","inLanguage":"es","@id":"https:\/\/secure.gravatar.com\/avatar\/6e8017d0fe69dead8a95864d2eb6e1e1d8bf8e01194ba49cf7b897ff038126ba?s=96&d=mm&r=g","url":"https:\/\/secure.gravatar.com\/avatar\/6e8017d0fe69dead8a95864d2eb6e1e1d8bf8e01194ba49cf7b897ff038126ba?s=96&d=mm&r=g","contentUrl":"https:\/\/secure.gravatar.com\/avatar\/6e8017d0fe69dead8a95864d2eb6e1e1d8bf8e01194ba49cf7b897ff038126ba?s=96&d=mm&r=g","caption":"Lui Ochoa"},"url":"https:\/\/www.manabi.gob.ec\/index.php\/author\/lochoa\/"}]}},"jetpack_featured_media_url":"https:\/\/www.manabi.gob.ec\/wp-content\/uploads\/2022\/04\/272787032_618771566033932_3437344764438802370_n.jpg","_links":{"self":[{"href":"https:\/\/www.manabi.gob.ec\/index.php\/wp-json\/wp\/v2\/posts\/20080","targetHints":{"allow":["GET"]}}],"collection":[{"href":"https:\/\/www.manabi.gob.ec\/index.php\/wp-json\/wp\/v2\/posts"}],"about":[{"href":"https:\/\/www.manabi.gob.ec\/index.php\/wp-json\/wp\/v2\/types\/post"}],"author":[{"embeddable":true,"href":"https:\/\/www.manabi.gob.ec\/index.php\/wp-json\/wp\/v2\/users\/10"}],"replies":[{"embeddable":true,"href":"https:\/\/www.manabi.gob.ec\/index.php\/wp-json\/wp\/v2\/comments?post=20080"}],"version-history":[{"count":0,"href":"https:\/\/www.manabi.gob.ec\/index.php\/wp-json\/wp\/v2\/posts\/20080\/revisions"}],"wp:featuredmedia":[{"embeddable":true,"href":"https:\/\/www.manabi.gob.ec\/index.php\/wp-json\/wp\/v2\/media\/20083"}],"wp:attachment":[{"href":"https:\/\/www.manabi.gob.ec\/index.php\/wp-json\/wp\/v2\/media?parent=20080"}],"wp:term":[{"taxonomy":"category","embeddable":true,"href":"https:\/\/www.manabi.gob.ec\/index.php\/wp-json\/wp\/v2\/categories?post=20080"},{"taxonomy":"post_tag","embeddable":true,"href":"https:\/\/www.manabi.gob.ec\/index.php\/wp-json\/wp\/v2\/tags?post=20080"}],"curies":[{"name":"wp","href":"https:\/\/api.w.org\/{rel}","templated":true}]}}