{"id":20120,"date":"2022-04-11T20:51:12","date_gmt":"2022-04-11T20:51:12","guid":{"rendered":"https:\/\/www.manabi.gob.ec\/?p=20120"},"modified":"2022-04-11T20:51:17","modified_gmt":"2022-04-11T20:51:17","slug":"se-suscribe-contrato-para-el-mejoramiento-de-la-via-el-90-guayabales-del-canton-junin","status":"publish","type":"post","link":"https:\/\/www.manabi.gob.ec\/index.php\/se-suscribe-contrato-para-el-mejoramiento-de-la-via-el-90-guayabales-del-canton-junin\/","title":{"rendered":"Se suscribe contrato para el mejoramiento de la v\u00eda El 90 &#8211; Guayabales del cant\u00f3n Jun\u00edn."},"content":{"rendered":"\n<p><\/p>\n\n\n\n<p class=\"has-text-align-left\">La v\u00eda El 90 &#8211; Guayabales que conecta a Jun\u00edn con Los cantones Pichincha y l\u00edmites de Portoviejo,<br>ser\u00e1 intervenida a nivel de mejoramiento por parte de la Prefectura de Manab\u00ed, cuyos habitantes de ambas comunidades se mostraron contentos por la palabra cumplida del prefecto, Leonardo Orlando.<br>Estenio Intriago, presidente de la comunidad Guayabales, agradeci\u00f3 esta intervenci\u00f3n que les permitir\u00e1 sacar su producci\u00f3n sin complicaciones a la ciudad.<br>En total son 20 km de los cuales 10 ya est\u00e1n ejecutados, y 10 por ejecutar que ser\u00e1n intervenidos para unir directamente con la cabecera cantonal de Jun\u00edn.<br>Para esto se firm\u00f3 simb\u00f3licamente un contrato para prestaci\u00f3n de servicios de maquinaria para realizar los trabajos en la v\u00eda Kil\u00f3metro 90 &#8211; Guayabales.<br>El prefecto, Leonardo Orlando, escuch\u00f3 a los habitantes del lugar y adem\u00e1s ratific\u00f3 su compromiso de atenci\u00f3n a todas las comunidades que as\u00ed lo requieren.<br>La autoridad provincial realiz\u00f3 la supervisi\u00f3n de los avances de los trabajos desde el Kil\u00f3metro 90 hasta Tres Esquinas.<\/p>\n","protected":false},"excerpt":{"rendered":"<p>Se suscribe contrato para el mejoramiento de la v\u00eda El 90 &#8211; Guayabales del cant\u00f3n Jun\u00edn.<\/p>\n","protected":false},"author":10,"featured_media":20124,"comment_status":"closed","ping_status":"closed","sticky":false,"template":"","format":"standard","meta":{"_joinchat":[],"footnotes":""},"categories":[143,170,92,181,91,127],"tags":[],"class_list":["post-20120","post","type-post","status-publish","format-standard","has-post-thumbnail","hentry","category-junin","category-manabi-vial","category-noticias-manabi","category-obra-publica","category-todas","category-vialidad"],"yoast_head":"<!-- This site is optimized with the Yoast SEO plugin v27.4 - https:\/\/yoast.com\/product\/yoast-seo-wordpress\/ -->\n<title>Se suscribe contrato para el mejoramiento de la v\u00eda El 90 - Guayabales del cant\u00f3n Jun\u00edn. - Prefectura de Manab\u00ed<\/title>\n<meta name=\"description\" content=\"La v\u00eda El 90 - Guayabales que conecta a Jun\u00edn con Los cantones Pichincha y l\u00edmites de Portoviejo,ser\u00e1 intervenida a nivel de mejoramiento por parte de la Prefectura de Manab\u00ed, cuyos habitantes de ambas comunidades se mostraron contentos por la palabra cumplida del prefecto, Leonardo Orlando.Estenio Intriago, presidente de la comunidad Guayabales, agradeci\u00f3 esta intervenci\u00f3n que les permitir\u00e1 sacar su producci\u00f3n sin complicaciones a la ciudad.En total son 20 km de los cuales 10 ya est\u00e1n ejecutados, y 10 por ejecutar que ser\u00e1n intervenidos para unir directamente con la cabecera cantonal de Jun\u00edn.Para esto se firm\u00f3 simb\u00f3licamente un contrato para prestaci\u00f3n de servicios de maquinaria para realizar los trabajos en la v\u00eda Kil\u00f3metro 90 - Guayabales.El prefecto, Leonardo Orlando, escuch\u00f3 a los habitantes del lugar y adem\u00e1s ratific\u00f3 su compromiso de atenci\u00f3n a todas las comunidades que as\u00ed lo requieren.La autoridad provincial realiz\u00f3 la supervisi\u00f3n de los\" \/>\n<meta name=\"robots\" content=\"index, follow, max-snippet:-1, max-image-preview:large, max-video-preview:-1\" \/>\n<link rel=\"canonical\" href=\"https:\/\/www.manabi.gob.ec\/index.php\/se-suscribe-contrato-para-el-mejoramiento-de-la-via-el-90-guayabales-del-canton-junin\/\" \/>\n<meta property=\"og:locale\" content=\"es_ES\" \/>\n<meta property=\"og:type\" content=\"article\" \/>\n<meta property=\"og:title\" content=\"Se suscribe contrato para el mejoramiento de la v\u00eda El 90 - Guayabales del cant\u00f3n Jun\u00edn. - Prefectura de Manab\u00ed\" \/>\n<meta property=\"og:description\" content=\"La v\u00eda El 90 - Guayabales que conecta a Jun\u00edn con Los cantones Pichincha y l\u00edmites de Portoviejo,ser\u00e1 intervenida a nivel de mejoramiento por parte de la Prefectura de Manab\u00ed, cuyos habitantes de ambas comunidades se mostraron contentos por la palabra cumplida del prefecto, Leonardo Orlando.Estenio Intriago, presidente de la comunidad Guayabales, agradeci\u00f3 esta intervenci\u00f3n que les permitir\u00e1 sacar su producci\u00f3n sin complicaciones a la ciudad.En total son 20 km de los cuales 10 ya est\u00e1n ejecutados, y 10 por ejecutar que ser\u00e1n intervenidos para unir directamente con la cabecera cantonal de Jun\u00edn.Para esto se firm\u00f3 simb\u00f3licamente un contrato para prestaci\u00f3n de servicios de maquinaria para realizar los trabajos en la v\u00eda Kil\u00f3metro 90 - Guayabales.El prefecto, Leonardo Orlando, escuch\u00f3 a los habitantes del lugar y adem\u00e1s ratific\u00f3 su compromiso de atenci\u00f3n a todas las comunidades que as\u00ed lo requieren.La autoridad provincial realiz\u00f3 la supervisi\u00f3n de los\" \/>\n<meta property=\"og:url\" content=\"https:\/\/www.manabi.gob.ec\/index.php\/se-suscribe-contrato-para-el-mejoramiento-de-la-via-el-90-guayabales-del-canton-junin\/\" \/>\n<meta property=\"og:site_name\" content=\"Prefectura de Manab\u00ed\" \/>\n<meta property=\"article:published_time\" content=\"2022-04-11T20:51:12+00:00\" \/>\n<meta property=\"article:modified_time\" content=\"2022-04-11T20:51:17+00:00\" \/>\n<meta property=\"og:image\" content=\"https:\/\/www.manabi.gob.ec\/wp-content\/uploads\/2022\/04\/030e6871-8926-4944-abcd-b34f36610d5c.jpg\" \/>\n\t<meta property=\"og:image:width\" content=\"1200\" \/>\n\t<meta property=\"og:image:height\" content=\"830\" \/>\n\t<meta property=\"og:image:type\" content=\"image\/jpeg\" \/>\n<meta name=\"author\" content=\"Lui Ochoa\" \/>\n<meta name=\"twitter:card\" content=\"summary_large_image\" \/>\n<meta name=\"twitter:label1\" content=\"Escrito por\" \/>\n\t<meta name=\"twitter:data1\" content=\"Lui Ochoa\" \/>\n\t<meta name=\"twitter:label2\" content=\"Tiempo de lectura\" \/>\n\t<meta name=\"twitter:data2\" content=\"1 minuto\" \/>\n<script type=\"application\/ld+json\" class=\"yoast-schema-graph\">{\"@context\":\"https:\\\/\\\/schema.org\",\"@graph\":[{\"@type\":\"Article\",\"@id\":\"https:\\\/\\\/www.manabi.gob.ec\\\/index.php\\\/se-suscribe-contrato-para-el-mejoramiento-de-la-via-el-90-guayabales-del-canton-junin\\\/#article\",\"isPartOf\":{\"@id\":\"https:\\\/\\\/www.manabi.gob.ec\\\/index.php\\\/se-suscribe-contrato-para-el-mejoramiento-de-la-via-el-90-guayabales-del-canton-junin\\\/\"},\"author\":{\"name\":\"Lui Ochoa\",\"@id\":\"https:\\\/\\\/www.manabi.gob.ec\\\/#\\\/schema\\\/person\\\/c4f117989332ad723a6ced5994aa7d7a\"},\"headline\":\"Se suscribe contrato para el mejoramiento de la v\u00eda El 90 &#8211; Guayabales del cant\u00f3n Jun\u00edn.\",\"datePublished\":\"2022-04-11T20:51:12+00:00\",\"dateModified\":\"2022-04-11T20:51:17+00:00\",\"mainEntityOfPage\":{\"@id\":\"https:\\\/\\\/www.manabi.gob.ec\\\/index.php\\\/se-suscribe-contrato-para-el-mejoramiento-de-la-via-el-90-guayabales-del-canton-junin\\\/\"},\"wordCount\":192,\"image\":{\"@id\":\"https:\\\/\\\/www.manabi.gob.ec\\\/index.php\\\/se-suscribe-contrato-para-el-mejoramiento-de-la-via-el-90-guayabales-del-canton-junin\\\/#primaryimage\"},\"thumbnailUrl\":\"https:\\\/\\\/www.manabi.gob.ec\\\/wp-content\\\/uploads\\\/2022\\\/04\\\/030e6871-8926-4944-abcd-b34f36610d5c.jpg\",\"articleSection\":[\"Jun\u00edn\",\"Manab\u00ed Vial\",\"Noticias\",\"Obra P\u00fablica\",\"Todas\",\"Vialidad\"],\"inLanguage\":\"es\"},{\"@type\":\"WebPage\",\"@id\":\"https:\\\/\\\/www.manabi.gob.ec\\\/index.php\\\/se-suscribe-contrato-para-el-mejoramiento-de-la-via-el-90-guayabales-del-canton-junin\\\/\",\"url\":\"https:\\\/\\\/www.manabi.gob.ec\\\/index.php\\\/se-suscribe-contrato-para-el-mejoramiento-de-la-via-el-90-guayabales-del-canton-junin\\\/\",\"name\":\"Se suscribe contrato para el mejoramiento de la v\u00eda El 90 - Guayabales del cant\u00f3n Jun\u00edn. - Prefectura de Manab\u00ed\",\"isPartOf\":{\"@id\":\"https:\\\/\\\/www.manabi.gob.ec\\\/#website\"},\"primaryImageOfPage\":{\"@id\":\"https:\\\/\\\/www.manabi.gob.ec\\\/index.php\\\/se-suscribe-contrato-para-el-mejoramiento-de-la-via-el-90-guayabales-del-canton-junin\\\/#primaryimage\"},\"image\":{\"@id\":\"https:\\\/\\\/www.manabi.gob.ec\\\/index.php\\\/se-suscribe-contrato-para-el-mejoramiento-de-la-via-el-90-guayabales-del-canton-junin\\\/#primaryimage\"},\"thumbnailUrl\":\"https:\\\/\\\/www.manabi.gob.ec\\\/wp-content\\\/uploads\\\/2022\\\/04\\\/030e6871-8926-4944-abcd-b34f36610d5c.jpg\",\"datePublished\":\"2022-04-11T20:51:12+00:00\",\"dateModified\":\"2022-04-11T20:51:17+00:00\",\"author\":{\"@id\":\"https:\\\/\\\/www.manabi.gob.ec\\\/#\\\/schema\\\/person\\\/c4f117989332ad723a6ced5994aa7d7a\"},\"description\":\"La v\u00eda El 90 - Guayabales que conecta a Jun\u00edn con Los cantones Pichincha y l\u00edmites de Portoviejo,ser\u00e1 intervenida a nivel de mejoramiento por parte de la Prefectura de Manab\u00ed, cuyos habitantes de ambas comunidades se mostraron contentos por la palabra cumplida del prefecto, Leonardo Orlando.Estenio Intriago, presidente de la comunidad Guayabales, agradeci\u00f3 esta intervenci\u00f3n que les permitir\u00e1 sacar su producci\u00f3n sin complicaciones a la ciudad.En total son 20 km de los cuales 10 ya est\u00e1n ejecutados, y 10 por ejecutar que ser\u00e1n intervenidos para unir directamente con la cabecera cantonal de Jun\u00edn.Para esto se firm\u00f3 simb\u00f3licamente un contrato para prestaci\u00f3n de servicios de maquinaria para realizar los trabajos en la v\u00eda Kil\u00f3metro 90 - Guayabales.El prefecto, Leonardo Orlando, escuch\u00f3 a los habitantes del lugar y adem\u00e1s ratific\u00f3 su compromiso de atenci\u00f3n a todas las comunidades que as\u00ed lo requieren.La autoridad provincial realiz\u00f3 la supervisi\u00f3n de los\",\"breadcrumb\":{\"@id\":\"https:\\\/\\\/www.manabi.gob.ec\\\/index.php\\\/se-suscribe-contrato-para-el-mejoramiento-de-la-via-el-90-guayabales-del-canton-junin\\\/#breadcrumb\"},\"inLanguage\":\"es\",\"potentialAction\":[{\"@type\":\"ReadAction\",\"target\":[\"https:\\\/\\\/www.manabi.gob.ec\\\/index.php\\\/se-suscribe-contrato-para-el-mejoramiento-de-la-via-el-90-guayabales-del-canton-junin\\\/\"]}]},{\"@type\":\"ImageObject\",\"inLanguage\":\"es\",\"@id\":\"https:\\\/\\\/www.manabi.gob.ec\\\/index.php\\\/se-suscribe-contrato-para-el-mejoramiento-de-la-via-el-90-guayabales-del-canton-junin\\\/#primaryimage\",\"url\":\"https:\\\/\\\/www.manabi.gob.ec\\\/wp-content\\\/uploads\\\/2022\\\/04\\\/030e6871-8926-4944-abcd-b34f36610d5c.jpg\",\"contentUrl\":\"https:\\\/\\\/www.manabi.gob.ec\\\/wp-content\\\/uploads\\\/2022\\\/04\\\/030e6871-8926-4944-abcd-b34f36610d5c.jpg\",\"width\":1200,\"height\":830},{\"@type\":\"BreadcrumbList\",\"@id\":\"https:\\\/\\\/www.manabi.gob.ec\\\/index.php\\\/se-suscribe-contrato-para-el-mejoramiento-de-la-via-el-90-guayabales-del-canton-junin\\\/#breadcrumb\",\"itemListElement\":[{\"@type\":\"ListItem\",\"position\":1,\"name\":\"Portada\",\"item\":\"https:\\\/\\\/www.manabi.gob.ec\\\/\"},{\"@type\":\"ListItem\",\"position\":2,\"name\":\"Se suscribe contrato para el mejoramiento de la v\u00eda El 90 &#8211; Guayabales del cant\u00f3n Jun\u00edn.\"}]},{\"@type\":\"WebSite\",\"@id\":\"https:\\\/\\\/www.manabi.gob.ec\\\/#website\",\"url\":\"https:\\\/\\\/www.manabi.gob.ec\\\/\",\"name\":\"Prefectura de Manab\u00ed\",\"description\":\"P\u00e1gina web de la prefectura\",\"potentialAction\":[{\"@type\":\"SearchAction\",\"target\":{\"@type\":\"EntryPoint\",\"urlTemplate\":\"https:\\\/\\\/www.manabi.gob.ec\\\/?s={search_term_string}\"},\"query-input\":{\"@type\":\"PropertyValueSpecification\",\"valueRequired\":true,\"valueName\":\"search_term_string\"}}],\"inLanguage\":\"es\"},{\"@type\":\"Person\",\"@id\":\"https:\\\/\\\/www.manabi.gob.ec\\\/#\\\/schema\\\/person\\\/c4f117989332ad723a6ced5994aa7d7a\",\"name\":\"Lui Ochoa\",\"image\":{\"@type\":\"ImageObject\",\"inLanguage\":\"es\",\"@id\":\"https:\\\/\\\/secure.gravatar.com\\\/avatar\\\/6e8017d0fe69dead8a95864d2eb6e1e1d8bf8e01194ba49cf7b897ff038126ba?s=96&d=mm&r=g\",\"url\":\"https:\\\/\\\/secure.gravatar.com\\\/avatar\\\/6e8017d0fe69dead8a95864d2eb6e1e1d8bf8e01194ba49cf7b897ff038126ba?s=96&d=mm&r=g\",\"contentUrl\":\"https:\\\/\\\/secure.gravatar.com\\\/avatar\\\/6e8017d0fe69dead8a95864d2eb6e1e1d8bf8e01194ba49cf7b897ff038126ba?s=96&d=mm&r=g\",\"caption\":\"Lui Ochoa\"},\"url\":\"https:\\\/\\\/www.manabi.gob.ec\\\/index.php\\\/author\\\/lochoa\\\/\"}]}<\/script>\n<!-- \/ Yoast SEO plugin. -->","yoast_head_json":{"title":"Se suscribe contrato para el mejoramiento de la v\u00eda El 90 - Guayabales del cant\u00f3n Jun\u00edn. - Prefectura de Manab\u00ed","description":"La v\u00eda El 90 - Guayabales que conecta a Jun\u00edn con Los cantones Pichincha y l\u00edmites de Portoviejo,ser\u00e1 intervenida a nivel de mejoramiento por parte de la Prefectura de Manab\u00ed, cuyos habitantes de ambas comunidades se mostraron contentos por la palabra cumplida del prefecto, Leonardo Orlando.Estenio Intriago, presidente de la comunidad Guayabales, agradeci\u00f3 esta intervenci\u00f3n que les permitir\u00e1 sacar su producci\u00f3n sin complicaciones a la ciudad.En total son 20 km de los cuales 10 ya est\u00e1n ejecutados, y 10 por ejecutar que ser\u00e1n intervenidos para unir directamente con la cabecera cantonal de Jun\u00edn.Para esto se firm\u00f3 simb\u00f3licamente un contrato para prestaci\u00f3n de servicios de maquinaria para realizar los trabajos en la v\u00eda Kil\u00f3metro 90 - Guayabales.El prefecto, Leonardo Orlando, escuch\u00f3 a los habitantes del lugar y adem\u00e1s ratific\u00f3 su compromiso de atenci\u00f3n a todas las comunidades que as\u00ed lo requieren.La autoridad provincial realiz\u00f3 la supervisi\u00f3n de los","robots":{"index":"index","follow":"follow","max-snippet":"max-snippet:-1","max-image-preview":"max-image-preview:large","max-video-preview":"max-video-preview:-1"},"canonical":"https:\/\/www.manabi.gob.ec\/index.php\/se-suscribe-contrato-para-el-mejoramiento-de-la-via-el-90-guayabales-del-canton-junin\/","og_locale":"es_ES","og_type":"article","og_title":"Se suscribe contrato para el mejoramiento de la v\u00eda El 90 - Guayabales del cant\u00f3n Jun\u00edn. - Prefectura de Manab\u00ed","og_description":"La v\u00eda El 90 - Guayabales que conecta a Jun\u00edn con Los cantones Pichincha y l\u00edmites de Portoviejo,ser\u00e1 intervenida a nivel de mejoramiento por parte de la Prefectura de Manab\u00ed, cuyos habitantes de ambas comunidades se mostraron contentos por la palabra cumplida del prefecto, Leonardo Orlando.Estenio Intriago, presidente de la comunidad Guayabales, agradeci\u00f3 esta intervenci\u00f3n que les permitir\u00e1 sacar su producci\u00f3n sin complicaciones a la ciudad.En total son 20 km de los cuales 10 ya est\u00e1n ejecutados, y 10 por ejecutar que ser\u00e1n intervenidos para unir directamente con la cabecera cantonal de Jun\u00edn.Para esto se firm\u00f3 simb\u00f3licamente un contrato para prestaci\u00f3n de servicios de maquinaria para realizar los trabajos en la v\u00eda Kil\u00f3metro 90 - Guayabales.El prefecto, Leonardo Orlando, escuch\u00f3 a los habitantes del lugar y adem\u00e1s ratific\u00f3 su compromiso de atenci\u00f3n a todas las comunidades que as\u00ed lo requieren.La autoridad provincial realiz\u00f3 la supervisi\u00f3n de los","og_url":"https:\/\/www.manabi.gob.ec\/index.php\/se-suscribe-contrato-para-el-mejoramiento-de-la-via-el-90-guayabales-del-canton-junin\/","og_site_name":"Prefectura de Manab\u00ed","article_published_time":"2022-04-11T20:51:12+00:00","article_modified_time":"2022-04-11T20:51:17+00:00","og_image":[{"width":1200,"height":830,"url":"https:\/\/www.manabi.gob.ec\/wp-content\/uploads\/2022\/04\/030e6871-8926-4944-abcd-b34f36610d5c.jpg","type":"image\/jpeg"}],"author":"Lui Ochoa","twitter_card":"summary_large_image","twitter_misc":{"Escrito por":"Lui Ochoa","Tiempo de lectura":"1 minuto"},"schema":{"@context":"https:\/\/schema.org","@graph":[{"@type":"Article","@id":"https:\/\/www.manabi.gob.ec\/index.php\/se-suscribe-contrato-para-el-mejoramiento-de-la-via-el-90-guayabales-del-canton-junin\/#article","isPartOf":{"@id":"https:\/\/www.manabi.gob.ec\/index.php\/se-suscribe-contrato-para-el-mejoramiento-de-la-via-el-90-guayabales-del-canton-junin\/"},"author":{"name":"Lui Ochoa","@id":"https:\/\/www.manabi.gob.ec\/#\/schema\/person\/c4f117989332ad723a6ced5994aa7d7a"},"headline":"Se suscribe contrato para el mejoramiento de la v\u00eda El 90 &#8211; Guayabales del cant\u00f3n Jun\u00edn.","datePublished":"2022-04-11T20:51:12+00:00","dateModified":"2022-04-11T20:51:17+00:00","mainEntityOfPage":{"@id":"https:\/\/www.manabi.gob.ec\/index.php\/se-suscribe-contrato-para-el-mejoramiento-de-la-via-el-90-guayabales-del-canton-junin\/"},"wordCount":192,"image":{"@id":"https:\/\/www.manabi.gob.ec\/index.php\/se-suscribe-contrato-para-el-mejoramiento-de-la-via-el-90-guayabales-del-canton-junin\/#primaryimage"},"thumbnailUrl":"https:\/\/www.manabi.gob.ec\/wp-content\/uploads\/2022\/04\/030e6871-8926-4944-abcd-b34f36610d5c.jpg","articleSection":["Jun\u00edn","Manab\u00ed Vial","Noticias","Obra P\u00fablica","Todas","Vialidad"],"inLanguage":"es"},{"@type":"WebPage","@id":"https:\/\/www.manabi.gob.ec\/index.php\/se-suscribe-contrato-para-el-mejoramiento-de-la-via-el-90-guayabales-del-canton-junin\/","url":"https:\/\/www.manabi.gob.ec\/index.php\/se-suscribe-contrato-para-el-mejoramiento-de-la-via-el-90-guayabales-del-canton-junin\/","name":"Se suscribe contrato para el mejoramiento de la v\u00eda El 90 - Guayabales del cant\u00f3n Jun\u00edn. - Prefectura de Manab\u00ed","isPartOf":{"@id":"https:\/\/www.manabi.gob.ec\/#website"},"primaryImageOfPage":{"@id":"https:\/\/www.manabi.gob.ec\/index.php\/se-suscribe-contrato-para-el-mejoramiento-de-la-via-el-90-guayabales-del-canton-junin\/#primaryimage"},"image":{"@id":"https:\/\/www.manabi.gob.ec\/index.php\/se-suscribe-contrato-para-el-mejoramiento-de-la-via-el-90-guayabales-del-canton-junin\/#primaryimage"},"thumbnailUrl":"https:\/\/www.manabi.gob.ec\/wp-content\/uploads\/2022\/04\/030e6871-8926-4944-abcd-b34f36610d5c.jpg","datePublished":"2022-04-11T20:51:12+00:00","dateModified":"2022-04-11T20:51:17+00:00","author":{"@id":"https:\/\/www.manabi.gob.ec\/#\/schema\/person\/c4f117989332ad723a6ced5994aa7d7a"},"description":"La v\u00eda El 90 - Guayabales que conecta a Jun\u00edn con Los cantones Pichincha y l\u00edmites de Portoviejo,ser\u00e1 intervenida a nivel de mejoramiento por parte de la Prefectura de Manab\u00ed, cuyos habitantes de ambas comunidades se mostraron contentos por la palabra cumplida del prefecto, Leonardo Orlando.Estenio Intriago, presidente de la comunidad Guayabales, agradeci\u00f3 esta intervenci\u00f3n que les permitir\u00e1 sacar su producci\u00f3n sin complicaciones a la ciudad.En total son 20 km de los cuales 10 ya est\u00e1n ejecutados, y 10 por ejecutar que ser\u00e1n intervenidos para unir directamente con la cabecera cantonal de Jun\u00edn.Para esto se firm\u00f3 simb\u00f3licamente un contrato para prestaci\u00f3n de servicios de maquinaria para realizar los trabajos en la v\u00eda Kil\u00f3metro 90 - Guayabales.El prefecto, Leonardo Orlando, escuch\u00f3 a los habitantes del lugar y adem\u00e1s ratific\u00f3 su compromiso de atenci\u00f3n a todas las comunidades que as\u00ed lo requieren.La autoridad provincial realiz\u00f3 la supervisi\u00f3n de los","breadcrumb":{"@id":"https:\/\/www.manabi.gob.ec\/index.php\/se-suscribe-contrato-para-el-mejoramiento-de-la-via-el-90-guayabales-del-canton-junin\/#breadcrumb"},"inLanguage":"es","potentialAction":[{"@type":"ReadAction","target":["https:\/\/www.manabi.gob.ec\/index.php\/se-suscribe-contrato-para-el-mejoramiento-de-la-via-el-90-guayabales-del-canton-junin\/"]}]},{"@type":"ImageObject","inLanguage":"es","@id":"https:\/\/www.manabi.gob.ec\/index.php\/se-suscribe-contrato-para-el-mejoramiento-de-la-via-el-90-guayabales-del-canton-junin\/#primaryimage","url":"https:\/\/www.manabi.gob.ec\/wp-content\/uploads\/2022\/04\/030e6871-8926-4944-abcd-b34f36610d5c.jpg","contentUrl":"https:\/\/www.manabi.gob.ec\/wp-content\/uploads\/2022\/04\/030e6871-8926-4944-abcd-b34f36610d5c.jpg","width":1200,"height":830},{"@type":"BreadcrumbList","@id":"https:\/\/www.manabi.gob.ec\/index.php\/se-suscribe-contrato-para-el-mejoramiento-de-la-via-el-90-guayabales-del-canton-junin\/#breadcrumb","itemListElement":[{"@type":"ListItem","position":1,"name":"Portada","item":"https:\/\/www.manabi.gob.ec\/"},{"@type":"ListItem","position":2,"name":"Se suscribe contrato para el mejoramiento de la v\u00eda El 90 &#8211; Guayabales del cant\u00f3n Jun\u00edn."}]},{"@type":"WebSite","@id":"https:\/\/www.manabi.gob.ec\/#website","url":"https:\/\/www.manabi.gob.ec\/","name":"Prefectura de Manab\u00ed","description":"P\u00e1gina web de la prefectura","potentialAction":[{"@type":"SearchAction","target":{"@type":"EntryPoint","urlTemplate":"https:\/\/www.manabi.gob.ec\/?s={search_term_string}"},"query-input":{"@type":"PropertyValueSpecification","valueRequired":true,"valueName":"search_term_string"}}],"inLanguage":"es"},{"@type":"Person","@id":"https:\/\/www.manabi.gob.ec\/#\/schema\/person\/c4f117989332ad723a6ced5994aa7d7a","name":"Lui Ochoa","image":{"@type":"ImageObject","inLanguage":"es","@id":"https:\/\/secure.gravatar.com\/avatar\/6e8017d0fe69dead8a95864d2eb6e1e1d8bf8e01194ba49cf7b897ff038126ba?s=96&d=mm&r=g","url":"https:\/\/secure.gravatar.com\/avatar\/6e8017d0fe69dead8a95864d2eb6e1e1d8bf8e01194ba49cf7b897ff038126ba?s=96&d=mm&r=g","contentUrl":"https:\/\/secure.gravatar.com\/avatar\/6e8017d0fe69dead8a95864d2eb6e1e1d8bf8e01194ba49cf7b897ff038126ba?s=96&d=mm&r=g","caption":"Lui Ochoa"},"url":"https:\/\/www.manabi.gob.ec\/index.php\/author\/lochoa\/"}]}},"jetpack_featured_media_url":"https:\/\/www.manabi.gob.ec\/wp-content\/uploads\/2022\/04\/030e6871-8926-4944-abcd-b34f36610d5c.jpg","_links":{"self":[{"href":"https:\/\/www.manabi.gob.ec\/index.php\/wp-json\/wp\/v2\/posts\/20120","targetHints":{"allow":["GET"]}}],"collection":[{"href":"https:\/\/www.manabi.gob.ec\/index.php\/wp-json\/wp\/v2\/posts"}],"about":[{"href":"https:\/\/www.manabi.gob.ec\/index.php\/wp-json\/wp\/v2\/types\/post"}],"author":[{"embeddable":true,"href":"https:\/\/www.manabi.gob.ec\/index.php\/wp-json\/wp\/v2\/users\/10"}],"replies":[{"embeddable":true,"href":"https:\/\/www.manabi.gob.ec\/index.php\/wp-json\/wp\/v2\/comments?post=20120"}],"version-history":[{"count":0,"href":"https:\/\/www.manabi.gob.ec\/index.php\/wp-json\/wp\/v2\/posts\/20120\/revisions"}],"wp:featuredmedia":[{"embeddable":true,"href":"https:\/\/www.manabi.gob.ec\/index.php\/wp-json\/wp\/v2\/media\/20124"}],"wp:attachment":[{"href":"https:\/\/www.manabi.gob.ec\/index.php\/wp-json\/wp\/v2\/media?parent=20120"}],"wp:term":[{"taxonomy":"category","embeddable":true,"href":"https:\/\/www.manabi.gob.ec\/index.php\/wp-json\/wp\/v2\/categories?post=20120"},{"taxonomy":"post_tag","embeddable":true,"href":"https:\/\/www.manabi.gob.ec\/index.php\/wp-json\/wp\/v2\/tags?post=20120"}],"curies":[{"name":"wp","href":"https:\/\/api.w.org\/{rel}","templated":true}]}}