{"id":20171,"date":"2022-04-13T20:50:25","date_gmt":"2022-04-13T20:50:25","guid":{"rendered":"https:\/\/www.manabi.gob.ec\/?p=20171"},"modified":"2022-04-13T20:50:30","modified_gmt":"2022-04-13T20:50:30","slug":"visita-protocolaria-revisamos-nuevos-ambitos-de-cooperacion-entre-francia-y-manabi","status":"publish","type":"post","link":"https:\/\/www.manabi.gob.ec\/index.php\/visita-protocolaria-revisamos-nuevos-ambitos-de-cooperacion-entre-francia-y-manabi\/","title":{"rendered":"VISITA PROTOCOLARIA. Revisamos nuevos \u00e1mbitos de cooperaci\u00f3n entre Francia y Manab\u00ed."},"content":{"rendered":"\n<p>El prefecto de Manab\u00ed, Leonardo Orlando, recibi\u00f3 este mi\u00e9rcoles 13 de abril la visita protocolaria del embajador de Francia en Ecuador, Fr\u00e9deric Desagneauxz. En este encuentro intercambiaron criterios sobre los desaf\u00edos y posibilidades de cooperaci\u00f3n entre Francia y la provincia de Manab\u00ed.<br>El representante diplom\u00e1tico destac\u00f3 la relaci\u00f3n cultural e hist\u00f3rica con Manab\u00ed desde la llegada de la Misi\u00f3n Geod\u00e9sica Francesa a Pedernales, as\u00ed como el intercambio cultural y ling\u00fc\u00edstico que se viene promoviendo desde la Alianza Francesa.<br>\u201cTenemos ya una serie de proyectos que se est\u00e1n desarrollando aqu\u00ed en Manab\u00ed, y revisamos nuevos \u00e1mbitos de cooperaci\u00f3n futura como el turismo, como el sector de las energ\u00edas renovables, desarrollo agr\u00edcola, y el agua que es tan importante para ustedes\u201d, expres\u00f3 el embajador franc\u00e9s.<br>Adem\u00e1s, se habl\u00f3 sobre la posibilidad de incluir a Pedernales y Portoviejo en la ruta de la exposici\u00f3n itinerante denominada \u201cMedir la Tierra\u201d, que se realiza con motivo de los 120 a\u00f1os de la llegada de la segunda Misi\u00f3n Geod\u00e9sica Francesa al Ecuador (1901-1906).<\/p>\n","protected":false},"excerpt":{"rendered":"<p>El prefecto de Manab\u00ed, Leonardo Orlando, recibi\u00f3 este mi\u00e9rcoles 13 de abril la visita protocolaria del embajador de Francia en Ecuador, Fr\u00e9deric Desagneauxz. En este encuentro intercambiaron criterios sobre los desaf\u00edos y posibilidades de cooperaci\u00f3n entre Francia y la provincia de Manab\u00ed.El representante diplom\u00e1tico destac\u00f3 la relaci\u00f3n cultural e hist\u00f3rica con Manab\u00ed desde la llegada [&hellip;]<\/p>\n","protected":false},"author":10,"featured_media":20172,"comment_status":"closed","ping_status":"closed","sticky":false,"template":"","format":"standard","meta":{"_joinchat":[],"footnotes":""},"categories":[142,92,132,91],"tags":[],"class_list":["post-20171","post","type-post","status-publish","format-standard","has-post-thumbnail","hentry","category-desarrollo-social","category-noticias-manabi","category-portoviejo","category-todas"],"yoast_head":"<!-- This site is optimized with the Yoast SEO plugin v27.4 - https:\/\/yoast.com\/product\/yoast-seo-wordpress\/ -->\n<title>VISITA PROTOCOLARIA. Revisamos nuevos \u00e1mbitos de cooperaci\u00f3n entre Francia y Manab\u00ed. - Prefectura de Manab\u00ed<\/title>\n<meta name=\"description\" content=\"El prefecto de Manab\u00ed, Leonardo Orlando, recibi\u00f3 este mi\u00e9rcoles 13 de abril la visita protocolaria del embajador de Francia en Ecuador, Fr\u00e9deric Desagneauxz. En este encuentro intercambiaron criterios sobre los desaf\u00edos y posibilidades de cooperaci\u00f3n entre Francia y la provincia de Manab\u00ed.El representante diplom\u00e1tico destac\u00f3 la relaci\u00f3n cultural e hist\u00f3rica con Manab\u00ed desde la llegada de la Misi\u00f3n Geod\u00e9sica Francesa a Pedernales, as\u00ed como el intercambio cultural y ling\u00fc\u00edstico que se viene promoviendo desde la Alianza Francesa.\u201cTenemos ya una serie de proyectos que se est\u00e1n desarrollando aqu\u00ed en Manab\u00ed, y revisamos nuevos \u00e1mbitos de cooperaci\u00f3n futura como el turismo, como el sector de las energ\u00edas renovables, desarrollo agr\u00edcola, y el agua que es tan importante para ustedes\u201d, expres\u00f3 el embajador franc\u00e9s.Adem\u00e1s, se habl\u00f3 sobre la posibilidad de incluir a Pedernales y Portoviejo en la ruta de la exposici\u00f3n itinerante denominada \u201cMedir la Tierra\u201d, que se realiza con motivo de los 120 a\u00f1os de la llegada de la segunda Misi\u00f3n Geod\u00e9sica Francesa al Ecuador (1901-1906).\" \/>\n<meta name=\"robots\" content=\"index, follow, max-snippet:-1, max-image-preview:large, max-video-preview:-1\" \/>\n<link rel=\"canonical\" href=\"https:\/\/www.manabi.gob.ec\/index.php\/visita-protocolaria-revisamos-nuevos-ambitos-de-cooperacion-entre-francia-y-manabi\/\" \/>\n<meta property=\"og:locale\" content=\"es_ES\" \/>\n<meta property=\"og:type\" content=\"article\" \/>\n<meta property=\"og:title\" content=\"VISITA PROTOCOLARIA. Revisamos nuevos \u00e1mbitos de cooperaci\u00f3n entre Francia y Manab\u00ed. - Prefectura de Manab\u00ed\" \/>\n<meta property=\"og:description\" content=\"El prefecto de Manab\u00ed, Leonardo Orlando, recibi\u00f3 este mi\u00e9rcoles 13 de abril la visita protocolaria del embajador de Francia en Ecuador, Fr\u00e9deric Desagneauxz. En este encuentro intercambiaron criterios sobre los desaf\u00edos y posibilidades de cooperaci\u00f3n entre Francia y la provincia de Manab\u00ed.El representante diplom\u00e1tico destac\u00f3 la relaci\u00f3n cultural e hist\u00f3rica con Manab\u00ed desde la llegada de la Misi\u00f3n Geod\u00e9sica Francesa a Pedernales, as\u00ed como el intercambio cultural y ling\u00fc\u00edstico que se viene promoviendo desde la Alianza Francesa.\u201cTenemos ya una serie de proyectos que se est\u00e1n desarrollando aqu\u00ed en Manab\u00ed, y revisamos nuevos \u00e1mbitos de cooperaci\u00f3n futura como el turismo, como el sector de las energ\u00edas renovables, desarrollo agr\u00edcola, y el agua que es tan importante para ustedes\u201d, expres\u00f3 el embajador franc\u00e9s.Adem\u00e1s, se habl\u00f3 sobre la posibilidad de incluir a Pedernales y Portoviejo en la ruta de la exposici\u00f3n itinerante denominada \u201cMedir la Tierra\u201d, que se realiza con motivo de los 120 a\u00f1os de la llegada de la segunda Misi\u00f3n Geod\u00e9sica Francesa al Ecuador (1901-1906).\" \/>\n<meta property=\"og:url\" content=\"https:\/\/www.manabi.gob.ec\/index.php\/visita-protocolaria-revisamos-nuevos-ambitos-de-cooperacion-entre-francia-y-manabi\/\" \/>\n<meta property=\"og:site_name\" content=\"Prefectura de Manab\u00ed\" \/>\n<meta property=\"article:published_time\" content=\"2022-04-13T20:50:25+00:00\" \/>\n<meta property=\"article:modified_time\" content=\"2022-04-13T20:50:30+00:00\" \/>\n<meta property=\"og:image\" content=\"https:\/\/www.manabi.gob.ec\/wp-content\/uploads\/2022\/04\/WhatsApp-Image-2022-04-13-at-3.39.31-PM.jpg\" \/>\n\t<meta property=\"og:image:width\" content=\"1204\" \/>\n\t<meta property=\"og:image:height\" content=\"853\" \/>\n\t<meta property=\"og:image:type\" content=\"image\/jpeg\" \/>\n<meta name=\"author\" content=\"Lui Ochoa\" \/>\n<meta name=\"twitter:card\" content=\"summary_large_image\" \/>\n<meta name=\"twitter:label1\" content=\"Escrito por\" \/>\n\t<meta name=\"twitter:data1\" content=\"Lui Ochoa\" \/>\n\t<meta name=\"twitter:label2\" content=\"Tiempo de lectura\" \/>\n\t<meta name=\"twitter:data2\" content=\"1 minuto\" \/>\n<script type=\"application\/ld+json\" class=\"yoast-schema-graph\">{\"@context\":\"https:\\\/\\\/schema.org\",\"@graph\":[{\"@type\":\"Article\",\"@id\":\"https:\\\/\\\/www.manabi.gob.ec\\\/index.php\\\/visita-protocolaria-revisamos-nuevos-ambitos-de-cooperacion-entre-francia-y-manabi\\\/#article\",\"isPartOf\":{\"@id\":\"https:\\\/\\\/www.manabi.gob.ec\\\/index.php\\\/visita-protocolaria-revisamos-nuevos-ambitos-de-cooperacion-entre-francia-y-manabi\\\/\"},\"author\":{\"name\":\"Lui Ochoa\",\"@id\":\"https:\\\/\\\/www.manabi.gob.ec\\\/#\\\/schema\\\/person\\\/c4f117989332ad723a6ced5994aa7d7a\"},\"headline\":\"VISITA PROTOCOLARIA. Revisamos nuevos \u00e1mbitos de cooperaci\u00f3n entre Francia y Manab\u00ed.\",\"datePublished\":\"2022-04-13T20:50:25+00:00\",\"dateModified\":\"2022-04-13T20:50:30+00:00\",\"mainEntityOfPage\":{\"@id\":\"https:\\\/\\\/www.manabi.gob.ec\\\/index.php\\\/visita-protocolaria-revisamos-nuevos-ambitos-de-cooperacion-entre-francia-y-manabi\\\/\"},\"wordCount\":197,\"image\":{\"@id\":\"https:\\\/\\\/www.manabi.gob.ec\\\/index.php\\\/visita-protocolaria-revisamos-nuevos-ambitos-de-cooperacion-entre-francia-y-manabi\\\/#primaryimage\"},\"thumbnailUrl\":\"https:\\\/\\\/www.manabi.gob.ec\\\/wp-content\\\/uploads\\\/2022\\\/04\\\/WhatsApp-Image-2022-04-13-at-3.39.31-PM.jpg\",\"articleSection\":[\"Desarrollo Social\",\"Noticias\",\"Portoviejo\",\"Todas\"],\"inLanguage\":\"es\"},{\"@type\":\"WebPage\",\"@id\":\"https:\\\/\\\/www.manabi.gob.ec\\\/index.php\\\/visita-protocolaria-revisamos-nuevos-ambitos-de-cooperacion-entre-francia-y-manabi\\\/\",\"url\":\"https:\\\/\\\/www.manabi.gob.ec\\\/index.php\\\/visita-protocolaria-revisamos-nuevos-ambitos-de-cooperacion-entre-francia-y-manabi\\\/\",\"name\":\"VISITA PROTOCOLARIA. Revisamos nuevos \u00e1mbitos de cooperaci\u00f3n entre Francia y Manab\u00ed. - Prefectura de Manab\u00ed\",\"isPartOf\":{\"@id\":\"https:\\\/\\\/www.manabi.gob.ec\\\/#website\"},\"primaryImageOfPage\":{\"@id\":\"https:\\\/\\\/www.manabi.gob.ec\\\/index.php\\\/visita-protocolaria-revisamos-nuevos-ambitos-de-cooperacion-entre-francia-y-manabi\\\/#primaryimage\"},\"image\":{\"@id\":\"https:\\\/\\\/www.manabi.gob.ec\\\/index.php\\\/visita-protocolaria-revisamos-nuevos-ambitos-de-cooperacion-entre-francia-y-manabi\\\/#primaryimage\"},\"thumbnailUrl\":\"https:\\\/\\\/www.manabi.gob.ec\\\/wp-content\\\/uploads\\\/2022\\\/04\\\/WhatsApp-Image-2022-04-13-at-3.39.31-PM.jpg\",\"datePublished\":\"2022-04-13T20:50:25+00:00\",\"dateModified\":\"2022-04-13T20:50:30+00:00\",\"author\":{\"@id\":\"https:\\\/\\\/www.manabi.gob.ec\\\/#\\\/schema\\\/person\\\/c4f117989332ad723a6ced5994aa7d7a\"},\"description\":\"El prefecto de Manab\u00ed, Leonardo Orlando, recibi\u00f3 este mi\u00e9rcoles 13 de abril la visita protocolaria del embajador de Francia en Ecuador, Fr\u00e9deric Desagneauxz. En este encuentro intercambiaron criterios sobre los desaf\u00edos y posibilidades de cooperaci\u00f3n entre Francia y la provincia de Manab\u00ed.El representante diplom\u00e1tico destac\u00f3 la relaci\u00f3n cultural e hist\u00f3rica con Manab\u00ed desde la llegada de la Misi\u00f3n Geod\u00e9sica Francesa a Pedernales, as\u00ed como el intercambio cultural y ling\u00fc\u00edstico que se viene promoviendo desde la Alianza Francesa.\u201cTenemos ya una serie de proyectos que se est\u00e1n desarrollando aqu\u00ed en Manab\u00ed, y revisamos nuevos \u00e1mbitos de cooperaci\u00f3n futura como el turismo, como el sector de las energ\u00edas renovables, desarrollo agr\u00edcola, y el agua que es tan importante para ustedes\u201d, expres\u00f3 el embajador franc\u00e9s.Adem\u00e1s, se habl\u00f3 sobre la posibilidad de incluir a Pedernales y Portoviejo en la ruta de la exposici\u00f3n itinerante denominada \u201cMedir la Tierra\u201d, que se realiza con motivo de los 120 a\u00f1os de la llegada de la segunda Misi\u00f3n Geod\u00e9sica Francesa al Ecuador (1901-1906).\",\"breadcrumb\":{\"@id\":\"https:\\\/\\\/www.manabi.gob.ec\\\/index.php\\\/visita-protocolaria-revisamos-nuevos-ambitos-de-cooperacion-entre-francia-y-manabi\\\/#breadcrumb\"},\"inLanguage\":\"es\",\"potentialAction\":[{\"@type\":\"ReadAction\",\"target\":[\"https:\\\/\\\/www.manabi.gob.ec\\\/index.php\\\/visita-protocolaria-revisamos-nuevos-ambitos-de-cooperacion-entre-francia-y-manabi\\\/\"]}]},{\"@type\":\"ImageObject\",\"inLanguage\":\"es\",\"@id\":\"https:\\\/\\\/www.manabi.gob.ec\\\/index.php\\\/visita-protocolaria-revisamos-nuevos-ambitos-de-cooperacion-entre-francia-y-manabi\\\/#primaryimage\",\"url\":\"https:\\\/\\\/www.manabi.gob.ec\\\/wp-content\\\/uploads\\\/2022\\\/04\\\/WhatsApp-Image-2022-04-13-at-3.39.31-PM.jpg\",\"contentUrl\":\"https:\\\/\\\/www.manabi.gob.ec\\\/wp-content\\\/uploads\\\/2022\\\/04\\\/WhatsApp-Image-2022-04-13-at-3.39.31-PM.jpg\",\"width\":1204,\"height\":853},{\"@type\":\"BreadcrumbList\",\"@id\":\"https:\\\/\\\/www.manabi.gob.ec\\\/index.php\\\/visita-protocolaria-revisamos-nuevos-ambitos-de-cooperacion-entre-francia-y-manabi\\\/#breadcrumb\",\"itemListElement\":[{\"@type\":\"ListItem\",\"position\":1,\"name\":\"Portada\",\"item\":\"https:\\\/\\\/www.manabi.gob.ec\\\/\"},{\"@type\":\"ListItem\",\"position\":2,\"name\":\"VISITA PROTOCOLARIA. Revisamos nuevos \u00e1mbitos de cooperaci\u00f3n entre Francia y Manab\u00ed.\"}]},{\"@type\":\"WebSite\",\"@id\":\"https:\\\/\\\/www.manabi.gob.ec\\\/#website\",\"url\":\"https:\\\/\\\/www.manabi.gob.ec\\\/\",\"name\":\"Prefectura de Manab\u00ed\",\"description\":\"P\u00e1gina web de la prefectura\",\"potentialAction\":[{\"@type\":\"SearchAction\",\"target\":{\"@type\":\"EntryPoint\",\"urlTemplate\":\"https:\\\/\\\/www.manabi.gob.ec\\\/?s={search_term_string}\"},\"query-input\":{\"@type\":\"PropertyValueSpecification\",\"valueRequired\":true,\"valueName\":\"search_term_string\"}}],\"inLanguage\":\"es\"},{\"@type\":\"Person\",\"@id\":\"https:\\\/\\\/www.manabi.gob.ec\\\/#\\\/schema\\\/person\\\/c4f117989332ad723a6ced5994aa7d7a\",\"name\":\"Lui Ochoa\",\"image\":{\"@type\":\"ImageObject\",\"inLanguage\":\"es\",\"@id\":\"https:\\\/\\\/secure.gravatar.com\\\/avatar\\\/6e8017d0fe69dead8a95864d2eb6e1e1d8bf8e01194ba49cf7b897ff038126ba?s=96&d=mm&r=g\",\"url\":\"https:\\\/\\\/secure.gravatar.com\\\/avatar\\\/6e8017d0fe69dead8a95864d2eb6e1e1d8bf8e01194ba49cf7b897ff038126ba?s=96&d=mm&r=g\",\"contentUrl\":\"https:\\\/\\\/secure.gravatar.com\\\/avatar\\\/6e8017d0fe69dead8a95864d2eb6e1e1d8bf8e01194ba49cf7b897ff038126ba?s=96&d=mm&r=g\",\"caption\":\"Lui Ochoa\"},\"url\":\"https:\\\/\\\/www.manabi.gob.ec\\\/index.php\\\/author\\\/lochoa\\\/\"}]}<\/script>\n<!-- \/ Yoast SEO plugin. -->","yoast_head_json":{"title":"VISITA PROTOCOLARIA. Revisamos nuevos \u00e1mbitos de cooperaci\u00f3n entre Francia y Manab\u00ed. - Prefectura de Manab\u00ed","description":"El prefecto de Manab\u00ed, Leonardo Orlando, recibi\u00f3 este mi\u00e9rcoles 13 de abril la visita protocolaria del embajador de Francia en Ecuador, Fr\u00e9deric Desagneauxz. En este encuentro intercambiaron criterios sobre los desaf\u00edos y posibilidades de cooperaci\u00f3n entre Francia y la provincia de Manab\u00ed.El representante diplom\u00e1tico destac\u00f3 la relaci\u00f3n cultural e hist\u00f3rica con Manab\u00ed desde la llegada de la Misi\u00f3n Geod\u00e9sica Francesa a Pedernales, as\u00ed como el intercambio cultural y ling\u00fc\u00edstico que se viene promoviendo desde la Alianza Francesa.\u201cTenemos ya una serie de proyectos que se est\u00e1n desarrollando aqu\u00ed en Manab\u00ed, y revisamos nuevos \u00e1mbitos de cooperaci\u00f3n futura como el turismo, como el sector de las energ\u00edas renovables, desarrollo agr\u00edcola, y el agua que es tan importante para ustedes\u201d, expres\u00f3 el embajador franc\u00e9s.Adem\u00e1s, se habl\u00f3 sobre la posibilidad de incluir a Pedernales y Portoviejo en la ruta de la exposici\u00f3n itinerante denominada \u201cMedir la Tierra\u201d, que se realiza con motivo de los 120 a\u00f1os de la llegada de la segunda Misi\u00f3n Geod\u00e9sica Francesa al Ecuador (1901-1906).","robots":{"index":"index","follow":"follow","max-snippet":"max-snippet:-1","max-image-preview":"max-image-preview:large","max-video-preview":"max-video-preview:-1"},"canonical":"https:\/\/www.manabi.gob.ec\/index.php\/visita-protocolaria-revisamos-nuevos-ambitos-de-cooperacion-entre-francia-y-manabi\/","og_locale":"es_ES","og_type":"article","og_title":"VISITA PROTOCOLARIA. Revisamos nuevos \u00e1mbitos de cooperaci\u00f3n entre Francia y Manab\u00ed. - Prefectura de Manab\u00ed","og_description":"El prefecto de Manab\u00ed, Leonardo Orlando, recibi\u00f3 este mi\u00e9rcoles 13 de abril la visita protocolaria del embajador de Francia en Ecuador, Fr\u00e9deric Desagneauxz. En este encuentro intercambiaron criterios sobre los desaf\u00edos y posibilidades de cooperaci\u00f3n entre Francia y la provincia de Manab\u00ed.El representante diplom\u00e1tico destac\u00f3 la relaci\u00f3n cultural e hist\u00f3rica con Manab\u00ed desde la llegada de la Misi\u00f3n Geod\u00e9sica Francesa a Pedernales, as\u00ed como el intercambio cultural y ling\u00fc\u00edstico que se viene promoviendo desde la Alianza Francesa.\u201cTenemos ya una serie de proyectos que se est\u00e1n desarrollando aqu\u00ed en Manab\u00ed, y revisamos nuevos \u00e1mbitos de cooperaci\u00f3n futura como el turismo, como el sector de las energ\u00edas renovables, desarrollo agr\u00edcola, y el agua que es tan importante para ustedes\u201d, expres\u00f3 el embajador franc\u00e9s.Adem\u00e1s, se habl\u00f3 sobre la posibilidad de incluir a Pedernales y Portoviejo en la ruta de la exposici\u00f3n itinerante denominada \u201cMedir la Tierra\u201d, que se realiza con motivo de los 120 a\u00f1os de la llegada de la segunda Misi\u00f3n Geod\u00e9sica Francesa al Ecuador (1901-1906).","og_url":"https:\/\/www.manabi.gob.ec\/index.php\/visita-protocolaria-revisamos-nuevos-ambitos-de-cooperacion-entre-francia-y-manabi\/","og_site_name":"Prefectura de Manab\u00ed","article_published_time":"2022-04-13T20:50:25+00:00","article_modified_time":"2022-04-13T20:50:30+00:00","og_image":[{"width":1204,"height":853,"url":"https:\/\/www.manabi.gob.ec\/wp-content\/uploads\/2022\/04\/WhatsApp-Image-2022-04-13-at-3.39.31-PM.jpg","type":"image\/jpeg"}],"author":"Lui Ochoa","twitter_card":"summary_large_image","twitter_misc":{"Escrito por":"Lui Ochoa","Tiempo de lectura":"1 minuto"},"schema":{"@context":"https:\/\/schema.org","@graph":[{"@type":"Article","@id":"https:\/\/www.manabi.gob.ec\/index.php\/visita-protocolaria-revisamos-nuevos-ambitos-de-cooperacion-entre-francia-y-manabi\/#article","isPartOf":{"@id":"https:\/\/www.manabi.gob.ec\/index.php\/visita-protocolaria-revisamos-nuevos-ambitos-de-cooperacion-entre-francia-y-manabi\/"},"author":{"name":"Lui Ochoa","@id":"https:\/\/www.manabi.gob.ec\/#\/schema\/person\/c4f117989332ad723a6ced5994aa7d7a"},"headline":"VISITA PROTOCOLARIA. Revisamos nuevos \u00e1mbitos de cooperaci\u00f3n entre Francia y Manab\u00ed.","datePublished":"2022-04-13T20:50:25+00:00","dateModified":"2022-04-13T20:50:30+00:00","mainEntityOfPage":{"@id":"https:\/\/www.manabi.gob.ec\/index.php\/visita-protocolaria-revisamos-nuevos-ambitos-de-cooperacion-entre-francia-y-manabi\/"},"wordCount":197,"image":{"@id":"https:\/\/www.manabi.gob.ec\/index.php\/visita-protocolaria-revisamos-nuevos-ambitos-de-cooperacion-entre-francia-y-manabi\/#primaryimage"},"thumbnailUrl":"https:\/\/www.manabi.gob.ec\/wp-content\/uploads\/2022\/04\/WhatsApp-Image-2022-04-13-at-3.39.31-PM.jpg","articleSection":["Desarrollo Social","Noticias","Portoviejo","Todas"],"inLanguage":"es"},{"@type":"WebPage","@id":"https:\/\/www.manabi.gob.ec\/index.php\/visita-protocolaria-revisamos-nuevos-ambitos-de-cooperacion-entre-francia-y-manabi\/","url":"https:\/\/www.manabi.gob.ec\/index.php\/visita-protocolaria-revisamos-nuevos-ambitos-de-cooperacion-entre-francia-y-manabi\/","name":"VISITA PROTOCOLARIA. Revisamos nuevos \u00e1mbitos de cooperaci\u00f3n entre Francia y Manab\u00ed. - Prefectura de Manab\u00ed","isPartOf":{"@id":"https:\/\/www.manabi.gob.ec\/#website"},"primaryImageOfPage":{"@id":"https:\/\/www.manabi.gob.ec\/index.php\/visita-protocolaria-revisamos-nuevos-ambitos-de-cooperacion-entre-francia-y-manabi\/#primaryimage"},"image":{"@id":"https:\/\/www.manabi.gob.ec\/index.php\/visita-protocolaria-revisamos-nuevos-ambitos-de-cooperacion-entre-francia-y-manabi\/#primaryimage"},"thumbnailUrl":"https:\/\/www.manabi.gob.ec\/wp-content\/uploads\/2022\/04\/WhatsApp-Image-2022-04-13-at-3.39.31-PM.jpg","datePublished":"2022-04-13T20:50:25+00:00","dateModified":"2022-04-13T20:50:30+00:00","author":{"@id":"https:\/\/www.manabi.gob.ec\/#\/schema\/person\/c4f117989332ad723a6ced5994aa7d7a"},"description":"El prefecto de Manab\u00ed, Leonardo Orlando, recibi\u00f3 este mi\u00e9rcoles 13 de abril la visita protocolaria del embajador de Francia en Ecuador, Fr\u00e9deric Desagneauxz. En este encuentro intercambiaron criterios sobre los desaf\u00edos y posibilidades de cooperaci\u00f3n entre Francia y la provincia de Manab\u00ed.El representante diplom\u00e1tico destac\u00f3 la relaci\u00f3n cultural e hist\u00f3rica con Manab\u00ed desde la llegada de la Misi\u00f3n Geod\u00e9sica Francesa a Pedernales, as\u00ed como el intercambio cultural y ling\u00fc\u00edstico que se viene promoviendo desde la Alianza Francesa.\u201cTenemos ya una serie de proyectos que se est\u00e1n desarrollando aqu\u00ed en Manab\u00ed, y revisamos nuevos \u00e1mbitos de cooperaci\u00f3n futura como el turismo, como el sector de las energ\u00edas renovables, desarrollo agr\u00edcola, y el agua que es tan importante para ustedes\u201d, expres\u00f3 el embajador franc\u00e9s.Adem\u00e1s, se habl\u00f3 sobre la posibilidad de incluir a Pedernales y Portoviejo en la ruta de la exposici\u00f3n itinerante denominada \u201cMedir la Tierra\u201d, que se realiza con motivo de los 120 a\u00f1os de la llegada de la segunda Misi\u00f3n Geod\u00e9sica Francesa al Ecuador (1901-1906).","breadcrumb":{"@id":"https:\/\/www.manabi.gob.ec\/index.php\/visita-protocolaria-revisamos-nuevos-ambitos-de-cooperacion-entre-francia-y-manabi\/#breadcrumb"},"inLanguage":"es","potentialAction":[{"@type":"ReadAction","target":["https:\/\/www.manabi.gob.ec\/index.php\/visita-protocolaria-revisamos-nuevos-ambitos-de-cooperacion-entre-francia-y-manabi\/"]}]},{"@type":"ImageObject","inLanguage":"es","@id":"https:\/\/www.manabi.gob.ec\/index.php\/visita-protocolaria-revisamos-nuevos-ambitos-de-cooperacion-entre-francia-y-manabi\/#primaryimage","url":"https:\/\/www.manabi.gob.ec\/wp-content\/uploads\/2022\/04\/WhatsApp-Image-2022-04-13-at-3.39.31-PM.jpg","contentUrl":"https:\/\/www.manabi.gob.ec\/wp-content\/uploads\/2022\/04\/WhatsApp-Image-2022-04-13-at-3.39.31-PM.jpg","width":1204,"height":853},{"@type":"BreadcrumbList","@id":"https:\/\/www.manabi.gob.ec\/index.php\/visita-protocolaria-revisamos-nuevos-ambitos-de-cooperacion-entre-francia-y-manabi\/#breadcrumb","itemListElement":[{"@type":"ListItem","position":1,"name":"Portada","item":"https:\/\/www.manabi.gob.ec\/"},{"@type":"ListItem","position":2,"name":"VISITA PROTOCOLARIA. Revisamos nuevos \u00e1mbitos de cooperaci\u00f3n entre Francia y Manab\u00ed."}]},{"@type":"WebSite","@id":"https:\/\/www.manabi.gob.ec\/#website","url":"https:\/\/www.manabi.gob.ec\/","name":"Prefectura de Manab\u00ed","description":"P\u00e1gina web de la prefectura","potentialAction":[{"@type":"SearchAction","target":{"@type":"EntryPoint","urlTemplate":"https:\/\/www.manabi.gob.ec\/?s={search_term_string}"},"query-input":{"@type":"PropertyValueSpecification","valueRequired":true,"valueName":"search_term_string"}}],"inLanguage":"es"},{"@type":"Person","@id":"https:\/\/www.manabi.gob.ec\/#\/schema\/person\/c4f117989332ad723a6ced5994aa7d7a","name":"Lui Ochoa","image":{"@type":"ImageObject","inLanguage":"es","@id":"https:\/\/secure.gravatar.com\/avatar\/6e8017d0fe69dead8a95864d2eb6e1e1d8bf8e01194ba49cf7b897ff038126ba?s=96&d=mm&r=g","url":"https:\/\/secure.gravatar.com\/avatar\/6e8017d0fe69dead8a95864d2eb6e1e1d8bf8e01194ba49cf7b897ff038126ba?s=96&d=mm&r=g","contentUrl":"https:\/\/secure.gravatar.com\/avatar\/6e8017d0fe69dead8a95864d2eb6e1e1d8bf8e01194ba49cf7b897ff038126ba?s=96&d=mm&r=g","caption":"Lui Ochoa"},"url":"https:\/\/www.manabi.gob.ec\/index.php\/author\/lochoa\/"}]}},"jetpack_featured_media_url":"https:\/\/www.manabi.gob.ec\/wp-content\/uploads\/2022\/04\/WhatsApp-Image-2022-04-13-at-3.39.31-PM.jpg","_links":{"self":[{"href":"https:\/\/www.manabi.gob.ec\/index.php\/wp-json\/wp\/v2\/posts\/20171","targetHints":{"allow":["GET"]}}],"collection":[{"href":"https:\/\/www.manabi.gob.ec\/index.php\/wp-json\/wp\/v2\/posts"}],"about":[{"href":"https:\/\/www.manabi.gob.ec\/index.php\/wp-json\/wp\/v2\/types\/post"}],"author":[{"embeddable":true,"href":"https:\/\/www.manabi.gob.ec\/index.php\/wp-json\/wp\/v2\/users\/10"}],"replies":[{"embeddable":true,"href":"https:\/\/www.manabi.gob.ec\/index.php\/wp-json\/wp\/v2\/comments?post=20171"}],"version-history":[{"count":0,"href":"https:\/\/www.manabi.gob.ec\/index.php\/wp-json\/wp\/v2\/posts\/20171\/revisions"}],"wp:featuredmedia":[{"embeddable":true,"href":"https:\/\/www.manabi.gob.ec\/index.php\/wp-json\/wp\/v2\/media\/20172"}],"wp:attachment":[{"href":"https:\/\/www.manabi.gob.ec\/index.php\/wp-json\/wp\/v2\/media?parent=20171"}],"wp:term":[{"taxonomy":"category","embeddable":true,"href":"https:\/\/www.manabi.gob.ec\/index.php\/wp-json\/wp\/v2\/categories?post=20171"},{"taxonomy":"post_tag","embeddable":true,"href":"https:\/\/www.manabi.gob.ec\/index.php\/wp-json\/wp\/v2\/tags?post=20171"}],"curies":[{"name":"wp","href":"https:\/\/api.w.org\/{rel}","templated":true}]}}