{"id":20175,"date":"2022-04-13T23:58:51","date_gmt":"2022-04-13T23:58:51","guid":{"rendered":"https:\/\/www.manabi.gob.ec\/?p=20175"},"modified":"2022-04-13T23:58:55","modified_gmt":"2022-04-13T23:58:55","slug":"rehabilitamos-puntos-criticos-de-la-via-de-acceso-a-ramo-grande-de-jipijapa","status":"publish","type":"post","link":"https:\/\/www.manabi.gob.ec\/index.php\/rehabilitamos-puntos-criticos-de-la-via-de-acceso-a-ramo-grande-de-jipijapa\/","title":{"rendered":"Rehabilitamos puntos cr\u00edticos de la v\u00eda de acceso a Ramo Grande de Jipijapa."},"content":{"rendered":"\n<p>En la comunidad Ramo Grande, perteneciente a la parroquia La Am\u00e9rica del cant\u00f3n Jipijapa, se escuchan expresiones de agradecimiento por la labor que est\u00e1 realizando la Prefectura de Manab\u00ed para mejorar las condiciones en que se encontraban los 6.5 kil\u00f3metros de la v\u00eda de acceso a este sector.<\/p>\n\n\n\n<p>\u201cEstamos muy agradecidos con el prefecto, Leonardo Orlando, por la ayuda que nos est\u00e1 brindando. Hicimos nuevas gestiones en el mes de marzo porque la v\u00eda estaba totalmente destruida, y en pocos d\u00edas ya tuvimos resultados\u201d, manifest\u00f3 Miguel Narv\u00e1ez, representante de Ramo Grande.<\/p>\n\n\n\n<p>\u201cAqu\u00ed ya no avanzaban los carros, sobre todo en una loma donde no quedaba nada de material (p\u00e9treo). Si llov\u00eda, ni siquiera las motos sub\u00edan\u201d, detall\u00f3 el dirigente Javier Baque. Dijo, adem\u00e1s, que esta intervenci\u00f3n de la Prefectura es fundamental para sacar a tiempo y en buenas condiciones la diversidad de productos que se cosechan en esta zona.<\/p>\n\n\n\n<p>\u201cTenemos 22 tramos cr\u00edticos que est\u00e1n siendo rehabilitados desde la semana anterior, en coordinaci\u00f3n con los representantes de la comunidad\u201d, indic\u00f3 Isaac Pachay, t\u00e9cnico responsable de la zona 7 del Gobierno Provincial.<\/p>\n\n\n\n<p>Para estas labores emergentes se cuenta con una excavadora laborando en la v\u00eda y volquetas que se encargan del acarreo de material desde la mina de Membrillal (Sancan); equipos que han sido contratados a trav\u00e9s de las ferias inclusivas.<\/p>\n","protected":false},"excerpt":{"rendered":"<p>En la comunidad Ramo Grande, perteneciente a la parroquia La Am\u00e9rica del cant\u00f3n Jipijapa, se escuchan expresiones de agradecimiento por la labor que est\u00e1 realizando la Prefectura de Manab\u00ed para mejorar las condiciones en que se encontraban los 6.5 kil\u00f3metros de la v\u00eda de acceso a este sector.<\/p>\n","protected":false},"author":10,"featured_media":20176,"comment_status":"closed","ping_status":"closed","sticky":false,"template":"","format":"standard","meta":{"_joinchat":[],"footnotes":""},"categories":[123,92,181,91,127],"tags":[82,197],"class_list":["post-20175","post","type-post","status-publish","format-standard","has-post-thumbnail","hentry","category-jipijapa","category-noticias-manabi","category-obra-publica","category-todas","category-vialidad","tag-jipijapa","tag-manabi"],"yoast_head":"<!-- This site is optimized with the Yoast SEO plugin v27.4 - https:\/\/yoast.com\/product\/yoast-seo-wordpress\/ -->\n<title>Rehabilitamos puntos cr\u00edticos de la v\u00eda de acceso a Ramo Grande de Jipijapa. - Prefectura de Manab\u00ed<\/title>\n<meta name=\"description\" content=\"En la comunidad Ramo Grande, perteneciente a la parroquia La Am\u00e9rica del cant\u00f3n Jipijapa, se escuchan expresiones de agradecimiento por la labor que est\u00e1 realizando la Prefectura de Manab\u00ed para mejorar las condiciones en que se encontraban los 6.5 kil\u00f3metros de la v\u00eda de acceso a este sector.\u201cEstamos muy agradecidos con el prefecto, Leonardo Orlando, por la ayuda que nos est\u00e1 brindando. Hicimos nuevas gestiones en el mes de marzo porque la v\u00eda estaba totalmente destruida, y en pocos d\u00edas ya tuvimos resultados\u201d, manifest\u00f3 Miguel Narv\u00e1ez, representante de Ramo Grande.\u201cAqu\u00ed ya no avanzaban los carros, sobre todo en una loma donde no quedaba nada de material (p\u00e9treo). Si llov\u00eda, ni siquiera las motos sub\u00edan\u201d, detall\u00f3 el dirigente Javier Baque. Dijo, adem\u00e1s, que esta intervenci\u00f3n de la Prefectura es fundamental para sacar a tiempo y en buenas condiciones la diversidad de productos que se cosechan en esta zona.\u201cTenemos 22 tramos cr\u00edticos que est\u00e1n siendo rehabilitados desde la semana anterior, en coordinaci\u00f3n con los representantes de la comunidad\u201d, indic\u00f3 Isaac Pachay, t\u00e9cnico responsable de la zona 7 del Gobierno Provincial.Para estas labores emergentes se cuenta con una excavadora laborando en la v\u00eda y volquetas que se encargan del acarreo de material desde la mina de Membrillal (Sancan); equipos que han sido contratados a trav\u00e9s de las ferias inclusivas.\" \/>\n<meta name=\"robots\" content=\"index, follow, max-snippet:-1, max-image-preview:large, max-video-preview:-1\" \/>\n<link rel=\"canonical\" href=\"https:\/\/www.manabi.gob.ec\/index.php\/rehabilitamos-puntos-criticos-de-la-via-de-acceso-a-ramo-grande-de-jipijapa\/\" \/>\n<meta property=\"og:locale\" content=\"es_ES\" \/>\n<meta property=\"og:type\" content=\"article\" \/>\n<meta property=\"og:title\" content=\"Rehabilitamos puntos cr\u00edticos de la v\u00eda de acceso a Ramo Grande de Jipijapa. - Prefectura de Manab\u00ed\" \/>\n<meta property=\"og:description\" content=\"En la comunidad Ramo Grande, perteneciente a la parroquia La Am\u00e9rica del cant\u00f3n Jipijapa, se escuchan expresiones de agradecimiento por la labor que est\u00e1 realizando la Prefectura de Manab\u00ed para mejorar las condiciones en que se encontraban los 6.5 kil\u00f3metros de la v\u00eda de acceso a este sector.\u201cEstamos muy agradecidos con el prefecto, Leonardo Orlando, por la ayuda que nos est\u00e1 brindando. Hicimos nuevas gestiones en el mes de marzo porque la v\u00eda estaba totalmente destruida, y en pocos d\u00edas ya tuvimos resultados\u201d, manifest\u00f3 Miguel Narv\u00e1ez, representante de Ramo Grande.\u201cAqu\u00ed ya no avanzaban los carros, sobre todo en una loma donde no quedaba nada de material (p\u00e9treo). Si llov\u00eda, ni siquiera las motos sub\u00edan\u201d, detall\u00f3 el dirigente Javier Baque. Dijo, adem\u00e1s, que esta intervenci\u00f3n de la Prefectura es fundamental para sacar a tiempo y en buenas condiciones la diversidad de productos que se cosechan en esta zona.\u201cTenemos 22 tramos cr\u00edticos que est\u00e1n siendo rehabilitados desde la semana anterior, en coordinaci\u00f3n con los representantes de la comunidad\u201d, indic\u00f3 Isaac Pachay, t\u00e9cnico responsable de la zona 7 del Gobierno Provincial.Para estas labores emergentes se cuenta con una excavadora laborando en la v\u00eda y volquetas que se encargan del acarreo de material desde la mina de Membrillal (Sancan); equipos que han sido contratados a trav\u00e9s de las ferias inclusivas.\" \/>\n<meta property=\"og:url\" content=\"https:\/\/www.manabi.gob.ec\/index.php\/rehabilitamos-puntos-criticos-de-la-via-de-acceso-a-ramo-grande-de-jipijapa\/\" \/>\n<meta property=\"og:site_name\" content=\"Prefectura de Manab\u00ed\" \/>\n<meta property=\"article:published_time\" content=\"2022-04-13T23:58:51+00:00\" \/>\n<meta property=\"article:modified_time\" content=\"2022-04-13T23:58:55+00:00\" \/>\n<meta property=\"og:image\" content=\"https:\/\/www.manabi.gob.ec\/wp-content\/uploads\/2022\/04\/13dffd1b-2ea9-40e9-9502-9bea6f469a28.jpg\" \/>\n\t<meta property=\"og:image:width\" content=\"1296\" \/>\n\t<meta property=\"og:image:height\" content=\"864\" \/>\n\t<meta property=\"og:image:type\" content=\"image\/jpeg\" \/>\n<meta name=\"author\" content=\"Lui Ochoa\" \/>\n<meta name=\"twitter:card\" content=\"summary_large_image\" \/>\n<meta name=\"twitter:label1\" content=\"Escrito por\" \/>\n\t<meta name=\"twitter:data1\" content=\"Lui Ochoa\" \/>\n\t<meta name=\"twitter:label2\" content=\"Tiempo de lectura\" \/>\n\t<meta name=\"twitter:data2\" content=\"2 minutos\" \/>\n<script type=\"application\/ld+json\" class=\"yoast-schema-graph\">{\"@context\":\"https:\\\/\\\/schema.org\",\"@graph\":[{\"@type\":\"Article\",\"@id\":\"https:\\\/\\\/www.manabi.gob.ec\\\/index.php\\\/rehabilitamos-puntos-criticos-de-la-via-de-acceso-a-ramo-grande-de-jipijapa\\\/#article\",\"isPartOf\":{\"@id\":\"https:\\\/\\\/www.manabi.gob.ec\\\/index.php\\\/rehabilitamos-puntos-criticos-de-la-via-de-acceso-a-ramo-grande-de-jipijapa\\\/\"},\"author\":{\"name\":\"Lui Ochoa\",\"@id\":\"https:\\\/\\\/www.manabi.gob.ec\\\/#\\\/schema\\\/person\\\/c4f117989332ad723a6ced5994aa7d7a\"},\"headline\":\"Rehabilitamos puntos cr\u00edticos de la v\u00eda de acceso a Ramo Grande de Jipijapa.\",\"datePublished\":\"2022-04-13T23:58:51+00:00\",\"dateModified\":\"2022-04-13T23:58:55+00:00\",\"mainEntityOfPage\":{\"@id\":\"https:\\\/\\\/www.manabi.gob.ec\\\/index.php\\\/rehabilitamos-puntos-criticos-de-la-via-de-acceso-a-ramo-grande-de-jipijapa\\\/\"},\"wordCount\":250,\"image\":{\"@id\":\"https:\\\/\\\/www.manabi.gob.ec\\\/index.php\\\/rehabilitamos-puntos-criticos-de-la-via-de-acceso-a-ramo-grande-de-jipijapa\\\/#primaryimage\"},\"thumbnailUrl\":\"https:\\\/\\\/www.manabi.gob.ec\\\/wp-content\\\/uploads\\\/2022\\\/04\\\/13dffd1b-2ea9-40e9-9502-9bea6f469a28.jpg\",\"keywords\":[\"Jipijapa\",\"manab\u00ed\"],\"articleSection\":[\"Jipijapa\",\"Noticias\",\"Obra P\u00fablica\",\"Todas\",\"Vialidad\"],\"inLanguage\":\"es\"},{\"@type\":\"WebPage\",\"@id\":\"https:\\\/\\\/www.manabi.gob.ec\\\/index.php\\\/rehabilitamos-puntos-criticos-de-la-via-de-acceso-a-ramo-grande-de-jipijapa\\\/\",\"url\":\"https:\\\/\\\/www.manabi.gob.ec\\\/index.php\\\/rehabilitamos-puntos-criticos-de-la-via-de-acceso-a-ramo-grande-de-jipijapa\\\/\",\"name\":\"Rehabilitamos puntos cr\u00edticos de la v\u00eda de acceso a Ramo Grande de Jipijapa. - Prefectura de Manab\u00ed\",\"isPartOf\":{\"@id\":\"https:\\\/\\\/www.manabi.gob.ec\\\/#website\"},\"primaryImageOfPage\":{\"@id\":\"https:\\\/\\\/www.manabi.gob.ec\\\/index.php\\\/rehabilitamos-puntos-criticos-de-la-via-de-acceso-a-ramo-grande-de-jipijapa\\\/#primaryimage\"},\"image\":{\"@id\":\"https:\\\/\\\/www.manabi.gob.ec\\\/index.php\\\/rehabilitamos-puntos-criticos-de-la-via-de-acceso-a-ramo-grande-de-jipijapa\\\/#primaryimage\"},\"thumbnailUrl\":\"https:\\\/\\\/www.manabi.gob.ec\\\/wp-content\\\/uploads\\\/2022\\\/04\\\/13dffd1b-2ea9-40e9-9502-9bea6f469a28.jpg\",\"datePublished\":\"2022-04-13T23:58:51+00:00\",\"dateModified\":\"2022-04-13T23:58:55+00:00\",\"author\":{\"@id\":\"https:\\\/\\\/www.manabi.gob.ec\\\/#\\\/schema\\\/person\\\/c4f117989332ad723a6ced5994aa7d7a\"},\"description\":\"En la comunidad Ramo Grande, perteneciente a la parroquia La Am\u00e9rica del cant\u00f3n Jipijapa, se escuchan expresiones de agradecimiento por la labor que est\u00e1 realizando la Prefectura de Manab\u00ed para mejorar las condiciones en que se encontraban los 6.5 kil\u00f3metros de la v\u00eda de acceso a este sector.\u201cEstamos muy agradecidos con el prefecto, Leonardo Orlando, por la ayuda que nos est\u00e1 brindando. Hicimos nuevas gestiones en el mes de marzo porque la v\u00eda estaba totalmente destruida, y en pocos d\u00edas ya tuvimos resultados\u201d, manifest\u00f3 Miguel Narv\u00e1ez, representante de Ramo Grande.\u201cAqu\u00ed ya no avanzaban los carros, sobre todo en una loma donde no quedaba nada de material (p\u00e9treo). Si llov\u00eda, ni siquiera las motos sub\u00edan\u201d, detall\u00f3 el dirigente Javier Baque. Dijo, adem\u00e1s, que esta intervenci\u00f3n de la Prefectura es fundamental para sacar a tiempo y en buenas condiciones la diversidad de productos que se cosechan en esta zona.\u201cTenemos 22 tramos cr\u00edticos que est\u00e1n siendo rehabilitados desde la semana anterior, en coordinaci\u00f3n con los representantes de la comunidad\u201d, indic\u00f3 Isaac Pachay, t\u00e9cnico responsable de la zona 7 del Gobierno Provincial.Para estas labores emergentes se cuenta con una excavadora laborando en la v\u00eda y volquetas que se encargan del acarreo de material desde la mina de Membrillal (Sancan); equipos que han sido contratados a trav\u00e9s de las ferias inclusivas.\",\"breadcrumb\":{\"@id\":\"https:\\\/\\\/www.manabi.gob.ec\\\/index.php\\\/rehabilitamos-puntos-criticos-de-la-via-de-acceso-a-ramo-grande-de-jipijapa\\\/#breadcrumb\"},\"inLanguage\":\"es\",\"potentialAction\":[{\"@type\":\"ReadAction\",\"target\":[\"https:\\\/\\\/www.manabi.gob.ec\\\/index.php\\\/rehabilitamos-puntos-criticos-de-la-via-de-acceso-a-ramo-grande-de-jipijapa\\\/\"]}]},{\"@type\":\"ImageObject\",\"inLanguage\":\"es\",\"@id\":\"https:\\\/\\\/www.manabi.gob.ec\\\/index.php\\\/rehabilitamos-puntos-criticos-de-la-via-de-acceso-a-ramo-grande-de-jipijapa\\\/#primaryimage\",\"url\":\"https:\\\/\\\/www.manabi.gob.ec\\\/wp-content\\\/uploads\\\/2022\\\/04\\\/13dffd1b-2ea9-40e9-9502-9bea6f469a28.jpg\",\"contentUrl\":\"https:\\\/\\\/www.manabi.gob.ec\\\/wp-content\\\/uploads\\\/2022\\\/04\\\/13dffd1b-2ea9-40e9-9502-9bea6f469a28.jpg\",\"width\":1296,\"height\":864},{\"@type\":\"BreadcrumbList\",\"@id\":\"https:\\\/\\\/www.manabi.gob.ec\\\/index.php\\\/rehabilitamos-puntos-criticos-de-la-via-de-acceso-a-ramo-grande-de-jipijapa\\\/#breadcrumb\",\"itemListElement\":[{\"@type\":\"ListItem\",\"position\":1,\"name\":\"Portada\",\"item\":\"https:\\\/\\\/www.manabi.gob.ec\\\/\"},{\"@type\":\"ListItem\",\"position\":2,\"name\":\"Rehabilitamos puntos cr\u00edticos de la v\u00eda de acceso a Ramo Grande de Jipijapa.\"}]},{\"@type\":\"WebSite\",\"@id\":\"https:\\\/\\\/www.manabi.gob.ec\\\/#website\",\"url\":\"https:\\\/\\\/www.manabi.gob.ec\\\/\",\"name\":\"Prefectura de Manab\u00ed\",\"description\":\"P\u00e1gina web de la prefectura\",\"potentialAction\":[{\"@type\":\"SearchAction\",\"target\":{\"@type\":\"EntryPoint\",\"urlTemplate\":\"https:\\\/\\\/www.manabi.gob.ec\\\/?s={search_term_string}\"},\"query-input\":{\"@type\":\"PropertyValueSpecification\",\"valueRequired\":true,\"valueName\":\"search_term_string\"}}],\"inLanguage\":\"es\"},{\"@type\":\"Person\",\"@id\":\"https:\\\/\\\/www.manabi.gob.ec\\\/#\\\/schema\\\/person\\\/c4f117989332ad723a6ced5994aa7d7a\",\"name\":\"Lui Ochoa\",\"image\":{\"@type\":\"ImageObject\",\"inLanguage\":\"es\",\"@id\":\"https:\\\/\\\/secure.gravatar.com\\\/avatar\\\/6e8017d0fe69dead8a95864d2eb6e1e1d8bf8e01194ba49cf7b897ff038126ba?s=96&d=mm&r=g\",\"url\":\"https:\\\/\\\/secure.gravatar.com\\\/avatar\\\/6e8017d0fe69dead8a95864d2eb6e1e1d8bf8e01194ba49cf7b897ff038126ba?s=96&d=mm&r=g\",\"contentUrl\":\"https:\\\/\\\/secure.gravatar.com\\\/avatar\\\/6e8017d0fe69dead8a95864d2eb6e1e1d8bf8e01194ba49cf7b897ff038126ba?s=96&d=mm&r=g\",\"caption\":\"Lui Ochoa\"},\"url\":\"https:\\\/\\\/www.manabi.gob.ec\\\/index.php\\\/author\\\/lochoa\\\/\"}]}<\/script>\n<!-- \/ Yoast SEO plugin. -->","yoast_head_json":{"title":"Rehabilitamos puntos cr\u00edticos de la v\u00eda de acceso a Ramo Grande de Jipijapa. - Prefectura de Manab\u00ed","description":"En la comunidad Ramo Grande, perteneciente a la parroquia La Am\u00e9rica del cant\u00f3n Jipijapa, se escuchan expresiones de agradecimiento por la labor que est\u00e1 realizando la Prefectura de Manab\u00ed para mejorar las condiciones en que se encontraban los 6.5 kil\u00f3metros de la v\u00eda de acceso a este sector.\u201cEstamos muy agradecidos con el prefecto, Leonardo Orlando, por la ayuda que nos est\u00e1 brindando. Hicimos nuevas gestiones en el mes de marzo porque la v\u00eda estaba totalmente destruida, y en pocos d\u00edas ya tuvimos resultados\u201d, manifest\u00f3 Miguel Narv\u00e1ez, representante de Ramo Grande.\u201cAqu\u00ed ya no avanzaban los carros, sobre todo en una loma donde no quedaba nada de material (p\u00e9treo). Si llov\u00eda, ni siquiera las motos sub\u00edan\u201d, detall\u00f3 el dirigente Javier Baque. Dijo, adem\u00e1s, que esta intervenci\u00f3n de la Prefectura es fundamental para sacar a tiempo y en buenas condiciones la diversidad de productos que se cosechan en esta zona.\u201cTenemos 22 tramos cr\u00edticos que est\u00e1n siendo rehabilitados desde la semana anterior, en coordinaci\u00f3n con los representantes de la comunidad\u201d, indic\u00f3 Isaac Pachay, t\u00e9cnico responsable de la zona 7 del Gobierno Provincial.Para estas labores emergentes se cuenta con una excavadora laborando en la v\u00eda y volquetas que se encargan del acarreo de material desde la mina de Membrillal (Sancan); equipos que han sido contratados a trav\u00e9s de las ferias inclusivas.","robots":{"index":"index","follow":"follow","max-snippet":"max-snippet:-1","max-image-preview":"max-image-preview:large","max-video-preview":"max-video-preview:-1"},"canonical":"https:\/\/www.manabi.gob.ec\/index.php\/rehabilitamos-puntos-criticos-de-la-via-de-acceso-a-ramo-grande-de-jipijapa\/","og_locale":"es_ES","og_type":"article","og_title":"Rehabilitamos puntos cr\u00edticos de la v\u00eda de acceso a Ramo Grande de Jipijapa. - Prefectura de Manab\u00ed","og_description":"En la comunidad Ramo Grande, perteneciente a la parroquia La Am\u00e9rica del cant\u00f3n Jipijapa, se escuchan expresiones de agradecimiento por la labor que est\u00e1 realizando la Prefectura de Manab\u00ed para mejorar las condiciones en que se encontraban los 6.5 kil\u00f3metros de la v\u00eda de acceso a este sector.\u201cEstamos muy agradecidos con el prefecto, Leonardo Orlando, por la ayuda que nos est\u00e1 brindando. Hicimos nuevas gestiones en el mes de marzo porque la v\u00eda estaba totalmente destruida, y en pocos d\u00edas ya tuvimos resultados\u201d, manifest\u00f3 Miguel Narv\u00e1ez, representante de Ramo Grande.\u201cAqu\u00ed ya no avanzaban los carros, sobre todo en una loma donde no quedaba nada de material (p\u00e9treo). Si llov\u00eda, ni siquiera las motos sub\u00edan\u201d, detall\u00f3 el dirigente Javier Baque. Dijo, adem\u00e1s, que esta intervenci\u00f3n de la Prefectura es fundamental para sacar a tiempo y en buenas condiciones la diversidad de productos que se cosechan en esta zona.\u201cTenemos 22 tramos cr\u00edticos que est\u00e1n siendo rehabilitados desde la semana anterior, en coordinaci\u00f3n con los representantes de la comunidad\u201d, indic\u00f3 Isaac Pachay, t\u00e9cnico responsable de la zona 7 del Gobierno Provincial.Para estas labores emergentes se cuenta con una excavadora laborando en la v\u00eda y volquetas que se encargan del acarreo de material desde la mina de Membrillal (Sancan); equipos que han sido contratados a trav\u00e9s de las ferias inclusivas.","og_url":"https:\/\/www.manabi.gob.ec\/index.php\/rehabilitamos-puntos-criticos-de-la-via-de-acceso-a-ramo-grande-de-jipijapa\/","og_site_name":"Prefectura de Manab\u00ed","article_published_time":"2022-04-13T23:58:51+00:00","article_modified_time":"2022-04-13T23:58:55+00:00","og_image":[{"width":1296,"height":864,"url":"https:\/\/www.manabi.gob.ec\/wp-content\/uploads\/2022\/04\/13dffd1b-2ea9-40e9-9502-9bea6f469a28.jpg","type":"image\/jpeg"}],"author":"Lui Ochoa","twitter_card":"summary_large_image","twitter_misc":{"Escrito por":"Lui Ochoa","Tiempo de lectura":"2 minutos"},"schema":{"@context":"https:\/\/schema.org","@graph":[{"@type":"Article","@id":"https:\/\/www.manabi.gob.ec\/index.php\/rehabilitamos-puntos-criticos-de-la-via-de-acceso-a-ramo-grande-de-jipijapa\/#article","isPartOf":{"@id":"https:\/\/www.manabi.gob.ec\/index.php\/rehabilitamos-puntos-criticos-de-la-via-de-acceso-a-ramo-grande-de-jipijapa\/"},"author":{"name":"Lui Ochoa","@id":"https:\/\/www.manabi.gob.ec\/#\/schema\/person\/c4f117989332ad723a6ced5994aa7d7a"},"headline":"Rehabilitamos puntos cr\u00edticos de la v\u00eda de acceso a Ramo Grande de Jipijapa.","datePublished":"2022-04-13T23:58:51+00:00","dateModified":"2022-04-13T23:58:55+00:00","mainEntityOfPage":{"@id":"https:\/\/www.manabi.gob.ec\/index.php\/rehabilitamos-puntos-criticos-de-la-via-de-acceso-a-ramo-grande-de-jipijapa\/"},"wordCount":250,"image":{"@id":"https:\/\/www.manabi.gob.ec\/index.php\/rehabilitamos-puntos-criticos-de-la-via-de-acceso-a-ramo-grande-de-jipijapa\/#primaryimage"},"thumbnailUrl":"https:\/\/www.manabi.gob.ec\/wp-content\/uploads\/2022\/04\/13dffd1b-2ea9-40e9-9502-9bea6f469a28.jpg","keywords":["Jipijapa","manab\u00ed"],"articleSection":["Jipijapa","Noticias","Obra P\u00fablica","Todas","Vialidad"],"inLanguage":"es"},{"@type":"WebPage","@id":"https:\/\/www.manabi.gob.ec\/index.php\/rehabilitamos-puntos-criticos-de-la-via-de-acceso-a-ramo-grande-de-jipijapa\/","url":"https:\/\/www.manabi.gob.ec\/index.php\/rehabilitamos-puntos-criticos-de-la-via-de-acceso-a-ramo-grande-de-jipijapa\/","name":"Rehabilitamos puntos cr\u00edticos de la v\u00eda de acceso a Ramo Grande de Jipijapa. - Prefectura de Manab\u00ed","isPartOf":{"@id":"https:\/\/www.manabi.gob.ec\/#website"},"primaryImageOfPage":{"@id":"https:\/\/www.manabi.gob.ec\/index.php\/rehabilitamos-puntos-criticos-de-la-via-de-acceso-a-ramo-grande-de-jipijapa\/#primaryimage"},"image":{"@id":"https:\/\/www.manabi.gob.ec\/index.php\/rehabilitamos-puntos-criticos-de-la-via-de-acceso-a-ramo-grande-de-jipijapa\/#primaryimage"},"thumbnailUrl":"https:\/\/www.manabi.gob.ec\/wp-content\/uploads\/2022\/04\/13dffd1b-2ea9-40e9-9502-9bea6f469a28.jpg","datePublished":"2022-04-13T23:58:51+00:00","dateModified":"2022-04-13T23:58:55+00:00","author":{"@id":"https:\/\/www.manabi.gob.ec\/#\/schema\/person\/c4f117989332ad723a6ced5994aa7d7a"},"description":"En la comunidad Ramo Grande, perteneciente a la parroquia La Am\u00e9rica del cant\u00f3n Jipijapa, se escuchan expresiones de agradecimiento por la labor que est\u00e1 realizando la Prefectura de Manab\u00ed para mejorar las condiciones en que se encontraban los 6.5 kil\u00f3metros de la v\u00eda de acceso a este sector.\u201cEstamos muy agradecidos con el prefecto, Leonardo Orlando, por la ayuda que nos est\u00e1 brindando. Hicimos nuevas gestiones en el mes de marzo porque la v\u00eda estaba totalmente destruida, y en pocos d\u00edas ya tuvimos resultados\u201d, manifest\u00f3 Miguel Narv\u00e1ez, representante de Ramo Grande.\u201cAqu\u00ed ya no avanzaban los carros, sobre todo en una loma donde no quedaba nada de material (p\u00e9treo). Si llov\u00eda, ni siquiera las motos sub\u00edan\u201d, detall\u00f3 el dirigente Javier Baque. Dijo, adem\u00e1s, que esta intervenci\u00f3n de la Prefectura es fundamental para sacar a tiempo y en buenas condiciones la diversidad de productos que se cosechan en esta zona.\u201cTenemos 22 tramos cr\u00edticos que est\u00e1n siendo rehabilitados desde la semana anterior, en coordinaci\u00f3n con los representantes de la comunidad\u201d, indic\u00f3 Isaac Pachay, t\u00e9cnico responsable de la zona 7 del Gobierno Provincial.Para estas labores emergentes se cuenta con una excavadora laborando en la v\u00eda y volquetas que se encargan del acarreo de material desde la mina de Membrillal (Sancan); equipos que han sido contratados a trav\u00e9s de las ferias inclusivas.","breadcrumb":{"@id":"https:\/\/www.manabi.gob.ec\/index.php\/rehabilitamos-puntos-criticos-de-la-via-de-acceso-a-ramo-grande-de-jipijapa\/#breadcrumb"},"inLanguage":"es","potentialAction":[{"@type":"ReadAction","target":["https:\/\/www.manabi.gob.ec\/index.php\/rehabilitamos-puntos-criticos-de-la-via-de-acceso-a-ramo-grande-de-jipijapa\/"]}]},{"@type":"ImageObject","inLanguage":"es","@id":"https:\/\/www.manabi.gob.ec\/index.php\/rehabilitamos-puntos-criticos-de-la-via-de-acceso-a-ramo-grande-de-jipijapa\/#primaryimage","url":"https:\/\/www.manabi.gob.ec\/wp-content\/uploads\/2022\/04\/13dffd1b-2ea9-40e9-9502-9bea6f469a28.jpg","contentUrl":"https:\/\/www.manabi.gob.ec\/wp-content\/uploads\/2022\/04\/13dffd1b-2ea9-40e9-9502-9bea6f469a28.jpg","width":1296,"height":864},{"@type":"BreadcrumbList","@id":"https:\/\/www.manabi.gob.ec\/index.php\/rehabilitamos-puntos-criticos-de-la-via-de-acceso-a-ramo-grande-de-jipijapa\/#breadcrumb","itemListElement":[{"@type":"ListItem","position":1,"name":"Portada","item":"https:\/\/www.manabi.gob.ec\/"},{"@type":"ListItem","position":2,"name":"Rehabilitamos puntos cr\u00edticos de la v\u00eda de acceso a Ramo Grande de Jipijapa."}]},{"@type":"WebSite","@id":"https:\/\/www.manabi.gob.ec\/#website","url":"https:\/\/www.manabi.gob.ec\/","name":"Prefectura de Manab\u00ed","description":"P\u00e1gina web de la prefectura","potentialAction":[{"@type":"SearchAction","target":{"@type":"EntryPoint","urlTemplate":"https:\/\/www.manabi.gob.ec\/?s={search_term_string}"},"query-input":{"@type":"PropertyValueSpecification","valueRequired":true,"valueName":"search_term_string"}}],"inLanguage":"es"},{"@type":"Person","@id":"https:\/\/www.manabi.gob.ec\/#\/schema\/person\/c4f117989332ad723a6ced5994aa7d7a","name":"Lui Ochoa","image":{"@type":"ImageObject","inLanguage":"es","@id":"https:\/\/secure.gravatar.com\/avatar\/6e8017d0fe69dead8a95864d2eb6e1e1d8bf8e01194ba49cf7b897ff038126ba?s=96&d=mm&r=g","url":"https:\/\/secure.gravatar.com\/avatar\/6e8017d0fe69dead8a95864d2eb6e1e1d8bf8e01194ba49cf7b897ff038126ba?s=96&d=mm&r=g","contentUrl":"https:\/\/secure.gravatar.com\/avatar\/6e8017d0fe69dead8a95864d2eb6e1e1d8bf8e01194ba49cf7b897ff038126ba?s=96&d=mm&r=g","caption":"Lui Ochoa"},"url":"https:\/\/www.manabi.gob.ec\/index.php\/author\/lochoa\/"}]}},"jetpack_featured_media_url":"https:\/\/www.manabi.gob.ec\/wp-content\/uploads\/2022\/04\/13dffd1b-2ea9-40e9-9502-9bea6f469a28.jpg","_links":{"self":[{"href":"https:\/\/www.manabi.gob.ec\/index.php\/wp-json\/wp\/v2\/posts\/20175","targetHints":{"allow":["GET"]}}],"collection":[{"href":"https:\/\/www.manabi.gob.ec\/index.php\/wp-json\/wp\/v2\/posts"}],"about":[{"href":"https:\/\/www.manabi.gob.ec\/index.php\/wp-json\/wp\/v2\/types\/post"}],"author":[{"embeddable":true,"href":"https:\/\/www.manabi.gob.ec\/index.php\/wp-json\/wp\/v2\/users\/10"}],"replies":[{"embeddable":true,"href":"https:\/\/www.manabi.gob.ec\/index.php\/wp-json\/wp\/v2\/comments?post=20175"}],"version-history":[{"count":0,"href":"https:\/\/www.manabi.gob.ec\/index.php\/wp-json\/wp\/v2\/posts\/20175\/revisions"}],"wp:featuredmedia":[{"embeddable":true,"href":"https:\/\/www.manabi.gob.ec\/index.php\/wp-json\/wp\/v2\/media\/20176"}],"wp:attachment":[{"href":"https:\/\/www.manabi.gob.ec\/index.php\/wp-json\/wp\/v2\/media?parent=20175"}],"wp:term":[{"taxonomy":"category","embeddable":true,"href":"https:\/\/www.manabi.gob.ec\/index.php\/wp-json\/wp\/v2\/categories?post=20175"},{"taxonomy":"post_tag","embeddable":true,"href":"https:\/\/www.manabi.gob.ec\/index.php\/wp-json\/wp\/v2\/tags?post=20175"}],"curies":[{"name":"wp","href":"https:\/\/api.w.org\/{rel}","templated":true}]}}