{"id":20239,"date":"2022-04-15T17:23:14","date_gmt":"2022-04-15T17:23:14","guid":{"rendered":"https:\/\/www.manabi.gob.ec\/?p=20239"},"modified":"2022-04-15T17:23:18","modified_gmt":"2022-04-15T17:23:18","slug":"las-jornadas-medicas-llegaron-a-la-comunidad-las-balsas-de-calderon","status":"publish","type":"post","link":"https:\/\/www.manabi.gob.ec\/index.php\/las-jornadas-medicas-llegaron-a-la-comunidad-las-balsas-de-calderon\/","title":{"rendered":"Las jornadas m\u00e9dicas llegaron a  la comunidad Las Balsas de Calder\u00f3n"},"content":{"rendered":"\n<p>Desde la direcci\u00f3n de Desarrollo Social de la Prefectura de Manab\u00ed, continuamos brindando atenci\u00f3n m\u00e9dica en diferentes frentes de salud ubicados de forma rotativa en todo el territorio manabita.<\/p>\n\n\n\n<p>El pasado 13 de abril llegamos hasta la comunidad Las Balsas de la parroquia Abd\u00f3n Calder\u00f3n, del cant\u00f3n Portoviejo. Se atendi\u00f3 en las \u00e1reas de odontolog\u00eda y medicina general dirigido a personas vulnerables; adem\u00e1s se realizaron pruebas de glicemia para toda la ciudadan\u00eda habitante en el sector.<\/p>\n\n\n\n<p>M\u00e1s de cien personas, entre adultos mayores; ni\u00f1os, ni\u00f1as y adolescentes; mujeres embarazadas; personas con discapacidad y adultos mayores, recibieron, de forma gratuita, la atenci\u00f3n de nuestros profesionales de la salud.<\/p>\n\n\n\n<p>Jelitza Rivas, m\u00e9dico responsable de la jornada de salud, explic\u00f3 que hasta el lugar llegaron 2 m\u00e9dicos profesionales del \u00e1rea odontol\u00f3gica y 3 de medicina general, y considera que la jornada fue un \u00e9xito debido al nivel de acogida en beneficio de los m\u00e1s necesitados.<\/p>\n","protected":false},"excerpt":{"rendered":"<p>Desde la direcci\u00f3n de Desarrollo Social de la Prefectura de Manab\u00ed, continuamos brindando atenci\u00f3n m\u00e9dica en diferentes frentes de salud ubicados de forma rotativa en todo el territorio manabita. El pasado 13 de abril llegamos hasta la comunidad Las Balsas de la parroquia Abd\u00f3n Calder\u00f3n, del cant\u00f3n Portoviejo. Se atendi\u00f3 en las \u00e1reas de odontolog\u00eda [&hellip;]<\/p>\n","protected":false},"author":10,"featured_media":20241,"comment_status":"closed","ping_status":"closed","sticky":false,"template":"","format":"standard","meta":{"_joinchat":[],"footnotes":""},"categories":[142,92,132,72,91],"tags":[],"class_list":["post-20239","post","type-post","status-publish","format-standard","has-post-thumbnail","hentry","category-desarrollo-social","category-noticias-manabi","category-portoviejo","category-salud","category-todas"],"yoast_head":"<!-- This site is optimized with the Yoast SEO plugin v27.4 - https:\/\/yoast.com\/product\/yoast-seo-wordpress\/ -->\n<title>Las jornadas m\u00e9dicas llegaron a la comunidad Las Balsas de Calder\u00f3n - Prefectura de Manab\u00ed<\/title>\n<meta name=\"robots\" content=\"index, follow, max-snippet:-1, max-image-preview:large, max-video-preview:-1\" \/>\n<link rel=\"canonical\" href=\"https:\/\/www.manabi.gob.ec\/index.php\/las-jornadas-medicas-llegaron-a-la-comunidad-las-balsas-de-calderon\/\" \/>\n<meta property=\"og:locale\" content=\"es_ES\" \/>\n<meta property=\"og:type\" content=\"article\" \/>\n<meta property=\"og:title\" content=\"Las jornadas m\u00e9dicas llegaron a la comunidad Las Balsas de Calder\u00f3n - Prefectura de Manab\u00ed\" \/>\n<meta property=\"og:description\" content=\"Desde la direcci\u00f3n de Desarrollo Social de la Prefectura de Manab\u00ed, continuamos brindando atenci\u00f3n m\u00e9dica en diferentes frentes de salud ubicados de forma rotativa en todo el territorio manabita. El pasado 13 de abril llegamos hasta la comunidad Las Balsas de la parroquia Abd\u00f3n Calder\u00f3n, del cant\u00f3n Portoviejo. Se atendi\u00f3 en las \u00e1reas de odontolog\u00eda [&hellip;]\" \/>\n<meta property=\"og:url\" content=\"https:\/\/www.manabi.gob.ec\/index.php\/las-jornadas-medicas-llegaron-a-la-comunidad-las-balsas-de-calderon\/\" \/>\n<meta property=\"og:site_name\" content=\"Prefectura de Manab\u00ed\" \/>\n<meta property=\"article:published_time\" content=\"2022-04-15T17:23:14+00:00\" \/>\n<meta property=\"article:modified_time\" content=\"2022-04-15T17:23:18+00:00\" \/>\n<meta property=\"og:image\" content=\"https:\/\/www.manabi.gob.ec\/wp-content\/uploads\/2022\/04\/WhatsApp-Image-2022-04-15-at-12.10.37-PM.jpeg\" \/>\n\t<meta property=\"og:image:width\" content=\"1280\" \/>\n\t<meta property=\"og:image:height\" content=\"960\" \/>\n\t<meta property=\"og:image:type\" content=\"image\/jpeg\" \/>\n<meta name=\"author\" content=\"Lui Ochoa\" \/>\n<meta name=\"twitter:card\" content=\"summary_large_image\" \/>\n<meta name=\"twitter:label1\" content=\"Escrito por\" \/>\n\t<meta name=\"twitter:data1\" content=\"Lui Ochoa\" \/>\n\t<meta name=\"twitter:label2\" content=\"Tiempo de lectura\" \/>\n\t<meta name=\"twitter:data2\" content=\"1 minuto\" \/>\n<script type=\"application\/ld+json\" class=\"yoast-schema-graph\">{\"@context\":\"https:\\\/\\\/schema.org\",\"@graph\":[{\"@type\":\"Article\",\"@id\":\"https:\\\/\\\/www.manabi.gob.ec\\\/index.php\\\/las-jornadas-medicas-llegaron-a-la-comunidad-las-balsas-de-calderon\\\/#article\",\"isPartOf\":{\"@id\":\"https:\\\/\\\/www.manabi.gob.ec\\\/index.php\\\/las-jornadas-medicas-llegaron-a-la-comunidad-las-balsas-de-calderon\\\/\"},\"author\":{\"name\":\"Lui Ochoa\",\"@id\":\"https:\\\/\\\/www.manabi.gob.ec\\\/#\\\/schema\\\/person\\\/c4f117989332ad723a6ced5994aa7d7a\"},\"headline\":\"Las jornadas m\u00e9dicas llegaron a la comunidad Las Balsas de Calder\u00f3n\",\"datePublished\":\"2022-04-15T17:23:14+00:00\",\"dateModified\":\"2022-04-15T17:23:18+00:00\",\"mainEntityOfPage\":{\"@id\":\"https:\\\/\\\/www.manabi.gob.ec\\\/index.php\\\/las-jornadas-medicas-llegaron-a-la-comunidad-las-balsas-de-calderon\\\/\"},\"wordCount\":179,\"image\":{\"@id\":\"https:\\\/\\\/www.manabi.gob.ec\\\/index.php\\\/las-jornadas-medicas-llegaron-a-la-comunidad-las-balsas-de-calderon\\\/#primaryimage\"},\"thumbnailUrl\":\"https:\\\/\\\/www.manabi.gob.ec\\\/wp-content\\\/uploads\\\/2022\\\/04\\\/WhatsApp-Image-2022-04-15-at-12.10.37-PM.jpeg\",\"articleSection\":[\"Desarrollo Social\",\"Noticias\",\"Portoviejo\",\"salud\",\"Todas\"],\"inLanguage\":\"es\"},{\"@type\":\"WebPage\",\"@id\":\"https:\\\/\\\/www.manabi.gob.ec\\\/index.php\\\/las-jornadas-medicas-llegaron-a-la-comunidad-las-balsas-de-calderon\\\/\",\"url\":\"https:\\\/\\\/www.manabi.gob.ec\\\/index.php\\\/las-jornadas-medicas-llegaron-a-la-comunidad-las-balsas-de-calderon\\\/\",\"name\":\"Las jornadas m\u00e9dicas llegaron a la comunidad Las Balsas de Calder\u00f3n - Prefectura de Manab\u00ed\",\"isPartOf\":{\"@id\":\"https:\\\/\\\/www.manabi.gob.ec\\\/#website\"},\"primaryImageOfPage\":{\"@id\":\"https:\\\/\\\/www.manabi.gob.ec\\\/index.php\\\/las-jornadas-medicas-llegaron-a-la-comunidad-las-balsas-de-calderon\\\/#primaryimage\"},\"image\":{\"@id\":\"https:\\\/\\\/www.manabi.gob.ec\\\/index.php\\\/las-jornadas-medicas-llegaron-a-la-comunidad-las-balsas-de-calderon\\\/#primaryimage\"},\"thumbnailUrl\":\"https:\\\/\\\/www.manabi.gob.ec\\\/wp-content\\\/uploads\\\/2022\\\/04\\\/WhatsApp-Image-2022-04-15-at-12.10.37-PM.jpeg\",\"datePublished\":\"2022-04-15T17:23:14+00:00\",\"dateModified\":\"2022-04-15T17:23:18+00:00\",\"author\":{\"@id\":\"https:\\\/\\\/www.manabi.gob.ec\\\/#\\\/schema\\\/person\\\/c4f117989332ad723a6ced5994aa7d7a\"},\"breadcrumb\":{\"@id\":\"https:\\\/\\\/www.manabi.gob.ec\\\/index.php\\\/las-jornadas-medicas-llegaron-a-la-comunidad-las-balsas-de-calderon\\\/#breadcrumb\"},\"inLanguage\":\"es\",\"potentialAction\":[{\"@type\":\"ReadAction\",\"target\":[\"https:\\\/\\\/www.manabi.gob.ec\\\/index.php\\\/las-jornadas-medicas-llegaron-a-la-comunidad-las-balsas-de-calderon\\\/\"]}]},{\"@type\":\"ImageObject\",\"inLanguage\":\"es\",\"@id\":\"https:\\\/\\\/www.manabi.gob.ec\\\/index.php\\\/las-jornadas-medicas-llegaron-a-la-comunidad-las-balsas-de-calderon\\\/#primaryimage\",\"url\":\"https:\\\/\\\/www.manabi.gob.ec\\\/wp-content\\\/uploads\\\/2022\\\/04\\\/WhatsApp-Image-2022-04-15-at-12.10.37-PM.jpeg\",\"contentUrl\":\"https:\\\/\\\/www.manabi.gob.ec\\\/wp-content\\\/uploads\\\/2022\\\/04\\\/WhatsApp-Image-2022-04-15-at-12.10.37-PM.jpeg\",\"width\":1280,\"height\":960},{\"@type\":\"BreadcrumbList\",\"@id\":\"https:\\\/\\\/www.manabi.gob.ec\\\/index.php\\\/las-jornadas-medicas-llegaron-a-la-comunidad-las-balsas-de-calderon\\\/#breadcrumb\",\"itemListElement\":[{\"@type\":\"ListItem\",\"position\":1,\"name\":\"Portada\",\"item\":\"https:\\\/\\\/www.manabi.gob.ec\\\/\"},{\"@type\":\"ListItem\",\"position\":2,\"name\":\"Las jornadas m\u00e9dicas llegaron a la comunidad Las Balsas de Calder\u00f3n\"}]},{\"@type\":\"WebSite\",\"@id\":\"https:\\\/\\\/www.manabi.gob.ec\\\/#website\",\"url\":\"https:\\\/\\\/www.manabi.gob.ec\\\/\",\"name\":\"Prefectura de Manab\u00ed\",\"description\":\"P\u00e1gina web de la prefectura\",\"potentialAction\":[{\"@type\":\"SearchAction\",\"target\":{\"@type\":\"EntryPoint\",\"urlTemplate\":\"https:\\\/\\\/www.manabi.gob.ec\\\/?s={search_term_string}\"},\"query-input\":{\"@type\":\"PropertyValueSpecification\",\"valueRequired\":true,\"valueName\":\"search_term_string\"}}],\"inLanguage\":\"es\"},{\"@type\":\"Person\",\"@id\":\"https:\\\/\\\/www.manabi.gob.ec\\\/#\\\/schema\\\/person\\\/c4f117989332ad723a6ced5994aa7d7a\",\"name\":\"Lui Ochoa\",\"image\":{\"@type\":\"ImageObject\",\"inLanguage\":\"es\",\"@id\":\"https:\\\/\\\/secure.gravatar.com\\\/avatar\\\/6e8017d0fe69dead8a95864d2eb6e1e1d8bf8e01194ba49cf7b897ff038126ba?s=96&d=mm&r=g\",\"url\":\"https:\\\/\\\/secure.gravatar.com\\\/avatar\\\/6e8017d0fe69dead8a95864d2eb6e1e1d8bf8e01194ba49cf7b897ff038126ba?s=96&d=mm&r=g\",\"contentUrl\":\"https:\\\/\\\/secure.gravatar.com\\\/avatar\\\/6e8017d0fe69dead8a95864d2eb6e1e1d8bf8e01194ba49cf7b897ff038126ba?s=96&d=mm&r=g\",\"caption\":\"Lui Ochoa\"},\"url\":\"https:\\\/\\\/www.manabi.gob.ec\\\/index.php\\\/author\\\/lochoa\\\/\"}]}<\/script>\n<!-- \/ Yoast SEO plugin. -->","yoast_head_json":{"title":"Las jornadas m\u00e9dicas llegaron a la comunidad Las Balsas de Calder\u00f3n - Prefectura de Manab\u00ed","robots":{"index":"index","follow":"follow","max-snippet":"max-snippet:-1","max-image-preview":"max-image-preview:large","max-video-preview":"max-video-preview:-1"},"canonical":"https:\/\/www.manabi.gob.ec\/index.php\/las-jornadas-medicas-llegaron-a-la-comunidad-las-balsas-de-calderon\/","og_locale":"es_ES","og_type":"article","og_title":"Las jornadas m\u00e9dicas llegaron a la comunidad Las Balsas de Calder\u00f3n - Prefectura de Manab\u00ed","og_description":"Desde la direcci\u00f3n de Desarrollo Social de la Prefectura de Manab\u00ed, continuamos brindando atenci\u00f3n m\u00e9dica en diferentes frentes de salud ubicados de forma rotativa en todo el territorio manabita. El pasado 13 de abril llegamos hasta la comunidad Las Balsas de la parroquia Abd\u00f3n Calder\u00f3n, del cant\u00f3n Portoviejo. Se atendi\u00f3 en las \u00e1reas de odontolog\u00eda [&hellip;]","og_url":"https:\/\/www.manabi.gob.ec\/index.php\/las-jornadas-medicas-llegaron-a-la-comunidad-las-balsas-de-calderon\/","og_site_name":"Prefectura de Manab\u00ed","article_published_time":"2022-04-15T17:23:14+00:00","article_modified_time":"2022-04-15T17:23:18+00:00","og_image":[{"width":1280,"height":960,"url":"https:\/\/www.manabi.gob.ec\/wp-content\/uploads\/2022\/04\/WhatsApp-Image-2022-04-15-at-12.10.37-PM.jpeg","type":"image\/jpeg"}],"author":"Lui Ochoa","twitter_card":"summary_large_image","twitter_misc":{"Escrito por":"Lui Ochoa","Tiempo de lectura":"1 minuto"},"schema":{"@context":"https:\/\/schema.org","@graph":[{"@type":"Article","@id":"https:\/\/www.manabi.gob.ec\/index.php\/las-jornadas-medicas-llegaron-a-la-comunidad-las-balsas-de-calderon\/#article","isPartOf":{"@id":"https:\/\/www.manabi.gob.ec\/index.php\/las-jornadas-medicas-llegaron-a-la-comunidad-las-balsas-de-calderon\/"},"author":{"name":"Lui Ochoa","@id":"https:\/\/www.manabi.gob.ec\/#\/schema\/person\/c4f117989332ad723a6ced5994aa7d7a"},"headline":"Las jornadas m\u00e9dicas llegaron a la comunidad Las Balsas de Calder\u00f3n","datePublished":"2022-04-15T17:23:14+00:00","dateModified":"2022-04-15T17:23:18+00:00","mainEntityOfPage":{"@id":"https:\/\/www.manabi.gob.ec\/index.php\/las-jornadas-medicas-llegaron-a-la-comunidad-las-balsas-de-calderon\/"},"wordCount":179,"image":{"@id":"https:\/\/www.manabi.gob.ec\/index.php\/las-jornadas-medicas-llegaron-a-la-comunidad-las-balsas-de-calderon\/#primaryimage"},"thumbnailUrl":"https:\/\/www.manabi.gob.ec\/wp-content\/uploads\/2022\/04\/WhatsApp-Image-2022-04-15-at-12.10.37-PM.jpeg","articleSection":["Desarrollo Social","Noticias","Portoviejo","salud","Todas"],"inLanguage":"es"},{"@type":"WebPage","@id":"https:\/\/www.manabi.gob.ec\/index.php\/las-jornadas-medicas-llegaron-a-la-comunidad-las-balsas-de-calderon\/","url":"https:\/\/www.manabi.gob.ec\/index.php\/las-jornadas-medicas-llegaron-a-la-comunidad-las-balsas-de-calderon\/","name":"Las jornadas m\u00e9dicas llegaron a la comunidad Las Balsas de Calder\u00f3n - Prefectura de Manab\u00ed","isPartOf":{"@id":"https:\/\/www.manabi.gob.ec\/#website"},"primaryImageOfPage":{"@id":"https:\/\/www.manabi.gob.ec\/index.php\/las-jornadas-medicas-llegaron-a-la-comunidad-las-balsas-de-calderon\/#primaryimage"},"image":{"@id":"https:\/\/www.manabi.gob.ec\/index.php\/las-jornadas-medicas-llegaron-a-la-comunidad-las-balsas-de-calderon\/#primaryimage"},"thumbnailUrl":"https:\/\/www.manabi.gob.ec\/wp-content\/uploads\/2022\/04\/WhatsApp-Image-2022-04-15-at-12.10.37-PM.jpeg","datePublished":"2022-04-15T17:23:14+00:00","dateModified":"2022-04-15T17:23:18+00:00","author":{"@id":"https:\/\/www.manabi.gob.ec\/#\/schema\/person\/c4f117989332ad723a6ced5994aa7d7a"},"breadcrumb":{"@id":"https:\/\/www.manabi.gob.ec\/index.php\/las-jornadas-medicas-llegaron-a-la-comunidad-las-balsas-de-calderon\/#breadcrumb"},"inLanguage":"es","potentialAction":[{"@type":"ReadAction","target":["https:\/\/www.manabi.gob.ec\/index.php\/las-jornadas-medicas-llegaron-a-la-comunidad-las-balsas-de-calderon\/"]}]},{"@type":"ImageObject","inLanguage":"es","@id":"https:\/\/www.manabi.gob.ec\/index.php\/las-jornadas-medicas-llegaron-a-la-comunidad-las-balsas-de-calderon\/#primaryimage","url":"https:\/\/www.manabi.gob.ec\/wp-content\/uploads\/2022\/04\/WhatsApp-Image-2022-04-15-at-12.10.37-PM.jpeg","contentUrl":"https:\/\/www.manabi.gob.ec\/wp-content\/uploads\/2022\/04\/WhatsApp-Image-2022-04-15-at-12.10.37-PM.jpeg","width":1280,"height":960},{"@type":"BreadcrumbList","@id":"https:\/\/www.manabi.gob.ec\/index.php\/las-jornadas-medicas-llegaron-a-la-comunidad-las-balsas-de-calderon\/#breadcrumb","itemListElement":[{"@type":"ListItem","position":1,"name":"Portada","item":"https:\/\/www.manabi.gob.ec\/"},{"@type":"ListItem","position":2,"name":"Las jornadas m\u00e9dicas llegaron a la comunidad Las Balsas de Calder\u00f3n"}]},{"@type":"WebSite","@id":"https:\/\/www.manabi.gob.ec\/#website","url":"https:\/\/www.manabi.gob.ec\/","name":"Prefectura de Manab\u00ed","description":"P\u00e1gina web de la prefectura","potentialAction":[{"@type":"SearchAction","target":{"@type":"EntryPoint","urlTemplate":"https:\/\/www.manabi.gob.ec\/?s={search_term_string}"},"query-input":{"@type":"PropertyValueSpecification","valueRequired":true,"valueName":"search_term_string"}}],"inLanguage":"es"},{"@type":"Person","@id":"https:\/\/www.manabi.gob.ec\/#\/schema\/person\/c4f117989332ad723a6ced5994aa7d7a","name":"Lui Ochoa","image":{"@type":"ImageObject","inLanguage":"es","@id":"https:\/\/secure.gravatar.com\/avatar\/6e8017d0fe69dead8a95864d2eb6e1e1d8bf8e01194ba49cf7b897ff038126ba?s=96&d=mm&r=g","url":"https:\/\/secure.gravatar.com\/avatar\/6e8017d0fe69dead8a95864d2eb6e1e1d8bf8e01194ba49cf7b897ff038126ba?s=96&d=mm&r=g","contentUrl":"https:\/\/secure.gravatar.com\/avatar\/6e8017d0fe69dead8a95864d2eb6e1e1d8bf8e01194ba49cf7b897ff038126ba?s=96&d=mm&r=g","caption":"Lui Ochoa"},"url":"https:\/\/www.manabi.gob.ec\/index.php\/author\/lochoa\/"}]}},"jetpack_featured_media_url":"https:\/\/www.manabi.gob.ec\/wp-content\/uploads\/2022\/04\/WhatsApp-Image-2022-04-15-at-12.10.37-PM.jpeg","_links":{"self":[{"href":"https:\/\/www.manabi.gob.ec\/index.php\/wp-json\/wp\/v2\/posts\/20239","targetHints":{"allow":["GET"]}}],"collection":[{"href":"https:\/\/www.manabi.gob.ec\/index.php\/wp-json\/wp\/v2\/posts"}],"about":[{"href":"https:\/\/www.manabi.gob.ec\/index.php\/wp-json\/wp\/v2\/types\/post"}],"author":[{"embeddable":true,"href":"https:\/\/www.manabi.gob.ec\/index.php\/wp-json\/wp\/v2\/users\/10"}],"replies":[{"embeddable":true,"href":"https:\/\/www.manabi.gob.ec\/index.php\/wp-json\/wp\/v2\/comments?post=20239"}],"version-history":[{"count":0,"href":"https:\/\/www.manabi.gob.ec\/index.php\/wp-json\/wp\/v2\/posts\/20239\/revisions"}],"wp:featuredmedia":[{"embeddable":true,"href":"https:\/\/www.manabi.gob.ec\/index.php\/wp-json\/wp\/v2\/media\/20241"}],"wp:attachment":[{"href":"https:\/\/www.manabi.gob.ec\/index.php\/wp-json\/wp\/v2\/media?parent=20239"}],"wp:term":[{"taxonomy":"category","embeddable":true,"href":"https:\/\/www.manabi.gob.ec\/index.php\/wp-json\/wp\/v2\/categories?post=20239"},{"taxonomy":"post_tag","embeddable":true,"href":"https:\/\/www.manabi.gob.ec\/index.php\/wp-json\/wp\/v2\/tags?post=20239"}],"curies":[{"name":"wp","href":"https:\/\/api.w.org\/{rel}","templated":true}]}}