{"id":20243,"date":"2022-04-15T20:03:54","date_gmt":"2022-04-15T20:03:54","guid":{"rendered":"https:\/\/www.manabi.gob.ec\/?p=20243"},"modified":"2022-04-15T20:03:57","modified_gmt":"2022-04-15T20:03:57","slug":"en-este-feriado-de-semana-santa-manabi-promociona-sus-productos-en-la-mitad-del-mundo","status":"publish","type":"post","link":"https:\/\/www.manabi.gob.ec\/index.php\/en-este-feriado-de-semana-santa-manabi-promociona-sus-productos-en-la-mitad-del-mundo\/","title":{"rendered":"EN ESTE FERIADO DE SEMANA SANTA MANAB\u00cd PROMOCIONA SUS PRODUCTOS  EN LA MITAD DEL MUNDO"},"content":{"rendered":"\n<p><\/p>\n\n\n\n<p>La Prefectura de Manab\u00ed presentar\u00e1 su marca Hecho 100% en Manab\u00ed en la Ciudad Mitad del Mundo con sus emprendedores y ofertas tur\u00edsticas. La feria Tur\u00edstica, Cultural, Artesanal y Productiva se realizar\u00e1 este s\u00e1bado 16 y domingo 17 de abril del 2022.<\/p>\n\n\n\n<p>El prefecto de Manab\u00ed, Leonardo Orlando, explic\u00f3 que se presentar\u00e1n 45 emprendedores con diversos productos que se cultivan, procesan y se promueven en la provincia. Todos ellos representar\u00e1n a todos los emprendimientos que se desarrollan en las comunidades, parroquias y cantones de Manab\u00ed.<br>Habr\u00e1 desde artesan\u00edas, caf\u00e9, cacao, chocolate, bebidas, frutos secos, jabones y cosm\u00e9ticos, destilados, conservas, y otros que son elaborados por manos artesanas y emprendedores.<br>Todos los productos se presentar\u00e1n bajo la marca Hecho 100% en Manab\u00ed, que promover\u00e1 la provincia en el \u00e1mbito productivo, tur\u00edstico, gastron\u00f3mico y cultural de la provincia.<br>El Prefecto se\u00f1al\u00f3 que la idea es lograr que las personas que lleguen a la Ciudad Mitad del Mundo adquieran los art\u00edculos y ayuden a las familias emprendedoras a reactivar su econom\u00eda.<br>La autoridad provincial coment\u00f3 que, a ra\u00edz de la pandemia, nuevos emprendimientos han surgido de la producci\u00f3n primaria, recetas familiares y de la necesidad de crear oportunidades de ingresos econ\u00f3micos para dinamizar la econom\u00eda de la familia manabita.<br>A las 11h00 del s\u00e1bado 16 de abril ser\u00e1 inaugurada la feria que atender\u00e1 hasta las 17h00. El domingo, desde las 09h00 hasta las 17h00, habr\u00e1 productos con transformaci\u00f3n, valor agregado e innovaci\u00f3n; tambi\u00e9n danzas, cocina ancestral en vivo y artistas, se\u00f1al\u00f3 el prefecto.<br>La muestra gastron\u00f3mica incluir\u00e1 platos tradiciones como chame crocante ba\u00f1ado en cebiche de ovo, mango y grosella, biche de albacora, camar\u00f3n y cangrejo, chocolate caliente con empanadas de sabores de la careta de \u201cVuelta al Campo\u201d del cant\u00f3n Chone.<\/p>\n","protected":false},"excerpt":{"rendered":"<p>La Prefectura de Manab\u00ed presentar\u00e1 su marca Hecho 100% en Manab\u00ed en la Ciudad Mitad del Mundo con sus emprendedores y ofertas tur\u00edsticas. La feria Tur\u00edstica, Cultural, Artesanal y Productiva se realizar\u00e1 este s\u00e1bado 16 y domingo 17 de abril del 2022. El prefecto de Manab\u00ed, Leonardo Orlando, explic\u00f3 que se presentar\u00e1n 45 emprendedores con [&hellip;]<\/p>\n","protected":false},"author":10,"featured_media":20245,"comment_status":"closed","ping_status":"closed","sticky":false,"template":"","format":"standard","meta":{"_joinchat":[],"footnotes":""},"categories":[92,91,81],"tags":[],"class_list":["post-20243","post","type-post","status-publish","format-standard","has-post-thumbnail","hentry","category-noticias-manabi","category-todas","category-turismo"],"yoast_head":"<!-- This site is optimized with the Yoast SEO plugin v27.4 - https:\/\/yoast.com\/product\/yoast-seo-wordpress\/ -->\n<title>EN ESTE FERIADO DE SEMANA SANTA MANAB\u00cd PROMOCIONA SUS PRODUCTOS EN LA MITAD DEL MUNDO - Prefectura de Manab\u00ed<\/title>\n<meta name=\"description\" content=\"La Prefectura de Manab\u00ed presentar\u00e1 su marca Hecho 100% en Manab\u00ed en la Ciudad Mitad del Mundo con sus emprendedores y ofertas tur\u00edsticas. La feria Tur\u00edstica, Cultural, Artesanal y Productiva se realizar\u00e1 este s\u00e1bado 16 y domingo 17 de abril del 2022.El prefecto de Manab\u00ed, Leonardo Orlando, explic\u00f3 que se presentar\u00e1n 45 emprendedores con diversos productos que se cultivan, procesan y se promueven en la provincia. Todos ellos representar\u00e1n a todos los emprendimientos que se desarrollan en las comunidades, parroquias y cantones de Manab\u00ed.Habr\u00e1 desde artesan\u00edas, caf\u00e9, cacao, chocolate, bebidas, frutos secos, jabones y cosm\u00e9ticos, destilados, conservas, y otros que son elaborados por manos artesanas y emprendedores.Todos los productos se presentar\u00e1n bajo la marca Hecho 100% en Manab\u00ed, que promover\u00e1 la provincia en el \u00e1mbito productivo, tur\u00edstico, gastron\u00f3mico y cultural de la provincia.El Prefecto se\u00f1al\u00f3 que la idea es lograr que las personas que lleguen a la Ciudad Mitad del Mundo adquieran los art\u00edculos y ayuden a las familias emprendedoras a reactivar su econom\u00eda.La autoridad provincial coment\u00f3 que, a ra\u00edz de la pandemia, nuevos emprendimientos han surgido de la producci\u00f3n primaria, recetas familiares y de la necesidad de crear oportunidades de ingresos econ\u00f3micos para dinamizar la econom\u00eda de la familia manabita.A las 11h00 del s\u00e1bado 16 de abril ser\u00e1 inaugurada la feria que atender\u00e1 hasta las 17h00. El domingo, desde las 09h00 hasta las 17h00, habr\u00e1 productos con transformaci\u00f3n, valor agregado e innovaci\u00f3n; tambi\u00e9n danzas, cocina ancestral en vivo y artistas, se\u00f1al\u00f3 el prefecto.La muestra gastron\u00f3mica incluir\u00e1 platos tradiciones como chame crocante ba\u00f1ado en cebiche de ovo, mango y grosella, biche de albacora, camar\u00f3n y cangrejo, chocolate caliente con empanadas de sabores de la careta de \u201cVuelta al Campo\u201d del cant\u00f3n Chone.\" \/>\n<meta name=\"robots\" content=\"index, follow, max-snippet:-1, max-image-preview:large, max-video-preview:-1\" \/>\n<link rel=\"canonical\" href=\"https:\/\/www.manabi.gob.ec\/index.php\/en-este-feriado-de-semana-santa-manabi-promociona-sus-productos-en-la-mitad-del-mundo\/\" \/>\n<meta property=\"og:locale\" content=\"es_ES\" \/>\n<meta property=\"og:type\" content=\"article\" \/>\n<meta property=\"og:title\" content=\"EN ESTE FERIADO DE SEMANA SANTA MANAB\u00cd PROMOCIONA SUS PRODUCTOS EN LA MITAD DEL MUNDO - Prefectura de Manab\u00ed\" \/>\n<meta property=\"og:description\" content=\"La Prefectura de Manab\u00ed presentar\u00e1 su marca Hecho 100% en Manab\u00ed en la Ciudad Mitad del Mundo con sus emprendedores y ofertas tur\u00edsticas. La feria Tur\u00edstica, Cultural, Artesanal y Productiva se realizar\u00e1 este s\u00e1bado 16 y domingo 17 de abril del 2022.El prefecto de Manab\u00ed, Leonardo Orlando, explic\u00f3 que se presentar\u00e1n 45 emprendedores con diversos productos que se cultivan, procesan y se promueven en la provincia. Todos ellos representar\u00e1n a todos los emprendimientos que se desarrollan en las comunidades, parroquias y cantones de Manab\u00ed.Habr\u00e1 desde artesan\u00edas, caf\u00e9, cacao, chocolate, bebidas, frutos secos, jabones y cosm\u00e9ticos, destilados, conservas, y otros que son elaborados por manos artesanas y emprendedores.Todos los productos se presentar\u00e1n bajo la marca Hecho 100% en Manab\u00ed, que promover\u00e1 la provincia en el \u00e1mbito productivo, tur\u00edstico, gastron\u00f3mico y cultural de la provincia.El Prefecto se\u00f1al\u00f3 que la idea es lograr que las personas que lleguen a la Ciudad Mitad del Mundo adquieran los art\u00edculos y ayuden a las familias emprendedoras a reactivar su econom\u00eda.La autoridad provincial coment\u00f3 que, a ra\u00edz de la pandemia, nuevos emprendimientos han surgido de la producci\u00f3n primaria, recetas familiares y de la necesidad de crear oportunidades de ingresos econ\u00f3micos para dinamizar la econom\u00eda de la familia manabita.A las 11h00 del s\u00e1bado 16 de abril ser\u00e1 inaugurada la feria que atender\u00e1 hasta las 17h00. El domingo, desde las 09h00 hasta las 17h00, habr\u00e1 productos con transformaci\u00f3n, valor agregado e innovaci\u00f3n; tambi\u00e9n danzas, cocina ancestral en vivo y artistas, se\u00f1al\u00f3 el prefecto.La muestra gastron\u00f3mica incluir\u00e1 platos tradiciones como chame crocante ba\u00f1ado en cebiche de ovo, mango y grosella, biche de albacora, camar\u00f3n y cangrejo, chocolate caliente con empanadas de sabores de la careta de \u201cVuelta al Campo\u201d del cant\u00f3n Chone.\" \/>\n<meta property=\"og:url\" content=\"https:\/\/www.manabi.gob.ec\/index.php\/en-este-feriado-de-semana-santa-manabi-promociona-sus-productos-en-la-mitad-del-mundo\/\" \/>\n<meta property=\"og:site_name\" content=\"Prefectura de Manab\u00ed\" \/>\n<meta property=\"article:published_time\" content=\"2022-04-15T20:03:54+00:00\" \/>\n<meta property=\"article:modified_time\" content=\"2022-04-15T20:03:57+00:00\" \/>\n<meta property=\"og:image\" content=\"https:\/\/www.manabi.gob.ec\/wp-content\/uploads\/2022\/04\/WhatsApp-Image-2022-04-15-at-2.02.38-PM.jpeg\" \/>\n\t<meta property=\"og:image:width\" content=\"1279\" \/>\n\t<meta property=\"og:image:height\" content=\"1280\" \/>\n\t<meta property=\"og:image:type\" content=\"image\/jpeg\" \/>\n<meta name=\"author\" content=\"Lui Ochoa\" \/>\n<meta name=\"twitter:card\" content=\"summary_large_image\" \/>\n<meta name=\"twitter:label1\" content=\"Escrito por\" \/>\n\t<meta name=\"twitter:data1\" content=\"Lui Ochoa\" \/>\n\t<meta name=\"twitter:label2\" content=\"Tiempo de lectura\" \/>\n\t<meta name=\"twitter:data2\" content=\"2 minutos\" \/>\n<script type=\"application\/ld+json\" class=\"yoast-schema-graph\">{\"@context\":\"https:\\\/\\\/schema.org\",\"@graph\":[{\"@type\":\"Article\",\"@id\":\"https:\\\/\\\/www.manabi.gob.ec\\\/index.php\\\/en-este-feriado-de-semana-santa-manabi-promociona-sus-productos-en-la-mitad-del-mundo\\\/#article\",\"isPartOf\":{\"@id\":\"https:\\\/\\\/www.manabi.gob.ec\\\/index.php\\\/en-este-feriado-de-semana-santa-manabi-promociona-sus-productos-en-la-mitad-del-mundo\\\/\"},\"author\":{\"name\":\"Lui Ochoa\",\"@id\":\"https:\\\/\\\/www.manabi.gob.ec\\\/#\\\/schema\\\/person\\\/c4f117989332ad723a6ced5994aa7d7a\"},\"headline\":\"EN ESTE FERIADO DE SEMANA SANTA MANAB\u00cd PROMOCIONA SUS PRODUCTOS EN LA MITAD DEL MUNDO\",\"datePublished\":\"2022-04-15T20:03:54+00:00\",\"dateModified\":\"2022-04-15T20:03:57+00:00\",\"mainEntityOfPage\":{\"@id\":\"https:\\\/\\\/www.manabi.gob.ec\\\/index.php\\\/en-este-feriado-de-semana-santa-manabi-promociona-sus-productos-en-la-mitad-del-mundo\\\/\"},\"wordCount\":323,\"image\":{\"@id\":\"https:\\\/\\\/www.manabi.gob.ec\\\/index.php\\\/en-este-feriado-de-semana-santa-manabi-promociona-sus-productos-en-la-mitad-del-mundo\\\/#primaryimage\"},\"thumbnailUrl\":\"https:\\\/\\\/www.manabi.gob.ec\\\/wp-content\\\/uploads\\\/2022\\\/04\\\/WhatsApp-Image-2022-04-15-at-2.02.38-PM.jpeg\",\"articleSection\":[\"Noticias\",\"Todas\",\"Turismo\"],\"inLanguage\":\"es\"},{\"@type\":\"WebPage\",\"@id\":\"https:\\\/\\\/www.manabi.gob.ec\\\/index.php\\\/en-este-feriado-de-semana-santa-manabi-promociona-sus-productos-en-la-mitad-del-mundo\\\/\",\"url\":\"https:\\\/\\\/www.manabi.gob.ec\\\/index.php\\\/en-este-feriado-de-semana-santa-manabi-promociona-sus-productos-en-la-mitad-del-mundo\\\/\",\"name\":\"EN ESTE FERIADO DE SEMANA SANTA MANAB\u00cd PROMOCIONA SUS PRODUCTOS EN LA MITAD DEL MUNDO - Prefectura de Manab\u00ed\",\"isPartOf\":{\"@id\":\"https:\\\/\\\/www.manabi.gob.ec\\\/#website\"},\"primaryImageOfPage\":{\"@id\":\"https:\\\/\\\/www.manabi.gob.ec\\\/index.php\\\/en-este-feriado-de-semana-santa-manabi-promociona-sus-productos-en-la-mitad-del-mundo\\\/#primaryimage\"},\"image\":{\"@id\":\"https:\\\/\\\/www.manabi.gob.ec\\\/index.php\\\/en-este-feriado-de-semana-santa-manabi-promociona-sus-productos-en-la-mitad-del-mundo\\\/#primaryimage\"},\"thumbnailUrl\":\"https:\\\/\\\/www.manabi.gob.ec\\\/wp-content\\\/uploads\\\/2022\\\/04\\\/WhatsApp-Image-2022-04-15-at-2.02.38-PM.jpeg\",\"datePublished\":\"2022-04-15T20:03:54+00:00\",\"dateModified\":\"2022-04-15T20:03:57+00:00\",\"author\":{\"@id\":\"https:\\\/\\\/www.manabi.gob.ec\\\/#\\\/schema\\\/person\\\/c4f117989332ad723a6ced5994aa7d7a\"},\"description\":\"La Prefectura de Manab\u00ed presentar\u00e1 su marca Hecho 100% en Manab\u00ed en la Ciudad Mitad del Mundo con sus emprendedores y ofertas tur\u00edsticas. La feria Tur\u00edstica, Cultural, Artesanal y Productiva se realizar\u00e1 este s\u00e1bado 16 y domingo 17 de abril del 2022.El prefecto de Manab\u00ed, Leonardo Orlando, explic\u00f3 que se presentar\u00e1n 45 emprendedores con diversos productos que se cultivan, procesan y se promueven en la provincia. Todos ellos representar\u00e1n a todos los emprendimientos que se desarrollan en las comunidades, parroquias y cantones de Manab\u00ed.Habr\u00e1 desde artesan\u00edas, caf\u00e9, cacao, chocolate, bebidas, frutos secos, jabones y cosm\u00e9ticos, destilados, conservas, y otros que son elaborados por manos artesanas y emprendedores.Todos los productos se presentar\u00e1n bajo la marca Hecho 100% en Manab\u00ed, que promover\u00e1 la provincia en el \u00e1mbito productivo, tur\u00edstico, gastron\u00f3mico y cultural de la provincia.El Prefecto se\u00f1al\u00f3 que la idea es lograr que las personas que lleguen a la Ciudad Mitad del Mundo adquieran los art\u00edculos y ayuden a las familias emprendedoras a reactivar su econom\u00eda.La autoridad provincial coment\u00f3 que, a ra\u00edz de la pandemia, nuevos emprendimientos han surgido de la producci\u00f3n primaria, recetas familiares y de la necesidad de crear oportunidades de ingresos econ\u00f3micos para dinamizar la econom\u00eda de la familia manabita.A las 11h00 del s\u00e1bado 16 de abril ser\u00e1 inaugurada la feria que atender\u00e1 hasta las 17h00. El domingo, desde las 09h00 hasta las 17h00, habr\u00e1 productos con transformaci\u00f3n, valor agregado e innovaci\u00f3n; tambi\u00e9n danzas, cocina ancestral en vivo y artistas, se\u00f1al\u00f3 el prefecto.La muestra gastron\u00f3mica incluir\u00e1 platos tradiciones como chame crocante ba\u00f1ado en cebiche de ovo, mango y grosella, biche de albacora, camar\u00f3n y cangrejo, chocolate caliente con empanadas de sabores de la careta de \u201cVuelta al Campo\u201d del cant\u00f3n Chone.\",\"breadcrumb\":{\"@id\":\"https:\\\/\\\/www.manabi.gob.ec\\\/index.php\\\/en-este-feriado-de-semana-santa-manabi-promociona-sus-productos-en-la-mitad-del-mundo\\\/#breadcrumb\"},\"inLanguage\":\"es\",\"potentialAction\":[{\"@type\":\"ReadAction\",\"target\":[\"https:\\\/\\\/www.manabi.gob.ec\\\/index.php\\\/en-este-feriado-de-semana-santa-manabi-promociona-sus-productos-en-la-mitad-del-mundo\\\/\"]}]},{\"@type\":\"ImageObject\",\"inLanguage\":\"es\",\"@id\":\"https:\\\/\\\/www.manabi.gob.ec\\\/index.php\\\/en-este-feriado-de-semana-santa-manabi-promociona-sus-productos-en-la-mitad-del-mundo\\\/#primaryimage\",\"url\":\"https:\\\/\\\/www.manabi.gob.ec\\\/wp-content\\\/uploads\\\/2022\\\/04\\\/WhatsApp-Image-2022-04-15-at-2.02.38-PM.jpeg\",\"contentUrl\":\"https:\\\/\\\/www.manabi.gob.ec\\\/wp-content\\\/uploads\\\/2022\\\/04\\\/WhatsApp-Image-2022-04-15-at-2.02.38-PM.jpeg\",\"width\":1279,\"height\":1280},{\"@type\":\"BreadcrumbList\",\"@id\":\"https:\\\/\\\/www.manabi.gob.ec\\\/index.php\\\/en-este-feriado-de-semana-santa-manabi-promociona-sus-productos-en-la-mitad-del-mundo\\\/#breadcrumb\",\"itemListElement\":[{\"@type\":\"ListItem\",\"position\":1,\"name\":\"Portada\",\"item\":\"https:\\\/\\\/www.manabi.gob.ec\\\/\"},{\"@type\":\"ListItem\",\"position\":2,\"name\":\"EN ESTE FERIADO DE SEMANA SANTA MANAB\u00cd PROMOCIONA SUS PRODUCTOS EN LA MITAD DEL MUNDO\"}]},{\"@type\":\"WebSite\",\"@id\":\"https:\\\/\\\/www.manabi.gob.ec\\\/#website\",\"url\":\"https:\\\/\\\/www.manabi.gob.ec\\\/\",\"name\":\"Prefectura de Manab\u00ed\",\"description\":\"P\u00e1gina web de la prefectura\",\"potentialAction\":[{\"@type\":\"SearchAction\",\"target\":{\"@type\":\"EntryPoint\",\"urlTemplate\":\"https:\\\/\\\/www.manabi.gob.ec\\\/?s={search_term_string}\"},\"query-input\":{\"@type\":\"PropertyValueSpecification\",\"valueRequired\":true,\"valueName\":\"search_term_string\"}}],\"inLanguage\":\"es\"},{\"@type\":\"Person\",\"@id\":\"https:\\\/\\\/www.manabi.gob.ec\\\/#\\\/schema\\\/person\\\/c4f117989332ad723a6ced5994aa7d7a\",\"name\":\"Lui Ochoa\",\"image\":{\"@type\":\"ImageObject\",\"inLanguage\":\"es\",\"@id\":\"https:\\\/\\\/secure.gravatar.com\\\/avatar\\\/6e8017d0fe69dead8a95864d2eb6e1e1d8bf8e01194ba49cf7b897ff038126ba?s=96&d=mm&r=g\",\"url\":\"https:\\\/\\\/secure.gravatar.com\\\/avatar\\\/6e8017d0fe69dead8a95864d2eb6e1e1d8bf8e01194ba49cf7b897ff038126ba?s=96&d=mm&r=g\",\"contentUrl\":\"https:\\\/\\\/secure.gravatar.com\\\/avatar\\\/6e8017d0fe69dead8a95864d2eb6e1e1d8bf8e01194ba49cf7b897ff038126ba?s=96&d=mm&r=g\",\"caption\":\"Lui Ochoa\"},\"url\":\"https:\\\/\\\/www.manabi.gob.ec\\\/index.php\\\/author\\\/lochoa\\\/\"}]}<\/script>\n<!-- \/ Yoast SEO plugin. -->","yoast_head_json":{"title":"EN ESTE FERIADO DE SEMANA SANTA MANAB\u00cd PROMOCIONA SUS PRODUCTOS EN LA MITAD DEL MUNDO - Prefectura de Manab\u00ed","description":"La Prefectura de Manab\u00ed presentar\u00e1 su marca Hecho 100% en Manab\u00ed en la Ciudad Mitad del Mundo con sus emprendedores y ofertas tur\u00edsticas. La feria Tur\u00edstica, Cultural, Artesanal y Productiva se realizar\u00e1 este s\u00e1bado 16 y domingo 17 de abril del 2022.El prefecto de Manab\u00ed, Leonardo Orlando, explic\u00f3 que se presentar\u00e1n 45 emprendedores con diversos productos que se cultivan, procesan y se promueven en la provincia. Todos ellos representar\u00e1n a todos los emprendimientos que se desarrollan en las comunidades, parroquias y cantones de Manab\u00ed.Habr\u00e1 desde artesan\u00edas, caf\u00e9, cacao, chocolate, bebidas, frutos secos, jabones y cosm\u00e9ticos, destilados, conservas, y otros que son elaborados por manos artesanas y emprendedores.Todos los productos se presentar\u00e1n bajo la marca Hecho 100% en Manab\u00ed, que promover\u00e1 la provincia en el \u00e1mbito productivo, tur\u00edstico, gastron\u00f3mico y cultural de la provincia.El Prefecto se\u00f1al\u00f3 que la idea es lograr que las personas que lleguen a la Ciudad Mitad del Mundo adquieran los art\u00edculos y ayuden a las familias emprendedoras a reactivar su econom\u00eda.La autoridad provincial coment\u00f3 que, a ra\u00edz de la pandemia, nuevos emprendimientos han surgido de la producci\u00f3n primaria, recetas familiares y de la necesidad de crear oportunidades de ingresos econ\u00f3micos para dinamizar la econom\u00eda de la familia manabita.A las 11h00 del s\u00e1bado 16 de abril ser\u00e1 inaugurada la feria que atender\u00e1 hasta las 17h00. El domingo, desde las 09h00 hasta las 17h00, habr\u00e1 productos con transformaci\u00f3n, valor agregado e innovaci\u00f3n; tambi\u00e9n danzas, cocina ancestral en vivo y artistas, se\u00f1al\u00f3 el prefecto.La muestra gastron\u00f3mica incluir\u00e1 platos tradiciones como chame crocante ba\u00f1ado en cebiche de ovo, mango y grosella, biche de albacora, camar\u00f3n y cangrejo, chocolate caliente con empanadas de sabores de la careta de \u201cVuelta al Campo\u201d del cant\u00f3n Chone.","robots":{"index":"index","follow":"follow","max-snippet":"max-snippet:-1","max-image-preview":"max-image-preview:large","max-video-preview":"max-video-preview:-1"},"canonical":"https:\/\/www.manabi.gob.ec\/index.php\/en-este-feriado-de-semana-santa-manabi-promociona-sus-productos-en-la-mitad-del-mundo\/","og_locale":"es_ES","og_type":"article","og_title":"EN ESTE FERIADO DE SEMANA SANTA MANAB\u00cd PROMOCIONA SUS PRODUCTOS EN LA MITAD DEL MUNDO - Prefectura de Manab\u00ed","og_description":"La Prefectura de Manab\u00ed presentar\u00e1 su marca Hecho 100% en Manab\u00ed en la Ciudad Mitad del Mundo con sus emprendedores y ofertas tur\u00edsticas. La feria Tur\u00edstica, Cultural, Artesanal y Productiva se realizar\u00e1 este s\u00e1bado 16 y domingo 17 de abril del 2022.El prefecto de Manab\u00ed, Leonardo Orlando, explic\u00f3 que se presentar\u00e1n 45 emprendedores con diversos productos que se cultivan, procesan y se promueven en la provincia. Todos ellos representar\u00e1n a todos los emprendimientos que se desarrollan en las comunidades, parroquias y cantones de Manab\u00ed.Habr\u00e1 desde artesan\u00edas, caf\u00e9, cacao, chocolate, bebidas, frutos secos, jabones y cosm\u00e9ticos, destilados, conservas, y otros que son elaborados por manos artesanas y emprendedores.Todos los productos se presentar\u00e1n bajo la marca Hecho 100% en Manab\u00ed, que promover\u00e1 la provincia en el \u00e1mbito productivo, tur\u00edstico, gastron\u00f3mico y cultural de la provincia.El Prefecto se\u00f1al\u00f3 que la idea es lograr que las personas que lleguen a la Ciudad Mitad del Mundo adquieran los art\u00edculos y ayuden a las familias emprendedoras a reactivar su econom\u00eda.La autoridad provincial coment\u00f3 que, a ra\u00edz de la pandemia, nuevos emprendimientos han surgido de la producci\u00f3n primaria, recetas familiares y de la necesidad de crear oportunidades de ingresos econ\u00f3micos para dinamizar la econom\u00eda de la familia manabita.A las 11h00 del s\u00e1bado 16 de abril ser\u00e1 inaugurada la feria que atender\u00e1 hasta las 17h00. El domingo, desde las 09h00 hasta las 17h00, habr\u00e1 productos con transformaci\u00f3n, valor agregado e innovaci\u00f3n; tambi\u00e9n danzas, cocina ancestral en vivo y artistas, se\u00f1al\u00f3 el prefecto.La muestra gastron\u00f3mica incluir\u00e1 platos tradiciones como chame crocante ba\u00f1ado en cebiche de ovo, mango y grosella, biche de albacora, camar\u00f3n y cangrejo, chocolate caliente con empanadas de sabores de la careta de \u201cVuelta al Campo\u201d del cant\u00f3n Chone.","og_url":"https:\/\/www.manabi.gob.ec\/index.php\/en-este-feriado-de-semana-santa-manabi-promociona-sus-productos-en-la-mitad-del-mundo\/","og_site_name":"Prefectura de Manab\u00ed","article_published_time":"2022-04-15T20:03:54+00:00","article_modified_time":"2022-04-15T20:03:57+00:00","og_image":[{"width":1279,"height":1280,"url":"https:\/\/www.manabi.gob.ec\/wp-content\/uploads\/2022\/04\/WhatsApp-Image-2022-04-15-at-2.02.38-PM.jpeg","type":"image\/jpeg"}],"author":"Lui Ochoa","twitter_card":"summary_large_image","twitter_misc":{"Escrito por":"Lui Ochoa","Tiempo de lectura":"2 minutos"},"schema":{"@context":"https:\/\/schema.org","@graph":[{"@type":"Article","@id":"https:\/\/www.manabi.gob.ec\/index.php\/en-este-feriado-de-semana-santa-manabi-promociona-sus-productos-en-la-mitad-del-mundo\/#article","isPartOf":{"@id":"https:\/\/www.manabi.gob.ec\/index.php\/en-este-feriado-de-semana-santa-manabi-promociona-sus-productos-en-la-mitad-del-mundo\/"},"author":{"name":"Lui Ochoa","@id":"https:\/\/www.manabi.gob.ec\/#\/schema\/person\/c4f117989332ad723a6ced5994aa7d7a"},"headline":"EN ESTE FERIADO DE SEMANA SANTA MANAB\u00cd PROMOCIONA SUS PRODUCTOS EN LA MITAD DEL MUNDO","datePublished":"2022-04-15T20:03:54+00:00","dateModified":"2022-04-15T20:03:57+00:00","mainEntityOfPage":{"@id":"https:\/\/www.manabi.gob.ec\/index.php\/en-este-feriado-de-semana-santa-manabi-promociona-sus-productos-en-la-mitad-del-mundo\/"},"wordCount":323,"image":{"@id":"https:\/\/www.manabi.gob.ec\/index.php\/en-este-feriado-de-semana-santa-manabi-promociona-sus-productos-en-la-mitad-del-mundo\/#primaryimage"},"thumbnailUrl":"https:\/\/www.manabi.gob.ec\/wp-content\/uploads\/2022\/04\/WhatsApp-Image-2022-04-15-at-2.02.38-PM.jpeg","articleSection":["Noticias","Todas","Turismo"],"inLanguage":"es"},{"@type":"WebPage","@id":"https:\/\/www.manabi.gob.ec\/index.php\/en-este-feriado-de-semana-santa-manabi-promociona-sus-productos-en-la-mitad-del-mundo\/","url":"https:\/\/www.manabi.gob.ec\/index.php\/en-este-feriado-de-semana-santa-manabi-promociona-sus-productos-en-la-mitad-del-mundo\/","name":"EN ESTE FERIADO DE SEMANA SANTA MANAB\u00cd PROMOCIONA SUS PRODUCTOS EN LA MITAD DEL MUNDO - Prefectura de Manab\u00ed","isPartOf":{"@id":"https:\/\/www.manabi.gob.ec\/#website"},"primaryImageOfPage":{"@id":"https:\/\/www.manabi.gob.ec\/index.php\/en-este-feriado-de-semana-santa-manabi-promociona-sus-productos-en-la-mitad-del-mundo\/#primaryimage"},"image":{"@id":"https:\/\/www.manabi.gob.ec\/index.php\/en-este-feriado-de-semana-santa-manabi-promociona-sus-productos-en-la-mitad-del-mundo\/#primaryimage"},"thumbnailUrl":"https:\/\/www.manabi.gob.ec\/wp-content\/uploads\/2022\/04\/WhatsApp-Image-2022-04-15-at-2.02.38-PM.jpeg","datePublished":"2022-04-15T20:03:54+00:00","dateModified":"2022-04-15T20:03:57+00:00","author":{"@id":"https:\/\/www.manabi.gob.ec\/#\/schema\/person\/c4f117989332ad723a6ced5994aa7d7a"},"description":"La Prefectura de Manab\u00ed presentar\u00e1 su marca Hecho 100% en Manab\u00ed en la Ciudad Mitad del Mundo con sus emprendedores y ofertas tur\u00edsticas. La feria Tur\u00edstica, Cultural, Artesanal y Productiva se realizar\u00e1 este s\u00e1bado 16 y domingo 17 de abril del 2022.El prefecto de Manab\u00ed, Leonardo Orlando, explic\u00f3 que se presentar\u00e1n 45 emprendedores con diversos productos que se cultivan, procesan y se promueven en la provincia. Todos ellos representar\u00e1n a todos los emprendimientos que se desarrollan en las comunidades, parroquias y cantones de Manab\u00ed.Habr\u00e1 desde artesan\u00edas, caf\u00e9, cacao, chocolate, bebidas, frutos secos, jabones y cosm\u00e9ticos, destilados, conservas, y otros que son elaborados por manos artesanas y emprendedores.Todos los productos se presentar\u00e1n bajo la marca Hecho 100% en Manab\u00ed, que promover\u00e1 la provincia en el \u00e1mbito productivo, tur\u00edstico, gastron\u00f3mico y cultural de la provincia.El Prefecto se\u00f1al\u00f3 que la idea es lograr que las personas que lleguen a la Ciudad Mitad del Mundo adquieran los art\u00edculos y ayuden a las familias emprendedoras a reactivar su econom\u00eda.La autoridad provincial coment\u00f3 que, a ra\u00edz de la pandemia, nuevos emprendimientos han surgido de la producci\u00f3n primaria, recetas familiares y de la necesidad de crear oportunidades de ingresos econ\u00f3micos para dinamizar la econom\u00eda de la familia manabita.A las 11h00 del s\u00e1bado 16 de abril ser\u00e1 inaugurada la feria que atender\u00e1 hasta las 17h00. El domingo, desde las 09h00 hasta las 17h00, habr\u00e1 productos con transformaci\u00f3n, valor agregado e innovaci\u00f3n; tambi\u00e9n danzas, cocina ancestral en vivo y artistas, se\u00f1al\u00f3 el prefecto.La muestra gastron\u00f3mica incluir\u00e1 platos tradiciones como chame crocante ba\u00f1ado en cebiche de ovo, mango y grosella, biche de albacora, camar\u00f3n y cangrejo, chocolate caliente con empanadas de sabores de la careta de \u201cVuelta al Campo\u201d del cant\u00f3n Chone.","breadcrumb":{"@id":"https:\/\/www.manabi.gob.ec\/index.php\/en-este-feriado-de-semana-santa-manabi-promociona-sus-productos-en-la-mitad-del-mundo\/#breadcrumb"},"inLanguage":"es","potentialAction":[{"@type":"ReadAction","target":["https:\/\/www.manabi.gob.ec\/index.php\/en-este-feriado-de-semana-santa-manabi-promociona-sus-productos-en-la-mitad-del-mundo\/"]}]},{"@type":"ImageObject","inLanguage":"es","@id":"https:\/\/www.manabi.gob.ec\/index.php\/en-este-feriado-de-semana-santa-manabi-promociona-sus-productos-en-la-mitad-del-mundo\/#primaryimage","url":"https:\/\/www.manabi.gob.ec\/wp-content\/uploads\/2022\/04\/WhatsApp-Image-2022-04-15-at-2.02.38-PM.jpeg","contentUrl":"https:\/\/www.manabi.gob.ec\/wp-content\/uploads\/2022\/04\/WhatsApp-Image-2022-04-15-at-2.02.38-PM.jpeg","width":1279,"height":1280},{"@type":"BreadcrumbList","@id":"https:\/\/www.manabi.gob.ec\/index.php\/en-este-feriado-de-semana-santa-manabi-promociona-sus-productos-en-la-mitad-del-mundo\/#breadcrumb","itemListElement":[{"@type":"ListItem","position":1,"name":"Portada","item":"https:\/\/www.manabi.gob.ec\/"},{"@type":"ListItem","position":2,"name":"EN ESTE FERIADO DE SEMANA SANTA MANAB\u00cd PROMOCIONA SUS PRODUCTOS EN LA MITAD DEL MUNDO"}]},{"@type":"WebSite","@id":"https:\/\/www.manabi.gob.ec\/#website","url":"https:\/\/www.manabi.gob.ec\/","name":"Prefectura de Manab\u00ed","description":"P\u00e1gina web de la prefectura","potentialAction":[{"@type":"SearchAction","target":{"@type":"EntryPoint","urlTemplate":"https:\/\/www.manabi.gob.ec\/?s={search_term_string}"},"query-input":{"@type":"PropertyValueSpecification","valueRequired":true,"valueName":"search_term_string"}}],"inLanguage":"es"},{"@type":"Person","@id":"https:\/\/www.manabi.gob.ec\/#\/schema\/person\/c4f117989332ad723a6ced5994aa7d7a","name":"Lui Ochoa","image":{"@type":"ImageObject","inLanguage":"es","@id":"https:\/\/secure.gravatar.com\/avatar\/6e8017d0fe69dead8a95864d2eb6e1e1d8bf8e01194ba49cf7b897ff038126ba?s=96&d=mm&r=g","url":"https:\/\/secure.gravatar.com\/avatar\/6e8017d0fe69dead8a95864d2eb6e1e1d8bf8e01194ba49cf7b897ff038126ba?s=96&d=mm&r=g","contentUrl":"https:\/\/secure.gravatar.com\/avatar\/6e8017d0fe69dead8a95864d2eb6e1e1d8bf8e01194ba49cf7b897ff038126ba?s=96&d=mm&r=g","caption":"Lui Ochoa"},"url":"https:\/\/www.manabi.gob.ec\/index.php\/author\/lochoa\/"}]}},"jetpack_featured_media_url":"https:\/\/www.manabi.gob.ec\/wp-content\/uploads\/2022\/04\/WhatsApp-Image-2022-04-15-at-2.02.38-PM.jpeg","_links":{"self":[{"href":"https:\/\/www.manabi.gob.ec\/index.php\/wp-json\/wp\/v2\/posts\/20243","targetHints":{"allow":["GET"]}}],"collection":[{"href":"https:\/\/www.manabi.gob.ec\/index.php\/wp-json\/wp\/v2\/posts"}],"about":[{"href":"https:\/\/www.manabi.gob.ec\/index.php\/wp-json\/wp\/v2\/types\/post"}],"author":[{"embeddable":true,"href":"https:\/\/www.manabi.gob.ec\/index.php\/wp-json\/wp\/v2\/users\/10"}],"replies":[{"embeddable":true,"href":"https:\/\/www.manabi.gob.ec\/index.php\/wp-json\/wp\/v2\/comments?post=20243"}],"version-history":[{"count":0,"href":"https:\/\/www.manabi.gob.ec\/index.php\/wp-json\/wp\/v2\/posts\/20243\/revisions"}],"wp:featuredmedia":[{"embeddable":true,"href":"https:\/\/www.manabi.gob.ec\/index.php\/wp-json\/wp\/v2\/media\/20245"}],"wp:attachment":[{"href":"https:\/\/www.manabi.gob.ec\/index.php\/wp-json\/wp\/v2\/media?parent=20243"}],"wp:term":[{"taxonomy":"category","embeddable":true,"href":"https:\/\/www.manabi.gob.ec\/index.php\/wp-json\/wp\/v2\/categories?post=20243"},{"taxonomy":"post_tag","embeddable":true,"href":"https:\/\/www.manabi.gob.ec\/index.php\/wp-json\/wp\/v2\/tags?post=20243"}],"curies":[{"name":"wp","href":"https:\/\/api.w.org\/{rel}","templated":true}]}}