{"id":20274,"date":"2022-04-16T21:24:43","date_gmt":"2022-04-16T21:24:43","guid":{"rendered":"https:\/\/www.manabi.gob.ec\/?p=20274"},"modified":"2022-04-16T21:24:46","modified_gmt":"2022-04-16T21:24:46","slug":"en-el-dia-del-emprendedor-laprefectura-presento-la-marca-hecho-100-en-manabi","status":"publish","type":"post","link":"https:\/\/www.manabi.gob.ec\/index.php\/en-el-dia-del-emprendedor-laprefectura-presento-la-marca-hecho-100-en-manabi\/","title":{"rendered":"En el D\u00eda del Emprendedor la<br>Prefectura present\u00f3 la marca Hecho 100% en Manab\u00ed"},"content":{"rendered":"\n<p>Con la participaci\u00f3n de 50 emprendedores manabitas se realiz\u00f3 la presentaci\u00f3n de la marca Hecho 100% en Manab\u00ed, identificaci\u00f3n con la que promover\u00e1 la presentaci\u00f3n de los productos en el \u00e1mbito productivo, tur\u00edstico, gastron\u00f3mico y cultural de la provincia.<\/p>\n\n\n\n<p>Este evento se desarroll\u00f3 en la Ciudad Mitad del Mundo en Pichincha, en el marco de la Caravana Productiva, Cultural y Tur\u00edstica que impulsa el Consorcio de Gobiernos Aut\u00f3nomos Provinciales del Ecuador, CONGOPE.<\/p>\n\n\n\n<p>\u00abEste espacio de articulaci\u00f3n y promoci\u00f3n nos ayuda a fortalecer la econom\u00eda local, y convierte a la capital en una vitrina para los emprendedores\u00bb, dijo Josu\u00e9 Guanoluisa, director de Fomento Productivo de La Prefectura.<\/p>\n\n\n\n<p>\u00abLa Mitad del Mundo, es un punto estrat\u00e9gico que tiene gran afluencia de turistas nacionales e internacionales. Es una oportunidad para que los emprendedores promocionen sus productos\u00bb, coment\u00f3 Marcela Ch\u00e1vez, directora de Fomento Productivo del CONGOPE.<\/p>\n\n\n\n<p>En el acto de inauguraci\u00f3n Manab\u00ed present\u00f3 el talento manabita de Pamela Guti\u00e9rrez Pisco y Nayeli \u00c1lava Mendoza, la primera bail\u00f3 el pasillo a Manab\u00ed y Nayeli, interpret\u00f3 los pasillos Manab\u00ed y Laura.<\/p>\n\n\n\n<p>Los asistentes y los<br>invitados especiales c\u00f3mo: Eduardo Carrera, Gerente General de la Ciudad Mitad del Mundo; Marcela Ch\u00e1vez, directora de Fomento Productivo del CONGOPE; Gonzalo Criollo, representante de la prefecta de Pichincha, Paola Pav\u00f3n y Josu\u00e9 Guanoluisa, director de Fomento Productivo del Gobierno Provincial; degustaron los tradicionales dulces manabitas.<\/p>\n","protected":false},"excerpt":{"rendered":"<p>Con la participaci\u00f3n de 50 emprendedores manabitas se realiz\u00f3 la presentaci\u00f3n de la marca Hecho 100% en Manab\u00ed, identificaci\u00f3n con la que promover\u00e1 la presentaci\u00f3n de los productos en el \u00e1mbito productivo, tur\u00edstico, gastron\u00f3mico y cultural de la provincia. Este evento se desarroll\u00f3 en la Ciudad Mitad del Mundo en Pichincha, en el marco de [&hellip;]<\/p>\n","protected":false},"author":10,"featured_media":20276,"comment_status":"closed","ping_status":"closed","sticky":false,"template":"","format":"standard","meta":{"_joinchat":[],"footnotes":""},"categories":[142,92,91],"tags":[],"class_list":["post-20274","post","type-post","status-publish","format-standard","has-post-thumbnail","hentry","category-desarrollo-social","category-noticias-manabi","category-todas"],"yoast_head":"<!-- This site is optimized with the Yoast SEO plugin v27.4 - https:\/\/yoast.com\/product\/yoast-seo-wordpress\/ -->\n<title>En el D\u00eda del Emprendedor laPrefectura present\u00f3 la marca Hecho 100% en Manab\u00ed - Prefectura de Manab\u00ed<\/title>\n<meta name=\"description\" content=\"Con la participaci\u00f3n de 50 emprendedores manabitas se realiz\u00f3 la presentaci\u00f3n de la marca Hecho 100% en Manab\u00ed, identificaci\u00f3n con la que promover\u00e1 la presentaci\u00f3n de los productos en el \u00e1mbito productivo, tur\u00edstico, gastron\u00f3mico y cultural de la provincia.Este evento se desarroll\u00f3 en la Ciudad Mitad del Mundo en Pichincha, en el marco de la Caravana Productiva, Cultural y Tur\u00edstica que impulsa el Consorcio de Gobiernos Aut\u00f3nomos Provinciales del Ecuador, CONGOPE.&quot;Este espacio de articulaci\u00f3n y promoci\u00f3n nos ayuda a fortalecer la econom\u00eda local, y convierte a la capital en una vitrina para los emprendedores&quot;, dijo Josu\u00e9 Guanoluisa, director de Fomento Productivo de La Prefectura.&quot;La Mitad del Mundo, es un punto estrat\u00e9gico que tiene gran afluencia de turistas nacionales e internacionales. Es una oportunidad para que los emprendedores promocionen sus productos&quot;, coment\u00f3 Marcela Ch\u00e1vez, directora de Fomento Productivo del CONGOPE.En el acto de inauguraci\u00f3n Manab\u00ed present\u00f3 el talento manabita de Pamela Guti\u00e9rrez Pisco y Nayeli \u00c1lava Mendoza, la primera bail\u00f3 el pasillo a Manab\u00ed y Nayeli, interpret\u00f3 los pasillos Manab\u00ed y Laura.Los asistentes y losinvitados especiales c\u00f3mo: Eduardo Carrera, Gerente General de la Ciudad Mitad del Mundo; Marcela Ch\u00e1vez, directora de Fomento Productivo del CONGOPE; Gonzalo Criollo, representante de la prefecta de Pichincha, Paola Pav\u00f3n y Josu\u00e9 Guanoluisa, director de Fomento Productivo del Gobierno Provincial; degustaron los tradicionales dulces manabitas.\" \/>\n<meta name=\"robots\" content=\"index, follow, max-snippet:-1, max-image-preview:large, max-video-preview:-1\" \/>\n<link rel=\"canonical\" href=\"https:\/\/www.manabi.gob.ec\/index.php\/en-el-dia-del-emprendedor-laprefectura-presento-la-marca-hecho-100-en-manabi\/\" \/>\n<meta property=\"og:locale\" content=\"es_ES\" \/>\n<meta property=\"og:type\" content=\"article\" \/>\n<meta property=\"og:title\" content=\"En el D\u00eda del Emprendedor laPrefectura present\u00f3 la marca Hecho 100% en Manab\u00ed - Prefectura de Manab\u00ed\" \/>\n<meta property=\"og:description\" content=\"Con la participaci\u00f3n de 50 emprendedores manabitas se realiz\u00f3 la presentaci\u00f3n de la marca Hecho 100% en Manab\u00ed, identificaci\u00f3n con la que promover\u00e1 la presentaci\u00f3n de los productos en el \u00e1mbito productivo, tur\u00edstico, gastron\u00f3mico y cultural de la provincia.Este evento se desarroll\u00f3 en la Ciudad Mitad del Mundo en Pichincha, en el marco de la Caravana Productiva, Cultural y Tur\u00edstica que impulsa el Consorcio de Gobiernos Aut\u00f3nomos Provinciales del Ecuador, CONGOPE.&quot;Este espacio de articulaci\u00f3n y promoci\u00f3n nos ayuda a fortalecer la econom\u00eda local, y convierte a la capital en una vitrina para los emprendedores&quot;, dijo Josu\u00e9 Guanoluisa, director de Fomento Productivo de La Prefectura.&quot;La Mitad del Mundo, es un punto estrat\u00e9gico que tiene gran afluencia de turistas nacionales e internacionales. Es una oportunidad para que los emprendedores promocionen sus productos&quot;, coment\u00f3 Marcela Ch\u00e1vez, directora de Fomento Productivo del CONGOPE.En el acto de inauguraci\u00f3n Manab\u00ed present\u00f3 el talento manabita de Pamela Guti\u00e9rrez Pisco y Nayeli \u00c1lava Mendoza, la primera bail\u00f3 el pasillo a Manab\u00ed y Nayeli, interpret\u00f3 los pasillos Manab\u00ed y Laura.Los asistentes y losinvitados especiales c\u00f3mo: Eduardo Carrera, Gerente General de la Ciudad Mitad del Mundo; Marcela Ch\u00e1vez, directora de Fomento Productivo del CONGOPE; Gonzalo Criollo, representante de la prefecta de Pichincha, Paola Pav\u00f3n y Josu\u00e9 Guanoluisa, director de Fomento Productivo del Gobierno Provincial; degustaron los tradicionales dulces manabitas.\" \/>\n<meta property=\"og:url\" content=\"https:\/\/www.manabi.gob.ec\/index.php\/en-el-dia-del-emprendedor-laprefectura-presento-la-marca-hecho-100-en-manabi\/\" \/>\n<meta property=\"og:site_name\" content=\"Prefectura de Manab\u00ed\" \/>\n<meta property=\"article:published_time\" content=\"2022-04-16T21:24:43+00:00\" \/>\n<meta property=\"article:modified_time\" content=\"2022-04-16T21:24:46+00:00\" \/>\n<meta property=\"og:image\" content=\"https:\/\/www.manabi.gob.ec\/wp-content\/uploads\/2022\/04\/a3a7be43-5b0e-4727-b9d4-404ec9c84052.jpg\" \/>\n\t<meta property=\"og:image:width\" content=\"986\" \/>\n\t<meta property=\"og:image:height\" content=\"670\" \/>\n\t<meta property=\"og:image:type\" content=\"image\/jpeg\" \/>\n<meta name=\"author\" content=\"Lui Ochoa\" \/>\n<meta name=\"twitter:card\" content=\"summary_large_image\" \/>\n<meta name=\"twitter:label1\" content=\"Escrito por\" \/>\n\t<meta name=\"twitter:data1\" content=\"Lui Ochoa\" \/>\n\t<meta name=\"twitter:label2\" content=\"Tiempo de lectura\" \/>\n\t<meta name=\"twitter:data2\" content=\"2 minutos\" \/>\n<script type=\"application\/ld+json\" class=\"yoast-schema-graph\">{\"@context\":\"https:\\\/\\\/schema.org\",\"@graph\":[{\"@type\":\"Article\",\"@id\":\"https:\\\/\\\/www.manabi.gob.ec\\\/index.php\\\/en-el-dia-del-emprendedor-laprefectura-presento-la-marca-hecho-100-en-manabi\\\/#article\",\"isPartOf\":{\"@id\":\"https:\\\/\\\/www.manabi.gob.ec\\\/index.php\\\/en-el-dia-del-emprendedor-laprefectura-presento-la-marca-hecho-100-en-manabi\\\/\"},\"author\":{\"name\":\"Lui Ochoa\",\"@id\":\"https:\\\/\\\/www.manabi.gob.ec\\\/#\\\/schema\\\/person\\\/c4f117989332ad723a6ced5994aa7d7a\"},\"headline\":\"En el D\u00eda del Emprendedor la Prefectura present\u00f3 la marca Hecho 100% en Manab\u00ed\",\"datePublished\":\"2022-04-16T21:24:43+00:00\",\"dateModified\":\"2022-04-16T21:24:46+00:00\",\"mainEntityOfPage\":{\"@id\":\"https:\\\/\\\/www.manabi.gob.ec\\\/index.php\\\/en-el-dia-del-emprendedor-laprefectura-presento-la-marca-hecho-100-en-manabi\\\/\"},\"wordCount\":253,\"image\":{\"@id\":\"https:\\\/\\\/www.manabi.gob.ec\\\/index.php\\\/en-el-dia-del-emprendedor-laprefectura-presento-la-marca-hecho-100-en-manabi\\\/#primaryimage\"},\"thumbnailUrl\":\"https:\\\/\\\/www.manabi.gob.ec\\\/wp-content\\\/uploads\\\/2022\\\/04\\\/a3a7be43-5b0e-4727-b9d4-404ec9c84052.jpg\",\"articleSection\":[\"Desarrollo Social\",\"Noticias\",\"Todas\"],\"inLanguage\":\"es\"},{\"@type\":\"WebPage\",\"@id\":\"https:\\\/\\\/www.manabi.gob.ec\\\/index.php\\\/en-el-dia-del-emprendedor-laprefectura-presento-la-marca-hecho-100-en-manabi\\\/\",\"url\":\"https:\\\/\\\/www.manabi.gob.ec\\\/index.php\\\/en-el-dia-del-emprendedor-laprefectura-presento-la-marca-hecho-100-en-manabi\\\/\",\"name\":\"En el D\u00eda del Emprendedor la Prefectura present\u00f3 la marca Hecho 100% en Manab\u00ed - Prefectura de Manab\u00ed\",\"isPartOf\":{\"@id\":\"https:\\\/\\\/www.manabi.gob.ec\\\/#website\"},\"primaryImageOfPage\":{\"@id\":\"https:\\\/\\\/www.manabi.gob.ec\\\/index.php\\\/en-el-dia-del-emprendedor-laprefectura-presento-la-marca-hecho-100-en-manabi\\\/#primaryimage\"},\"image\":{\"@id\":\"https:\\\/\\\/www.manabi.gob.ec\\\/index.php\\\/en-el-dia-del-emprendedor-laprefectura-presento-la-marca-hecho-100-en-manabi\\\/#primaryimage\"},\"thumbnailUrl\":\"https:\\\/\\\/www.manabi.gob.ec\\\/wp-content\\\/uploads\\\/2022\\\/04\\\/a3a7be43-5b0e-4727-b9d4-404ec9c84052.jpg\",\"datePublished\":\"2022-04-16T21:24:43+00:00\",\"dateModified\":\"2022-04-16T21:24:46+00:00\",\"author\":{\"@id\":\"https:\\\/\\\/www.manabi.gob.ec\\\/#\\\/schema\\\/person\\\/c4f117989332ad723a6ced5994aa7d7a\"},\"description\":\"Con la participaci\u00f3n de 50 emprendedores manabitas se realiz\u00f3 la presentaci\u00f3n de la marca Hecho 100% en Manab\u00ed, identificaci\u00f3n con la que promover\u00e1 la presentaci\u00f3n de los productos en el \u00e1mbito productivo, tur\u00edstico, gastron\u00f3mico y cultural de la provincia.Este evento se desarroll\u00f3 en la Ciudad Mitad del Mundo en Pichincha, en el marco de la Caravana Productiva, Cultural y Tur\u00edstica que impulsa el Consorcio de Gobiernos Aut\u00f3nomos Provinciales del Ecuador, CONGOPE.\\\"Este espacio de articulaci\u00f3n y promoci\u00f3n nos ayuda a fortalecer la econom\u00eda local, y convierte a la capital en una vitrina para los emprendedores\\\", dijo Josu\u00e9 Guanoluisa, director de Fomento Productivo de La Prefectura.\\\"La Mitad del Mundo, es un punto estrat\u00e9gico que tiene gran afluencia de turistas nacionales e internacionales. Es una oportunidad para que los emprendedores promocionen sus productos\\\", coment\u00f3 Marcela Ch\u00e1vez, directora de Fomento Productivo del CONGOPE.En el acto de inauguraci\u00f3n Manab\u00ed present\u00f3 el talento manabita de Pamela Guti\u00e9rrez Pisco y Nayeli \u00c1lava Mendoza, la primera bail\u00f3 el pasillo a Manab\u00ed y Nayeli, interpret\u00f3 los pasillos Manab\u00ed y Laura.Los asistentes y losinvitados especiales c\u00f3mo: Eduardo Carrera, Gerente General de la Ciudad Mitad del Mundo; Marcela Ch\u00e1vez, directora de Fomento Productivo del CONGOPE; Gonzalo Criollo, representante de la prefecta de Pichincha, Paola Pav\u00f3n y Josu\u00e9 Guanoluisa, director de Fomento Productivo del Gobierno Provincial; degustaron los tradicionales dulces manabitas.\",\"breadcrumb\":{\"@id\":\"https:\\\/\\\/www.manabi.gob.ec\\\/index.php\\\/en-el-dia-del-emprendedor-laprefectura-presento-la-marca-hecho-100-en-manabi\\\/#breadcrumb\"},\"inLanguage\":\"es\",\"potentialAction\":[{\"@type\":\"ReadAction\",\"target\":[\"https:\\\/\\\/www.manabi.gob.ec\\\/index.php\\\/en-el-dia-del-emprendedor-laprefectura-presento-la-marca-hecho-100-en-manabi\\\/\"]}]},{\"@type\":\"ImageObject\",\"inLanguage\":\"es\",\"@id\":\"https:\\\/\\\/www.manabi.gob.ec\\\/index.php\\\/en-el-dia-del-emprendedor-laprefectura-presento-la-marca-hecho-100-en-manabi\\\/#primaryimage\",\"url\":\"https:\\\/\\\/www.manabi.gob.ec\\\/wp-content\\\/uploads\\\/2022\\\/04\\\/a3a7be43-5b0e-4727-b9d4-404ec9c84052.jpg\",\"contentUrl\":\"https:\\\/\\\/www.manabi.gob.ec\\\/wp-content\\\/uploads\\\/2022\\\/04\\\/a3a7be43-5b0e-4727-b9d4-404ec9c84052.jpg\",\"width\":986,\"height\":670},{\"@type\":\"BreadcrumbList\",\"@id\":\"https:\\\/\\\/www.manabi.gob.ec\\\/index.php\\\/en-el-dia-del-emprendedor-laprefectura-presento-la-marca-hecho-100-en-manabi\\\/#breadcrumb\",\"itemListElement\":[{\"@type\":\"ListItem\",\"position\":1,\"name\":\"Portada\",\"item\":\"https:\\\/\\\/www.manabi.gob.ec\\\/\"},{\"@type\":\"ListItem\",\"position\":2,\"name\":\"En el D\u00eda del Emprendedor laPrefectura present\u00f3 la marca Hecho 100% en Manab\u00ed\"}]},{\"@type\":\"WebSite\",\"@id\":\"https:\\\/\\\/www.manabi.gob.ec\\\/#website\",\"url\":\"https:\\\/\\\/www.manabi.gob.ec\\\/\",\"name\":\"Prefectura de Manab\u00ed\",\"description\":\"P\u00e1gina web de la prefectura\",\"potentialAction\":[{\"@type\":\"SearchAction\",\"target\":{\"@type\":\"EntryPoint\",\"urlTemplate\":\"https:\\\/\\\/www.manabi.gob.ec\\\/?s={search_term_string}\"},\"query-input\":{\"@type\":\"PropertyValueSpecification\",\"valueRequired\":true,\"valueName\":\"search_term_string\"}}],\"inLanguage\":\"es\"},{\"@type\":\"Person\",\"@id\":\"https:\\\/\\\/www.manabi.gob.ec\\\/#\\\/schema\\\/person\\\/c4f117989332ad723a6ced5994aa7d7a\",\"name\":\"Lui Ochoa\",\"image\":{\"@type\":\"ImageObject\",\"inLanguage\":\"es\",\"@id\":\"https:\\\/\\\/secure.gravatar.com\\\/avatar\\\/6e8017d0fe69dead8a95864d2eb6e1e1d8bf8e01194ba49cf7b897ff038126ba?s=96&d=mm&r=g\",\"url\":\"https:\\\/\\\/secure.gravatar.com\\\/avatar\\\/6e8017d0fe69dead8a95864d2eb6e1e1d8bf8e01194ba49cf7b897ff038126ba?s=96&d=mm&r=g\",\"contentUrl\":\"https:\\\/\\\/secure.gravatar.com\\\/avatar\\\/6e8017d0fe69dead8a95864d2eb6e1e1d8bf8e01194ba49cf7b897ff038126ba?s=96&d=mm&r=g\",\"caption\":\"Lui Ochoa\"},\"url\":\"https:\\\/\\\/www.manabi.gob.ec\\\/index.php\\\/author\\\/lochoa\\\/\"}]}<\/script>\n<!-- \/ Yoast SEO plugin. -->","yoast_head_json":{"title":"En el D\u00eda del Emprendedor laPrefectura present\u00f3 la marca Hecho 100% en Manab\u00ed - Prefectura de Manab\u00ed","description":"Con la participaci\u00f3n de 50 emprendedores manabitas se realiz\u00f3 la presentaci\u00f3n de la marca Hecho 100% en Manab\u00ed, identificaci\u00f3n con la que promover\u00e1 la presentaci\u00f3n de los productos en el \u00e1mbito productivo, tur\u00edstico, gastron\u00f3mico y cultural de la provincia.Este evento se desarroll\u00f3 en la Ciudad Mitad del Mundo en Pichincha, en el marco de la Caravana Productiva, Cultural y Tur\u00edstica que impulsa el Consorcio de Gobiernos Aut\u00f3nomos Provinciales del Ecuador, CONGOPE.\"Este espacio de articulaci\u00f3n y promoci\u00f3n nos ayuda a fortalecer la econom\u00eda local, y convierte a la capital en una vitrina para los emprendedores\", dijo Josu\u00e9 Guanoluisa, director de Fomento Productivo de La Prefectura.\"La Mitad del Mundo, es un punto estrat\u00e9gico que tiene gran afluencia de turistas nacionales e internacionales. Es una oportunidad para que los emprendedores promocionen sus productos\", coment\u00f3 Marcela Ch\u00e1vez, directora de Fomento Productivo del CONGOPE.En el acto de inauguraci\u00f3n Manab\u00ed present\u00f3 el talento manabita de Pamela Guti\u00e9rrez Pisco y Nayeli \u00c1lava Mendoza, la primera bail\u00f3 el pasillo a Manab\u00ed y Nayeli, interpret\u00f3 los pasillos Manab\u00ed y Laura.Los asistentes y losinvitados especiales c\u00f3mo: Eduardo Carrera, Gerente General de la Ciudad Mitad del Mundo; Marcela Ch\u00e1vez, directora de Fomento Productivo del CONGOPE; Gonzalo Criollo, representante de la prefecta de Pichincha, Paola Pav\u00f3n y Josu\u00e9 Guanoluisa, director de Fomento Productivo del Gobierno Provincial; degustaron los tradicionales dulces manabitas.","robots":{"index":"index","follow":"follow","max-snippet":"max-snippet:-1","max-image-preview":"max-image-preview:large","max-video-preview":"max-video-preview:-1"},"canonical":"https:\/\/www.manabi.gob.ec\/index.php\/en-el-dia-del-emprendedor-laprefectura-presento-la-marca-hecho-100-en-manabi\/","og_locale":"es_ES","og_type":"article","og_title":"En el D\u00eda del Emprendedor laPrefectura present\u00f3 la marca Hecho 100% en Manab\u00ed - Prefectura de Manab\u00ed","og_description":"Con la participaci\u00f3n de 50 emprendedores manabitas se realiz\u00f3 la presentaci\u00f3n de la marca Hecho 100% en Manab\u00ed, identificaci\u00f3n con la que promover\u00e1 la presentaci\u00f3n de los productos en el \u00e1mbito productivo, tur\u00edstico, gastron\u00f3mico y cultural de la provincia.Este evento se desarroll\u00f3 en la Ciudad Mitad del Mundo en Pichincha, en el marco de la Caravana Productiva, Cultural y Tur\u00edstica que impulsa el Consorcio de Gobiernos Aut\u00f3nomos Provinciales del Ecuador, CONGOPE.\"Este espacio de articulaci\u00f3n y promoci\u00f3n nos ayuda a fortalecer la econom\u00eda local, y convierte a la capital en una vitrina para los emprendedores\", dijo Josu\u00e9 Guanoluisa, director de Fomento Productivo de La Prefectura.\"La Mitad del Mundo, es un punto estrat\u00e9gico que tiene gran afluencia de turistas nacionales e internacionales. Es una oportunidad para que los emprendedores promocionen sus productos\", coment\u00f3 Marcela Ch\u00e1vez, directora de Fomento Productivo del CONGOPE.En el acto de inauguraci\u00f3n Manab\u00ed present\u00f3 el talento manabita de Pamela Guti\u00e9rrez Pisco y Nayeli \u00c1lava Mendoza, la primera bail\u00f3 el pasillo a Manab\u00ed y Nayeli, interpret\u00f3 los pasillos Manab\u00ed y Laura.Los asistentes y losinvitados especiales c\u00f3mo: Eduardo Carrera, Gerente General de la Ciudad Mitad del Mundo; Marcela Ch\u00e1vez, directora de Fomento Productivo del CONGOPE; Gonzalo Criollo, representante de la prefecta de Pichincha, Paola Pav\u00f3n y Josu\u00e9 Guanoluisa, director de Fomento Productivo del Gobierno Provincial; degustaron los tradicionales dulces manabitas.","og_url":"https:\/\/www.manabi.gob.ec\/index.php\/en-el-dia-del-emprendedor-laprefectura-presento-la-marca-hecho-100-en-manabi\/","og_site_name":"Prefectura de Manab\u00ed","article_published_time":"2022-04-16T21:24:43+00:00","article_modified_time":"2022-04-16T21:24:46+00:00","og_image":[{"width":986,"height":670,"url":"https:\/\/www.manabi.gob.ec\/wp-content\/uploads\/2022\/04\/a3a7be43-5b0e-4727-b9d4-404ec9c84052.jpg","type":"image\/jpeg"}],"author":"Lui Ochoa","twitter_card":"summary_large_image","twitter_misc":{"Escrito por":"Lui Ochoa","Tiempo de lectura":"2 minutos"},"schema":{"@context":"https:\/\/schema.org","@graph":[{"@type":"Article","@id":"https:\/\/www.manabi.gob.ec\/index.php\/en-el-dia-del-emprendedor-laprefectura-presento-la-marca-hecho-100-en-manabi\/#article","isPartOf":{"@id":"https:\/\/www.manabi.gob.ec\/index.php\/en-el-dia-del-emprendedor-laprefectura-presento-la-marca-hecho-100-en-manabi\/"},"author":{"name":"Lui Ochoa","@id":"https:\/\/www.manabi.gob.ec\/#\/schema\/person\/c4f117989332ad723a6ced5994aa7d7a"},"headline":"En el D\u00eda del Emprendedor la Prefectura present\u00f3 la marca Hecho 100% en Manab\u00ed","datePublished":"2022-04-16T21:24:43+00:00","dateModified":"2022-04-16T21:24:46+00:00","mainEntityOfPage":{"@id":"https:\/\/www.manabi.gob.ec\/index.php\/en-el-dia-del-emprendedor-laprefectura-presento-la-marca-hecho-100-en-manabi\/"},"wordCount":253,"image":{"@id":"https:\/\/www.manabi.gob.ec\/index.php\/en-el-dia-del-emprendedor-laprefectura-presento-la-marca-hecho-100-en-manabi\/#primaryimage"},"thumbnailUrl":"https:\/\/www.manabi.gob.ec\/wp-content\/uploads\/2022\/04\/a3a7be43-5b0e-4727-b9d4-404ec9c84052.jpg","articleSection":["Desarrollo Social","Noticias","Todas"],"inLanguage":"es"},{"@type":"WebPage","@id":"https:\/\/www.manabi.gob.ec\/index.php\/en-el-dia-del-emprendedor-laprefectura-presento-la-marca-hecho-100-en-manabi\/","url":"https:\/\/www.manabi.gob.ec\/index.php\/en-el-dia-del-emprendedor-laprefectura-presento-la-marca-hecho-100-en-manabi\/","name":"En el D\u00eda del Emprendedor la Prefectura present\u00f3 la marca Hecho 100% en Manab\u00ed - Prefectura de Manab\u00ed","isPartOf":{"@id":"https:\/\/www.manabi.gob.ec\/#website"},"primaryImageOfPage":{"@id":"https:\/\/www.manabi.gob.ec\/index.php\/en-el-dia-del-emprendedor-laprefectura-presento-la-marca-hecho-100-en-manabi\/#primaryimage"},"image":{"@id":"https:\/\/www.manabi.gob.ec\/index.php\/en-el-dia-del-emprendedor-laprefectura-presento-la-marca-hecho-100-en-manabi\/#primaryimage"},"thumbnailUrl":"https:\/\/www.manabi.gob.ec\/wp-content\/uploads\/2022\/04\/a3a7be43-5b0e-4727-b9d4-404ec9c84052.jpg","datePublished":"2022-04-16T21:24:43+00:00","dateModified":"2022-04-16T21:24:46+00:00","author":{"@id":"https:\/\/www.manabi.gob.ec\/#\/schema\/person\/c4f117989332ad723a6ced5994aa7d7a"},"description":"Con la participaci\u00f3n de 50 emprendedores manabitas se realiz\u00f3 la presentaci\u00f3n de la marca Hecho 100% en Manab\u00ed, identificaci\u00f3n con la que promover\u00e1 la presentaci\u00f3n de los productos en el \u00e1mbito productivo, tur\u00edstico, gastron\u00f3mico y cultural de la provincia.Este evento se desarroll\u00f3 en la Ciudad Mitad del Mundo en Pichincha, en el marco de la Caravana Productiva, Cultural y Tur\u00edstica que impulsa el Consorcio de Gobiernos Aut\u00f3nomos Provinciales del Ecuador, CONGOPE.\"Este espacio de articulaci\u00f3n y promoci\u00f3n nos ayuda a fortalecer la econom\u00eda local, y convierte a la capital en una vitrina para los emprendedores\", dijo Josu\u00e9 Guanoluisa, director de Fomento Productivo de La Prefectura.\"La Mitad del Mundo, es un punto estrat\u00e9gico que tiene gran afluencia de turistas nacionales e internacionales. Es una oportunidad para que los emprendedores promocionen sus productos\", coment\u00f3 Marcela Ch\u00e1vez, directora de Fomento Productivo del CONGOPE.En el acto de inauguraci\u00f3n Manab\u00ed present\u00f3 el talento manabita de Pamela Guti\u00e9rrez Pisco y Nayeli \u00c1lava Mendoza, la primera bail\u00f3 el pasillo a Manab\u00ed y Nayeli, interpret\u00f3 los pasillos Manab\u00ed y Laura.Los asistentes y losinvitados especiales c\u00f3mo: Eduardo Carrera, Gerente General de la Ciudad Mitad del Mundo; Marcela Ch\u00e1vez, directora de Fomento Productivo del CONGOPE; Gonzalo Criollo, representante de la prefecta de Pichincha, Paola Pav\u00f3n y Josu\u00e9 Guanoluisa, director de Fomento Productivo del Gobierno Provincial; degustaron los tradicionales dulces manabitas.","breadcrumb":{"@id":"https:\/\/www.manabi.gob.ec\/index.php\/en-el-dia-del-emprendedor-laprefectura-presento-la-marca-hecho-100-en-manabi\/#breadcrumb"},"inLanguage":"es","potentialAction":[{"@type":"ReadAction","target":["https:\/\/www.manabi.gob.ec\/index.php\/en-el-dia-del-emprendedor-laprefectura-presento-la-marca-hecho-100-en-manabi\/"]}]},{"@type":"ImageObject","inLanguage":"es","@id":"https:\/\/www.manabi.gob.ec\/index.php\/en-el-dia-del-emprendedor-laprefectura-presento-la-marca-hecho-100-en-manabi\/#primaryimage","url":"https:\/\/www.manabi.gob.ec\/wp-content\/uploads\/2022\/04\/a3a7be43-5b0e-4727-b9d4-404ec9c84052.jpg","contentUrl":"https:\/\/www.manabi.gob.ec\/wp-content\/uploads\/2022\/04\/a3a7be43-5b0e-4727-b9d4-404ec9c84052.jpg","width":986,"height":670},{"@type":"BreadcrumbList","@id":"https:\/\/www.manabi.gob.ec\/index.php\/en-el-dia-del-emprendedor-laprefectura-presento-la-marca-hecho-100-en-manabi\/#breadcrumb","itemListElement":[{"@type":"ListItem","position":1,"name":"Portada","item":"https:\/\/www.manabi.gob.ec\/"},{"@type":"ListItem","position":2,"name":"En el D\u00eda del Emprendedor laPrefectura present\u00f3 la marca Hecho 100% en Manab\u00ed"}]},{"@type":"WebSite","@id":"https:\/\/www.manabi.gob.ec\/#website","url":"https:\/\/www.manabi.gob.ec\/","name":"Prefectura de Manab\u00ed","description":"P\u00e1gina web de la prefectura","potentialAction":[{"@type":"SearchAction","target":{"@type":"EntryPoint","urlTemplate":"https:\/\/www.manabi.gob.ec\/?s={search_term_string}"},"query-input":{"@type":"PropertyValueSpecification","valueRequired":true,"valueName":"search_term_string"}}],"inLanguage":"es"},{"@type":"Person","@id":"https:\/\/www.manabi.gob.ec\/#\/schema\/person\/c4f117989332ad723a6ced5994aa7d7a","name":"Lui Ochoa","image":{"@type":"ImageObject","inLanguage":"es","@id":"https:\/\/secure.gravatar.com\/avatar\/6e8017d0fe69dead8a95864d2eb6e1e1d8bf8e01194ba49cf7b897ff038126ba?s=96&d=mm&r=g","url":"https:\/\/secure.gravatar.com\/avatar\/6e8017d0fe69dead8a95864d2eb6e1e1d8bf8e01194ba49cf7b897ff038126ba?s=96&d=mm&r=g","contentUrl":"https:\/\/secure.gravatar.com\/avatar\/6e8017d0fe69dead8a95864d2eb6e1e1d8bf8e01194ba49cf7b897ff038126ba?s=96&d=mm&r=g","caption":"Lui Ochoa"},"url":"https:\/\/www.manabi.gob.ec\/index.php\/author\/lochoa\/"}]}},"jetpack_featured_media_url":"https:\/\/www.manabi.gob.ec\/wp-content\/uploads\/2022\/04\/a3a7be43-5b0e-4727-b9d4-404ec9c84052.jpg","_links":{"self":[{"href":"https:\/\/www.manabi.gob.ec\/index.php\/wp-json\/wp\/v2\/posts\/20274","targetHints":{"allow":["GET"]}}],"collection":[{"href":"https:\/\/www.manabi.gob.ec\/index.php\/wp-json\/wp\/v2\/posts"}],"about":[{"href":"https:\/\/www.manabi.gob.ec\/index.php\/wp-json\/wp\/v2\/types\/post"}],"author":[{"embeddable":true,"href":"https:\/\/www.manabi.gob.ec\/index.php\/wp-json\/wp\/v2\/users\/10"}],"replies":[{"embeddable":true,"href":"https:\/\/www.manabi.gob.ec\/index.php\/wp-json\/wp\/v2\/comments?post=20274"}],"version-history":[{"count":0,"href":"https:\/\/www.manabi.gob.ec\/index.php\/wp-json\/wp\/v2\/posts\/20274\/revisions"}],"wp:featuredmedia":[{"embeddable":true,"href":"https:\/\/www.manabi.gob.ec\/index.php\/wp-json\/wp\/v2\/media\/20276"}],"wp:attachment":[{"href":"https:\/\/www.manabi.gob.ec\/index.php\/wp-json\/wp\/v2\/media?parent=20274"}],"wp:term":[{"taxonomy":"category","embeddable":true,"href":"https:\/\/www.manabi.gob.ec\/index.php\/wp-json\/wp\/v2\/categories?post=20274"},{"taxonomy":"post_tag","embeddable":true,"href":"https:\/\/www.manabi.gob.ec\/index.php\/wp-json\/wp\/v2\/tags?post=20274"}],"curies":[{"name":"wp","href":"https:\/\/api.w.org\/{rel}","templated":true}]}}