{"id":20405,"date":"2022-04-23T00:53:37","date_gmt":"2022-04-23T00:53:37","guid":{"rendered":"https:\/\/www.manabi.gob.ec\/?p=20405"},"modified":"2022-04-23T01:15:27","modified_gmt":"2022-04-23T01:15:27","slug":"trabajamos-en-equipo-por-el-desarrollo-y-bienestar-de-nuestros-hermanos-y-hermanas-de-quiroga","status":"publish","type":"post","link":"https:\/\/www.manabi.gob.ec\/index.php\/trabajamos-en-equipo-por-el-desarrollo-y-bienestar-de-nuestros-hermanos-y-hermanas-de-quiroga\/","title":{"rendered":"Trabajamos en equipo por el desarrollo y bienestar de nuestros hermanos y hermanas  de Quiroga."},"content":{"rendered":"\n<p><\/p>\n\n\n\n<p>Hemos iniciado los trabajos para el asfaltado de las calles Monse\u00f1or Wenceslao Rijavec y Manuel Zapata, de la parroquia Quiroga en el cant\u00f3n Bol\u00edvar. Esta obra de dignidad y justicia social la ejecutamos en convenio de cogesti\u00f3n con el GAD Cantonal y avanzamos con el cambio de estructura de suelo.<\/p>\n","protected":false},"excerpt":{"rendered":"<p>Hemos iniciado los trabajos para el asfaltado de las calles Monse\u00f1or Wenceslao Rijavec y Manuel Zapata, de la parroquia Quiroga en el cant\u00f3n Bol\u00edvar. Esta obra de dignidad y justicia social la ejecutamos en convenio de cogesti\u00f3n con el GAD Cantonal y avanzamos con el cambio de estructura de suelo.<\/p>\n","protected":false},"author":10,"featured_media":20407,"comment_status":"closed","ping_status":"closed","sticky":false,"template":"","format":"standard","meta":{"_joinchat":[],"footnotes":""},"categories":[213,142,92,181,91,127],"tags":[],"class_list":["post-20405","post","type-post","status-publish","format-standard","has-post-thumbnail","hentry","category-bolivar","category-desarrollo-social","category-noticias-manabi","category-obra-publica","category-todas","category-vialidad"],"yoast_head":"<!-- This site is optimized with the Yoast SEO plugin v27.4 - https:\/\/yoast.com\/product\/yoast-seo-wordpress\/ -->\n<title>Trabajamos en equipo por el desarrollo y bienestar de nuestros hermanos y hermanas de Quiroga. - Prefectura de Manab\u00ed<\/title>\n<meta name=\"description\" content=\"Hemos iniciado los trabajos para el asfaltado de las calles Monse\u00f1or Wenceslao Rijavec y Manuel Zapata, de la parroquia Quiroga en el cant\u00f3n Bol\u00edvar. Esta obra se dignidad y justicia social la ejecutamos en convenio de cogesti\u00f3n con el GAD Cantonal y avanzamos con el cambio de estructura de suelo.\" \/>\n<meta name=\"robots\" content=\"index, follow, max-snippet:-1, max-image-preview:large, max-video-preview:-1\" \/>\n<link rel=\"canonical\" href=\"https:\/\/www.manabi.gob.ec\/index.php\/trabajamos-en-equipo-por-el-desarrollo-y-bienestar-de-nuestros-hermanos-y-hermanas-de-quiroga\/\" \/>\n<meta property=\"og:locale\" content=\"es_ES\" \/>\n<meta property=\"og:type\" content=\"article\" \/>\n<meta property=\"og:title\" content=\"Trabajamos en equipo por el desarrollo y bienestar de nuestros hermanos y hermanas de Quiroga. - Prefectura de Manab\u00ed\" \/>\n<meta property=\"og:description\" content=\"Hemos iniciado los trabajos para el asfaltado de las calles Monse\u00f1or Wenceslao Rijavec y Manuel Zapata, de la parroquia Quiroga en el cant\u00f3n Bol\u00edvar. Esta obra se dignidad y justicia social la ejecutamos en convenio de cogesti\u00f3n con el GAD Cantonal y avanzamos con el cambio de estructura de suelo.\" \/>\n<meta property=\"og:url\" content=\"https:\/\/www.manabi.gob.ec\/index.php\/trabajamos-en-equipo-por-el-desarrollo-y-bienestar-de-nuestros-hermanos-y-hermanas-de-quiroga\/\" \/>\n<meta property=\"og:site_name\" content=\"Prefectura de Manab\u00ed\" \/>\n<meta property=\"article:published_time\" content=\"2022-04-23T00:53:37+00:00\" \/>\n<meta property=\"article:modified_time\" content=\"2022-04-23T01:15:27+00:00\" \/>\n<meta property=\"og:image\" content=\"https:\/\/www.manabi.gob.ec\/wp-content\/uploads\/2022\/04\/e2fc29de-09d5-4e2c-83d7-23c3409dbe68.jpg\" \/>\n\t<meta property=\"og:image:width\" content=\"904\" \/>\n\t<meta property=\"og:image:height\" content=\"594\" \/>\n\t<meta property=\"og:image:type\" content=\"image\/jpeg\" \/>\n<meta name=\"author\" content=\"Lui Ochoa\" \/>\n<meta name=\"twitter:card\" content=\"summary_large_image\" \/>\n<meta name=\"twitter:label1\" content=\"Escrito por\" \/>\n\t<meta name=\"twitter:data1\" content=\"Lui Ochoa\" \/>\n\t<meta name=\"twitter:label2\" content=\"Tiempo de lectura\" \/>\n\t<meta name=\"twitter:data2\" content=\"1 minuto\" \/>\n<script type=\"application\/ld+json\" class=\"yoast-schema-graph\">{\"@context\":\"https:\\\/\\\/schema.org\",\"@graph\":[{\"@type\":\"Article\",\"@id\":\"https:\\\/\\\/www.manabi.gob.ec\\\/index.php\\\/trabajamos-en-equipo-por-el-desarrollo-y-bienestar-de-nuestros-hermanos-y-hermanas-de-quiroga\\\/#article\",\"isPartOf\":{\"@id\":\"https:\\\/\\\/www.manabi.gob.ec\\\/index.php\\\/trabajamos-en-equipo-por-el-desarrollo-y-bienestar-de-nuestros-hermanos-y-hermanas-de-quiroga\\\/\"},\"author\":{\"name\":\"Lui Ochoa\",\"@id\":\"https:\\\/\\\/www.manabi.gob.ec\\\/#\\\/schema\\\/person\\\/c4f117989332ad723a6ced5994aa7d7a\"},\"headline\":\"Trabajamos en equipo por el desarrollo y bienestar de nuestros hermanos y hermanas de Quiroga.\",\"datePublished\":\"2022-04-23T00:53:37+00:00\",\"dateModified\":\"2022-04-23T01:15:27+00:00\",\"mainEntityOfPage\":{\"@id\":\"https:\\\/\\\/www.manabi.gob.ec\\\/index.php\\\/trabajamos-en-equipo-por-el-desarrollo-y-bienestar-de-nuestros-hermanos-y-hermanas-de-quiroga\\\/\"},\"wordCount\":69,\"image\":{\"@id\":\"https:\\\/\\\/www.manabi.gob.ec\\\/index.php\\\/trabajamos-en-equipo-por-el-desarrollo-y-bienestar-de-nuestros-hermanos-y-hermanas-de-quiroga\\\/#primaryimage\"},\"thumbnailUrl\":\"https:\\\/\\\/www.manabi.gob.ec\\\/wp-content\\\/uploads\\\/2022\\\/04\\\/e2fc29de-09d5-4e2c-83d7-23c3409dbe68.jpg\",\"articleSection\":[\"Bol\u00edvar\",\"Desarrollo Social\",\"Noticias\",\"Obra P\u00fablica\",\"Todas\",\"Vialidad\"],\"inLanguage\":\"es\"},{\"@type\":\"WebPage\",\"@id\":\"https:\\\/\\\/www.manabi.gob.ec\\\/index.php\\\/trabajamos-en-equipo-por-el-desarrollo-y-bienestar-de-nuestros-hermanos-y-hermanas-de-quiroga\\\/\",\"url\":\"https:\\\/\\\/www.manabi.gob.ec\\\/index.php\\\/trabajamos-en-equipo-por-el-desarrollo-y-bienestar-de-nuestros-hermanos-y-hermanas-de-quiroga\\\/\",\"name\":\"Trabajamos en equipo por el desarrollo y bienestar de nuestros hermanos y hermanas de Quiroga. - Prefectura de Manab\u00ed\",\"isPartOf\":{\"@id\":\"https:\\\/\\\/www.manabi.gob.ec\\\/#website\"},\"primaryImageOfPage\":{\"@id\":\"https:\\\/\\\/www.manabi.gob.ec\\\/index.php\\\/trabajamos-en-equipo-por-el-desarrollo-y-bienestar-de-nuestros-hermanos-y-hermanas-de-quiroga\\\/#primaryimage\"},\"image\":{\"@id\":\"https:\\\/\\\/www.manabi.gob.ec\\\/index.php\\\/trabajamos-en-equipo-por-el-desarrollo-y-bienestar-de-nuestros-hermanos-y-hermanas-de-quiroga\\\/#primaryimage\"},\"thumbnailUrl\":\"https:\\\/\\\/www.manabi.gob.ec\\\/wp-content\\\/uploads\\\/2022\\\/04\\\/e2fc29de-09d5-4e2c-83d7-23c3409dbe68.jpg\",\"datePublished\":\"2022-04-23T00:53:37+00:00\",\"dateModified\":\"2022-04-23T01:15:27+00:00\",\"author\":{\"@id\":\"https:\\\/\\\/www.manabi.gob.ec\\\/#\\\/schema\\\/person\\\/c4f117989332ad723a6ced5994aa7d7a\"},\"description\":\"Hemos iniciado los trabajos para el asfaltado de las calles Monse\u00f1or Wenceslao Rijavec y Manuel Zapata, de la parroquia Quiroga en el cant\u00f3n Bol\u00edvar. Esta obra se dignidad y justicia social la ejecutamos en convenio de cogesti\u00f3n con el GAD Cantonal y avanzamos con el cambio de estructura de suelo.\",\"breadcrumb\":{\"@id\":\"https:\\\/\\\/www.manabi.gob.ec\\\/index.php\\\/trabajamos-en-equipo-por-el-desarrollo-y-bienestar-de-nuestros-hermanos-y-hermanas-de-quiroga\\\/#breadcrumb\"},\"inLanguage\":\"es\",\"potentialAction\":[{\"@type\":\"ReadAction\",\"target\":[\"https:\\\/\\\/www.manabi.gob.ec\\\/index.php\\\/trabajamos-en-equipo-por-el-desarrollo-y-bienestar-de-nuestros-hermanos-y-hermanas-de-quiroga\\\/\"]}]},{\"@type\":\"ImageObject\",\"inLanguage\":\"es\",\"@id\":\"https:\\\/\\\/www.manabi.gob.ec\\\/index.php\\\/trabajamos-en-equipo-por-el-desarrollo-y-bienestar-de-nuestros-hermanos-y-hermanas-de-quiroga\\\/#primaryimage\",\"url\":\"https:\\\/\\\/www.manabi.gob.ec\\\/wp-content\\\/uploads\\\/2022\\\/04\\\/e2fc29de-09d5-4e2c-83d7-23c3409dbe68.jpg\",\"contentUrl\":\"https:\\\/\\\/www.manabi.gob.ec\\\/wp-content\\\/uploads\\\/2022\\\/04\\\/e2fc29de-09d5-4e2c-83d7-23c3409dbe68.jpg\",\"width\":904,\"height\":594},{\"@type\":\"BreadcrumbList\",\"@id\":\"https:\\\/\\\/www.manabi.gob.ec\\\/index.php\\\/trabajamos-en-equipo-por-el-desarrollo-y-bienestar-de-nuestros-hermanos-y-hermanas-de-quiroga\\\/#breadcrumb\",\"itemListElement\":[{\"@type\":\"ListItem\",\"position\":1,\"name\":\"Portada\",\"item\":\"https:\\\/\\\/www.manabi.gob.ec\\\/\"},{\"@type\":\"ListItem\",\"position\":2,\"name\":\"Trabajamos en equipo por el desarrollo y bienestar de nuestros hermanos y hermanas de Quiroga.\"}]},{\"@type\":\"WebSite\",\"@id\":\"https:\\\/\\\/www.manabi.gob.ec\\\/#website\",\"url\":\"https:\\\/\\\/www.manabi.gob.ec\\\/\",\"name\":\"Prefectura de Manab\u00ed\",\"description\":\"P\u00e1gina web de la prefectura\",\"potentialAction\":[{\"@type\":\"SearchAction\",\"target\":{\"@type\":\"EntryPoint\",\"urlTemplate\":\"https:\\\/\\\/www.manabi.gob.ec\\\/?s={search_term_string}\"},\"query-input\":{\"@type\":\"PropertyValueSpecification\",\"valueRequired\":true,\"valueName\":\"search_term_string\"}}],\"inLanguage\":\"es\"},{\"@type\":\"Person\",\"@id\":\"https:\\\/\\\/www.manabi.gob.ec\\\/#\\\/schema\\\/person\\\/c4f117989332ad723a6ced5994aa7d7a\",\"name\":\"Lui Ochoa\",\"image\":{\"@type\":\"ImageObject\",\"inLanguage\":\"es\",\"@id\":\"https:\\\/\\\/secure.gravatar.com\\\/avatar\\\/6e8017d0fe69dead8a95864d2eb6e1e1d8bf8e01194ba49cf7b897ff038126ba?s=96&d=mm&r=g\",\"url\":\"https:\\\/\\\/secure.gravatar.com\\\/avatar\\\/6e8017d0fe69dead8a95864d2eb6e1e1d8bf8e01194ba49cf7b897ff038126ba?s=96&d=mm&r=g\",\"contentUrl\":\"https:\\\/\\\/secure.gravatar.com\\\/avatar\\\/6e8017d0fe69dead8a95864d2eb6e1e1d8bf8e01194ba49cf7b897ff038126ba?s=96&d=mm&r=g\",\"caption\":\"Lui Ochoa\"},\"url\":\"https:\\\/\\\/www.manabi.gob.ec\\\/index.php\\\/author\\\/lochoa\\\/\"}]}<\/script>\n<!-- \/ Yoast SEO plugin. -->","yoast_head_json":{"title":"Trabajamos en equipo por el desarrollo y bienestar de nuestros hermanos y hermanas de Quiroga. - Prefectura de Manab\u00ed","description":"Hemos iniciado los trabajos para el asfaltado de las calles Monse\u00f1or Wenceslao Rijavec y Manuel Zapata, de la parroquia Quiroga en el cant\u00f3n Bol\u00edvar. Esta obra se dignidad y justicia social la ejecutamos en convenio de cogesti\u00f3n con el GAD Cantonal y avanzamos con el cambio de estructura de suelo.","robots":{"index":"index","follow":"follow","max-snippet":"max-snippet:-1","max-image-preview":"max-image-preview:large","max-video-preview":"max-video-preview:-1"},"canonical":"https:\/\/www.manabi.gob.ec\/index.php\/trabajamos-en-equipo-por-el-desarrollo-y-bienestar-de-nuestros-hermanos-y-hermanas-de-quiroga\/","og_locale":"es_ES","og_type":"article","og_title":"Trabajamos en equipo por el desarrollo y bienestar de nuestros hermanos y hermanas de Quiroga. - Prefectura de Manab\u00ed","og_description":"Hemos iniciado los trabajos para el asfaltado de las calles Monse\u00f1or Wenceslao Rijavec y Manuel Zapata, de la parroquia Quiroga en el cant\u00f3n Bol\u00edvar. Esta obra se dignidad y justicia social la ejecutamos en convenio de cogesti\u00f3n con el GAD Cantonal y avanzamos con el cambio de estructura de suelo.","og_url":"https:\/\/www.manabi.gob.ec\/index.php\/trabajamos-en-equipo-por-el-desarrollo-y-bienestar-de-nuestros-hermanos-y-hermanas-de-quiroga\/","og_site_name":"Prefectura de Manab\u00ed","article_published_time":"2022-04-23T00:53:37+00:00","article_modified_time":"2022-04-23T01:15:27+00:00","og_image":[{"width":904,"height":594,"url":"https:\/\/www.manabi.gob.ec\/wp-content\/uploads\/2022\/04\/e2fc29de-09d5-4e2c-83d7-23c3409dbe68.jpg","type":"image\/jpeg"}],"author":"Lui Ochoa","twitter_card":"summary_large_image","twitter_misc":{"Escrito por":"Lui Ochoa","Tiempo de lectura":"1 minuto"},"schema":{"@context":"https:\/\/schema.org","@graph":[{"@type":"Article","@id":"https:\/\/www.manabi.gob.ec\/index.php\/trabajamos-en-equipo-por-el-desarrollo-y-bienestar-de-nuestros-hermanos-y-hermanas-de-quiroga\/#article","isPartOf":{"@id":"https:\/\/www.manabi.gob.ec\/index.php\/trabajamos-en-equipo-por-el-desarrollo-y-bienestar-de-nuestros-hermanos-y-hermanas-de-quiroga\/"},"author":{"name":"Lui Ochoa","@id":"https:\/\/www.manabi.gob.ec\/#\/schema\/person\/c4f117989332ad723a6ced5994aa7d7a"},"headline":"Trabajamos en equipo por el desarrollo y bienestar de nuestros hermanos y hermanas de Quiroga.","datePublished":"2022-04-23T00:53:37+00:00","dateModified":"2022-04-23T01:15:27+00:00","mainEntityOfPage":{"@id":"https:\/\/www.manabi.gob.ec\/index.php\/trabajamos-en-equipo-por-el-desarrollo-y-bienestar-de-nuestros-hermanos-y-hermanas-de-quiroga\/"},"wordCount":69,"image":{"@id":"https:\/\/www.manabi.gob.ec\/index.php\/trabajamos-en-equipo-por-el-desarrollo-y-bienestar-de-nuestros-hermanos-y-hermanas-de-quiroga\/#primaryimage"},"thumbnailUrl":"https:\/\/www.manabi.gob.ec\/wp-content\/uploads\/2022\/04\/e2fc29de-09d5-4e2c-83d7-23c3409dbe68.jpg","articleSection":["Bol\u00edvar","Desarrollo Social","Noticias","Obra P\u00fablica","Todas","Vialidad"],"inLanguage":"es"},{"@type":"WebPage","@id":"https:\/\/www.manabi.gob.ec\/index.php\/trabajamos-en-equipo-por-el-desarrollo-y-bienestar-de-nuestros-hermanos-y-hermanas-de-quiroga\/","url":"https:\/\/www.manabi.gob.ec\/index.php\/trabajamos-en-equipo-por-el-desarrollo-y-bienestar-de-nuestros-hermanos-y-hermanas-de-quiroga\/","name":"Trabajamos en equipo por el desarrollo y bienestar de nuestros hermanos y hermanas de Quiroga. - Prefectura de Manab\u00ed","isPartOf":{"@id":"https:\/\/www.manabi.gob.ec\/#website"},"primaryImageOfPage":{"@id":"https:\/\/www.manabi.gob.ec\/index.php\/trabajamos-en-equipo-por-el-desarrollo-y-bienestar-de-nuestros-hermanos-y-hermanas-de-quiroga\/#primaryimage"},"image":{"@id":"https:\/\/www.manabi.gob.ec\/index.php\/trabajamos-en-equipo-por-el-desarrollo-y-bienestar-de-nuestros-hermanos-y-hermanas-de-quiroga\/#primaryimage"},"thumbnailUrl":"https:\/\/www.manabi.gob.ec\/wp-content\/uploads\/2022\/04\/e2fc29de-09d5-4e2c-83d7-23c3409dbe68.jpg","datePublished":"2022-04-23T00:53:37+00:00","dateModified":"2022-04-23T01:15:27+00:00","author":{"@id":"https:\/\/www.manabi.gob.ec\/#\/schema\/person\/c4f117989332ad723a6ced5994aa7d7a"},"description":"Hemos iniciado los trabajos para el asfaltado de las calles Monse\u00f1or Wenceslao Rijavec y Manuel Zapata, de la parroquia Quiroga en el cant\u00f3n Bol\u00edvar. Esta obra se dignidad y justicia social la ejecutamos en convenio de cogesti\u00f3n con el GAD Cantonal y avanzamos con el cambio de estructura de suelo.","breadcrumb":{"@id":"https:\/\/www.manabi.gob.ec\/index.php\/trabajamos-en-equipo-por-el-desarrollo-y-bienestar-de-nuestros-hermanos-y-hermanas-de-quiroga\/#breadcrumb"},"inLanguage":"es","potentialAction":[{"@type":"ReadAction","target":["https:\/\/www.manabi.gob.ec\/index.php\/trabajamos-en-equipo-por-el-desarrollo-y-bienestar-de-nuestros-hermanos-y-hermanas-de-quiroga\/"]}]},{"@type":"ImageObject","inLanguage":"es","@id":"https:\/\/www.manabi.gob.ec\/index.php\/trabajamos-en-equipo-por-el-desarrollo-y-bienestar-de-nuestros-hermanos-y-hermanas-de-quiroga\/#primaryimage","url":"https:\/\/www.manabi.gob.ec\/wp-content\/uploads\/2022\/04\/e2fc29de-09d5-4e2c-83d7-23c3409dbe68.jpg","contentUrl":"https:\/\/www.manabi.gob.ec\/wp-content\/uploads\/2022\/04\/e2fc29de-09d5-4e2c-83d7-23c3409dbe68.jpg","width":904,"height":594},{"@type":"BreadcrumbList","@id":"https:\/\/www.manabi.gob.ec\/index.php\/trabajamos-en-equipo-por-el-desarrollo-y-bienestar-de-nuestros-hermanos-y-hermanas-de-quiroga\/#breadcrumb","itemListElement":[{"@type":"ListItem","position":1,"name":"Portada","item":"https:\/\/www.manabi.gob.ec\/"},{"@type":"ListItem","position":2,"name":"Trabajamos en equipo por el desarrollo y bienestar de nuestros hermanos y hermanas de Quiroga."}]},{"@type":"WebSite","@id":"https:\/\/www.manabi.gob.ec\/#website","url":"https:\/\/www.manabi.gob.ec\/","name":"Prefectura de Manab\u00ed","description":"P\u00e1gina web de la prefectura","potentialAction":[{"@type":"SearchAction","target":{"@type":"EntryPoint","urlTemplate":"https:\/\/www.manabi.gob.ec\/?s={search_term_string}"},"query-input":{"@type":"PropertyValueSpecification","valueRequired":true,"valueName":"search_term_string"}}],"inLanguage":"es"},{"@type":"Person","@id":"https:\/\/www.manabi.gob.ec\/#\/schema\/person\/c4f117989332ad723a6ced5994aa7d7a","name":"Lui Ochoa","image":{"@type":"ImageObject","inLanguage":"es","@id":"https:\/\/secure.gravatar.com\/avatar\/6e8017d0fe69dead8a95864d2eb6e1e1d8bf8e01194ba49cf7b897ff038126ba?s=96&d=mm&r=g","url":"https:\/\/secure.gravatar.com\/avatar\/6e8017d0fe69dead8a95864d2eb6e1e1d8bf8e01194ba49cf7b897ff038126ba?s=96&d=mm&r=g","contentUrl":"https:\/\/secure.gravatar.com\/avatar\/6e8017d0fe69dead8a95864d2eb6e1e1d8bf8e01194ba49cf7b897ff038126ba?s=96&d=mm&r=g","caption":"Lui Ochoa"},"url":"https:\/\/www.manabi.gob.ec\/index.php\/author\/lochoa\/"}]}},"jetpack_featured_media_url":"https:\/\/www.manabi.gob.ec\/wp-content\/uploads\/2022\/04\/e2fc29de-09d5-4e2c-83d7-23c3409dbe68.jpg","_links":{"self":[{"href":"https:\/\/www.manabi.gob.ec\/index.php\/wp-json\/wp\/v2\/posts\/20405","targetHints":{"allow":["GET"]}}],"collection":[{"href":"https:\/\/www.manabi.gob.ec\/index.php\/wp-json\/wp\/v2\/posts"}],"about":[{"href":"https:\/\/www.manabi.gob.ec\/index.php\/wp-json\/wp\/v2\/types\/post"}],"author":[{"embeddable":true,"href":"https:\/\/www.manabi.gob.ec\/index.php\/wp-json\/wp\/v2\/users\/10"}],"replies":[{"embeddable":true,"href":"https:\/\/www.manabi.gob.ec\/index.php\/wp-json\/wp\/v2\/comments?post=20405"}],"version-history":[{"count":0,"href":"https:\/\/www.manabi.gob.ec\/index.php\/wp-json\/wp\/v2\/posts\/20405\/revisions"}],"wp:featuredmedia":[{"embeddable":true,"href":"https:\/\/www.manabi.gob.ec\/index.php\/wp-json\/wp\/v2\/media\/20407"}],"wp:attachment":[{"href":"https:\/\/www.manabi.gob.ec\/index.php\/wp-json\/wp\/v2\/media?parent=20405"}],"wp:term":[{"taxonomy":"category","embeddable":true,"href":"https:\/\/www.manabi.gob.ec\/index.php\/wp-json\/wp\/v2\/categories?post=20405"},{"taxonomy":"post_tag","embeddable":true,"href":"https:\/\/www.manabi.gob.ec\/index.php\/wp-json\/wp\/v2\/tags?post=20405"}],"curies":[{"name":"wp","href":"https:\/\/api.w.org\/{rel}","templated":true}]}}