{"id":20409,"date":"2022-04-23T01:13:11","date_gmt":"2022-04-23T01:13:11","guid":{"rendered":"https:\/\/www.manabi.gob.ec\/?p=20409"},"modified":"2022-04-23T01:27:36","modified_gmt":"2022-04-23T01:27:36","slug":"jama-renace-con-justicia-y-equidad","status":"publish","type":"post","link":"https:\/\/www.manabi.gob.ec\/index.php\/jama-renace-con-justicia-y-equidad\/","title":{"rendered":"\u00a1 Jama renace con justicia y equidad !"},"content":{"rendered":"\n<p><\/p>\n\n\n\n<p>\u00abEn Jama hay fiesta y esperanza\u00bb, con est\u00e1 frase el prefecto, Leonardo Orlando, inici\u00f3 su discurso durante el acto de inauguraci\u00f3n de las 5 calles y 1 avenida a nivel de carpeta asf\u00e1ltica.<\/p>\n\n\n\n<p>La obra demand\u00f3 una inversi\u00f3n que sobrepasa los 300 mil d\u00f3lares, y el trabajo en equipo del GAD Manab\u00ed y el municipio de Jama. El aporte del GAD fue de $ 245,033, 02 y el municipio $ 61. 258, 26.<\/p>\n\n\n\n<p>\u00abLeonardo Orlando, sintoniz\u00f3 el clamor de los habitantes de Jama, y cuando existe voluntad se consigue lo que los pueblos anhelamos\u00bb, dijo el alcalde de Jama, Robert Castro.<\/p>\n\n\n\n<p>\u00bb Gracias a un convenio 80\/20, hoy se entrega est\u00e1 gran obra para Jama\u00bb, dijo el Prefecto, quien hizo otros importantes anuncios para la gente de Jama.<\/p>\n\n\n\n<div class=\"wp-block-image\"><figure class=\"aligncenter size-large\"><img loading=\"lazy\" decoding=\"async\" width=\"1024\" height=\"683\" src=\"https:\/\/www.manabi.gob.ec\/wp-content\/uploads\/2022\/04\/WhatsApp-Image-2022-04-22-at-7.55.05-PM-2-1024x683.jpg\" alt=\"\" class=\"wp-image-20411\" srcset=\"https:\/\/www.manabi.gob.ec\/wp-content\/uploads\/2022\/04\/WhatsApp-Image-2022-04-22-at-7.55.05-PM-2-1024x683.jpg 1024w, https:\/\/www.manabi.gob.ec\/wp-content\/uploads\/2022\/04\/WhatsApp-Image-2022-04-22-at-7.55.05-PM-2-300x200.jpg 300w, https:\/\/www.manabi.gob.ec\/wp-content\/uploads\/2022\/04\/WhatsApp-Image-2022-04-22-at-7.55.05-PM-2-768x512.jpg 768w, https:\/\/www.manabi.gob.ec\/wp-content\/uploads\/2022\/04\/WhatsApp-Image-2022-04-22-at-7.55.05-PM-2.jpg 1296w\" sizes=\"auto, (max-width: 1024px) 100vw, 1024px\" \/><\/figure><\/div>\n\n\n\n<p>\u00abYa hemos postulado, no es una expectativa una v\u00eda que cambiar\u00e1 la historia de Jama, la v\u00eda a nivel de doble riego asf\u00e1ltico Jama- Don Juan &#8211; La Divisi\u00f3n, con una inversi\u00f3n de m\u00e1s de un mill\u00f3n de d\u00f3lares\u00bb, indic\u00f3 Orlando.<\/p>\n\n\n\n<p>Otra obra que anunci\u00f3 la autoridad provincial fue la reubicaci\u00f3n del puente bailey que se encuentre en la v\u00eda Jama &#8211; Canoa. \u00abVamos a integrar la zona urbana de Jama con dos comunidades pesqueras como El Matal y Campamento, ya se iniciaron los estudios de suelo\u00bb, indic\u00f3 el Prefecto.<\/p>\n\n\n\n<div class=\"wp-block-image\"><figure class=\"aligncenter size-large\"><img loading=\"lazy\" decoding=\"async\" width=\"1024\" height=\"683\" src=\"https:\/\/www.manabi.gob.ec\/wp-content\/uploads\/2022\/04\/WhatsApp-Image-2022-04-22-at-7.55.05-PM-1024x683.jpg\" alt=\"\" class=\"wp-image-20412\" srcset=\"https:\/\/www.manabi.gob.ec\/wp-content\/uploads\/2022\/04\/WhatsApp-Image-2022-04-22-at-7.55.05-PM-1024x683.jpg 1024w, https:\/\/www.manabi.gob.ec\/wp-content\/uploads\/2022\/04\/WhatsApp-Image-2022-04-22-at-7.55.05-PM-300x200.jpg 300w, https:\/\/www.manabi.gob.ec\/wp-content\/uploads\/2022\/04\/WhatsApp-Image-2022-04-22-at-7.55.05-PM-768x512.jpg 768w, https:\/\/www.manabi.gob.ec\/wp-content\/uploads\/2022\/04\/WhatsApp-Image-2022-04-22-at-7.55.05-PM.jpg 1296w\" sizes=\"auto, (max-width: 1024px) 100vw, 1024px\" \/><\/figure><\/div>\n\n\n\n<p>El acto de inauguraci\u00f3n se desarroll\u00f3 este viernes 22 de abril, con la presencia de autoridades locales y ciudadan\u00eda en general.<\/p>\n\n\n\n<div class=\"wp-block-image\"><figure class=\"aligncenter size-large\"><img loading=\"lazy\" decoding=\"async\" width=\"1024\" height=\"683\" src=\"https:\/\/www.manabi.gob.ec\/wp-content\/uploads\/2022\/04\/WhatsApp-Image-2022-04-22-at-7.55.05-PM-1-1024x683.jpg\" alt=\"\" class=\"wp-image-20414\" srcset=\"https:\/\/www.manabi.gob.ec\/wp-content\/uploads\/2022\/04\/WhatsApp-Image-2022-04-22-at-7.55.05-PM-1-1024x683.jpg 1024w, https:\/\/www.manabi.gob.ec\/wp-content\/uploads\/2022\/04\/WhatsApp-Image-2022-04-22-at-7.55.05-PM-1-300x200.jpg 300w, https:\/\/www.manabi.gob.ec\/wp-content\/uploads\/2022\/04\/WhatsApp-Image-2022-04-22-at-7.55.05-PM-1-768x512.jpg 768w, https:\/\/www.manabi.gob.ec\/wp-content\/uploads\/2022\/04\/WhatsApp-Image-2022-04-22-at-7.55.05-PM-1.jpg 1296w\" sizes=\"auto, (max-width: 1024px) 100vw, 1024px\" \/><\/figure><\/div>\n\n\n","protected":false},"excerpt":{"rendered":"<p>En Jama hay fiesta y esperanza\u00bb, con est\u00e1 frase el prefecto, Leonardo Orlando, inici\u00f3 su discurso durante el acto de inauguraci\u00f3n de las 5 calles y 1 avenida a nivel de carpeta asf\u00e1ltica.<\/p>\n","protected":false},"author":10,"featured_media":20413,"comment_status":"closed","ping_status":"closed","sticky":false,"template":"","format":"standard","meta":{"_joinchat":[],"footnotes":""},"categories":[142,175,92,91,127],"tags":[243],"class_list":["post-20409","post","type-post","status-publish","format-standard","has-post-thumbnail","hentry","category-desarrollo-social","category-jama","category-noticias-manabi","category-todas","category-vialidad","tag-jama"],"yoast_head":"<!-- This site is optimized with the Yoast SEO plugin v27.4 - https:\/\/yoast.com\/product\/yoast-seo-wordpress\/ -->\n<title>\u00a1 Jama renace con justicia y equidad ! - Prefectura de Manab\u00ed<\/title>\n<meta name=\"description\" content=\"En Jama hay fiesta y esperanza&quot;, con est\u00e1 frase el prefecto, Leonardo Orlando, inici\u00f3 su discurso durante el acto de inauguraci\u00f3n de las 5 calles y 1 avenida a nivel de carpeta asf\u00e1ltica.La obra demand\u00f3 una inversi\u00f3n que sobrepasa los 300 mil d\u00f3lares, y el trabajo en equipo del GAD Manab\u00ed y el municipio de Jama. El aporte del GAD fue de $ 245,033, 02 y el municipio $ 61. 258, 26. &quot;Leonardo Orlando, sintoniz\u00f3 el clamor de los habitantes de Jama, y cuando existe voluntad se consigue lo que los pueblos anhelamos&quot;, dijo el alcalde de Jama, Robert Castro. &quot; Gracias a un convenio 80\/20, hoy se entrega est\u00e1 gran obra para Jama&quot;, dijo el Prefecto, quien hizo otros importantes anuncios para la gente de Jama. &quot;Ya hemos postulado, no es una expectativa una v\u00eda que cambiar\u00e1 la historia de Jama, la v\u00eda a nivel de doble riego asf\u00e1ltico Jama- Don Juan - La Divisi\u00f3n, con una inversi\u00f3n de m\u00e1s de un mill\u00f3n de d\u00f3lares&quot;, indic\u00f3 Orlando. Otra obra que anunci\u00f3 la autoridad provincial fue la reubicaci\u00f3n del puente bailey que se encuentre en la v\u00eda Jama - Canoa. &quot;Vamos a integrar la zona urbana de Jama con dos comunidades pesqueras como El Matal y Campamento, ya se iniciaron los estudios de suelo&quot;, indic\u00f3 el Prefecto.El acto de inauguraci\u00f3n se desarroll\u00f3 este viernes 22 de abril, con la presencia de autoridades locales y ciudadan\u00eda en general.\" \/>\n<meta name=\"robots\" content=\"index, follow, max-snippet:-1, max-image-preview:large, max-video-preview:-1\" \/>\n<link rel=\"canonical\" href=\"https:\/\/www.manabi.gob.ec\/index.php\/jama-renace-con-justicia-y-equidad\/\" \/>\n<meta property=\"og:locale\" content=\"es_ES\" \/>\n<meta property=\"og:type\" content=\"article\" \/>\n<meta property=\"og:title\" content=\"\u00a1 Jama renace con justicia y equidad ! - Prefectura de Manab\u00ed\" \/>\n<meta property=\"og:description\" content=\"En Jama hay fiesta y esperanza&quot;, con est\u00e1 frase el prefecto, Leonardo Orlando, inici\u00f3 su discurso durante el acto de inauguraci\u00f3n de las 5 calles y 1 avenida a nivel de carpeta asf\u00e1ltica.La obra demand\u00f3 una inversi\u00f3n que sobrepasa los 300 mil d\u00f3lares, y el trabajo en equipo del GAD Manab\u00ed y el municipio de Jama. El aporte del GAD fue de $ 245,033, 02 y el municipio $ 61. 258, 26. &quot;Leonardo Orlando, sintoniz\u00f3 el clamor de los habitantes de Jama, y cuando existe voluntad se consigue lo que los pueblos anhelamos&quot;, dijo el alcalde de Jama, Robert Castro. &quot; Gracias a un convenio 80\/20, hoy se entrega est\u00e1 gran obra para Jama&quot;, dijo el Prefecto, quien hizo otros importantes anuncios para la gente de Jama. &quot;Ya hemos postulado, no es una expectativa una v\u00eda que cambiar\u00e1 la historia de Jama, la v\u00eda a nivel de doble riego asf\u00e1ltico Jama- Don Juan - La Divisi\u00f3n, con una inversi\u00f3n de m\u00e1s de un mill\u00f3n de d\u00f3lares&quot;, indic\u00f3 Orlando. Otra obra que anunci\u00f3 la autoridad provincial fue la reubicaci\u00f3n del puente bailey que se encuentre en la v\u00eda Jama - Canoa. &quot;Vamos a integrar la zona urbana de Jama con dos comunidades pesqueras como El Matal y Campamento, ya se iniciaron los estudios de suelo&quot;, indic\u00f3 el Prefecto.El acto de inauguraci\u00f3n se desarroll\u00f3 este viernes 22 de abril, con la presencia de autoridades locales y ciudadan\u00eda en general.\" \/>\n<meta property=\"og:url\" content=\"https:\/\/www.manabi.gob.ec\/index.php\/jama-renace-con-justicia-y-equidad\/\" \/>\n<meta property=\"og:site_name\" content=\"Prefectura de Manab\u00ed\" \/>\n<meta property=\"article:published_time\" content=\"2022-04-23T01:13:11+00:00\" \/>\n<meta property=\"article:modified_time\" content=\"2022-04-23T01:27:36+00:00\" \/>\n<meta property=\"og:image\" content=\"https:\/\/www.manabi.gob.ec\/wp-content\/uploads\/2022\/04\/WhatsApp-Image-2022-04-22-at-7.55.06-PM-1-1.jpg\" \/>\n\t<meta property=\"og:image:width\" content=\"1296\" \/>\n\t<meta property=\"og:image:height\" content=\"864\" \/>\n\t<meta property=\"og:image:type\" content=\"image\/jpeg\" \/>\n<meta name=\"author\" content=\"Lui Ochoa\" \/>\n<meta name=\"twitter:card\" content=\"summary_large_image\" \/>\n<meta name=\"twitter:label1\" content=\"Escrito por\" \/>\n\t<meta name=\"twitter:data1\" content=\"Lui Ochoa\" \/>\n\t<meta name=\"twitter:label2\" content=\"Tiempo de lectura\" \/>\n\t<meta name=\"twitter:data2\" content=\"2 minutos\" \/>\n<script type=\"application\/ld+json\" class=\"yoast-schema-graph\">{\"@context\":\"https:\\\/\\\/schema.org\",\"@graph\":[{\"@type\":\"Article\",\"@id\":\"https:\\\/\\\/www.manabi.gob.ec\\\/index.php\\\/jama-renace-con-justicia-y-equidad\\\/#article\",\"isPartOf\":{\"@id\":\"https:\\\/\\\/www.manabi.gob.ec\\\/index.php\\\/jama-renace-con-justicia-y-equidad\\\/\"},\"author\":{\"name\":\"Lui Ochoa\",\"@id\":\"https:\\\/\\\/www.manabi.gob.ec\\\/#\\\/schema\\\/person\\\/c4f117989332ad723a6ced5994aa7d7a\"},\"headline\":\"\u00a1 Jama renace con justicia y equidad !\",\"datePublished\":\"2022-04-23T01:13:11+00:00\",\"dateModified\":\"2022-04-23T01:27:36+00:00\",\"mainEntityOfPage\":{\"@id\":\"https:\\\/\\\/www.manabi.gob.ec\\\/index.php\\\/jama-renace-con-justicia-y-equidad\\\/\"},\"wordCount\":248,\"image\":{\"@id\":\"https:\\\/\\\/www.manabi.gob.ec\\\/index.php\\\/jama-renace-con-justicia-y-equidad\\\/#primaryimage\"},\"thumbnailUrl\":\"https:\\\/\\\/www.manabi.gob.ec\\\/wp-content\\\/uploads\\\/2022\\\/04\\\/WhatsApp-Image-2022-04-22-at-7.55.06-PM-1-1.jpg\",\"keywords\":[\"Jama\"],\"articleSection\":[\"Desarrollo Social\",\"Jama\",\"Noticias\",\"Todas\",\"Vialidad\"],\"inLanguage\":\"es\"},{\"@type\":\"WebPage\",\"@id\":\"https:\\\/\\\/www.manabi.gob.ec\\\/index.php\\\/jama-renace-con-justicia-y-equidad\\\/\",\"url\":\"https:\\\/\\\/www.manabi.gob.ec\\\/index.php\\\/jama-renace-con-justicia-y-equidad\\\/\",\"name\":\"\u00a1 Jama renace con justicia y equidad ! - Prefectura de Manab\u00ed\",\"isPartOf\":{\"@id\":\"https:\\\/\\\/www.manabi.gob.ec\\\/#website\"},\"primaryImageOfPage\":{\"@id\":\"https:\\\/\\\/www.manabi.gob.ec\\\/index.php\\\/jama-renace-con-justicia-y-equidad\\\/#primaryimage\"},\"image\":{\"@id\":\"https:\\\/\\\/www.manabi.gob.ec\\\/index.php\\\/jama-renace-con-justicia-y-equidad\\\/#primaryimage\"},\"thumbnailUrl\":\"https:\\\/\\\/www.manabi.gob.ec\\\/wp-content\\\/uploads\\\/2022\\\/04\\\/WhatsApp-Image-2022-04-22-at-7.55.06-PM-1-1.jpg\",\"datePublished\":\"2022-04-23T01:13:11+00:00\",\"dateModified\":\"2022-04-23T01:27:36+00:00\",\"author\":{\"@id\":\"https:\\\/\\\/www.manabi.gob.ec\\\/#\\\/schema\\\/person\\\/c4f117989332ad723a6ced5994aa7d7a\"},\"description\":\"En Jama hay fiesta y esperanza\\\", con est\u00e1 frase el prefecto, Leonardo Orlando, inici\u00f3 su discurso durante el acto de inauguraci\u00f3n de las 5 calles y 1 avenida a nivel de carpeta asf\u00e1ltica.La obra demand\u00f3 una inversi\u00f3n que sobrepasa los 300 mil d\u00f3lares, y el trabajo en equipo del GAD Manab\u00ed y el municipio de Jama. El aporte del GAD fue de $ 245,033, 02 y el municipio $ 61. 258, 26. \\\"Leonardo Orlando, sintoniz\u00f3 el clamor de los habitantes de Jama, y cuando existe voluntad se consigue lo que los pueblos anhelamos\\\", dijo el alcalde de Jama, Robert Castro. \\\" Gracias a un convenio 80\\\/20, hoy se entrega est\u00e1 gran obra para Jama\\\", dijo el Prefecto, quien hizo otros importantes anuncios para la gente de Jama. \\\"Ya hemos postulado, no es una expectativa una v\u00eda que cambiar\u00e1 la historia de Jama, la v\u00eda a nivel de doble riego asf\u00e1ltico Jama- Don Juan - La Divisi\u00f3n, con una inversi\u00f3n de m\u00e1s de un mill\u00f3n de d\u00f3lares\\\", indic\u00f3 Orlando. Otra obra que anunci\u00f3 la autoridad provincial fue la reubicaci\u00f3n del puente bailey que se encuentre en la v\u00eda Jama - Canoa. \\\"Vamos a integrar la zona urbana de Jama con dos comunidades pesqueras como El Matal y Campamento, ya se iniciaron los estudios de suelo\\\", indic\u00f3 el Prefecto.El acto de inauguraci\u00f3n se desarroll\u00f3 este viernes 22 de abril, con la presencia de autoridades locales y ciudadan\u00eda en general.\",\"breadcrumb\":{\"@id\":\"https:\\\/\\\/www.manabi.gob.ec\\\/index.php\\\/jama-renace-con-justicia-y-equidad\\\/#breadcrumb\"},\"inLanguage\":\"es\",\"potentialAction\":[{\"@type\":\"ReadAction\",\"target\":[\"https:\\\/\\\/www.manabi.gob.ec\\\/index.php\\\/jama-renace-con-justicia-y-equidad\\\/\"]}]},{\"@type\":\"ImageObject\",\"inLanguage\":\"es\",\"@id\":\"https:\\\/\\\/www.manabi.gob.ec\\\/index.php\\\/jama-renace-con-justicia-y-equidad\\\/#primaryimage\",\"url\":\"https:\\\/\\\/www.manabi.gob.ec\\\/wp-content\\\/uploads\\\/2022\\\/04\\\/WhatsApp-Image-2022-04-22-at-7.55.06-PM-1-1.jpg\",\"contentUrl\":\"https:\\\/\\\/www.manabi.gob.ec\\\/wp-content\\\/uploads\\\/2022\\\/04\\\/WhatsApp-Image-2022-04-22-at-7.55.06-PM-1-1.jpg\",\"width\":1296,\"height\":864},{\"@type\":\"BreadcrumbList\",\"@id\":\"https:\\\/\\\/www.manabi.gob.ec\\\/index.php\\\/jama-renace-con-justicia-y-equidad\\\/#breadcrumb\",\"itemListElement\":[{\"@type\":\"ListItem\",\"position\":1,\"name\":\"Portada\",\"item\":\"https:\\\/\\\/www.manabi.gob.ec\\\/\"},{\"@type\":\"ListItem\",\"position\":2,\"name\":\"\u00a1 Jama renace con justicia y equidad !\"}]},{\"@type\":\"WebSite\",\"@id\":\"https:\\\/\\\/www.manabi.gob.ec\\\/#website\",\"url\":\"https:\\\/\\\/www.manabi.gob.ec\\\/\",\"name\":\"Prefectura de Manab\u00ed\",\"description\":\"P\u00e1gina web de la prefectura\",\"potentialAction\":[{\"@type\":\"SearchAction\",\"target\":{\"@type\":\"EntryPoint\",\"urlTemplate\":\"https:\\\/\\\/www.manabi.gob.ec\\\/?s={search_term_string}\"},\"query-input\":{\"@type\":\"PropertyValueSpecification\",\"valueRequired\":true,\"valueName\":\"search_term_string\"}}],\"inLanguage\":\"es\"},{\"@type\":\"Person\",\"@id\":\"https:\\\/\\\/www.manabi.gob.ec\\\/#\\\/schema\\\/person\\\/c4f117989332ad723a6ced5994aa7d7a\",\"name\":\"Lui Ochoa\",\"image\":{\"@type\":\"ImageObject\",\"inLanguage\":\"es\",\"@id\":\"https:\\\/\\\/secure.gravatar.com\\\/avatar\\\/6e8017d0fe69dead8a95864d2eb6e1e1d8bf8e01194ba49cf7b897ff038126ba?s=96&d=mm&r=g\",\"url\":\"https:\\\/\\\/secure.gravatar.com\\\/avatar\\\/6e8017d0fe69dead8a95864d2eb6e1e1d8bf8e01194ba49cf7b897ff038126ba?s=96&d=mm&r=g\",\"contentUrl\":\"https:\\\/\\\/secure.gravatar.com\\\/avatar\\\/6e8017d0fe69dead8a95864d2eb6e1e1d8bf8e01194ba49cf7b897ff038126ba?s=96&d=mm&r=g\",\"caption\":\"Lui Ochoa\"},\"url\":\"https:\\\/\\\/www.manabi.gob.ec\\\/index.php\\\/author\\\/lochoa\\\/\"}]}<\/script>\n<!-- \/ Yoast SEO plugin. -->","yoast_head_json":{"title":"\u00a1 Jama renace con justicia y equidad ! - Prefectura de Manab\u00ed","description":"En Jama hay fiesta y esperanza\", con est\u00e1 frase el prefecto, Leonardo Orlando, inici\u00f3 su discurso durante el acto de inauguraci\u00f3n de las 5 calles y 1 avenida a nivel de carpeta asf\u00e1ltica.La obra demand\u00f3 una inversi\u00f3n que sobrepasa los 300 mil d\u00f3lares, y el trabajo en equipo del GAD Manab\u00ed y el municipio de Jama. El aporte del GAD fue de $ 245,033, 02 y el municipio $ 61. 258, 26. \"Leonardo Orlando, sintoniz\u00f3 el clamor de los habitantes de Jama, y cuando existe voluntad se consigue lo que los pueblos anhelamos\", dijo el alcalde de Jama, Robert Castro. \" Gracias a un convenio 80\/20, hoy se entrega est\u00e1 gran obra para Jama\", dijo el Prefecto, quien hizo otros importantes anuncios para la gente de Jama. \"Ya hemos postulado, no es una expectativa una v\u00eda que cambiar\u00e1 la historia de Jama, la v\u00eda a nivel de doble riego asf\u00e1ltico Jama- Don Juan - La Divisi\u00f3n, con una inversi\u00f3n de m\u00e1s de un mill\u00f3n de d\u00f3lares\", indic\u00f3 Orlando. Otra obra que anunci\u00f3 la autoridad provincial fue la reubicaci\u00f3n del puente bailey que se encuentre en la v\u00eda Jama - Canoa. \"Vamos a integrar la zona urbana de Jama con dos comunidades pesqueras como El Matal y Campamento, ya se iniciaron los estudios de suelo\", indic\u00f3 el Prefecto.El acto de inauguraci\u00f3n se desarroll\u00f3 este viernes 22 de abril, con la presencia de autoridades locales y ciudadan\u00eda en general.","robots":{"index":"index","follow":"follow","max-snippet":"max-snippet:-1","max-image-preview":"max-image-preview:large","max-video-preview":"max-video-preview:-1"},"canonical":"https:\/\/www.manabi.gob.ec\/index.php\/jama-renace-con-justicia-y-equidad\/","og_locale":"es_ES","og_type":"article","og_title":"\u00a1 Jama renace con justicia y equidad ! - Prefectura de Manab\u00ed","og_description":"En Jama hay fiesta y esperanza\", con est\u00e1 frase el prefecto, Leonardo Orlando, inici\u00f3 su discurso durante el acto de inauguraci\u00f3n de las 5 calles y 1 avenida a nivel de carpeta asf\u00e1ltica.La obra demand\u00f3 una inversi\u00f3n que sobrepasa los 300 mil d\u00f3lares, y el trabajo en equipo del GAD Manab\u00ed y el municipio de Jama. El aporte del GAD fue de $ 245,033, 02 y el municipio $ 61. 258, 26. \"Leonardo Orlando, sintoniz\u00f3 el clamor de los habitantes de Jama, y cuando existe voluntad se consigue lo que los pueblos anhelamos\", dijo el alcalde de Jama, Robert Castro. \" Gracias a un convenio 80\/20, hoy se entrega est\u00e1 gran obra para Jama\", dijo el Prefecto, quien hizo otros importantes anuncios para la gente de Jama. \"Ya hemos postulado, no es una expectativa una v\u00eda que cambiar\u00e1 la historia de Jama, la v\u00eda a nivel de doble riego asf\u00e1ltico Jama- Don Juan - La Divisi\u00f3n, con una inversi\u00f3n de m\u00e1s de un mill\u00f3n de d\u00f3lares\", indic\u00f3 Orlando. Otra obra que anunci\u00f3 la autoridad provincial fue la reubicaci\u00f3n del puente bailey que se encuentre en la v\u00eda Jama - Canoa. \"Vamos a integrar la zona urbana de Jama con dos comunidades pesqueras como El Matal y Campamento, ya se iniciaron los estudios de suelo\", indic\u00f3 el Prefecto.El acto de inauguraci\u00f3n se desarroll\u00f3 este viernes 22 de abril, con la presencia de autoridades locales y ciudadan\u00eda en general.","og_url":"https:\/\/www.manabi.gob.ec\/index.php\/jama-renace-con-justicia-y-equidad\/","og_site_name":"Prefectura de Manab\u00ed","article_published_time":"2022-04-23T01:13:11+00:00","article_modified_time":"2022-04-23T01:27:36+00:00","og_image":[{"width":1296,"height":864,"url":"https:\/\/www.manabi.gob.ec\/wp-content\/uploads\/2022\/04\/WhatsApp-Image-2022-04-22-at-7.55.06-PM-1-1.jpg","type":"image\/jpeg"}],"author":"Lui Ochoa","twitter_card":"summary_large_image","twitter_misc":{"Escrito por":"Lui Ochoa","Tiempo de lectura":"2 minutos"},"schema":{"@context":"https:\/\/schema.org","@graph":[{"@type":"Article","@id":"https:\/\/www.manabi.gob.ec\/index.php\/jama-renace-con-justicia-y-equidad\/#article","isPartOf":{"@id":"https:\/\/www.manabi.gob.ec\/index.php\/jama-renace-con-justicia-y-equidad\/"},"author":{"name":"Lui Ochoa","@id":"https:\/\/www.manabi.gob.ec\/#\/schema\/person\/c4f117989332ad723a6ced5994aa7d7a"},"headline":"\u00a1 Jama renace con justicia y equidad !","datePublished":"2022-04-23T01:13:11+00:00","dateModified":"2022-04-23T01:27:36+00:00","mainEntityOfPage":{"@id":"https:\/\/www.manabi.gob.ec\/index.php\/jama-renace-con-justicia-y-equidad\/"},"wordCount":248,"image":{"@id":"https:\/\/www.manabi.gob.ec\/index.php\/jama-renace-con-justicia-y-equidad\/#primaryimage"},"thumbnailUrl":"https:\/\/www.manabi.gob.ec\/wp-content\/uploads\/2022\/04\/WhatsApp-Image-2022-04-22-at-7.55.06-PM-1-1.jpg","keywords":["Jama"],"articleSection":["Desarrollo Social","Jama","Noticias","Todas","Vialidad"],"inLanguage":"es"},{"@type":"WebPage","@id":"https:\/\/www.manabi.gob.ec\/index.php\/jama-renace-con-justicia-y-equidad\/","url":"https:\/\/www.manabi.gob.ec\/index.php\/jama-renace-con-justicia-y-equidad\/","name":"\u00a1 Jama renace con justicia y equidad ! - Prefectura de Manab\u00ed","isPartOf":{"@id":"https:\/\/www.manabi.gob.ec\/#website"},"primaryImageOfPage":{"@id":"https:\/\/www.manabi.gob.ec\/index.php\/jama-renace-con-justicia-y-equidad\/#primaryimage"},"image":{"@id":"https:\/\/www.manabi.gob.ec\/index.php\/jama-renace-con-justicia-y-equidad\/#primaryimage"},"thumbnailUrl":"https:\/\/www.manabi.gob.ec\/wp-content\/uploads\/2022\/04\/WhatsApp-Image-2022-04-22-at-7.55.06-PM-1-1.jpg","datePublished":"2022-04-23T01:13:11+00:00","dateModified":"2022-04-23T01:27:36+00:00","author":{"@id":"https:\/\/www.manabi.gob.ec\/#\/schema\/person\/c4f117989332ad723a6ced5994aa7d7a"},"description":"En Jama hay fiesta y esperanza\", con est\u00e1 frase el prefecto, Leonardo Orlando, inici\u00f3 su discurso durante el acto de inauguraci\u00f3n de las 5 calles y 1 avenida a nivel de carpeta asf\u00e1ltica.La obra demand\u00f3 una inversi\u00f3n que sobrepasa los 300 mil d\u00f3lares, y el trabajo en equipo del GAD Manab\u00ed y el municipio de Jama. El aporte del GAD fue de $ 245,033, 02 y el municipio $ 61. 258, 26. \"Leonardo Orlando, sintoniz\u00f3 el clamor de los habitantes de Jama, y cuando existe voluntad se consigue lo que los pueblos anhelamos\", dijo el alcalde de Jama, Robert Castro. \" Gracias a un convenio 80\/20, hoy se entrega est\u00e1 gran obra para Jama\", dijo el Prefecto, quien hizo otros importantes anuncios para la gente de Jama. \"Ya hemos postulado, no es una expectativa una v\u00eda que cambiar\u00e1 la historia de Jama, la v\u00eda a nivel de doble riego asf\u00e1ltico Jama- Don Juan - La Divisi\u00f3n, con una inversi\u00f3n de m\u00e1s de un mill\u00f3n de d\u00f3lares\", indic\u00f3 Orlando. Otra obra que anunci\u00f3 la autoridad provincial fue la reubicaci\u00f3n del puente bailey que se encuentre en la v\u00eda Jama - Canoa. \"Vamos a integrar la zona urbana de Jama con dos comunidades pesqueras como El Matal y Campamento, ya se iniciaron los estudios de suelo\", indic\u00f3 el Prefecto.El acto de inauguraci\u00f3n se desarroll\u00f3 este viernes 22 de abril, con la presencia de autoridades locales y ciudadan\u00eda en general.","breadcrumb":{"@id":"https:\/\/www.manabi.gob.ec\/index.php\/jama-renace-con-justicia-y-equidad\/#breadcrumb"},"inLanguage":"es","potentialAction":[{"@type":"ReadAction","target":["https:\/\/www.manabi.gob.ec\/index.php\/jama-renace-con-justicia-y-equidad\/"]}]},{"@type":"ImageObject","inLanguage":"es","@id":"https:\/\/www.manabi.gob.ec\/index.php\/jama-renace-con-justicia-y-equidad\/#primaryimage","url":"https:\/\/www.manabi.gob.ec\/wp-content\/uploads\/2022\/04\/WhatsApp-Image-2022-04-22-at-7.55.06-PM-1-1.jpg","contentUrl":"https:\/\/www.manabi.gob.ec\/wp-content\/uploads\/2022\/04\/WhatsApp-Image-2022-04-22-at-7.55.06-PM-1-1.jpg","width":1296,"height":864},{"@type":"BreadcrumbList","@id":"https:\/\/www.manabi.gob.ec\/index.php\/jama-renace-con-justicia-y-equidad\/#breadcrumb","itemListElement":[{"@type":"ListItem","position":1,"name":"Portada","item":"https:\/\/www.manabi.gob.ec\/"},{"@type":"ListItem","position":2,"name":"\u00a1 Jama renace con justicia y equidad !"}]},{"@type":"WebSite","@id":"https:\/\/www.manabi.gob.ec\/#website","url":"https:\/\/www.manabi.gob.ec\/","name":"Prefectura de Manab\u00ed","description":"P\u00e1gina web de la prefectura","potentialAction":[{"@type":"SearchAction","target":{"@type":"EntryPoint","urlTemplate":"https:\/\/www.manabi.gob.ec\/?s={search_term_string}"},"query-input":{"@type":"PropertyValueSpecification","valueRequired":true,"valueName":"search_term_string"}}],"inLanguage":"es"},{"@type":"Person","@id":"https:\/\/www.manabi.gob.ec\/#\/schema\/person\/c4f117989332ad723a6ced5994aa7d7a","name":"Lui Ochoa","image":{"@type":"ImageObject","inLanguage":"es","@id":"https:\/\/secure.gravatar.com\/avatar\/6e8017d0fe69dead8a95864d2eb6e1e1d8bf8e01194ba49cf7b897ff038126ba?s=96&d=mm&r=g","url":"https:\/\/secure.gravatar.com\/avatar\/6e8017d0fe69dead8a95864d2eb6e1e1d8bf8e01194ba49cf7b897ff038126ba?s=96&d=mm&r=g","contentUrl":"https:\/\/secure.gravatar.com\/avatar\/6e8017d0fe69dead8a95864d2eb6e1e1d8bf8e01194ba49cf7b897ff038126ba?s=96&d=mm&r=g","caption":"Lui Ochoa"},"url":"https:\/\/www.manabi.gob.ec\/index.php\/author\/lochoa\/"}]}},"jetpack_featured_media_url":"https:\/\/www.manabi.gob.ec\/wp-content\/uploads\/2022\/04\/WhatsApp-Image-2022-04-22-at-7.55.06-PM-1-1.jpg","_links":{"self":[{"href":"https:\/\/www.manabi.gob.ec\/index.php\/wp-json\/wp\/v2\/posts\/20409","targetHints":{"allow":["GET"]}}],"collection":[{"href":"https:\/\/www.manabi.gob.ec\/index.php\/wp-json\/wp\/v2\/posts"}],"about":[{"href":"https:\/\/www.manabi.gob.ec\/index.php\/wp-json\/wp\/v2\/types\/post"}],"author":[{"embeddable":true,"href":"https:\/\/www.manabi.gob.ec\/index.php\/wp-json\/wp\/v2\/users\/10"}],"replies":[{"embeddable":true,"href":"https:\/\/www.manabi.gob.ec\/index.php\/wp-json\/wp\/v2\/comments?post=20409"}],"version-history":[{"count":0,"href":"https:\/\/www.manabi.gob.ec\/index.php\/wp-json\/wp\/v2\/posts\/20409\/revisions"}],"wp:featuredmedia":[{"embeddable":true,"href":"https:\/\/www.manabi.gob.ec\/index.php\/wp-json\/wp\/v2\/media\/20413"}],"wp:attachment":[{"href":"https:\/\/www.manabi.gob.ec\/index.php\/wp-json\/wp\/v2\/media?parent=20409"}],"wp:term":[{"taxonomy":"category","embeddable":true,"href":"https:\/\/www.manabi.gob.ec\/index.php\/wp-json\/wp\/v2\/categories?post=20409"},{"taxonomy":"post_tag","embeddable":true,"href":"https:\/\/www.manabi.gob.ec\/index.php\/wp-json\/wp\/v2\/tags?post=20409"}],"curies":[{"name":"wp","href":"https:\/\/api.w.org\/{rel}","templated":true}]}}