{"id":20428,"date":"2022-04-23T21:54:10","date_gmt":"2022-04-23T21:54:10","guid":{"rendered":"https:\/\/www.manabi.gob.ec\/?p=20428"},"modified":"2022-04-23T21:54:14","modified_gmt":"2022-04-23T21:54:14","slug":"el-puente-en-camarones-es-una-bendicion","status":"publish","type":"post","link":"https:\/\/www.manabi.gob.ec\/index.php\/el-puente-en-camarones-es-una-bendicion\/","title":{"rendered":"\u00a1El puente en Camarones es una bendici\u00f3n!\u00a0"},"content":{"rendered":"\n<p>\u00abMi pueblo recuper\u00f3 el autoestima con est\u00e1 obra, ahora s\u00ed que se venga el invierno que sea\u00bb, manifest\u00f3 Ugalde Vaca, presidente de la comunidad Camarones de Jama. En este lugar la Prefectura de Manab\u00ed, realiz\u00f3 el acto de inauguraci\u00f3n del nuevo puente.&nbsp;<\/p>\n\n\n\n<p>En este evento particip\u00f3 en primera fila la familia Vaca Vaca, quienes expresaron su alegr\u00eda. \u00abAhora ya podemos salir en invierno, sin ninguna preocupaci\u00f3n\u00bb, dijo Alejandro Vaca.&nbsp;<\/p>\n\n\n\n<p>Este viaducto de 17 metros de longitud y 8,20 de ancho fue constru\u00eddo por el Gobierno Provincial, por un valor superior a 207 mil d\u00f3lares, recursos provenientes del Banco de Desarrollo del Ecuador.<\/p>\n\n\n\n<p>\u00abHoy sabemos que ya no tendr\u00e1n limitaciones, a partir de ahora muchas m\u00e1s personas deben venir a conocer el \u00e1rea de conservaci\u00f3n ambiental Camarones, una reserva de&nbsp;<\/p>\n\n\n\n<p>762 hect\u00e1reas con m\u00e1s 300 especies de aves y variedad de fauna y microclimas\u00bb, expres\u00f3 el prefecto Leonardo Orlando.&nbsp;<\/p>\n\n\n\n<p>El puente camarones fue inaugurado este s\u00e1bado 23 de abril con la presencia del prefecto y la viceprefecta de Manab\u00ed, Leonardo Orlando y Kelly Buenaventura, respectivamente. El alcalde de Jama Robert Castro, y los presidentes de los GAD&#8217;s parroquiales de Canoa, Diez de Agosto, Atahualpa y Chibunga, y ciudadan\u00eda en general tambi\u00e9n participaron de este importante acto.<\/p>\n","protected":false},"excerpt":{"rendered":"<p>\u00abMi pueblo recuper\u00f3 el autoestima con est\u00e1 obra, ahora s\u00ed que se venga el invierno que sea\u00bb, manifest\u00f3 Ugalde Vaca, presidente de la comunidad Camarones de Jama. En este lugar la Prefectura de Manab\u00ed, realiz\u00f3 el acto de inauguraci\u00f3n del nuevo puente.&nbsp; En este evento particip\u00f3 en primera fila la familia Vaca Vaca, quienes expresaron [&hellip;]<\/p>\n","protected":false},"author":10,"featured_media":20429,"comment_status":"closed","ping_status":"closed","sticky":false,"template":"","format":"standard","meta":{"_joinchat":[],"footnotes":""},"categories":[142,175,92,91],"tags":[],"class_list":["post-20428","post","type-post","status-publish","format-standard","has-post-thumbnail","hentry","category-desarrollo-social","category-jama","category-noticias-manabi","category-todas"],"yoast_head":"<!-- This site is optimized with the Yoast SEO plugin v27.4 - https:\/\/yoast.com\/product\/yoast-seo-wordpress\/ -->\n<title>\u00a1El puente en Camarones es una bendici\u00f3n!\u00a0 - Prefectura de Manab\u00ed<\/title>\n<meta name=\"description\" content=\"&quot;Mi pueblo recuper\u00f3 el autoestima con est\u00e1 obra, ahora s\u00ed que se venga el invierno que sea&quot;, manifest\u00f3 Ugalde Vaca, presidente de la comunidad Camarones de Jama. En este lugar la Prefectura de Manab\u00ed, realiz\u00f3 el acto de inauguraci\u00f3n del nuevo puente. En este evento particip\u00f3 en primera fila la familia Vaca Vaca, quienes expresaron su alegr\u00eda. &quot;Ahora ya podemos salir en invierno, sin ninguna preocupaci\u00f3n&quot;, dijo Alejandro Vaca. Este viaducto de 17 metros de longitud y 8,20 de ancho fue constru\u00eddo por el Gobierno Provincial, por un valor superior a 207 mil d\u00f3lares, recursos provenientes del Banco de Desarrollo del Ecuador.&quot;Hoy sabemos que ya no tendr\u00e1n limitaciones, a partir de ahora muchas m\u00e1s personas deben venir a conocer el \u00e1rea de conservaci\u00f3n ambiental Camarones, una reserva de 762 hect\u00e1reas con m\u00e1s 300 especies de aves y variedad de fauna y microclimas&quot;, expres\u00f3 el prefecto Leonardo Orlando. El puente camarones fue inaugurado este s\u00e1bado 23 de abril con la presencia del prefecto y la viceprefecta de Manab\u00ed, Leonardo Orlando y Kelly Buenaventura, respectivamente. El alcalde de Jama Robert Castro, y los presidentes de los GAD&#039;s parroquiales de Canoa, Diez de Agosto, Atahualpa y Chibunga, y ciudadan\u00eda en general tambi\u00e9n participaron de este importante acto.\" \/>\n<meta name=\"robots\" content=\"index, follow, max-snippet:-1, max-image-preview:large, max-video-preview:-1\" \/>\n<link rel=\"canonical\" href=\"https:\/\/www.manabi.gob.ec\/index.php\/el-puente-en-camarones-es-una-bendicion\/\" \/>\n<meta property=\"og:locale\" content=\"es_ES\" \/>\n<meta property=\"og:type\" content=\"article\" \/>\n<meta property=\"og:title\" content=\"\u00a1El puente en Camarones es una bendici\u00f3n!\u00a0 - Prefectura de Manab\u00ed\" \/>\n<meta property=\"og:description\" content=\"&quot;Mi pueblo recuper\u00f3 el autoestima con est\u00e1 obra, ahora s\u00ed que se venga el invierno que sea&quot;, manifest\u00f3 Ugalde Vaca, presidente de la comunidad Camarones de Jama. En este lugar la Prefectura de Manab\u00ed, realiz\u00f3 el acto de inauguraci\u00f3n del nuevo puente. En este evento particip\u00f3 en primera fila la familia Vaca Vaca, quienes expresaron su alegr\u00eda. &quot;Ahora ya podemos salir en invierno, sin ninguna preocupaci\u00f3n&quot;, dijo Alejandro Vaca. Este viaducto de 17 metros de longitud y 8,20 de ancho fue constru\u00eddo por el Gobierno Provincial, por un valor superior a 207 mil d\u00f3lares, recursos provenientes del Banco de Desarrollo del Ecuador.&quot;Hoy sabemos que ya no tendr\u00e1n limitaciones, a partir de ahora muchas m\u00e1s personas deben venir a conocer el \u00e1rea de conservaci\u00f3n ambiental Camarones, una reserva de 762 hect\u00e1reas con m\u00e1s 300 especies de aves y variedad de fauna y microclimas&quot;, expres\u00f3 el prefecto Leonardo Orlando. El puente camarones fue inaugurado este s\u00e1bado 23 de abril con la presencia del prefecto y la viceprefecta de Manab\u00ed, Leonardo Orlando y Kelly Buenaventura, respectivamente. El alcalde de Jama Robert Castro, y los presidentes de los GAD&#039;s parroquiales de Canoa, Diez de Agosto, Atahualpa y Chibunga, y ciudadan\u00eda en general tambi\u00e9n participaron de este importante acto.\" \/>\n<meta property=\"og:url\" content=\"https:\/\/www.manabi.gob.ec\/index.php\/el-puente-en-camarones-es-una-bendicion\/\" \/>\n<meta property=\"og:site_name\" content=\"Prefectura de Manab\u00ed\" \/>\n<meta property=\"article:published_time\" content=\"2022-04-23T21:54:10+00:00\" \/>\n<meta property=\"article:modified_time\" content=\"2022-04-23T21:54:14+00:00\" \/>\n<meta property=\"og:image\" content=\"https:\/\/www.manabi.gob.ec\/wp-content\/uploads\/2022\/04\/EC986196-8033-4FF9-8710-8FAE2AEECC01.jpeg\" \/>\n\t<meta property=\"og:image:width\" content=\"1033\" \/>\n\t<meta property=\"og:image:height\" content=\"841\" \/>\n\t<meta property=\"og:image:type\" content=\"image\/jpeg\" \/>\n<meta name=\"author\" content=\"Lui Ochoa\" \/>\n<meta name=\"twitter:card\" content=\"summary_large_image\" \/>\n<meta name=\"twitter:label1\" content=\"Escrito por\" \/>\n\t<meta name=\"twitter:data1\" content=\"Lui Ochoa\" \/>\n\t<meta name=\"twitter:label2\" content=\"Tiempo de lectura\" \/>\n\t<meta name=\"twitter:data2\" content=\"1 minuto\" \/>\n<script type=\"application\/ld+json\" class=\"yoast-schema-graph\">{\"@context\":\"https:\\\/\\\/schema.org\",\"@graph\":[{\"@type\":\"Article\",\"@id\":\"https:\\\/\\\/www.manabi.gob.ec\\\/index.php\\\/el-puente-en-camarones-es-una-bendicion\\\/#article\",\"isPartOf\":{\"@id\":\"https:\\\/\\\/www.manabi.gob.ec\\\/index.php\\\/el-puente-en-camarones-es-una-bendicion\\\/\"},\"author\":{\"name\":\"Lui Ochoa\",\"@id\":\"https:\\\/\\\/www.manabi.gob.ec\\\/#\\\/schema\\\/person\\\/c4f117989332ad723a6ced5994aa7d7a\"},\"headline\":\"\u00a1El puente en Camarones es una bendici\u00f3n!\u00a0\",\"datePublished\":\"2022-04-23T21:54:10+00:00\",\"dateModified\":\"2022-04-23T21:54:14+00:00\",\"mainEntityOfPage\":{\"@id\":\"https:\\\/\\\/www.manabi.gob.ec\\\/index.php\\\/el-puente-en-camarones-es-una-bendicion\\\/\"},\"wordCount\":224,\"image\":{\"@id\":\"https:\\\/\\\/www.manabi.gob.ec\\\/index.php\\\/el-puente-en-camarones-es-una-bendicion\\\/#primaryimage\"},\"thumbnailUrl\":\"https:\\\/\\\/www.manabi.gob.ec\\\/wp-content\\\/uploads\\\/2022\\\/04\\\/EC986196-8033-4FF9-8710-8FAE2AEECC01.jpeg\",\"articleSection\":[\"Desarrollo Social\",\"Jama\",\"Noticias\",\"Todas\"],\"inLanguage\":\"es\"},{\"@type\":\"WebPage\",\"@id\":\"https:\\\/\\\/www.manabi.gob.ec\\\/index.php\\\/el-puente-en-camarones-es-una-bendicion\\\/\",\"url\":\"https:\\\/\\\/www.manabi.gob.ec\\\/index.php\\\/el-puente-en-camarones-es-una-bendicion\\\/\",\"name\":\"\u00a1El puente en Camarones es una bendici\u00f3n!\u00a0 - Prefectura de Manab\u00ed\",\"isPartOf\":{\"@id\":\"https:\\\/\\\/www.manabi.gob.ec\\\/#website\"},\"primaryImageOfPage\":{\"@id\":\"https:\\\/\\\/www.manabi.gob.ec\\\/index.php\\\/el-puente-en-camarones-es-una-bendicion\\\/#primaryimage\"},\"image\":{\"@id\":\"https:\\\/\\\/www.manabi.gob.ec\\\/index.php\\\/el-puente-en-camarones-es-una-bendicion\\\/#primaryimage\"},\"thumbnailUrl\":\"https:\\\/\\\/www.manabi.gob.ec\\\/wp-content\\\/uploads\\\/2022\\\/04\\\/EC986196-8033-4FF9-8710-8FAE2AEECC01.jpeg\",\"datePublished\":\"2022-04-23T21:54:10+00:00\",\"dateModified\":\"2022-04-23T21:54:14+00:00\",\"author\":{\"@id\":\"https:\\\/\\\/www.manabi.gob.ec\\\/#\\\/schema\\\/person\\\/c4f117989332ad723a6ced5994aa7d7a\"},\"description\":\"\\\"Mi pueblo recuper\u00f3 el autoestima con est\u00e1 obra, ahora s\u00ed que se venga el invierno que sea\\\", manifest\u00f3 Ugalde Vaca, presidente de la comunidad Camarones de Jama. En este lugar la Prefectura de Manab\u00ed, realiz\u00f3 el acto de inauguraci\u00f3n del nuevo puente. En este evento particip\u00f3 en primera fila la familia Vaca Vaca, quienes expresaron su alegr\u00eda. \\\"Ahora ya podemos salir en invierno, sin ninguna preocupaci\u00f3n\\\", dijo Alejandro Vaca. Este viaducto de 17 metros de longitud y 8,20 de ancho fue constru\u00eddo por el Gobierno Provincial, por un valor superior a 207 mil d\u00f3lares, recursos provenientes del Banco de Desarrollo del Ecuador.\\\"Hoy sabemos que ya no tendr\u00e1n limitaciones, a partir de ahora muchas m\u00e1s personas deben venir a conocer el \u00e1rea de conservaci\u00f3n ambiental Camarones, una reserva de 762 hect\u00e1reas con m\u00e1s 300 especies de aves y variedad de fauna y microclimas\\\", expres\u00f3 el prefecto Leonardo Orlando. El puente camarones fue inaugurado este s\u00e1bado 23 de abril con la presencia del prefecto y la viceprefecta de Manab\u00ed, Leonardo Orlando y Kelly Buenaventura, respectivamente. El alcalde de Jama Robert Castro, y los presidentes de los GAD's parroquiales de Canoa, Diez de Agosto, Atahualpa y Chibunga, y ciudadan\u00eda en general tambi\u00e9n participaron de este importante acto.\",\"breadcrumb\":{\"@id\":\"https:\\\/\\\/www.manabi.gob.ec\\\/index.php\\\/el-puente-en-camarones-es-una-bendicion\\\/#breadcrumb\"},\"inLanguage\":\"es\",\"potentialAction\":[{\"@type\":\"ReadAction\",\"target\":[\"https:\\\/\\\/www.manabi.gob.ec\\\/index.php\\\/el-puente-en-camarones-es-una-bendicion\\\/\"]}]},{\"@type\":\"ImageObject\",\"inLanguage\":\"es\",\"@id\":\"https:\\\/\\\/www.manabi.gob.ec\\\/index.php\\\/el-puente-en-camarones-es-una-bendicion\\\/#primaryimage\",\"url\":\"https:\\\/\\\/www.manabi.gob.ec\\\/wp-content\\\/uploads\\\/2022\\\/04\\\/EC986196-8033-4FF9-8710-8FAE2AEECC01.jpeg\",\"contentUrl\":\"https:\\\/\\\/www.manabi.gob.ec\\\/wp-content\\\/uploads\\\/2022\\\/04\\\/EC986196-8033-4FF9-8710-8FAE2AEECC01.jpeg\",\"width\":1033,\"height\":841},{\"@type\":\"BreadcrumbList\",\"@id\":\"https:\\\/\\\/www.manabi.gob.ec\\\/index.php\\\/el-puente-en-camarones-es-una-bendicion\\\/#breadcrumb\",\"itemListElement\":[{\"@type\":\"ListItem\",\"position\":1,\"name\":\"Portada\",\"item\":\"https:\\\/\\\/www.manabi.gob.ec\\\/\"},{\"@type\":\"ListItem\",\"position\":2,\"name\":\"\u00a1El puente en Camarones es una bendici\u00f3n!\u00a0\"}]},{\"@type\":\"WebSite\",\"@id\":\"https:\\\/\\\/www.manabi.gob.ec\\\/#website\",\"url\":\"https:\\\/\\\/www.manabi.gob.ec\\\/\",\"name\":\"Prefectura de Manab\u00ed\",\"description\":\"P\u00e1gina web de la prefectura\",\"potentialAction\":[{\"@type\":\"SearchAction\",\"target\":{\"@type\":\"EntryPoint\",\"urlTemplate\":\"https:\\\/\\\/www.manabi.gob.ec\\\/?s={search_term_string}\"},\"query-input\":{\"@type\":\"PropertyValueSpecification\",\"valueRequired\":true,\"valueName\":\"search_term_string\"}}],\"inLanguage\":\"es\"},{\"@type\":\"Person\",\"@id\":\"https:\\\/\\\/www.manabi.gob.ec\\\/#\\\/schema\\\/person\\\/c4f117989332ad723a6ced5994aa7d7a\",\"name\":\"Lui Ochoa\",\"image\":{\"@type\":\"ImageObject\",\"inLanguage\":\"es\",\"@id\":\"https:\\\/\\\/secure.gravatar.com\\\/avatar\\\/6e8017d0fe69dead8a95864d2eb6e1e1d8bf8e01194ba49cf7b897ff038126ba?s=96&d=mm&r=g\",\"url\":\"https:\\\/\\\/secure.gravatar.com\\\/avatar\\\/6e8017d0fe69dead8a95864d2eb6e1e1d8bf8e01194ba49cf7b897ff038126ba?s=96&d=mm&r=g\",\"contentUrl\":\"https:\\\/\\\/secure.gravatar.com\\\/avatar\\\/6e8017d0fe69dead8a95864d2eb6e1e1d8bf8e01194ba49cf7b897ff038126ba?s=96&d=mm&r=g\",\"caption\":\"Lui Ochoa\"},\"url\":\"https:\\\/\\\/www.manabi.gob.ec\\\/index.php\\\/author\\\/lochoa\\\/\"}]}<\/script>\n<!-- \/ Yoast SEO plugin. -->","yoast_head_json":{"title":"\u00a1El puente en Camarones es una bendici\u00f3n!\u00a0 - Prefectura de Manab\u00ed","description":"\"Mi pueblo recuper\u00f3 el autoestima con est\u00e1 obra, ahora s\u00ed que se venga el invierno que sea\", manifest\u00f3 Ugalde Vaca, presidente de la comunidad Camarones de Jama. En este lugar la Prefectura de Manab\u00ed, realiz\u00f3 el acto de inauguraci\u00f3n del nuevo puente. En este evento particip\u00f3 en primera fila la familia Vaca Vaca, quienes expresaron su alegr\u00eda. \"Ahora ya podemos salir en invierno, sin ninguna preocupaci\u00f3n\", dijo Alejandro Vaca. Este viaducto de 17 metros de longitud y 8,20 de ancho fue constru\u00eddo por el Gobierno Provincial, por un valor superior a 207 mil d\u00f3lares, recursos provenientes del Banco de Desarrollo del Ecuador.\"Hoy sabemos que ya no tendr\u00e1n limitaciones, a partir de ahora muchas m\u00e1s personas deben venir a conocer el \u00e1rea de conservaci\u00f3n ambiental Camarones, una reserva de 762 hect\u00e1reas con m\u00e1s 300 especies de aves y variedad de fauna y microclimas\", expres\u00f3 el prefecto Leonardo Orlando. El puente camarones fue inaugurado este s\u00e1bado 23 de abril con la presencia del prefecto y la viceprefecta de Manab\u00ed, Leonardo Orlando y Kelly Buenaventura, respectivamente. El alcalde de Jama Robert Castro, y los presidentes de los GAD's parroquiales de Canoa, Diez de Agosto, Atahualpa y Chibunga, y ciudadan\u00eda en general tambi\u00e9n participaron de este importante acto.","robots":{"index":"index","follow":"follow","max-snippet":"max-snippet:-1","max-image-preview":"max-image-preview:large","max-video-preview":"max-video-preview:-1"},"canonical":"https:\/\/www.manabi.gob.ec\/index.php\/el-puente-en-camarones-es-una-bendicion\/","og_locale":"es_ES","og_type":"article","og_title":"\u00a1El puente en Camarones es una bendici\u00f3n!\u00a0 - Prefectura de Manab\u00ed","og_description":"\"Mi pueblo recuper\u00f3 el autoestima con est\u00e1 obra, ahora s\u00ed que se venga el invierno que sea\", manifest\u00f3 Ugalde Vaca, presidente de la comunidad Camarones de Jama. En este lugar la Prefectura de Manab\u00ed, realiz\u00f3 el acto de inauguraci\u00f3n del nuevo puente. En este evento particip\u00f3 en primera fila la familia Vaca Vaca, quienes expresaron su alegr\u00eda. \"Ahora ya podemos salir en invierno, sin ninguna preocupaci\u00f3n\", dijo Alejandro Vaca. Este viaducto de 17 metros de longitud y 8,20 de ancho fue constru\u00eddo por el Gobierno Provincial, por un valor superior a 207 mil d\u00f3lares, recursos provenientes del Banco de Desarrollo del Ecuador.\"Hoy sabemos que ya no tendr\u00e1n limitaciones, a partir de ahora muchas m\u00e1s personas deben venir a conocer el \u00e1rea de conservaci\u00f3n ambiental Camarones, una reserva de 762 hect\u00e1reas con m\u00e1s 300 especies de aves y variedad de fauna y microclimas\", expres\u00f3 el prefecto Leonardo Orlando. El puente camarones fue inaugurado este s\u00e1bado 23 de abril con la presencia del prefecto y la viceprefecta de Manab\u00ed, Leonardo Orlando y Kelly Buenaventura, respectivamente. El alcalde de Jama Robert Castro, y los presidentes de los GAD's parroquiales de Canoa, Diez de Agosto, Atahualpa y Chibunga, y ciudadan\u00eda en general tambi\u00e9n participaron de este importante acto.","og_url":"https:\/\/www.manabi.gob.ec\/index.php\/el-puente-en-camarones-es-una-bendicion\/","og_site_name":"Prefectura de Manab\u00ed","article_published_time":"2022-04-23T21:54:10+00:00","article_modified_time":"2022-04-23T21:54:14+00:00","og_image":[{"width":1033,"height":841,"url":"https:\/\/www.manabi.gob.ec\/wp-content\/uploads\/2022\/04\/EC986196-8033-4FF9-8710-8FAE2AEECC01.jpeg","type":"image\/jpeg"}],"author":"Lui Ochoa","twitter_card":"summary_large_image","twitter_misc":{"Escrito por":"Lui Ochoa","Tiempo de lectura":"1 minuto"},"schema":{"@context":"https:\/\/schema.org","@graph":[{"@type":"Article","@id":"https:\/\/www.manabi.gob.ec\/index.php\/el-puente-en-camarones-es-una-bendicion\/#article","isPartOf":{"@id":"https:\/\/www.manabi.gob.ec\/index.php\/el-puente-en-camarones-es-una-bendicion\/"},"author":{"name":"Lui Ochoa","@id":"https:\/\/www.manabi.gob.ec\/#\/schema\/person\/c4f117989332ad723a6ced5994aa7d7a"},"headline":"\u00a1El puente en Camarones es una bendici\u00f3n!\u00a0","datePublished":"2022-04-23T21:54:10+00:00","dateModified":"2022-04-23T21:54:14+00:00","mainEntityOfPage":{"@id":"https:\/\/www.manabi.gob.ec\/index.php\/el-puente-en-camarones-es-una-bendicion\/"},"wordCount":224,"image":{"@id":"https:\/\/www.manabi.gob.ec\/index.php\/el-puente-en-camarones-es-una-bendicion\/#primaryimage"},"thumbnailUrl":"https:\/\/www.manabi.gob.ec\/wp-content\/uploads\/2022\/04\/EC986196-8033-4FF9-8710-8FAE2AEECC01.jpeg","articleSection":["Desarrollo Social","Jama","Noticias","Todas"],"inLanguage":"es"},{"@type":"WebPage","@id":"https:\/\/www.manabi.gob.ec\/index.php\/el-puente-en-camarones-es-una-bendicion\/","url":"https:\/\/www.manabi.gob.ec\/index.php\/el-puente-en-camarones-es-una-bendicion\/","name":"\u00a1El puente en Camarones es una bendici\u00f3n!\u00a0 - Prefectura de Manab\u00ed","isPartOf":{"@id":"https:\/\/www.manabi.gob.ec\/#website"},"primaryImageOfPage":{"@id":"https:\/\/www.manabi.gob.ec\/index.php\/el-puente-en-camarones-es-una-bendicion\/#primaryimage"},"image":{"@id":"https:\/\/www.manabi.gob.ec\/index.php\/el-puente-en-camarones-es-una-bendicion\/#primaryimage"},"thumbnailUrl":"https:\/\/www.manabi.gob.ec\/wp-content\/uploads\/2022\/04\/EC986196-8033-4FF9-8710-8FAE2AEECC01.jpeg","datePublished":"2022-04-23T21:54:10+00:00","dateModified":"2022-04-23T21:54:14+00:00","author":{"@id":"https:\/\/www.manabi.gob.ec\/#\/schema\/person\/c4f117989332ad723a6ced5994aa7d7a"},"description":"\"Mi pueblo recuper\u00f3 el autoestima con est\u00e1 obra, ahora s\u00ed que se venga el invierno que sea\", manifest\u00f3 Ugalde Vaca, presidente de la comunidad Camarones de Jama. En este lugar la Prefectura de Manab\u00ed, realiz\u00f3 el acto de inauguraci\u00f3n del nuevo puente. En este evento particip\u00f3 en primera fila la familia Vaca Vaca, quienes expresaron su alegr\u00eda. \"Ahora ya podemos salir en invierno, sin ninguna preocupaci\u00f3n\", dijo Alejandro Vaca. Este viaducto de 17 metros de longitud y 8,20 de ancho fue constru\u00eddo por el Gobierno Provincial, por un valor superior a 207 mil d\u00f3lares, recursos provenientes del Banco de Desarrollo del Ecuador.\"Hoy sabemos que ya no tendr\u00e1n limitaciones, a partir de ahora muchas m\u00e1s personas deben venir a conocer el \u00e1rea de conservaci\u00f3n ambiental Camarones, una reserva de 762 hect\u00e1reas con m\u00e1s 300 especies de aves y variedad de fauna y microclimas\", expres\u00f3 el prefecto Leonardo Orlando. El puente camarones fue inaugurado este s\u00e1bado 23 de abril con la presencia del prefecto y la viceprefecta de Manab\u00ed, Leonardo Orlando y Kelly Buenaventura, respectivamente. El alcalde de Jama Robert Castro, y los presidentes de los GAD's parroquiales de Canoa, Diez de Agosto, Atahualpa y Chibunga, y ciudadan\u00eda en general tambi\u00e9n participaron de este importante acto.","breadcrumb":{"@id":"https:\/\/www.manabi.gob.ec\/index.php\/el-puente-en-camarones-es-una-bendicion\/#breadcrumb"},"inLanguage":"es","potentialAction":[{"@type":"ReadAction","target":["https:\/\/www.manabi.gob.ec\/index.php\/el-puente-en-camarones-es-una-bendicion\/"]}]},{"@type":"ImageObject","inLanguage":"es","@id":"https:\/\/www.manabi.gob.ec\/index.php\/el-puente-en-camarones-es-una-bendicion\/#primaryimage","url":"https:\/\/www.manabi.gob.ec\/wp-content\/uploads\/2022\/04\/EC986196-8033-4FF9-8710-8FAE2AEECC01.jpeg","contentUrl":"https:\/\/www.manabi.gob.ec\/wp-content\/uploads\/2022\/04\/EC986196-8033-4FF9-8710-8FAE2AEECC01.jpeg","width":1033,"height":841},{"@type":"BreadcrumbList","@id":"https:\/\/www.manabi.gob.ec\/index.php\/el-puente-en-camarones-es-una-bendicion\/#breadcrumb","itemListElement":[{"@type":"ListItem","position":1,"name":"Portada","item":"https:\/\/www.manabi.gob.ec\/"},{"@type":"ListItem","position":2,"name":"\u00a1El puente en Camarones es una bendici\u00f3n!\u00a0"}]},{"@type":"WebSite","@id":"https:\/\/www.manabi.gob.ec\/#website","url":"https:\/\/www.manabi.gob.ec\/","name":"Prefectura de Manab\u00ed","description":"P\u00e1gina web de la prefectura","potentialAction":[{"@type":"SearchAction","target":{"@type":"EntryPoint","urlTemplate":"https:\/\/www.manabi.gob.ec\/?s={search_term_string}"},"query-input":{"@type":"PropertyValueSpecification","valueRequired":true,"valueName":"search_term_string"}}],"inLanguage":"es"},{"@type":"Person","@id":"https:\/\/www.manabi.gob.ec\/#\/schema\/person\/c4f117989332ad723a6ced5994aa7d7a","name":"Lui Ochoa","image":{"@type":"ImageObject","inLanguage":"es","@id":"https:\/\/secure.gravatar.com\/avatar\/6e8017d0fe69dead8a95864d2eb6e1e1d8bf8e01194ba49cf7b897ff038126ba?s=96&d=mm&r=g","url":"https:\/\/secure.gravatar.com\/avatar\/6e8017d0fe69dead8a95864d2eb6e1e1d8bf8e01194ba49cf7b897ff038126ba?s=96&d=mm&r=g","contentUrl":"https:\/\/secure.gravatar.com\/avatar\/6e8017d0fe69dead8a95864d2eb6e1e1d8bf8e01194ba49cf7b897ff038126ba?s=96&d=mm&r=g","caption":"Lui Ochoa"},"url":"https:\/\/www.manabi.gob.ec\/index.php\/author\/lochoa\/"}]}},"jetpack_featured_media_url":"https:\/\/www.manabi.gob.ec\/wp-content\/uploads\/2022\/04\/EC986196-8033-4FF9-8710-8FAE2AEECC01.jpeg","_links":{"self":[{"href":"https:\/\/www.manabi.gob.ec\/index.php\/wp-json\/wp\/v2\/posts\/20428","targetHints":{"allow":["GET"]}}],"collection":[{"href":"https:\/\/www.manabi.gob.ec\/index.php\/wp-json\/wp\/v2\/posts"}],"about":[{"href":"https:\/\/www.manabi.gob.ec\/index.php\/wp-json\/wp\/v2\/types\/post"}],"author":[{"embeddable":true,"href":"https:\/\/www.manabi.gob.ec\/index.php\/wp-json\/wp\/v2\/users\/10"}],"replies":[{"embeddable":true,"href":"https:\/\/www.manabi.gob.ec\/index.php\/wp-json\/wp\/v2\/comments?post=20428"}],"version-history":[{"count":0,"href":"https:\/\/www.manabi.gob.ec\/index.php\/wp-json\/wp\/v2\/posts\/20428\/revisions"}],"wp:featuredmedia":[{"embeddable":true,"href":"https:\/\/www.manabi.gob.ec\/index.php\/wp-json\/wp\/v2\/media\/20429"}],"wp:attachment":[{"href":"https:\/\/www.manabi.gob.ec\/index.php\/wp-json\/wp\/v2\/media?parent=20428"}],"wp:term":[{"taxonomy":"category","embeddable":true,"href":"https:\/\/www.manabi.gob.ec\/index.php\/wp-json\/wp\/v2\/categories?post=20428"},{"taxonomy":"post_tag","embeddable":true,"href":"https:\/\/www.manabi.gob.ec\/index.php\/wp-json\/wp\/v2\/tags?post=20428"}],"curies":[{"name":"wp","href":"https:\/\/api.w.org\/{rel}","templated":true}]}}