{"id":20507,"date":"2022-04-28T17:25:42","date_gmt":"2022-04-28T17:25:42","guid":{"rendered":"https:\/\/www.manabi.gob.ec\/?p=20507"},"modified":"2022-04-28T17:25:44","modified_gmt":"2022-04-28T17:25:44","slug":"casa-abierta-por-dia-internacional-de-seguridad-y-salud-ocupacional","status":"publish","type":"post","link":"https:\/\/www.manabi.gob.ec\/index.php\/casa-abierta-por-dia-internacional-de-seguridad-y-salud-ocupacional\/","title":{"rendered":"CASA ABIERTA POR DIA INTERNACIONAL DE SEGURIDAD Y SALUD OCUPACIONAL."},"content":{"rendered":"\n<p>El 28 de abril de cada a\u00f1o se conmemora el d\u00eda internacional de la seguridad y salud ocupacional, por esta raz\u00f3n la Prefectura de Manab\u00ed, liderada por Leonardo Orlando, desarrolla una casa abierta institucional para todo el personal que labora en la instituci\u00f3n.<\/p>\n\n\n\n<div class=\"wp-block-image\"><figure class=\"alignleft size-medium\"><img loading=\"lazy\" decoding=\"async\" width=\"300\" height=\"200\" src=\"https:\/\/www.manabi.gob.ec\/wp-content\/uploads\/2022\/04\/1b842136-87f2-4d1a-bd14-92c6d9b09bfc-300x200.jpg\" alt=\"\" class=\"wp-image-20509\" srcset=\"https:\/\/www.manabi.gob.ec\/wp-content\/uploads\/2022\/04\/1b842136-87f2-4d1a-bd14-92c6d9b09bfc-300x200.jpg 300w, https:\/\/www.manabi.gob.ec\/wp-content\/uploads\/2022\/04\/1b842136-87f2-4d1a-bd14-92c6d9b09bfc-1024x683.jpg 1024w, https:\/\/www.manabi.gob.ec\/wp-content\/uploads\/2022\/04\/1b842136-87f2-4d1a-bd14-92c6d9b09bfc-768x512.jpg 768w, https:\/\/www.manabi.gob.ec\/wp-content\/uploads\/2022\/04\/1b842136-87f2-4d1a-bd14-92c6d9b09bfc.jpg 1280w\" sizes=\"auto, (max-width: 300px) 100vw, 300px\" \/><\/figure><\/div>\n\n\n\n<p><br>Est\u00e1 casa abierta institucional se la realiza en coordinaci\u00f3n entre la direcci\u00f3n de Talento Humano y la subdirecci\u00f3n de Bienestar Laboral Seguridad y Salud Ocupacional de la Prefectura de Manab\u00ed.<\/p>\n\n\n\n<p><br>Fernando Machado, responsable de esta jornada de dos d\u00edas, explic\u00f3 que en esta casa abierta cuentan con la participaci\u00f3n del Cuerpo de Bomberos, Cruz Roja y Portovial, con impartici\u00f3n de charlas.<\/p>\n\n\n\n<p><br>Eisnten Alc\u00edvar, servidor de la Prefectura, resalt\u00f3 y agradeci\u00f3 a las autoridades por la iniciativa de la casa abierta, se\u00f1al\u00f3 que con estos conocimientos impartidos por gente especializada en temas de seguridad, se siente preparado para enfrentar o ayudar a personas y a la propia familias en un momento emergencia.<\/p>\n\n\n\n<div class=\"wp-block-image\"><figure class=\"aligncenter size-large\"><img loading=\"lazy\" decoding=\"async\" width=\"1024\" height=\"683\" src=\"https:\/\/www.manabi.gob.ec\/wp-content\/uploads\/2022\/04\/dbe4e1c3-349d-4bea-9bbe-cd2befae6d6f-1024x683.jpg\" alt=\"\" class=\"wp-image-20510\" srcset=\"https:\/\/www.manabi.gob.ec\/wp-content\/uploads\/2022\/04\/dbe4e1c3-349d-4bea-9bbe-cd2befae6d6f-1024x683.jpg 1024w, https:\/\/www.manabi.gob.ec\/wp-content\/uploads\/2022\/04\/dbe4e1c3-349d-4bea-9bbe-cd2befae6d6f-300x200.jpg 300w, https:\/\/www.manabi.gob.ec\/wp-content\/uploads\/2022\/04\/dbe4e1c3-349d-4bea-9bbe-cd2befae6d6f-768x512.jpg 768w, https:\/\/www.manabi.gob.ec\/wp-content\/uploads\/2022\/04\/dbe4e1c3-349d-4bea-9bbe-cd2befae6d6f.jpg 1280w\" sizes=\"auto, (max-width: 1024px) 100vw, 1024px\" \/><\/figure><\/div>\n\n\n\n<p><br>Kenia Sabando Bravo y Daniela De la Fuente, tambi\u00e9n funcionarias de la instituci\u00f3n dijeron que la experiencia vivida en el stand del Cuerpo de Bomberos fue muy importe, ya que como personas naturales aprendieron que pueden ayudar a salvar vidas.<\/p>\n","protected":false},"excerpt":{"rendered":"<p>El 28 de abril de cada a\u00f1o se conmemora el d\u00eda internacional de la seguridad y salud ocupacional, por esta raz\u00f3n la Prefectura de Manab\u00ed, liderada por Leonardo Orlando, desarrolla una casa abierta institucional para todo el personal que labora en la instituci\u00f3n. Est\u00e1 casa abierta institucional se la realiza en coordinaci\u00f3n entre la direcci\u00f3n [&hellip;]<\/p>\n","protected":false},"author":10,"featured_media":20508,"comment_status":"closed","ping_status":"closed","sticky":false,"template":"","format":"standard","meta":{"_joinchat":[],"footnotes":""},"categories":[142,92,132,72,91],"tags":[330],"class_list":["post-20507","post","type-post","status-publish","format-standard","has-post-thumbnail","hentry","category-desarrollo-social","category-noticias-manabi","category-portoviejo","category-salud","category-todas","tag-seguridad-ocupacional"],"yoast_head":"<!-- This site is optimized with the Yoast SEO plugin v27.4 - https:\/\/yoast.com\/product\/yoast-seo-wordpress\/ -->\n<title>CASA ABIERTA POR DIA INTERNACIONAL DE SEGURIDAD Y SALUD OCUPACIONAL. - Prefectura de Manab\u00ed<\/title>\n<meta name=\"description\" content=\"El 28 de abril de cada a\u00f1o se conmemora el d\u00eda internacional de la seguridad y salud ocupacional, por esta raz\u00f3n la Prefectura de Manab\u00ed, liderada por Leonardo Orlando, desarrolla una casa abierta institucional para todo el personal que labora en la instituci\u00f3n.\" \/>\n<meta name=\"robots\" content=\"index, follow, max-snippet:-1, max-image-preview:large, max-video-preview:-1\" \/>\n<link rel=\"canonical\" href=\"https:\/\/www.manabi.gob.ec\/index.php\/casa-abierta-por-dia-internacional-de-seguridad-y-salud-ocupacional\/\" \/>\n<meta property=\"og:locale\" content=\"es_ES\" \/>\n<meta property=\"og:type\" content=\"article\" \/>\n<meta property=\"og:title\" content=\"CASA ABIERTA POR DIA INTERNACIONAL DE SEGURIDAD Y SALUD OCUPACIONAL. - Prefectura de Manab\u00ed\" \/>\n<meta property=\"og:description\" content=\"El 28 de abril de cada a\u00f1o se conmemora el d\u00eda internacional de la seguridad y salud ocupacional, por esta raz\u00f3n la Prefectura de Manab\u00ed, liderada por Leonardo Orlando, desarrolla una casa abierta institucional para todo el personal que labora en la instituci\u00f3n.\" \/>\n<meta property=\"og:url\" content=\"https:\/\/www.manabi.gob.ec\/index.php\/casa-abierta-por-dia-internacional-de-seguridad-y-salud-ocupacional\/\" \/>\n<meta property=\"og:site_name\" content=\"Prefectura de Manab\u00ed\" \/>\n<meta property=\"article:published_time\" content=\"2022-04-28T17:25:42+00:00\" \/>\n<meta property=\"article:modified_time\" content=\"2022-04-28T17:25:44+00:00\" \/>\n<meta property=\"og:image\" content=\"https:\/\/www.manabi.gob.ec\/wp-content\/uploads\/2022\/04\/3c4ea577-c087-44da-99fb-35b374c1b9b8.jpg\" \/>\n\t<meta property=\"og:image:width\" content=\"1280\" \/>\n\t<meta property=\"og:image:height\" content=\"854\" \/>\n\t<meta property=\"og:image:type\" content=\"image\/jpeg\" \/>\n<meta name=\"author\" content=\"Lui Ochoa\" \/>\n<meta name=\"twitter:card\" content=\"summary_large_image\" \/>\n<meta name=\"twitter:label1\" content=\"Escrito por\" \/>\n\t<meta name=\"twitter:data1\" content=\"Lui Ochoa\" \/>\n\t<meta name=\"twitter:label2\" content=\"Tiempo de lectura\" \/>\n\t<meta name=\"twitter:data2\" content=\"2 minutos\" \/>\n<script type=\"application\/ld+json\" class=\"yoast-schema-graph\">{\"@context\":\"https:\\\/\\\/schema.org\",\"@graph\":[{\"@type\":\"Article\",\"@id\":\"https:\\\/\\\/www.manabi.gob.ec\\\/index.php\\\/casa-abierta-por-dia-internacional-de-seguridad-y-salud-ocupacional\\\/#article\",\"isPartOf\":{\"@id\":\"https:\\\/\\\/www.manabi.gob.ec\\\/index.php\\\/casa-abierta-por-dia-internacional-de-seguridad-y-salud-ocupacional\\\/\"},\"author\":{\"name\":\"Lui Ochoa\",\"@id\":\"https:\\\/\\\/www.manabi.gob.ec\\\/#\\\/schema\\\/person\\\/c4f117989332ad723a6ced5994aa7d7a\"},\"headline\":\"CASA ABIERTA POR DIA INTERNACIONAL DE SEGURIDAD Y SALUD OCUPACIONAL.\",\"datePublished\":\"2022-04-28T17:25:42+00:00\",\"dateModified\":\"2022-04-28T17:25:44+00:00\",\"mainEntityOfPage\":{\"@id\":\"https:\\\/\\\/www.manabi.gob.ec\\\/index.php\\\/casa-abierta-por-dia-internacional-de-seguridad-y-salud-ocupacional\\\/\"},\"wordCount\":217,\"image\":{\"@id\":\"https:\\\/\\\/www.manabi.gob.ec\\\/index.php\\\/casa-abierta-por-dia-internacional-de-seguridad-y-salud-ocupacional\\\/#primaryimage\"},\"thumbnailUrl\":\"https:\\\/\\\/www.manabi.gob.ec\\\/wp-content\\\/uploads\\\/2022\\\/04\\\/3c4ea577-c087-44da-99fb-35b374c1b9b8.jpg\",\"keywords\":[\"seguridad ocupacional\"],\"articleSection\":[\"Desarrollo Social\",\"Noticias\",\"Portoviejo\",\"salud\",\"Todas\"],\"inLanguage\":\"es\"},{\"@type\":\"WebPage\",\"@id\":\"https:\\\/\\\/www.manabi.gob.ec\\\/index.php\\\/casa-abierta-por-dia-internacional-de-seguridad-y-salud-ocupacional\\\/\",\"url\":\"https:\\\/\\\/www.manabi.gob.ec\\\/index.php\\\/casa-abierta-por-dia-internacional-de-seguridad-y-salud-ocupacional\\\/\",\"name\":\"CASA ABIERTA POR DIA INTERNACIONAL DE SEGURIDAD Y SALUD OCUPACIONAL. - Prefectura de Manab\u00ed\",\"isPartOf\":{\"@id\":\"https:\\\/\\\/www.manabi.gob.ec\\\/#website\"},\"primaryImageOfPage\":{\"@id\":\"https:\\\/\\\/www.manabi.gob.ec\\\/index.php\\\/casa-abierta-por-dia-internacional-de-seguridad-y-salud-ocupacional\\\/#primaryimage\"},\"image\":{\"@id\":\"https:\\\/\\\/www.manabi.gob.ec\\\/index.php\\\/casa-abierta-por-dia-internacional-de-seguridad-y-salud-ocupacional\\\/#primaryimage\"},\"thumbnailUrl\":\"https:\\\/\\\/www.manabi.gob.ec\\\/wp-content\\\/uploads\\\/2022\\\/04\\\/3c4ea577-c087-44da-99fb-35b374c1b9b8.jpg\",\"datePublished\":\"2022-04-28T17:25:42+00:00\",\"dateModified\":\"2022-04-28T17:25:44+00:00\",\"author\":{\"@id\":\"https:\\\/\\\/www.manabi.gob.ec\\\/#\\\/schema\\\/person\\\/c4f117989332ad723a6ced5994aa7d7a\"},\"description\":\"El 28 de abril de cada a\u00f1o se conmemora el d\u00eda internacional de la seguridad y salud ocupacional, por esta raz\u00f3n la Prefectura de Manab\u00ed, liderada por Leonardo Orlando, desarrolla una casa abierta institucional para todo el personal que labora en la instituci\u00f3n.\",\"breadcrumb\":{\"@id\":\"https:\\\/\\\/www.manabi.gob.ec\\\/index.php\\\/casa-abierta-por-dia-internacional-de-seguridad-y-salud-ocupacional\\\/#breadcrumb\"},\"inLanguage\":\"es\",\"potentialAction\":[{\"@type\":\"ReadAction\",\"target\":[\"https:\\\/\\\/www.manabi.gob.ec\\\/index.php\\\/casa-abierta-por-dia-internacional-de-seguridad-y-salud-ocupacional\\\/\"]}]},{\"@type\":\"ImageObject\",\"inLanguage\":\"es\",\"@id\":\"https:\\\/\\\/www.manabi.gob.ec\\\/index.php\\\/casa-abierta-por-dia-internacional-de-seguridad-y-salud-ocupacional\\\/#primaryimage\",\"url\":\"https:\\\/\\\/www.manabi.gob.ec\\\/wp-content\\\/uploads\\\/2022\\\/04\\\/3c4ea577-c087-44da-99fb-35b374c1b9b8.jpg\",\"contentUrl\":\"https:\\\/\\\/www.manabi.gob.ec\\\/wp-content\\\/uploads\\\/2022\\\/04\\\/3c4ea577-c087-44da-99fb-35b374c1b9b8.jpg\",\"width\":1280,\"height\":854},{\"@type\":\"BreadcrumbList\",\"@id\":\"https:\\\/\\\/www.manabi.gob.ec\\\/index.php\\\/casa-abierta-por-dia-internacional-de-seguridad-y-salud-ocupacional\\\/#breadcrumb\",\"itemListElement\":[{\"@type\":\"ListItem\",\"position\":1,\"name\":\"Portada\",\"item\":\"https:\\\/\\\/www.manabi.gob.ec\\\/\"},{\"@type\":\"ListItem\",\"position\":2,\"name\":\"CASA ABIERTA POR DIA INTERNACIONAL DE SEGURIDAD Y SALUD OCUPACIONAL.\"}]},{\"@type\":\"WebSite\",\"@id\":\"https:\\\/\\\/www.manabi.gob.ec\\\/#website\",\"url\":\"https:\\\/\\\/www.manabi.gob.ec\\\/\",\"name\":\"Prefectura de Manab\u00ed\",\"description\":\"P\u00e1gina web de la prefectura\",\"potentialAction\":[{\"@type\":\"SearchAction\",\"target\":{\"@type\":\"EntryPoint\",\"urlTemplate\":\"https:\\\/\\\/www.manabi.gob.ec\\\/?s={search_term_string}\"},\"query-input\":{\"@type\":\"PropertyValueSpecification\",\"valueRequired\":true,\"valueName\":\"search_term_string\"}}],\"inLanguage\":\"es\"},{\"@type\":\"Person\",\"@id\":\"https:\\\/\\\/www.manabi.gob.ec\\\/#\\\/schema\\\/person\\\/c4f117989332ad723a6ced5994aa7d7a\",\"name\":\"Lui Ochoa\",\"image\":{\"@type\":\"ImageObject\",\"inLanguage\":\"es\",\"@id\":\"https:\\\/\\\/secure.gravatar.com\\\/avatar\\\/6e8017d0fe69dead8a95864d2eb6e1e1d8bf8e01194ba49cf7b897ff038126ba?s=96&d=mm&r=g\",\"url\":\"https:\\\/\\\/secure.gravatar.com\\\/avatar\\\/6e8017d0fe69dead8a95864d2eb6e1e1d8bf8e01194ba49cf7b897ff038126ba?s=96&d=mm&r=g\",\"contentUrl\":\"https:\\\/\\\/secure.gravatar.com\\\/avatar\\\/6e8017d0fe69dead8a95864d2eb6e1e1d8bf8e01194ba49cf7b897ff038126ba?s=96&d=mm&r=g\",\"caption\":\"Lui Ochoa\"},\"url\":\"https:\\\/\\\/www.manabi.gob.ec\\\/index.php\\\/author\\\/lochoa\\\/\"}]}<\/script>\n<!-- \/ Yoast SEO plugin. -->","yoast_head_json":{"title":"CASA ABIERTA POR DIA INTERNACIONAL DE SEGURIDAD Y SALUD OCUPACIONAL. - Prefectura de Manab\u00ed","description":"El 28 de abril de cada a\u00f1o se conmemora el d\u00eda internacional de la seguridad y salud ocupacional, por esta raz\u00f3n la Prefectura de Manab\u00ed, liderada por Leonardo Orlando, desarrolla una casa abierta institucional para todo el personal que labora en la instituci\u00f3n.","robots":{"index":"index","follow":"follow","max-snippet":"max-snippet:-1","max-image-preview":"max-image-preview:large","max-video-preview":"max-video-preview:-1"},"canonical":"https:\/\/www.manabi.gob.ec\/index.php\/casa-abierta-por-dia-internacional-de-seguridad-y-salud-ocupacional\/","og_locale":"es_ES","og_type":"article","og_title":"CASA ABIERTA POR DIA INTERNACIONAL DE SEGURIDAD Y SALUD OCUPACIONAL. - Prefectura de Manab\u00ed","og_description":"El 28 de abril de cada a\u00f1o se conmemora el d\u00eda internacional de la seguridad y salud ocupacional, por esta raz\u00f3n la Prefectura de Manab\u00ed, liderada por Leonardo Orlando, desarrolla una casa abierta institucional para todo el personal que labora en la instituci\u00f3n.","og_url":"https:\/\/www.manabi.gob.ec\/index.php\/casa-abierta-por-dia-internacional-de-seguridad-y-salud-ocupacional\/","og_site_name":"Prefectura de Manab\u00ed","article_published_time":"2022-04-28T17:25:42+00:00","article_modified_time":"2022-04-28T17:25:44+00:00","og_image":[{"width":1280,"height":854,"url":"https:\/\/www.manabi.gob.ec\/wp-content\/uploads\/2022\/04\/3c4ea577-c087-44da-99fb-35b374c1b9b8.jpg","type":"image\/jpeg"}],"author":"Lui Ochoa","twitter_card":"summary_large_image","twitter_misc":{"Escrito por":"Lui Ochoa","Tiempo de lectura":"2 minutos"},"schema":{"@context":"https:\/\/schema.org","@graph":[{"@type":"Article","@id":"https:\/\/www.manabi.gob.ec\/index.php\/casa-abierta-por-dia-internacional-de-seguridad-y-salud-ocupacional\/#article","isPartOf":{"@id":"https:\/\/www.manabi.gob.ec\/index.php\/casa-abierta-por-dia-internacional-de-seguridad-y-salud-ocupacional\/"},"author":{"name":"Lui Ochoa","@id":"https:\/\/www.manabi.gob.ec\/#\/schema\/person\/c4f117989332ad723a6ced5994aa7d7a"},"headline":"CASA ABIERTA POR DIA INTERNACIONAL DE SEGURIDAD Y SALUD OCUPACIONAL.","datePublished":"2022-04-28T17:25:42+00:00","dateModified":"2022-04-28T17:25:44+00:00","mainEntityOfPage":{"@id":"https:\/\/www.manabi.gob.ec\/index.php\/casa-abierta-por-dia-internacional-de-seguridad-y-salud-ocupacional\/"},"wordCount":217,"image":{"@id":"https:\/\/www.manabi.gob.ec\/index.php\/casa-abierta-por-dia-internacional-de-seguridad-y-salud-ocupacional\/#primaryimage"},"thumbnailUrl":"https:\/\/www.manabi.gob.ec\/wp-content\/uploads\/2022\/04\/3c4ea577-c087-44da-99fb-35b374c1b9b8.jpg","keywords":["seguridad ocupacional"],"articleSection":["Desarrollo Social","Noticias","Portoviejo","salud","Todas"],"inLanguage":"es"},{"@type":"WebPage","@id":"https:\/\/www.manabi.gob.ec\/index.php\/casa-abierta-por-dia-internacional-de-seguridad-y-salud-ocupacional\/","url":"https:\/\/www.manabi.gob.ec\/index.php\/casa-abierta-por-dia-internacional-de-seguridad-y-salud-ocupacional\/","name":"CASA ABIERTA POR DIA INTERNACIONAL DE SEGURIDAD Y SALUD OCUPACIONAL. - Prefectura de Manab\u00ed","isPartOf":{"@id":"https:\/\/www.manabi.gob.ec\/#website"},"primaryImageOfPage":{"@id":"https:\/\/www.manabi.gob.ec\/index.php\/casa-abierta-por-dia-internacional-de-seguridad-y-salud-ocupacional\/#primaryimage"},"image":{"@id":"https:\/\/www.manabi.gob.ec\/index.php\/casa-abierta-por-dia-internacional-de-seguridad-y-salud-ocupacional\/#primaryimage"},"thumbnailUrl":"https:\/\/www.manabi.gob.ec\/wp-content\/uploads\/2022\/04\/3c4ea577-c087-44da-99fb-35b374c1b9b8.jpg","datePublished":"2022-04-28T17:25:42+00:00","dateModified":"2022-04-28T17:25:44+00:00","author":{"@id":"https:\/\/www.manabi.gob.ec\/#\/schema\/person\/c4f117989332ad723a6ced5994aa7d7a"},"description":"El 28 de abril de cada a\u00f1o se conmemora el d\u00eda internacional de la seguridad y salud ocupacional, por esta raz\u00f3n la Prefectura de Manab\u00ed, liderada por Leonardo Orlando, desarrolla una casa abierta institucional para todo el personal que labora en la instituci\u00f3n.","breadcrumb":{"@id":"https:\/\/www.manabi.gob.ec\/index.php\/casa-abierta-por-dia-internacional-de-seguridad-y-salud-ocupacional\/#breadcrumb"},"inLanguage":"es","potentialAction":[{"@type":"ReadAction","target":["https:\/\/www.manabi.gob.ec\/index.php\/casa-abierta-por-dia-internacional-de-seguridad-y-salud-ocupacional\/"]}]},{"@type":"ImageObject","inLanguage":"es","@id":"https:\/\/www.manabi.gob.ec\/index.php\/casa-abierta-por-dia-internacional-de-seguridad-y-salud-ocupacional\/#primaryimage","url":"https:\/\/www.manabi.gob.ec\/wp-content\/uploads\/2022\/04\/3c4ea577-c087-44da-99fb-35b374c1b9b8.jpg","contentUrl":"https:\/\/www.manabi.gob.ec\/wp-content\/uploads\/2022\/04\/3c4ea577-c087-44da-99fb-35b374c1b9b8.jpg","width":1280,"height":854},{"@type":"BreadcrumbList","@id":"https:\/\/www.manabi.gob.ec\/index.php\/casa-abierta-por-dia-internacional-de-seguridad-y-salud-ocupacional\/#breadcrumb","itemListElement":[{"@type":"ListItem","position":1,"name":"Portada","item":"https:\/\/www.manabi.gob.ec\/"},{"@type":"ListItem","position":2,"name":"CASA ABIERTA POR DIA INTERNACIONAL DE SEGURIDAD Y SALUD OCUPACIONAL."}]},{"@type":"WebSite","@id":"https:\/\/www.manabi.gob.ec\/#website","url":"https:\/\/www.manabi.gob.ec\/","name":"Prefectura de Manab\u00ed","description":"P\u00e1gina web de la prefectura","potentialAction":[{"@type":"SearchAction","target":{"@type":"EntryPoint","urlTemplate":"https:\/\/www.manabi.gob.ec\/?s={search_term_string}"},"query-input":{"@type":"PropertyValueSpecification","valueRequired":true,"valueName":"search_term_string"}}],"inLanguage":"es"},{"@type":"Person","@id":"https:\/\/www.manabi.gob.ec\/#\/schema\/person\/c4f117989332ad723a6ced5994aa7d7a","name":"Lui Ochoa","image":{"@type":"ImageObject","inLanguage":"es","@id":"https:\/\/secure.gravatar.com\/avatar\/6e8017d0fe69dead8a95864d2eb6e1e1d8bf8e01194ba49cf7b897ff038126ba?s=96&d=mm&r=g","url":"https:\/\/secure.gravatar.com\/avatar\/6e8017d0fe69dead8a95864d2eb6e1e1d8bf8e01194ba49cf7b897ff038126ba?s=96&d=mm&r=g","contentUrl":"https:\/\/secure.gravatar.com\/avatar\/6e8017d0fe69dead8a95864d2eb6e1e1d8bf8e01194ba49cf7b897ff038126ba?s=96&d=mm&r=g","caption":"Lui Ochoa"},"url":"https:\/\/www.manabi.gob.ec\/index.php\/author\/lochoa\/"}]}},"jetpack_featured_media_url":"https:\/\/www.manabi.gob.ec\/wp-content\/uploads\/2022\/04\/3c4ea577-c087-44da-99fb-35b374c1b9b8.jpg","_links":{"self":[{"href":"https:\/\/www.manabi.gob.ec\/index.php\/wp-json\/wp\/v2\/posts\/20507","targetHints":{"allow":["GET"]}}],"collection":[{"href":"https:\/\/www.manabi.gob.ec\/index.php\/wp-json\/wp\/v2\/posts"}],"about":[{"href":"https:\/\/www.manabi.gob.ec\/index.php\/wp-json\/wp\/v2\/types\/post"}],"author":[{"embeddable":true,"href":"https:\/\/www.manabi.gob.ec\/index.php\/wp-json\/wp\/v2\/users\/10"}],"replies":[{"embeddable":true,"href":"https:\/\/www.manabi.gob.ec\/index.php\/wp-json\/wp\/v2\/comments?post=20507"}],"version-history":[{"count":0,"href":"https:\/\/www.manabi.gob.ec\/index.php\/wp-json\/wp\/v2\/posts\/20507\/revisions"}],"wp:featuredmedia":[{"embeddable":true,"href":"https:\/\/www.manabi.gob.ec\/index.php\/wp-json\/wp\/v2\/media\/20508"}],"wp:attachment":[{"href":"https:\/\/www.manabi.gob.ec\/index.php\/wp-json\/wp\/v2\/media?parent=20507"}],"wp:term":[{"taxonomy":"category","embeddable":true,"href":"https:\/\/www.manabi.gob.ec\/index.php\/wp-json\/wp\/v2\/categories?post=20507"},{"taxonomy":"post_tag","embeddable":true,"href":"https:\/\/www.manabi.gob.ec\/index.php\/wp-json\/wp\/v2\/tags?post=20507"}],"curies":[{"name":"wp","href":"https:\/\/api.w.org\/{rel}","templated":true}]}}