{"id":20531,"date":"2022-05-01T03:04:57","date_gmt":"2022-05-01T03:04:57","guid":{"rendered":"https:\/\/www.manabi.gob.ec\/?p=20531"},"modified":"2022-05-01T03:04:59","modified_gmt":"2022-05-01T03:04:59","slug":"en-portoviejo-se-instalo-el-parque-infantil-1-000-de-la-ong-kids-around-the-world-con-apoyo-de-la-prefectura-de-manabi","status":"publish","type":"post","link":"https:\/\/www.manabi.gob.ec\/index.php\/en-portoviejo-se-instalo-el-parque-infantil-1-000-de-la-ong-kids-around-the-world-con-apoyo-de-la-prefectura-de-manabi\/","title":{"rendered":"En Portoviejo se instal\u00f3 el parque infantil 1.000 de la ONG Kids Around the World, con apoyo de la Prefectura de Manab\u00ed"},"content":{"rendered":"\n<p><\/p>\n\n\n\n<p>Una tarde de fiesta se vivi\u00f3 este viernes 29 de abril en el parque Forestal de Portoviejo, pues en el lugar se desarroll\u00f3 la Feria Inclusiva por los Derechos de la Ni\u00f1ez, que incluy\u00f3 stand de salud, estaciones l\u00fadicas, y actividades para los peque\u00f1os.<\/p>\n\n\n\n<div class=\"wp-block-image\"><figure class=\"alignleft size-medium\"><img loading=\"lazy\" decoding=\"async\" width=\"300\" height=\"200\" src=\"https:\/\/www.manabi.gob.ec\/wp-content\/uploads\/2022\/05\/WhatsApp-Image-2022-04-30-at-9.48.24-AM-300x200.jpeg\" alt=\"\" class=\"wp-image-20533\" srcset=\"https:\/\/www.manabi.gob.ec\/wp-content\/uploads\/2022\/05\/WhatsApp-Image-2022-04-30-at-9.48.24-AM-300x200.jpeg 300w, https:\/\/www.manabi.gob.ec\/wp-content\/uploads\/2022\/05\/WhatsApp-Image-2022-04-30-at-9.48.24-AM-1024x682.jpeg 1024w, https:\/\/www.manabi.gob.ec\/wp-content\/uploads\/2022\/05\/WhatsApp-Image-2022-04-30-at-9.48.24-AM-768x512.jpeg 768w, https:\/\/www.manabi.gob.ec\/wp-content\/uploads\/2022\/05\/WhatsApp-Image-2022-04-30-at-9.48.24-AM.jpeg 1280w\" sizes=\"auto, (max-width: 300px) 100vw, 300px\" \/><\/figure><\/div>\n\n\n\n<p>En el marco de esta actividad, directivos y voluntarios de la ONG Kids Around the World (Ni\u00f1os Alrededor del Mundo) inauguraron el nuevo parque infantil que fue instalado dentro del parque Forestal, el cual es muy especial para esta organizaci\u00f3n por ser el n\u00famero 1.000 que entregan alrededor del mundo, en sus 28 a\u00f1os de existencia.<\/p>\n\n\n\n<p>\u201cPor muchos a\u00f1os, desde 1994, hemos estado instalando parques por todos lados del mundo. Y hoy, hemos venido para compartir la fidelidad de Dios, con este que es nuestro parque n\u00famero mil\u201d, manifest\u00f3 Jim Rosene, presidente y fundador de Kids Around the World.<\/p>\n\n\n\n<p>Esta obra se hizo posible gracias al convenio entre la Prefectura de Manab\u00ed y la fundaci\u00f3n Vida en Abundancia, con apoyo de la citada ONG internacional.<\/p>\n\n\n\n<p>EL #1001 SE INSTAL\u00d3 EN PILE.<br>Durante esta jornada tambi\u00e9n tuvo lugar la entrega e inauguraci\u00f3n del parque infantil para la comuna Pile del cant\u00f3n Montecristi, en base a esta alianza. Es as\u00ed que, ahora, los ni\u00f1os y ni\u00f1as de este sector rural, reconocido por mantener viva la elaboraci\u00f3n del sombrero fino de paja toquilla, tienen un lugar donde jugar y divertirse sanamente en compa\u00f1\u00eda de sus padres, familiares y amigos.<\/p>\n\n\n\n<p>El parque de Pile es el n\u00famero 1001 para la ONG Kids Around the World. A nivel de Manab\u00ed, son 10 las comunidades beneficiadas con la instalaci\u00f3n de estos juegos infantiles, gracias a este trabajo conjunto con la administraci\u00f3n provincial que lidera el prefecto, Leonardo Orlando.<\/p>\n","protected":false},"excerpt":{"rendered":"<p>Una tarde de fiesta se vivi\u00f3 este viernes 29 de abril en el parque Forestal de Portoviejo, pues en el lugar se desarroll\u00f3 la Feria Inclusiva por los Derechos de la Ni\u00f1ez, que incluy\u00f3 stand de salud, estaciones l\u00fadicas, y actividades para los peque\u00f1os. En el marco de esta actividad, directivos y voluntarios de la [&hellip;]<\/p>\n","protected":false},"author":10,"featured_media":20532,"comment_status":"closed","ping_status":"closed","sticky":false,"template":"","format":"standard","meta":{"_joinchat":[],"footnotes":""},"categories":[142,92,132,91],"tags":[],"class_list":["post-20531","post","type-post","status-publish","format-standard","has-post-thumbnail","hentry","category-desarrollo-social","category-noticias-manabi","category-portoviejo","category-todas"],"yoast_head":"<!-- This site is optimized with the Yoast SEO plugin v27.4 - https:\/\/yoast.com\/product\/yoast-seo-wordpress\/ -->\n<title>En Portoviejo se instal\u00f3 el parque infantil 1.000 de la ONG Kids Around the World, con apoyo de la Prefectura de Manab\u00ed - Prefectura de Manab\u00ed<\/title>\n<meta name=\"description\" content=\"ONG Kids Around the World\" \/>\n<meta name=\"robots\" content=\"index, follow, max-snippet:-1, max-image-preview:large, max-video-preview:-1\" \/>\n<link rel=\"canonical\" href=\"https:\/\/www.manabi.gob.ec\/index.php\/en-portoviejo-se-instalo-el-parque-infantil-1-000-de-la-ong-kids-around-the-world-con-apoyo-de-la-prefectura-de-manabi\/\" \/>\n<meta property=\"og:locale\" content=\"es_ES\" \/>\n<meta property=\"og:type\" content=\"article\" \/>\n<meta property=\"og:title\" content=\"En Portoviejo se instal\u00f3 el parque infantil 1.000 de la ONG Kids Around the World, con apoyo de la Prefectura de Manab\u00ed - Prefectura de Manab\u00ed\" \/>\n<meta property=\"og:description\" content=\"ONG Kids Around the World\" \/>\n<meta property=\"og:url\" content=\"https:\/\/www.manabi.gob.ec\/index.php\/en-portoviejo-se-instalo-el-parque-infantil-1-000-de-la-ong-kids-around-the-world-con-apoyo-de-la-prefectura-de-manabi\/\" \/>\n<meta property=\"og:site_name\" content=\"Prefectura de Manab\u00ed\" \/>\n<meta property=\"article:published_time\" content=\"2022-05-01T03:04:57+00:00\" \/>\n<meta property=\"article:modified_time\" content=\"2022-05-01T03:04:59+00:00\" \/>\n<meta property=\"og:image\" content=\"https:\/\/www.manabi.gob.ec\/wp-content\/uploads\/2022\/05\/WhatsApp-Image-2022-04-30-at-9.48.25-AM-1.jpeg\" \/>\n\t<meta property=\"og:image:width\" content=\"1280\" \/>\n\t<meta property=\"og:image:height\" content=\"853\" \/>\n\t<meta property=\"og:image:type\" content=\"image\/jpeg\" \/>\n<meta name=\"author\" content=\"Lui Ochoa\" \/>\n<meta name=\"twitter:card\" content=\"summary_large_image\" \/>\n<meta name=\"twitter:label1\" content=\"Escrito por\" \/>\n\t<meta name=\"twitter:data1\" content=\"Lui Ochoa\" \/>\n\t<meta name=\"twitter:label2\" content=\"Tiempo de lectura\" \/>\n\t<meta name=\"twitter:data2\" content=\"2 minutos\" \/>\n<script type=\"application\/ld+json\" class=\"yoast-schema-graph\">{\"@context\":\"https:\\\/\\\/schema.org\",\"@graph\":[{\"@type\":\"Article\",\"@id\":\"https:\\\/\\\/www.manabi.gob.ec\\\/index.php\\\/en-portoviejo-se-instalo-el-parque-infantil-1-000-de-la-ong-kids-around-the-world-con-apoyo-de-la-prefectura-de-manabi\\\/#article\",\"isPartOf\":{\"@id\":\"https:\\\/\\\/www.manabi.gob.ec\\\/index.php\\\/en-portoviejo-se-instalo-el-parque-infantil-1-000-de-la-ong-kids-around-the-world-con-apoyo-de-la-prefectura-de-manabi\\\/\"},\"author\":{\"name\":\"Lui Ochoa\",\"@id\":\"https:\\\/\\\/www.manabi.gob.ec\\\/#\\\/schema\\\/person\\\/c4f117989332ad723a6ced5994aa7d7a\"},\"headline\":\"En Portoviejo se instal\u00f3 el parque infantil 1.000 de la ONG Kids Around the World, con apoyo de la Prefectura de Manab\u00ed\",\"datePublished\":\"2022-05-01T03:04:57+00:00\",\"dateModified\":\"2022-05-01T03:04:59+00:00\",\"mainEntityOfPage\":{\"@id\":\"https:\\\/\\\/www.manabi.gob.ec\\\/index.php\\\/en-portoviejo-se-instalo-el-parque-infantil-1-000-de-la-ong-kids-around-the-world-con-apoyo-de-la-prefectura-de-manabi\\\/\"},\"wordCount\":320,\"image\":{\"@id\":\"https:\\\/\\\/www.manabi.gob.ec\\\/index.php\\\/en-portoviejo-se-instalo-el-parque-infantil-1-000-de-la-ong-kids-around-the-world-con-apoyo-de-la-prefectura-de-manabi\\\/#primaryimage\"},\"thumbnailUrl\":\"https:\\\/\\\/www.manabi.gob.ec\\\/wp-content\\\/uploads\\\/2022\\\/05\\\/WhatsApp-Image-2022-04-30-at-9.48.25-AM-1.jpeg\",\"articleSection\":[\"Desarrollo Social\",\"Noticias\",\"Portoviejo\",\"Todas\"],\"inLanguage\":\"es\"},{\"@type\":\"WebPage\",\"@id\":\"https:\\\/\\\/www.manabi.gob.ec\\\/index.php\\\/en-portoviejo-se-instalo-el-parque-infantil-1-000-de-la-ong-kids-around-the-world-con-apoyo-de-la-prefectura-de-manabi\\\/\",\"url\":\"https:\\\/\\\/www.manabi.gob.ec\\\/index.php\\\/en-portoviejo-se-instalo-el-parque-infantil-1-000-de-la-ong-kids-around-the-world-con-apoyo-de-la-prefectura-de-manabi\\\/\",\"name\":\"En Portoviejo se instal\u00f3 el parque infantil 1.000 de la ONG Kids Around the World, con apoyo de la Prefectura de Manab\u00ed - Prefectura de Manab\u00ed\",\"isPartOf\":{\"@id\":\"https:\\\/\\\/www.manabi.gob.ec\\\/#website\"},\"primaryImageOfPage\":{\"@id\":\"https:\\\/\\\/www.manabi.gob.ec\\\/index.php\\\/en-portoviejo-se-instalo-el-parque-infantil-1-000-de-la-ong-kids-around-the-world-con-apoyo-de-la-prefectura-de-manabi\\\/#primaryimage\"},\"image\":{\"@id\":\"https:\\\/\\\/www.manabi.gob.ec\\\/index.php\\\/en-portoviejo-se-instalo-el-parque-infantil-1-000-de-la-ong-kids-around-the-world-con-apoyo-de-la-prefectura-de-manabi\\\/#primaryimage\"},\"thumbnailUrl\":\"https:\\\/\\\/www.manabi.gob.ec\\\/wp-content\\\/uploads\\\/2022\\\/05\\\/WhatsApp-Image-2022-04-30-at-9.48.25-AM-1.jpeg\",\"datePublished\":\"2022-05-01T03:04:57+00:00\",\"dateModified\":\"2022-05-01T03:04:59+00:00\",\"author\":{\"@id\":\"https:\\\/\\\/www.manabi.gob.ec\\\/#\\\/schema\\\/person\\\/c4f117989332ad723a6ced5994aa7d7a\"},\"description\":\"ONG Kids Around the World\",\"breadcrumb\":{\"@id\":\"https:\\\/\\\/www.manabi.gob.ec\\\/index.php\\\/en-portoviejo-se-instalo-el-parque-infantil-1-000-de-la-ong-kids-around-the-world-con-apoyo-de-la-prefectura-de-manabi\\\/#breadcrumb\"},\"inLanguage\":\"es\",\"potentialAction\":[{\"@type\":\"ReadAction\",\"target\":[\"https:\\\/\\\/www.manabi.gob.ec\\\/index.php\\\/en-portoviejo-se-instalo-el-parque-infantil-1-000-de-la-ong-kids-around-the-world-con-apoyo-de-la-prefectura-de-manabi\\\/\"]}]},{\"@type\":\"ImageObject\",\"inLanguage\":\"es\",\"@id\":\"https:\\\/\\\/www.manabi.gob.ec\\\/index.php\\\/en-portoviejo-se-instalo-el-parque-infantil-1-000-de-la-ong-kids-around-the-world-con-apoyo-de-la-prefectura-de-manabi\\\/#primaryimage\",\"url\":\"https:\\\/\\\/www.manabi.gob.ec\\\/wp-content\\\/uploads\\\/2022\\\/05\\\/WhatsApp-Image-2022-04-30-at-9.48.25-AM-1.jpeg\",\"contentUrl\":\"https:\\\/\\\/www.manabi.gob.ec\\\/wp-content\\\/uploads\\\/2022\\\/05\\\/WhatsApp-Image-2022-04-30-at-9.48.25-AM-1.jpeg\",\"width\":1280,\"height\":853},{\"@type\":\"BreadcrumbList\",\"@id\":\"https:\\\/\\\/www.manabi.gob.ec\\\/index.php\\\/en-portoviejo-se-instalo-el-parque-infantil-1-000-de-la-ong-kids-around-the-world-con-apoyo-de-la-prefectura-de-manabi\\\/#breadcrumb\",\"itemListElement\":[{\"@type\":\"ListItem\",\"position\":1,\"name\":\"Portada\",\"item\":\"https:\\\/\\\/www.manabi.gob.ec\\\/\"},{\"@type\":\"ListItem\",\"position\":2,\"name\":\"En Portoviejo se instal\u00f3 el parque infantil 1.000 de la ONG Kids Around the World, con apoyo de la Prefectura de Manab\u00ed\"}]},{\"@type\":\"WebSite\",\"@id\":\"https:\\\/\\\/www.manabi.gob.ec\\\/#website\",\"url\":\"https:\\\/\\\/www.manabi.gob.ec\\\/\",\"name\":\"Prefectura de Manab\u00ed\",\"description\":\"P\u00e1gina web de la prefectura\",\"potentialAction\":[{\"@type\":\"SearchAction\",\"target\":{\"@type\":\"EntryPoint\",\"urlTemplate\":\"https:\\\/\\\/www.manabi.gob.ec\\\/?s={search_term_string}\"},\"query-input\":{\"@type\":\"PropertyValueSpecification\",\"valueRequired\":true,\"valueName\":\"search_term_string\"}}],\"inLanguage\":\"es\"},{\"@type\":\"Person\",\"@id\":\"https:\\\/\\\/www.manabi.gob.ec\\\/#\\\/schema\\\/person\\\/c4f117989332ad723a6ced5994aa7d7a\",\"name\":\"Lui Ochoa\",\"image\":{\"@type\":\"ImageObject\",\"inLanguage\":\"es\",\"@id\":\"https:\\\/\\\/secure.gravatar.com\\\/avatar\\\/6e8017d0fe69dead8a95864d2eb6e1e1d8bf8e01194ba49cf7b897ff038126ba?s=96&d=mm&r=g\",\"url\":\"https:\\\/\\\/secure.gravatar.com\\\/avatar\\\/6e8017d0fe69dead8a95864d2eb6e1e1d8bf8e01194ba49cf7b897ff038126ba?s=96&d=mm&r=g\",\"contentUrl\":\"https:\\\/\\\/secure.gravatar.com\\\/avatar\\\/6e8017d0fe69dead8a95864d2eb6e1e1d8bf8e01194ba49cf7b897ff038126ba?s=96&d=mm&r=g\",\"caption\":\"Lui Ochoa\"},\"url\":\"https:\\\/\\\/www.manabi.gob.ec\\\/index.php\\\/author\\\/lochoa\\\/\"}]}<\/script>\n<!-- \/ Yoast SEO plugin. -->","yoast_head_json":{"title":"En Portoviejo se instal\u00f3 el parque infantil 1.000 de la ONG Kids Around the World, con apoyo de la Prefectura de Manab\u00ed - Prefectura de Manab\u00ed","description":"ONG Kids Around the World","robots":{"index":"index","follow":"follow","max-snippet":"max-snippet:-1","max-image-preview":"max-image-preview:large","max-video-preview":"max-video-preview:-1"},"canonical":"https:\/\/www.manabi.gob.ec\/index.php\/en-portoviejo-se-instalo-el-parque-infantil-1-000-de-la-ong-kids-around-the-world-con-apoyo-de-la-prefectura-de-manabi\/","og_locale":"es_ES","og_type":"article","og_title":"En Portoviejo se instal\u00f3 el parque infantil 1.000 de la ONG Kids Around the World, con apoyo de la Prefectura de Manab\u00ed - Prefectura de Manab\u00ed","og_description":"ONG Kids Around the World","og_url":"https:\/\/www.manabi.gob.ec\/index.php\/en-portoviejo-se-instalo-el-parque-infantil-1-000-de-la-ong-kids-around-the-world-con-apoyo-de-la-prefectura-de-manabi\/","og_site_name":"Prefectura de Manab\u00ed","article_published_time":"2022-05-01T03:04:57+00:00","article_modified_time":"2022-05-01T03:04:59+00:00","og_image":[{"width":1280,"height":853,"url":"https:\/\/www.manabi.gob.ec\/wp-content\/uploads\/2022\/05\/WhatsApp-Image-2022-04-30-at-9.48.25-AM-1.jpeg","type":"image\/jpeg"}],"author":"Lui Ochoa","twitter_card":"summary_large_image","twitter_misc":{"Escrito por":"Lui Ochoa","Tiempo de lectura":"2 minutos"},"schema":{"@context":"https:\/\/schema.org","@graph":[{"@type":"Article","@id":"https:\/\/www.manabi.gob.ec\/index.php\/en-portoviejo-se-instalo-el-parque-infantil-1-000-de-la-ong-kids-around-the-world-con-apoyo-de-la-prefectura-de-manabi\/#article","isPartOf":{"@id":"https:\/\/www.manabi.gob.ec\/index.php\/en-portoviejo-se-instalo-el-parque-infantil-1-000-de-la-ong-kids-around-the-world-con-apoyo-de-la-prefectura-de-manabi\/"},"author":{"name":"Lui Ochoa","@id":"https:\/\/www.manabi.gob.ec\/#\/schema\/person\/c4f117989332ad723a6ced5994aa7d7a"},"headline":"En Portoviejo se instal\u00f3 el parque infantil 1.000 de la ONG Kids Around the World, con apoyo de la Prefectura de Manab\u00ed","datePublished":"2022-05-01T03:04:57+00:00","dateModified":"2022-05-01T03:04:59+00:00","mainEntityOfPage":{"@id":"https:\/\/www.manabi.gob.ec\/index.php\/en-portoviejo-se-instalo-el-parque-infantil-1-000-de-la-ong-kids-around-the-world-con-apoyo-de-la-prefectura-de-manabi\/"},"wordCount":320,"image":{"@id":"https:\/\/www.manabi.gob.ec\/index.php\/en-portoviejo-se-instalo-el-parque-infantil-1-000-de-la-ong-kids-around-the-world-con-apoyo-de-la-prefectura-de-manabi\/#primaryimage"},"thumbnailUrl":"https:\/\/www.manabi.gob.ec\/wp-content\/uploads\/2022\/05\/WhatsApp-Image-2022-04-30-at-9.48.25-AM-1.jpeg","articleSection":["Desarrollo Social","Noticias","Portoviejo","Todas"],"inLanguage":"es"},{"@type":"WebPage","@id":"https:\/\/www.manabi.gob.ec\/index.php\/en-portoviejo-se-instalo-el-parque-infantil-1-000-de-la-ong-kids-around-the-world-con-apoyo-de-la-prefectura-de-manabi\/","url":"https:\/\/www.manabi.gob.ec\/index.php\/en-portoviejo-se-instalo-el-parque-infantil-1-000-de-la-ong-kids-around-the-world-con-apoyo-de-la-prefectura-de-manabi\/","name":"En Portoviejo se instal\u00f3 el parque infantil 1.000 de la ONG Kids Around the World, con apoyo de la Prefectura de Manab\u00ed - Prefectura de Manab\u00ed","isPartOf":{"@id":"https:\/\/www.manabi.gob.ec\/#website"},"primaryImageOfPage":{"@id":"https:\/\/www.manabi.gob.ec\/index.php\/en-portoviejo-se-instalo-el-parque-infantil-1-000-de-la-ong-kids-around-the-world-con-apoyo-de-la-prefectura-de-manabi\/#primaryimage"},"image":{"@id":"https:\/\/www.manabi.gob.ec\/index.php\/en-portoviejo-se-instalo-el-parque-infantil-1-000-de-la-ong-kids-around-the-world-con-apoyo-de-la-prefectura-de-manabi\/#primaryimage"},"thumbnailUrl":"https:\/\/www.manabi.gob.ec\/wp-content\/uploads\/2022\/05\/WhatsApp-Image-2022-04-30-at-9.48.25-AM-1.jpeg","datePublished":"2022-05-01T03:04:57+00:00","dateModified":"2022-05-01T03:04:59+00:00","author":{"@id":"https:\/\/www.manabi.gob.ec\/#\/schema\/person\/c4f117989332ad723a6ced5994aa7d7a"},"description":"ONG Kids Around the World","breadcrumb":{"@id":"https:\/\/www.manabi.gob.ec\/index.php\/en-portoviejo-se-instalo-el-parque-infantil-1-000-de-la-ong-kids-around-the-world-con-apoyo-de-la-prefectura-de-manabi\/#breadcrumb"},"inLanguage":"es","potentialAction":[{"@type":"ReadAction","target":["https:\/\/www.manabi.gob.ec\/index.php\/en-portoviejo-se-instalo-el-parque-infantil-1-000-de-la-ong-kids-around-the-world-con-apoyo-de-la-prefectura-de-manabi\/"]}]},{"@type":"ImageObject","inLanguage":"es","@id":"https:\/\/www.manabi.gob.ec\/index.php\/en-portoviejo-se-instalo-el-parque-infantil-1-000-de-la-ong-kids-around-the-world-con-apoyo-de-la-prefectura-de-manabi\/#primaryimage","url":"https:\/\/www.manabi.gob.ec\/wp-content\/uploads\/2022\/05\/WhatsApp-Image-2022-04-30-at-9.48.25-AM-1.jpeg","contentUrl":"https:\/\/www.manabi.gob.ec\/wp-content\/uploads\/2022\/05\/WhatsApp-Image-2022-04-30-at-9.48.25-AM-1.jpeg","width":1280,"height":853},{"@type":"BreadcrumbList","@id":"https:\/\/www.manabi.gob.ec\/index.php\/en-portoviejo-se-instalo-el-parque-infantil-1-000-de-la-ong-kids-around-the-world-con-apoyo-de-la-prefectura-de-manabi\/#breadcrumb","itemListElement":[{"@type":"ListItem","position":1,"name":"Portada","item":"https:\/\/www.manabi.gob.ec\/"},{"@type":"ListItem","position":2,"name":"En Portoviejo se instal\u00f3 el parque infantil 1.000 de la ONG Kids Around the World, con apoyo de la Prefectura de Manab\u00ed"}]},{"@type":"WebSite","@id":"https:\/\/www.manabi.gob.ec\/#website","url":"https:\/\/www.manabi.gob.ec\/","name":"Prefectura de Manab\u00ed","description":"P\u00e1gina web de la prefectura","potentialAction":[{"@type":"SearchAction","target":{"@type":"EntryPoint","urlTemplate":"https:\/\/www.manabi.gob.ec\/?s={search_term_string}"},"query-input":{"@type":"PropertyValueSpecification","valueRequired":true,"valueName":"search_term_string"}}],"inLanguage":"es"},{"@type":"Person","@id":"https:\/\/www.manabi.gob.ec\/#\/schema\/person\/c4f117989332ad723a6ced5994aa7d7a","name":"Lui Ochoa","image":{"@type":"ImageObject","inLanguage":"es","@id":"https:\/\/secure.gravatar.com\/avatar\/6e8017d0fe69dead8a95864d2eb6e1e1d8bf8e01194ba49cf7b897ff038126ba?s=96&d=mm&r=g","url":"https:\/\/secure.gravatar.com\/avatar\/6e8017d0fe69dead8a95864d2eb6e1e1d8bf8e01194ba49cf7b897ff038126ba?s=96&d=mm&r=g","contentUrl":"https:\/\/secure.gravatar.com\/avatar\/6e8017d0fe69dead8a95864d2eb6e1e1d8bf8e01194ba49cf7b897ff038126ba?s=96&d=mm&r=g","caption":"Lui Ochoa"},"url":"https:\/\/www.manabi.gob.ec\/index.php\/author\/lochoa\/"}]}},"jetpack_featured_media_url":"https:\/\/www.manabi.gob.ec\/wp-content\/uploads\/2022\/05\/WhatsApp-Image-2022-04-30-at-9.48.25-AM-1.jpeg","_links":{"self":[{"href":"https:\/\/www.manabi.gob.ec\/index.php\/wp-json\/wp\/v2\/posts\/20531","targetHints":{"allow":["GET"]}}],"collection":[{"href":"https:\/\/www.manabi.gob.ec\/index.php\/wp-json\/wp\/v2\/posts"}],"about":[{"href":"https:\/\/www.manabi.gob.ec\/index.php\/wp-json\/wp\/v2\/types\/post"}],"author":[{"embeddable":true,"href":"https:\/\/www.manabi.gob.ec\/index.php\/wp-json\/wp\/v2\/users\/10"}],"replies":[{"embeddable":true,"href":"https:\/\/www.manabi.gob.ec\/index.php\/wp-json\/wp\/v2\/comments?post=20531"}],"version-history":[{"count":0,"href":"https:\/\/www.manabi.gob.ec\/index.php\/wp-json\/wp\/v2\/posts\/20531\/revisions"}],"wp:featuredmedia":[{"embeddable":true,"href":"https:\/\/www.manabi.gob.ec\/index.php\/wp-json\/wp\/v2\/media\/20532"}],"wp:attachment":[{"href":"https:\/\/www.manabi.gob.ec\/index.php\/wp-json\/wp\/v2\/media?parent=20531"}],"wp:term":[{"taxonomy":"category","embeddable":true,"href":"https:\/\/www.manabi.gob.ec\/index.php\/wp-json\/wp\/v2\/categories?post=20531"},{"taxonomy":"post_tag","embeddable":true,"href":"https:\/\/www.manabi.gob.ec\/index.php\/wp-json\/wp\/v2\/tags?post=20531"}],"curies":[{"name":"wp","href":"https:\/\/api.w.org\/{rel}","templated":true}]}}