{"id":20536,"date":"2022-05-01T03:12:54","date_gmt":"2022-05-01T03:12:54","guid":{"rendered":"https:\/\/www.manabi.gob.ec\/?p=20536"},"modified":"2022-05-01T03:14:16","modified_gmt":"2022-05-01T03:14:16","slug":"emprendedores-manabitasexponen-sus-productos-en-chimborazo","status":"publish","type":"post","link":"https:\/\/www.manabi.gob.ec\/index.php\/emprendedores-manabitasexponen-sus-productos-en-chimborazo\/","title":{"rendered":"Emprendedores manabitas<br>exponen sus productos en Chimborazo"},"content":{"rendered":"\n<p>La creatividad tan diversa de nuestros emprendedores y artesanos manabitas se promociona con gran aceptaci\u00f3n entre los riobambe\u00f1os que visitan la recien inaugurada galer\u00eda artesanal de exhibici\u00f3n \u00abSomos Chimborazo\u00bb en Riobamba.<\/p>\n\n\n\n<p>Los productos como rompope, caf\u00e9, dulces, artesan\u00edas, aj\u00edes, chocolates y vinos han tenido buena acogida, se\u00f1ala Miguel Ch\u00f3ez Alc\u00e1zar, de caf\u00e9 San Jos\u00e9 de Jipijapa.<\/p>\n\n\n\n<p>El apoyo que nos brinda la Prefectura de Manab\u00ed&nbsp; a trav\u00e9s de estos espacios de ventas, es una gran oportunidad para nosotros los productores. \u00abYo soy una joven con muchos sue\u00f1os y esta es una gran experiencia de crecimiento para como emprendedora\u00bb, dice Jamile Ladines Morales, de la bebida de arroz Celencia.<\/p>\n\n\n\n<p>Estas ferias interprovinciales que promueve el prefecto, Leonardo Orlando, en articulaci\u00f3n con otras prefecturas del pa\u00eds, son para incentivar la comercializaci\u00f3n de productos manabitas a escala nacional e internacional.<\/p>\n","protected":false},"excerpt":{"rendered":"<p>La creatividad tan diversa de nuestros emprendedores y artesanos manabitas se promociona con gran aceptaci\u00f3n entre los riobambe\u00f1os que visitan la recien inaugurada galer\u00eda artesanal de exhibici\u00f3n \u00abSomos Chimborazo\u00bb en Riobamba. Los productos como rompope, caf\u00e9, dulces, artesan\u00edas, aj\u00edes, chocolates y vinos han tenido buena acogida, se\u00f1ala Miguel Ch\u00f3ez Alc\u00e1zar, de caf\u00e9 San Jos\u00e9 de [&hellip;]<\/p>\n","protected":false},"author":10,"featured_media":20537,"comment_status":"closed","ping_status":"closed","sticky":false,"template":"","format":"standard","meta":{"_joinchat":[],"footnotes":""},"categories":[142,218,92,91],"tags":[],"class_list":["post-20536","post","type-post","status-publish","format-standard","has-post-thumbnail","hentry","category-desarrollo-social","category-manabi-produce","category-noticias-manabi","category-todas"],"yoast_head":"<!-- This site is optimized with the Yoast SEO plugin v27.4 - https:\/\/yoast.com\/product\/yoast-seo-wordpress\/ -->\n<title>Emprendedores manabitasexponen sus productos en Chimborazo - Prefectura de Manab\u00ed<\/title>\n<meta name=\"robots\" content=\"index, follow, max-snippet:-1, max-image-preview:large, max-video-preview:-1\" \/>\n<link rel=\"canonical\" href=\"https:\/\/www.manabi.gob.ec\/index.php\/emprendedores-manabitasexponen-sus-productos-en-chimborazo\/\" \/>\n<meta property=\"og:locale\" content=\"es_ES\" \/>\n<meta property=\"og:type\" content=\"article\" \/>\n<meta property=\"og:title\" content=\"Emprendedores manabitasexponen sus productos en Chimborazo - Prefectura de Manab\u00ed\" \/>\n<meta property=\"og:description\" content=\"La creatividad tan diversa de nuestros emprendedores y artesanos manabitas se promociona con gran aceptaci\u00f3n entre los riobambe\u00f1os que visitan la recien inaugurada galer\u00eda artesanal de exhibici\u00f3n \u00abSomos Chimborazo\u00bb en Riobamba. Los productos como rompope, caf\u00e9, dulces, artesan\u00edas, aj\u00edes, chocolates y vinos han tenido buena acogida, se\u00f1ala Miguel Ch\u00f3ez Alc\u00e1zar, de caf\u00e9 San Jos\u00e9 de [&hellip;]\" \/>\n<meta property=\"og:url\" content=\"https:\/\/www.manabi.gob.ec\/index.php\/emprendedores-manabitasexponen-sus-productos-en-chimborazo\/\" \/>\n<meta property=\"og:site_name\" content=\"Prefectura de Manab\u00ed\" \/>\n<meta property=\"article:published_time\" content=\"2022-05-01T03:12:54+00:00\" \/>\n<meta property=\"article:modified_time\" content=\"2022-05-01T03:14:16+00:00\" \/>\n<meta property=\"og:image\" content=\"https:\/\/www.manabi.gob.ec\/wp-content\/uploads\/2022\/05\/WhatsApp-Image-2022-04-30-at-9.58.15-AM.jpeg\" \/>\n\t<meta property=\"og:image:width\" content=\"1200\" \/>\n\t<meta property=\"og:image:height\" content=\"1600\" \/>\n\t<meta property=\"og:image:type\" content=\"image\/jpeg\" \/>\n<meta name=\"author\" content=\"Lui Ochoa\" \/>\n<meta name=\"twitter:card\" content=\"summary_large_image\" \/>\n<meta name=\"twitter:label1\" content=\"Escrito por\" \/>\n\t<meta name=\"twitter:data1\" content=\"Lui Ochoa\" \/>\n\t<meta name=\"twitter:label2\" content=\"Tiempo de lectura\" \/>\n\t<meta name=\"twitter:data2\" content=\"1 minuto\" \/>\n<script type=\"application\/ld+json\" class=\"yoast-schema-graph\">{\"@context\":\"https:\\\/\\\/schema.org\",\"@graph\":[{\"@type\":\"Article\",\"@id\":\"https:\\\/\\\/www.manabi.gob.ec\\\/index.php\\\/emprendedores-manabitasexponen-sus-productos-en-chimborazo\\\/#article\",\"isPartOf\":{\"@id\":\"https:\\\/\\\/www.manabi.gob.ec\\\/index.php\\\/emprendedores-manabitasexponen-sus-productos-en-chimborazo\\\/\"},\"author\":{\"name\":\"Lui Ochoa\",\"@id\":\"https:\\\/\\\/www.manabi.gob.ec\\\/#\\\/schema\\\/person\\\/c4f117989332ad723a6ced5994aa7d7a\"},\"headline\":\"Emprendedores manabitas exponen sus productos en Chimborazo\",\"datePublished\":\"2022-05-01T03:12:54+00:00\",\"dateModified\":\"2022-05-01T03:14:16+00:00\",\"mainEntityOfPage\":{\"@id\":\"https:\\\/\\\/www.manabi.gob.ec\\\/index.php\\\/emprendedores-manabitasexponen-sus-productos-en-chimborazo\\\/\"},\"wordCount\":158,\"image\":{\"@id\":\"https:\\\/\\\/www.manabi.gob.ec\\\/index.php\\\/emprendedores-manabitasexponen-sus-productos-en-chimborazo\\\/#primaryimage\"},\"thumbnailUrl\":\"https:\\\/\\\/www.manabi.gob.ec\\\/wp-content\\\/uploads\\\/2022\\\/05\\\/WhatsApp-Image-2022-04-30-at-9.58.15-AM.jpeg\",\"articleSection\":[\"Desarrollo Social\",\"Manab\u00ed Produce\",\"Noticias\",\"Todas\"],\"inLanguage\":\"es\"},{\"@type\":\"WebPage\",\"@id\":\"https:\\\/\\\/www.manabi.gob.ec\\\/index.php\\\/emprendedores-manabitasexponen-sus-productos-en-chimborazo\\\/\",\"url\":\"https:\\\/\\\/www.manabi.gob.ec\\\/index.php\\\/emprendedores-manabitasexponen-sus-productos-en-chimborazo\\\/\",\"name\":\"Emprendedores manabitas exponen sus productos en Chimborazo - Prefectura de Manab\u00ed\",\"isPartOf\":{\"@id\":\"https:\\\/\\\/www.manabi.gob.ec\\\/#website\"},\"primaryImageOfPage\":{\"@id\":\"https:\\\/\\\/www.manabi.gob.ec\\\/index.php\\\/emprendedores-manabitasexponen-sus-productos-en-chimborazo\\\/#primaryimage\"},\"image\":{\"@id\":\"https:\\\/\\\/www.manabi.gob.ec\\\/index.php\\\/emprendedores-manabitasexponen-sus-productos-en-chimborazo\\\/#primaryimage\"},\"thumbnailUrl\":\"https:\\\/\\\/www.manabi.gob.ec\\\/wp-content\\\/uploads\\\/2022\\\/05\\\/WhatsApp-Image-2022-04-30-at-9.58.15-AM.jpeg\",\"datePublished\":\"2022-05-01T03:12:54+00:00\",\"dateModified\":\"2022-05-01T03:14:16+00:00\",\"author\":{\"@id\":\"https:\\\/\\\/www.manabi.gob.ec\\\/#\\\/schema\\\/person\\\/c4f117989332ad723a6ced5994aa7d7a\"},\"breadcrumb\":{\"@id\":\"https:\\\/\\\/www.manabi.gob.ec\\\/index.php\\\/emprendedores-manabitasexponen-sus-productos-en-chimborazo\\\/#breadcrumb\"},\"inLanguage\":\"es\",\"potentialAction\":[{\"@type\":\"ReadAction\",\"target\":[\"https:\\\/\\\/www.manabi.gob.ec\\\/index.php\\\/emprendedores-manabitasexponen-sus-productos-en-chimborazo\\\/\"]}]},{\"@type\":\"ImageObject\",\"inLanguage\":\"es\",\"@id\":\"https:\\\/\\\/www.manabi.gob.ec\\\/index.php\\\/emprendedores-manabitasexponen-sus-productos-en-chimborazo\\\/#primaryimage\",\"url\":\"https:\\\/\\\/www.manabi.gob.ec\\\/wp-content\\\/uploads\\\/2022\\\/05\\\/WhatsApp-Image-2022-04-30-at-9.58.15-AM.jpeg\",\"contentUrl\":\"https:\\\/\\\/www.manabi.gob.ec\\\/wp-content\\\/uploads\\\/2022\\\/05\\\/WhatsApp-Image-2022-04-30-at-9.58.15-AM.jpeg\",\"width\":1200,\"height\":1600},{\"@type\":\"BreadcrumbList\",\"@id\":\"https:\\\/\\\/www.manabi.gob.ec\\\/index.php\\\/emprendedores-manabitasexponen-sus-productos-en-chimborazo\\\/#breadcrumb\",\"itemListElement\":[{\"@type\":\"ListItem\",\"position\":1,\"name\":\"Portada\",\"item\":\"https:\\\/\\\/www.manabi.gob.ec\\\/\"},{\"@type\":\"ListItem\",\"position\":2,\"name\":\"Emprendedores manabitasexponen sus productos en Chimborazo\"}]},{\"@type\":\"WebSite\",\"@id\":\"https:\\\/\\\/www.manabi.gob.ec\\\/#website\",\"url\":\"https:\\\/\\\/www.manabi.gob.ec\\\/\",\"name\":\"Prefectura de Manab\u00ed\",\"description\":\"P\u00e1gina web de la prefectura\",\"potentialAction\":[{\"@type\":\"SearchAction\",\"target\":{\"@type\":\"EntryPoint\",\"urlTemplate\":\"https:\\\/\\\/www.manabi.gob.ec\\\/?s={search_term_string}\"},\"query-input\":{\"@type\":\"PropertyValueSpecification\",\"valueRequired\":true,\"valueName\":\"search_term_string\"}}],\"inLanguage\":\"es\"},{\"@type\":\"Person\",\"@id\":\"https:\\\/\\\/www.manabi.gob.ec\\\/#\\\/schema\\\/person\\\/c4f117989332ad723a6ced5994aa7d7a\",\"name\":\"Lui Ochoa\",\"image\":{\"@type\":\"ImageObject\",\"inLanguage\":\"es\",\"@id\":\"https:\\\/\\\/secure.gravatar.com\\\/avatar\\\/6e8017d0fe69dead8a95864d2eb6e1e1d8bf8e01194ba49cf7b897ff038126ba?s=96&d=mm&r=g\",\"url\":\"https:\\\/\\\/secure.gravatar.com\\\/avatar\\\/6e8017d0fe69dead8a95864d2eb6e1e1d8bf8e01194ba49cf7b897ff038126ba?s=96&d=mm&r=g\",\"contentUrl\":\"https:\\\/\\\/secure.gravatar.com\\\/avatar\\\/6e8017d0fe69dead8a95864d2eb6e1e1d8bf8e01194ba49cf7b897ff038126ba?s=96&d=mm&r=g\",\"caption\":\"Lui Ochoa\"},\"url\":\"https:\\\/\\\/www.manabi.gob.ec\\\/index.php\\\/author\\\/lochoa\\\/\"}]}<\/script>\n<!-- \/ Yoast SEO plugin. -->","yoast_head_json":{"title":"Emprendedores manabitasexponen sus productos en Chimborazo - Prefectura de Manab\u00ed","robots":{"index":"index","follow":"follow","max-snippet":"max-snippet:-1","max-image-preview":"max-image-preview:large","max-video-preview":"max-video-preview:-1"},"canonical":"https:\/\/www.manabi.gob.ec\/index.php\/emprendedores-manabitasexponen-sus-productos-en-chimborazo\/","og_locale":"es_ES","og_type":"article","og_title":"Emprendedores manabitasexponen sus productos en Chimborazo - Prefectura de Manab\u00ed","og_description":"La creatividad tan diversa de nuestros emprendedores y artesanos manabitas se promociona con gran aceptaci\u00f3n entre los riobambe\u00f1os que visitan la recien inaugurada galer\u00eda artesanal de exhibici\u00f3n \u00abSomos Chimborazo\u00bb en Riobamba. Los productos como rompope, caf\u00e9, dulces, artesan\u00edas, aj\u00edes, chocolates y vinos han tenido buena acogida, se\u00f1ala Miguel Ch\u00f3ez Alc\u00e1zar, de caf\u00e9 San Jos\u00e9 de [&hellip;]","og_url":"https:\/\/www.manabi.gob.ec\/index.php\/emprendedores-manabitasexponen-sus-productos-en-chimborazo\/","og_site_name":"Prefectura de Manab\u00ed","article_published_time":"2022-05-01T03:12:54+00:00","article_modified_time":"2022-05-01T03:14:16+00:00","og_image":[{"width":1200,"height":1600,"url":"https:\/\/www.manabi.gob.ec\/wp-content\/uploads\/2022\/05\/WhatsApp-Image-2022-04-30-at-9.58.15-AM.jpeg","type":"image\/jpeg"}],"author":"Lui Ochoa","twitter_card":"summary_large_image","twitter_misc":{"Escrito por":"Lui Ochoa","Tiempo de lectura":"1 minuto"},"schema":{"@context":"https:\/\/schema.org","@graph":[{"@type":"Article","@id":"https:\/\/www.manabi.gob.ec\/index.php\/emprendedores-manabitasexponen-sus-productos-en-chimborazo\/#article","isPartOf":{"@id":"https:\/\/www.manabi.gob.ec\/index.php\/emprendedores-manabitasexponen-sus-productos-en-chimborazo\/"},"author":{"name":"Lui Ochoa","@id":"https:\/\/www.manabi.gob.ec\/#\/schema\/person\/c4f117989332ad723a6ced5994aa7d7a"},"headline":"Emprendedores manabitas exponen sus productos en Chimborazo","datePublished":"2022-05-01T03:12:54+00:00","dateModified":"2022-05-01T03:14:16+00:00","mainEntityOfPage":{"@id":"https:\/\/www.manabi.gob.ec\/index.php\/emprendedores-manabitasexponen-sus-productos-en-chimborazo\/"},"wordCount":158,"image":{"@id":"https:\/\/www.manabi.gob.ec\/index.php\/emprendedores-manabitasexponen-sus-productos-en-chimborazo\/#primaryimage"},"thumbnailUrl":"https:\/\/www.manabi.gob.ec\/wp-content\/uploads\/2022\/05\/WhatsApp-Image-2022-04-30-at-9.58.15-AM.jpeg","articleSection":["Desarrollo Social","Manab\u00ed Produce","Noticias","Todas"],"inLanguage":"es"},{"@type":"WebPage","@id":"https:\/\/www.manabi.gob.ec\/index.php\/emprendedores-manabitasexponen-sus-productos-en-chimborazo\/","url":"https:\/\/www.manabi.gob.ec\/index.php\/emprendedores-manabitasexponen-sus-productos-en-chimborazo\/","name":"Emprendedores manabitas exponen sus productos en Chimborazo - Prefectura de Manab\u00ed","isPartOf":{"@id":"https:\/\/www.manabi.gob.ec\/#website"},"primaryImageOfPage":{"@id":"https:\/\/www.manabi.gob.ec\/index.php\/emprendedores-manabitasexponen-sus-productos-en-chimborazo\/#primaryimage"},"image":{"@id":"https:\/\/www.manabi.gob.ec\/index.php\/emprendedores-manabitasexponen-sus-productos-en-chimborazo\/#primaryimage"},"thumbnailUrl":"https:\/\/www.manabi.gob.ec\/wp-content\/uploads\/2022\/05\/WhatsApp-Image-2022-04-30-at-9.58.15-AM.jpeg","datePublished":"2022-05-01T03:12:54+00:00","dateModified":"2022-05-01T03:14:16+00:00","author":{"@id":"https:\/\/www.manabi.gob.ec\/#\/schema\/person\/c4f117989332ad723a6ced5994aa7d7a"},"breadcrumb":{"@id":"https:\/\/www.manabi.gob.ec\/index.php\/emprendedores-manabitasexponen-sus-productos-en-chimborazo\/#breadcrumb"},"inLanguage":"es","potentialAction":[{"@type":"ReadAction","target":["https:\/\/www.manabi.gob.ec\/index.php\/emprendedores-manabitasexponen-sus-productos-en-chimborazo\/"]}]},{"@type":"ImageObject","inLanguage":"es","@id":"https:\/\/www.manabi.gob.ec\/index.php\/emprendedores-manabitasexponen-sus-productos-en-chimborazo\/#primaryimage","url":"https:\/\/www.manabi.gob.ec\/wp-content\/uploads\/2022\/05\/WhatsApp-Image-2022-04-30-at-9.58.15-AM.jpeg","contentUrl":"https:\/\/www.manabi.gob.ec\/wp-content\/uploads\/2022\/05\/WhatsApp-Image-2022-04-30-at-9.58.15-AM.jpeg","width":1200,"height":1600},{"@type":"BreadcrumbList","@id":"https:\/\/www.manabi.gob.ec\/index.php\/emprendedores-manabitasexponen-sus-productos-en-chimborazo\/#breadcrumb","itemListElement":[{"@type":"ListItem","position":1,"name":"Portada","item":"https:\/\/www.manabi.gob.ec\/"},{"@type":"ListItem","position":2,"name":"Emprendedores manabitasexponen sus productos en Chimborazo"}]},{"@type":"WebSite","@id":"https:\/\/www.manabi.gob.ec\/#website","url":"https:\/\/www.manabi.gob.ec\/","name":"Prefectura de Manab\u00ed","description":"P\u00e1gina web de la prefectura","potentialAction":[{"@type":"SearchAction","target":{"@type":"EntryPoint","urlTemplate":"https:\/\/www.manabi.gob.ec\/?s={search_term_string}"},"query-input":{"@type":"PropertyValueSpecification","valueRequired":true,"valueName":"search_term_string"}}],"inLanguage":"es"},{"@type":"Person","@id":"https:\/\/www.manabi.gob.ec\/#\/schema\/person\/c4f117989332ad723a6ced5994aa7d7a","name":"Lui Ochoa","image":{"@type":"ImageObject","inLanguage":"es","@id":"https:\/\/secure.gravatar.com\/avatar\/6e8017d0fe69dead8a95864d2eb6e1e1d8bf8e01194ba49cf7b897ff038126ba?s=96&d=mm&r=g","url":"https:\/\/secure.gravatar.com\/avatar\/6e8017d0fe69dead8a95864d2eb6e1e1d8bf8e01194ba49cf7b897ff038126ba?s=96&d=mm&r=g","contentUrl":"https:\/\/secure.gravatar.com\/avatar\/6e8017d0fe69dead8a95864d2eb6e1e1d8bf8e01194ba49cf7b897ff038126ba?s=96&d=mm&r=g","caption":"Lui Ochoa"},"url":"https:\/\/www.manabi.gob.ec\/index.php\/author\/lochoa\/"}]}},"jetpack_featured_media_url":"https:\/\/www.manabi.gob.ec\/wp-content\/uploads\/2022\/05\/WhatsApp-Image-2022-04-30-at-9.58.15-AM.jpeg","_links":{"self":[{"href":"https:\/\/www.manabi.gob.ec\/index.php\/wp-json\/wp\/v2\/posts\/20536","targetHints":{"allow":["GET"]}}],"collection":[{"href":"https:\/\/www.manabi.gob.ec\/index.php\/wp-json\/wp\/v2\/posts"}],"about":[{"href":"https:\/\/www.manabi.gob.ec\/index.php\/wp-json\/wp\/v2\/types\/post"}],"author":[{"embeddable":true,"href":"https:\/\/www.manabi.gob.ec\/index.php\/wp-json\/wp\/v2\/users\/10"}],"replies":[{"embeddable":true,"href":"https:\/\/www.manabi.gob.ec\/index.php\/wp-json\/wp\/v2\/comments?post=20536"}],"version-history":[{"count":0,"href":"https:\/\/www.manabi.gob.ec\/index.php\/wp-json\/wp\/v2\/posts\/20536\/revisions"}],"wp:featuredmedia":[{"embeddable":true,"href":"https:\/\/www.manabi.gob.ec\/index.php\/wp-json\/wp\/v2\/media\/20537"}],"wp:attachment":[{"href":"https:\/\/www.manabi.gob.ec\/index.php\/wp-json\/wp\/v2\/media?parent=20536"}],"wp:term":[{"taxonomy":"category","embeddable":true,"href":"https:\/\/www.manabi.gob.ec\/index.php\/wp-json\/wp\/v2\/categories?post=20536"},{"taxonomy":"post_tag","embeddable":true,"href":"https:\/\/www.manabi.gob.ec\/index.php\/wp-json\/wp\/v2\/tags?post=20536"}],"curies":[{"name":"wp","href":"https:\/\/api.w.org\/{rel}","templated":true}]}}