{"id":20561,"date":"2022-05-03T20:26:14","date_gmt":"2022-05-03T20:26:14","guid":{"rendered":"https:\/\/www.manabi.gob.ec\/?p=20561"},"modified":"2022-05-03T20:26:19","modified_gmt":"2022-05-03T20:26:19","slug":"seguimos-firmes-en-la-lucha-por-reducir-el-indice-de-discapacidad-fisica-en-manabi","status":"publish","type":"post","link":"https:\/\/www.manabi.gob.ec\/index.php\/seguimos-firmes-en-la-lucha-por-reducir-el-indice-de-discapacidad-fisica-en-manabi\/","title":{"rendered":"Seguimos firmes en la lucha por reducir el \u00edndice de discapacidad f\u00edsica en Manab\u00ed."},"content":{"rendered":"\n<p>Ni\u00f1os, ni\u00f1as, adolescentes, adultos mayores, personas con discapacidad y personas en situaci\u00f3n de riesgo, que necesiten atenci\u00f3n en el \u00e1rea de traumatolog\u00eda y que no puedan financiar sus costos, ser\u00e1n beneficiados con un segundo convenio entre la Prefectura de Manab\u00ed y la Fundaci\u00f3n La Vida para la ejecuci\u00f3n del proyecto denominado \u201cLa milla extra\u201d, destinado a reducir el alto \u00edndice de discapacidad f\u00edsica en Manab\u00ed.<\/p>\n\n\n\n<p><\/p>\n\n\n\n<p>El mismo tiene como objetivo espec\u00edfico realizar 100 tratamientos de pie Equinovaro; 50 consultas m\u00e9dicas de especialistas en traumatolog\u00eda; 50 tratamientos extensivos de consulta externa-post operatorios; 70 valoraciones pre quir\u00fargicas (incluye examen pre quir\u00fargico de laboratorio, radiograf\u00edas, hemogramas, electrocardiogramas); y 70 cirug\u00edas ortop\u00e9dicas.<\/p>\n\n\n\n<p>TRABAJO CONJUNTO.<br>\u201cCon ustedes hemos podido llegar a muchos pacientes aqu\u00ed en Manab\u00ed. Gracias se\u00f1or Prefecto por unirse con nosotros para poder colaborar juntos y lograr estas metas\u201d, manifest\u00f3 Alma Fellers, representante de Fundaci\u00f3n La Vida, durante la firma del documento con el prefecto, Leonardo Orlando, este martes 3 de mayo.<\/p>\n\n\n\n<p>El Prefecto tambi\u00e9n agradeci\u00f3 en nombre de la provincia a Alma Fellers, a su esposo David Fellers y a todo su equipo, por el trabajo que vienen realizando en Manab\u00ed. \u201cSabemos que muchos profesionales expertos en traumatolog\u00eda, en ortopedia, principalmente de Estados Unidos y Canad\u00e1, han venido a dar todo su esfuerzo solidariamente para atender cirug\u00edas muy complejas, de caderas, de brazos, de mano, de pie; y tambi\u00e9n para llevar esperanza de tener una vida normal, digna, a quienes nacieron con pie Equinovaro\u201d, expres\u00f3 el Prefecto.<\/p>\n\n\n\n<p>B\u00daSQUEDA DE CASOS.<br>Adem\u00e1s, Leonardo Orlando se comprometi\u00f3 a llevar adelante una campa\u00f1a en la cual se buscar\u00e1 involucrar a otras instituciones, para identificar en cualquier rinc\u00f3n o zonas alejadas de Manab\u00ed a ni\u00f1os, adolescentes y adultos con pie Equinovaro, para que accedan a un tratamiento de correcci\u00f3n de su discapacidad mediante el m\u00e9todo Ponseti (implica la manipulaci\u00f3n manual del pie y el uso de yeso y aparatos, sin reconstrucci\u00f3n quir\u00fargica mayor).<\/p>\n\n\n\n<p>El convenio suscrito tiene un periodo de ejecuci\u00f3n de 12 meses y una inversi\u00f3n de $257.250; la Prefectura aporta $85.750 destinados al pago de profesionales de la salud.<\/p>\n","protected":false},"excerpt":{"rendered":"<p>Ni\u00f1os, ni\u00f1as, adolescentes, adultos mayores, personas con discapacidad y personas en situaci\u00f3n de riesgo, que necesiten atenci\u00f3n en el \u00e1rea de traumatolog\u00eda y que no puedan financiar sus costos, ser\u00e1n beneficiados con un segundo convenio entre la Prefectura de Manab\u00ed y la Fundaci\u00f3n La Vida para la ejecuci\u00f3n del proyecto denominado \u201cLa milla extra\u201d, destinado a reducir el alto \u00edndice de discapacidad f\u00edsica en Manab\u00ed.<\/p>\n","protected":false},"author":10,"featured_media":20565,"comment_status":"closed","ping_status":"closed","sticky":false,"template":"","format":"standard","meta":{"_joinchat":[],"footnotes":""},"categories":[142,92,193,132,91],"tags":[],"class_list":["post-20561","post","type-post","status-publish","format-standard","has-post-thumbnail","hentry","category-desarrollo-social","category-noticias-manabi","category-participacion-ciudadana","category-portoviejo","category-todas"],"yoast_head":"<!-- This site is optimized with the Yoast SEO plugin v27.4 - https:\/\/yoast.com\/product\/yoast-seo-wordpress\/ -->\n<title>Seguimos firmes en la lucha por reducir el \u00edndice de discapacidad f\u00edsica en Manab\u00ed. - Prefectura de Manab\u00ed<\/title>\n<meta name=\"description\" content=\"Ni\u00f1os, ni\u00f1as, adolescentes, adultos mayores, personas con discapacidad y personas en situaci\u00f3n de riesgo, que necesiten atenci\u00f3n en el \u00e1rea de traumatolog\u00eda y que no puedan financiar sus costos, ser\u00e1n beneficiados con un segundo convenio entre la Prefectura de Manab\u00ed y la Fundaci\u00f3n La Vida para la ejecuci\u00f3n del proyecto denominado \u201cLa milla extra\u201d, destinado a reducir el alto \u00edndice de discapacidad f\u00edsica en Manab\u00ed.El mismo tiene como objetivo espec\u00edfico realizar 100 tratamientos de pie Equinovaro; 50 consultas m\u00e9dicas de especialistas en traumatolog\u00eda; 50 tratamientos extensivos de consulta externa-post operatorios; 70 valoraciones pre quir\u00fargicas (incluye examen pre quir\u00fargico de laboratorio, radiograf\u00edas, hemogramas, electrocardiogramas); y 70 cirug\u00edas ortop\u00e9dicas.TRABAJO CONJUNTO.\u201cCon ustedes hemos podido llegar a muchos pacientes aqu\u00ed en Manab\u00ed. Gracias se\u00f1or Prefecto por unirse con nosotros para poder colaborar juntos y lograr estas metas\u201d, manifest\u00f3 Alma Fellers, representante de Fundaci\u00f3n La Vida, durante la firma del documento con el prefecto, Leonardo Orlando, este martes 3 de mayo.El Prefecto tambi\u00e9n agradeci\u00f3 en nombre de la provincia a Alma Fellers, a su esposo David Fellers y a todo su equipo, por el trabajo que vienen realizando en Manab\u00ed. \u201cSabemos que muchos profesionales expertos en traumatolog\u00eda, en ortopedia, principalmente de Estados Unidos y Canad\u00e1, han venido a dar todo su esfuerzo solidariamente para atender cirug\u00edas muy complejas, de caderas, de brazos, de mano, de pie; y tambi\u00e9n para llevar esperanza de tener una vida normal, digna, a quienes nacieron con pie Equinovaro\u201d, expres\u00f3 el Prefecto.B\u00daSQUEDA DE CASOS.Adem\u00e1s, Leonardo Orlando se comprometi\u00f3 a llevar adelante una campa\u00f1a en la cual se buscar\u00e1 involucrar a otras instituciones, para identificar en cualquier rinc\u00f3n o zonas alejadas de Manab\u00ed a ni\u00f1os, adolescentes y adultos con pie Equinovaro, para que accedan a un tratamiento de correcci\u00f3n de su discapacidad mediante el m\u00e9todo Ponseti (implica la manipulaci\u00f3n manual del pie y el uso de yeso y aparatos, sin reconstrucci\u00f3n quir\u00fargica mayor).El convenio suscrito tiene un periodo de ejecuci\u00f3n de 12 meses y una inversi\u00f3n de $257.250; la Prefectura aporta $85.750 destinados al pago de profesionales de la salud.\" \/>\n<meta name=\"robots\" content=\"index, follow, max-snippet:-1, max-image-preview:large, max-video-preview:-1\" \/>\n<link rel=\"canonical\" href=\"https:\/\/www.manabi.gob.ec\/index.php\/seguimos-firmes-en-la-lucha-por-reducir-el-indice-de-discapacidad-fisica-en-manabi\/\" \/>\n<meta property=\"og:locale\" content=\"es_ES\" \/>\n<meta property=\"og:type\" content=\"article\" \/>\n<meta property=\"og:title\" content=\"Seguimos firmes en la lucha por reducir el \u00edndice de discapacidad f\u00edsica en Manab\u00ed. - Prefectura de Manab\u00ed\" \/>\n<meta property=\"og:description\" content=\"Ni\u00f1os, ni\u00f1as, adolescentes, adultos mayores, personas con discapacidad y personas en situaci\u00f3n de riesgo, que necesiten atenci\u00f3n en el \u00e1rea de traumatolog\u00eda y que no puedan financiar sus costos, ser\u00e1n beneficiados con un segundo convenio entre la Prefectura de Manab\u00ed y la Fundaci\u00f3n La Vida para la ejecuci\u00f3n del proyecto denominado \u201cLa milla extra\u201d, destinado a reducir el alto \u00edndice de discapacidad f\u00edsica en Manab\u00ed.El mismo tiene como objetivo espec\u00edfico realizar 100 tratamientos de pie Equinovaro; 50 consultas m\u00e9dicas de especialistas en traumatolog\u00eda; 50 tratamientos extensivos de consulta externa-post operatorios; 70 valoraciones pre quir\u00fargicas (incluye examen pre quir\u00fargico de laboratorio, radiograf\u00edas, hemogramas, electrocardiogramas); y 70 cirug\u00edas ortop\u00e9dicas.TRABAJO CONJUNTO.\u201cCon ustedes hemos podido llegar a muchos pacientes aqu\u00ed en Manab\u00ed. Gracias se\u00f1or Prefecto por unirse con nosotros para poder colaborar juntos y lograr estas metas\u201d, manifest\u00f3 Alma Fellers, representante de Fundaci\u00f3n La Vida, durante la firma del documento con el prefecto, Leonardo Orlando, este martes 3 de mayo.El Prefecto tambi\u00e9n agradeci\u00f3 en nombre de la provincia a Alma Fellers, a su esposo David Fellers y a todo su equipo, por el trabajo que vienen realizando en Manab\u00ed. \u201cSabemos que muchos profesionales expertos en traumatolog\u00eda, en ortopedia, principalmente de Estados Unidos y Canad\u00e1, han venido a dar todo su esfuerzo solidariamente para atender cirug\u00edas muy complejas, de caderas, de brazos, de mano, de pie; y tambi\u00e9n para llevar esperanza de tener una vida normal, digna, a quienes nacieron con pie Equinovaro\u201d, expres\u00f3 el Prefecto.B\u00daSQUEDA DE CASOS.Adem\u00e1s, Leonardo Orlando se comprometi\u00f3 a llevar adelante una campa\u00f1a en la cual se buscar\u00e1 involucrar a otras instituciones, para identificar en cualquier rinc\u00f3n o zonas alejadas de Manab\u00ed a ni\u00f1os, adolescentes y adultos con pie Equinovaro, para que accedan a un tratamiento de correcci\u00f3n de su discapacidad mediante el m\u00e9todo Ponseti (implica la manipulaci\u00f3n manual del pie y el uso de yeso y aparatos, sin reconstrucci\u00f3n quir\u00fargica mayor).El convenio suscrito tiene un periodo de ejecuci\u00f3n de 12 meses y una inversi\u00f3n de $257.250; la Prefectura aporta $85.750 destinados al pago de profesionales de la salud.\" \/>\n<meta property=\"og:url\" content=\"https:\/\/www.manabi.gob.ec\/index.php\/seguimos-firmes-en-la-lucha-por-reducir-el-indice-de-discapacidad-fisica-en-manabi\/\" \/>\n<meta property=\"og:site_name\" content=\"Prefectura de Manab\u00ed\" \/>\n<meta property=\"article:published_time\" content=\"2022-05-03T20:26:14+00:00\" \/>\n<meta property=\"article:modified_time\" content=\"2022-05-03T20:26:19+00:00\" \/>\n<meta property=\"og:image\" content=\"https:\/\/www.manabi.gob.ec\/wp-content\/uploads\/2022\/05\/C46V4493-scaled.jpg\" \/>\n\t<meta property=\"og:image:width\" content=\"2560\" \/>\n\t<meta property=\"og:image:height\" content=\"2159\" \/>\n\t<meta property=\"og:image:type\" content=\"image\/jpeg\" \/>\n<meta name=\"author\" content=\"Lui Ochoa\" \/>\n<meta name=\"twitter:card\" content=\"summary_large_image\" \/>\n<meta name=\"twitter:label1\" content=\"Escrito por\" \/>\n\t<meta name=\"twitter:data1\" content=\"Lui Ochoa\" \/>\n\t<meta name=\"twitter:label2\" content=\"Tiempo de lectura\" \/>\n\t<meta name=\"twitter:data2\" content=\"2 minutos\" \/>\n<script type=\"application\/ld+json\" class=\"yoast-schema-graph\">{\"@context\":\"https:\\\/\\\/schema.org\",\"@graph\":[{\"@type\":\"Article\",\"@id\":\"https:\\\/\\\/www.manabi.gob.ec\\\/index.php\\\/seguimos-firmes-en-la-lucha-por-reducir-el-indice-de-discapacidad-fisica-en-manabi\\\/#article\",\"isPartOf\":{\"@id\":\"https:\\\/\\\/www.manabi.gob.ec\\\/index.php\\\/seguimos-firmes-en-la-lucha-por-reducir-el-indice-de-discapacidad-fisica-en-manabi\\\/\"},\"author\":{\"name\":\"Lui Ochoa\",\"@id\":\"https:\\\/\\\/www.manabi.gob.ec\\\/#\\\/schema\\\/person\\\/c4f117989332ad723a6ced5994aa7d7a\"},\"headline\":\"Seguimos firmes en la lucha por reducir el \u00edndice de discapacidad f\u00edsica en Manab\u00ed.\",\"datePublished\":\"2022-05-03T20:26:14+00:00\",\"dateModified\":\"2022-05-03T20:26:19+00:00\",\"mainEntityOfPage\":{\"@id\":\"https:\\\/\\\/www.manabi.gob.ec\\\/index.php\\\/seguimos-firmes-en-la-lucha-por-reducir-el-indice-de-discapacidad-fisica-en-manabi\\\/\"},\"wordCount\":386,\"image\":{\"@id\":\"https:\\\/\\\/www.manabi.gob.ec\\\/index.php\\\/seguimos-firmes-en-la-lucha-por-reducir-el-indice-de-discapacidad-fisica-en-manabi\\\/#primaryimage\"},\"thumbnailUrl\":\"https:\\\/\\\/www.manabi.gob.ec\\\/wp-content\\\/uploads\\\/2022\\\/05\\\/C46V4493-scaled.jpg\",\"articleSection\":[\"Desarrollo Social\",\"Noticias\",\"Participaci\u00f3n ciudadana\",\"Portoviejo\",\"Todas\"],\"inLanguage\":\"es\"},{\"@type\":\"WebPage\",\"@id\":\"https:\\\/\\\/www.manabi.gob.ec\\\/index.php\\\/seguimos-firmes-en-la-lucha-por-reducir-el-indice-de-discapacidad-fisica-en-manabi\\\/\",\"url\":\"https:\\\/\\\/www.manabi.gob.ec\\\/index.php\\\/seguimos-firmes-en-la-lucha-por-reducir-el-indice-de-discapacidad-fisica-en-manabi\\\/\",\"name\":\"Seguimos firmes en la lucha por reducir el \u00edndice de discapacidad f\u00edsica en Manab\u00ed. - Prefectura de Manab\u00ed\",\"isPartOf\":{\"@id\":\"https:\\\/\\\/www.manabi.gob.ec\\\/#website\"},\"primaryImageOfPage\":{\"@id\":\"https:\\\/\\\/www.manabi.gob.ec\\\/index.php\\\/seguimos-firmes-en-la-lucha-por-reducir-el-indice-de-discapacidad-fisica-en-manabi\\\/#primaryimage\"},\"image\":{\"@id\":\"https:\\\/\\\/www.manabi.gob.ec\\\/index.php\\\/seguimos-firmes-en-la-lucha-por-reducir-el-indice-de-discapacidad-fisica-en-manabi\\\/#primaryimage\"},\"thumbnailUrl\":\"https:\\\/\\\/www.manabi.gob.ec\\\/wp-content\\\/uploads\\\/2022\\\/05\\\/C46V4493-scaled.jpg\",\"datePublished\":\"2022-05-03T20:26:14+00:00\",\"dateModified\":\"2022-05-03T20:26:19+00:00\",\"author\":{\"@id\":\"https:\\\/\\\/www.manabi.gob.ec\\\/#\\\/schema\\\/person\\\/c4f117989332ad723a6ced5994aa7d7a\"},\"description\":\"Ni\u00f1os, ni\u00f1as, adolescentes, adultos mayores, personas con discapacidad y personas en situaci\u00f3n de riesgo, que necesiten atenci\u00f3n en el \u00e1rea de traumatolog\u00eda y que no puedan financiar sus costos, ser\u00e1n beneficiados con un segundo convenio entre la Prefectura de Manab\u00ed y la Fundaci\u00f3n La Vida para la ejecuci\u00f3n del proyecto denominado \u201cLa milla extra\u201d, destinado a reducir el alto \u00edndice de discapacidad f\u00edsica en Manab\u00ed.El mismo tiene como objetivo espec\u00edfico realizar 100 tratamientos de pie Equinovaro; 50 consultas m\u00e9dicas de especialistas en traumatolog\u00eda; 50 tratamientos extensivos de consulta externa-post operatorios; 70 valoraciones pre quir\u00fargicas (incluye examen pre quir\u00fargico de laboratorio, radiograf\u00edas, hemogramas, electrocardiogramas); y 70 cirug\u00edas ortop\u00e9dicas.TRABAJO CONJUNTO.\u201cCon ustedes hemos podido llegar a muchos pacientes aqu\u00ed en Manab\u00ed. Gracias se\u00f1or Prefecto por unirse con nosotros para poder colaborar juntos y lograr estas metas\u201d, manifest\u00f3 Alma Fellers, representante de Fundaci\u00f3n La Vida, durante la firma del documento con el prefecto, Leonardo Orlando, este martes 3 de mayo.El Prefecto tambi\u00e9n agradeci\u00f3 en nombre de la provincia a Alma Fellers, a su esposo David Fellers y a todo su equipo, por el trabajo que vienen realizando en Manab\u00ed. \u201cSabemos que muchos profesionales expertos en traumatolog\u00eda, en ortopedia, principalmente de Estados Unidos y Canad\u00e1, han venido a dar todo su esfuerzo solidariamente para atender cirug\u00edas muy complejas, de caderas, de brazos, de mano, de pie; y tambi\u00e9n para llevar esperanza de tener una vida normal, digna, a quienes nacieron con pie Equinovaro\u201d, expres\u00f3 el Prefecto.B\u00daSQUEDA DE CASOS.Adem\u00e1s, Leonardo Orlando se comprometi\u00f3 a llevar adelante una campa\u00f1a en la cual se buscar\u00e1 involucrar a otras instituciones, para identificar en cualquier rinc\u00f3n o zonas alejadas de Manab\u00ed a ni\u00f1os, adolescentes y adultos con pie Equinovaro, para que accedan a un tratamiento de correcci\u00f3n de su discapacidad mediante el m\u00e9todo Ponseti (implica la manipulaci\u00f3n manual del pie y el uso de yeso y aparatos, sin reconstrucci\u00f3n quir\u00fargica mayor).El convenio suscrito tiene un periodo de ejecuci\u00f3n de 12 meses y una inversi\u00f3n de $257.250; la Prefectura aporta $85.750 destinados al pago de profesionales de la salud.\",\"breadcrumb\":{\"@id\":\"https:\\\/\\\/www.manabi.gob.ec\\\/index.php\\\/seguimos-firmes-en-la-lucha-por-reducir-el-indice-de-discapacidad-fisica-en-manabi\\\/#breadcrumb\"},\"inLanguage\":\"es\",\"potentialAction\":[{\"@type\":\"ReadAction\",\"target\":[\"https:\\\/\\\/www.manabi.gob.ec\\\/index.php\\\/seguimos-firmes-en-la-lucha-por-reducir-el-indice-de-discapacidad-fisica-en-manabi\\\/\"]}]},{\"@type\":\"ImageObject\",\"inLanguage\":\"es\",\"@id\":\"https:\\\/\\\/www.manabi.gob.ec\\\/index.php\\\/seguimos-firmes-en-la-lucha-por-reducir-el-indice-de-discapacidad-fisica-en-manabi\\\/#primaryimage\",\"url\":\"https:\\\/\\\/www.manabi.gob.ec\\\/wp-content\\\/uploads\\\/2022\\\/05\\\/C46V4493-scaled.jpg\",\"contentUrl\":\"https:\\\/\\\/www.manabi.gob.ec\\\/wp-content\\\/uploads\\\/2022\\\/05\\\/C46V4493-scaled.jpg\",\"width\":2560,\"height\":2159},{\"@type\":\"BreadcrumbList\",\"@id\":\"https:\\\/\\\/www.manabi.gob.ec\\\/index.php\\\/seguimos-firmes-en-la-lucha-por-reducir-el-indice-de-discapacidad-fisica-en-manabi\\\/#breadcrumb\",\"itemListElement\":[{\"@type\":\"ListItem\",\"position\":1,\"name\":\"Portada\",\"item\":\"https:\\\/\\\/www.manabi.gob.ec\\\/\"},{\"@type\":\"ListItem\",\"position\":2,\"name\":\"Seguimos firmes en la lucha por reducir el \u00edndice de discapacidad f\u00edsica en Manab\u00ed.\"}]},{\"@type\":\"WebSite\",\"@id\":\"https:\\\/\\\/www.manabi.gob.ec\\\/#website\",\"url\":\"https:\\\/\\\/www.manabi.gob.ec\\\/\",\"name\":\"Prefectura de Manab\u00ed\",\"description\":\"P\u00e1gina web de la prefectura\",\"potentialAction\":[{\"@type\":\"SearchAction\",\"target\":{\"@type\":\"EntryPoint\",\"urlTemplate\":\"https:\\\/\\\/www.manabi.gob.ec\\\/?s={search_term_string}\"},\"query-input\":{\"@type\":\"PropertyValueSpecification\",\"valueRequired\":true,\"valueName\":\"search_term_string\"}}],\"inLanguage\":\"es\"},{\"@type\":\"Person\",\"@id\":\"https:\\\/\\\/www.manabi.gob.ec\\\/#\\\/schema\\\/person\\\/c4f117989332ad723a6ced5994aa7d7a\",\"name\":\"Lui Ochoa\",\"image\":{\"@type\":\"ImageObject\",\"inLanguage\":\"es\",\"@id\":\"https:\\\/\\\/secure.gravatar.com\\\/avatar\\\/6e8017d0fe69dead8a95864d2eb6e1e1d8bf8e01194ba49cf7b897ff038126ba?s=96&d=mm&r=g\",\"url\":\"https:\\\/\\\/secure.gravatar.com\\\/avatar\\\/6e8017d0fe69dead8a95864d2eb6e1e1d8bf8e01194ba49cf7b897ff038126ba?s=96&d=mm&r=g\",\"contentUrl\":\"https:\\\/\\\/secure.gravatar.com\\\/avatar\\\/6e8017d0fe69dead8a95864d2eb6e1e1d8bf8e01194ba49cf7b897ff038126ba?s=96&d=mm&r=g\",\"caption\":\"Lui Ochoa\"},\"url\":\"https:\\\/\\\/www.manabi.gob.ec\\\/index.php\\\/author\\\/lochoa\\\/\"}]}<\/script>\n<!-- \/ Yoast SEO plugin. -->","yoast_head_json":{"title":"Seguimos firmes en la lucha por reducir el \u00edndice de discapacidad f\u00edsica en Manab\u00ed. - Prefectura de Manab\u00ed","description":"Ni\u00f1os, ni\u00f1as, adolescentes, adultos mayores, personas con discapacidad y personas en situaci\u00f3n de riesgo, que necesiten atenci\u00f3n en el \u00e1rea de traumatolog\u00eda y que no puedan financiar sus costos, ser\u00e1n beneficiados con un segundo convenio entre la Prefectura de Manab\u00ed y la Fundaci\u00f3n La Vida para la ejecuci\u00f3n del proyecto denominado \u201cLa milla extra\u201d, destinado a reducir el alto \u00edndice de discapacidad f\u00edsica en Manab\u00ed.El mismo tiene como objetivo espec\u00edfico realizar 100 tratamientos de pie Equinovaro; 50 consultas m\u00e9dicas de especialistas en traumatolog\u00eda; 50 tratamientos extensivos de consulta externa-post operatorios; 70 valoraciones pre quir\u00fargicas (incluye examen pre quir\u00fargico de laboratorio, radiograf\u00edas, hemogramas, electrocardiogramas); y 70 cirug\u00edas ortop\u00e9dicas.TRABAJO CONJUNTO.\u201cCon ustedes hemos podido llegar a muchos pacientes aqu\u00ed en Manab\u00ed. Gracias se\u00f1or Prefecto por unirse con nosotros para poder colaborar juntos y lograr estas metas\u201d, manifest\u00f3 Alma Fellers, representante de Fundaci\u00f3n La Vida, durante la firma del documento con el prefecto, Leonardo Orlando, este martes 3 de mayo.El Prefecto tambi\u00e9n agradeci\u00f3 en nombre de la provincia a Alma Fellers, a su esposo David Fellers y a todo su equipo, por el trabajo que vienen realizando en Manab\u00ed. \u201cSabemos que muchos profesionales expertos en traumatolog\u00eda, en ortopedia, principalmente de Estados Unidos y Canad\u00e1, han venido a dar todo su esfuerzo solidariamente para atender cirug\u00edas muy complejas, de caderas, de brazos, de mano, de pie; y tambi\u00e9n para llevar esperanza de tener una vida normal, digna, a quienes nacieron con pie Equinovaro\u201d, expres\u00f3 el Prefecto.B\u00daSQUEDA DE CASOS.Adem\u00e1s, Leonardo Orlando se comprometi\u00f3 a llevar adelante una campa\u00f1a en la cual se buscar\u00e1 involucrar a otras instituciones, para identificar en cualquier rinc\u00f3n o zonas alejadas de Manab\u00ed a ni\u00f1os, adolescentes y adultos con pie Equinovaro, para que accedan a un tratamiento de correcci\u00f3n de su discapacidad mediante el m\u00e9todo Ponseti (implica la manipulaci\u00f3n manual del pie y el uso de yeso y aparatos, sin reconstrucci\u00f3n quir\u00fargica mayor).El convenio suscrito tiene un periodo de ejecuci\u00f3n de 12 meses y una inversi\u00f3n de $257.250; la Prefectura aporta $85.750 destinados al pago de profesionales de la salud.","robots":{"index":"index","follow":"follow","max-snippet":"max-snippet:-1","max-image-preview":"max-image-preview:large","max-video-preview":"max-video-preview:-1"},"canonical":"https:\/\/www.manabi.gob.ec\/index.php\/seguimos-firmes-en-la-lucha-por-reducir-el-indice-de-discapacidad-fisica-en-manabi\/","og_locale":"es_ES","og_type":"article","og_title":"Seguimos firmes en la lucha por reducir el \u00edndice de discapacidad f\u00edsica en Manab\u00ed. - Prefectura de Manab\u00ed","og_description":"Ni\u00f1os, ni\u00f1as, adolescentes, adultos mayores, personas con discapacidad y personas en situaci\u00f3n de riesgo, que necesiten atenci\u00f3n en el \u00e1rea de traumatolog\u00eda y que no puedan financiar sus costos, ser\u00e1n beneficiados con un segundo convenio entre la Prefectura de Manab\u00ed y la Fundaci\u00f3n La Vida para la ejecuci\u00f3n del proyecto denominado \u201cLa milla extra\u201d, destinado a reducir el alto \u00edndice de discapacidad f\u00edsica en Manab\u00ed.El mismo tiene como objetivo espec\u00edfico realizar 100 tratamientos de pie Equinovaro; 50 consultas m\u00e9dicas de especialistas en traumatolog\u00eda; 50 tratamientos extensivos de consulta externa-post operatorios; 70 valoraciones pre quir\u00fargicas (incluye examen pre quir\u00fargico de laboratorio, radiograf\u00edas, hemogramas, electrocardiogramas); y 70 cirug\u00edas ortop\u00e9dicas.TRABAJO CONJUNTO.\u201cCon ustedes hemos podido llegar a muchos pacientes aqu\u00ed en Manab\u00ed. Gracias se\u00f1or Prefecto por unirse con nosotros para poder colaborar juntos y lograr estas metas\u201d, manifest\u00f3 Alma Fellers, representante de Fundaci\u00f3n La Vida, durante la firma del documento con el prefecto, Leonardo Orlando, este martes 3 de mayo.El Prefecto tambi\u00e9n agradeci\u00f3 en nombre de la provincia a Alma Fellers, a su esposo David Fellers y a todo su equipo, por el trabajo que vienen realizando en Manab\u00ed. \u201cSabemos que muchos profesionales expertos en traumatolog\u00eda, en ortopedia, principalmente de Estados Unidos y Canad\u00e1, han venido a dar todo su esfuerzo solidariamente para atender cirug\u00edas muy complejas, de caderas, de brazos, de mano, de pie; y tambi\u00e9n para llevar esperanza de tener una vida normal, digna, a quienes nacieron con pie Equinovaro\u201d, expres\u00f3 el Prefecto.B\u00daSQUEDA DE CASOS.Adem\u00e1s, Leonardo Orlando se comprometi\u00f3 a llevar adelante una campa\u00f1a en la cual se buscar\u00e1 involucrar a otras instituciones, para identificar en cualquier rinc\u00f3n o zonas alejadas de Manab\u00ed a ni\u00f1os, adolescentes y adultos con pie Equinovaro, para que accedan a un tratamiento de correcci\u00f3n de su discapacidad mediante el m\u00e9todo Ponseti (implica la manipulaci\u00f3n manual del pie y el uso de yeso y aparatos, sin reconstrucci\u00f3n quir\u00fargica mayor).El convenio suscrito tiene un periodo de ejecuci\u00f3n de 12 meses y una inversi\u00f3n de $257.250; la Prefectura aporta $85.750 destinados al pago de profesionales de la salud.","og_url":"https:\/\/www.manabi.gob.ec\/index.php\/seguimos-firmes-en-la-lucha-por-reducir-el-indice-de-discapacidad-fisica-en-manabi\/","og_site_name":"Prefectura de Manab\u00ed","article_published_time":"2022-05-03T20:26:14+00:00","article_modified_time":"2022-05-03T20:26:19+00:00","og_image":[{"width":2560,"height":2159,"url":"https:\/\/www.manabi.gob.ec\/wp-content\/uploads\/2022\/05\/C46V4493-scaled.jpg","type":"image\/jpeg"}],"author":"Lui Ochoa","twitter_card":"summary_large_image","twitter_misc":{"Escrito por":"Lui Ochoa","Tiempo de lectura":"2 minutos"},"schema":{"@context":"https:\/\/schema.org","@graph":[{"@type":"Article","@id":"https:\/\/www.manabi.gob.ec\/index.php\/seguimos-firmes-en-la-lucha-por-reducir-el-indice-de-discapacidad-fisica-en-manabi\/#article","isPartOf":{"@id":"https:\/\/www.manabi.gob.ec\/index.php\/seguimos-firmes-en-la-lucha-por-reducir-el-indice-de-discapacidad-fisica-en-manabi\/"},"author":{"name":"Lui Ochoa","@id":"https:\/\/www.manabi.gob.ec\/#\/schema\/person\/c4f117989332ad723a6ced5994aa7d7a"},"headline":"Seguimos firmes en la lucha por reducir el \u00edndice de discapacidad f\u00edsica en Manab\u00ed.","datePublished":"2022-05-03T20:26:14+00:00","dateModified":"2022-05-03T20:26:19+00:00","mainEntityOfPage":{"@id":"https:\/\/www.manabi.gob.ec\/index.php\/seguimos-firmes-en-la-lucha-por-reducir-el-indice-de-discapacidad-fisica-en-manabi\/"},"wordCount":386,"image":{"@id":"https:\/\/www.manabi.gob.ec\/index.php\/seguimos-firmes-en-la-lucha-por-reducir-el-indice-de-discapacidad-fisica-en-manabi\/#primaryimage"},"thumbnailUrl":"https:\/\/www.manabi.gob.ec\/wp-content\/uploads\/2022\/05\/C46V4493-scaled.jpg","articleSection":["Desarrollo Social","Noticias","Participaci\u00f3n ciudadana","Portoviejo","Todas"],"inLanguage":"es"},{"@type":"WebPage","@id":"https:\/\/www.manabi.gob.ec\/index.php\/seguimos-firmes-en-la-lucha-por-reducir-el-indice-de-discapacidad-fisica-en-manabi\/","url":"https:\/\/www.manabi.gob.ec\/index.php\/seguimos-firmes-en-la-lucha-por-reducir-el-indice-de-discapacidad-fisica-en-manabi\/","name":"Seguimos firmes en la lucha por reducir el \u00edndice de discapacidad f\u00edsica en Manab\u00ed. - Prefectura de Manab\u00ed","isPartOf":{"@id":"https:\/\/www.manabi.gob.ec\/#website"},"primaryImageOfPage":{"@id":"https:\/\/www.manabi.gob.ec\/index.php\/seguimos-firmes-en-la-lucha-por-reducir-el-indice-de-discapacidad-fisica-en-manabi\/#primaryimage"},"image":{"@id":"https:\/\/www.manabi.gob.ec\/index.php\/seguimos-firmes-en-la-lucha-por-reducir-el-indice-de-discapacidad-fisica-en-manabi\/#primaryimage"},"thumbnailUrl":"https:\/\/www.manabi.gob.ec\/wp-content\/uploads\/2022\/05\/C46V4493-scaled.jpg","datePublished":"2022-05-03T20:26:14+00:00","dateModified":"2022-05-03T20:26:19+00:00","author":{"@id":"https:\/\/www.manabi.gob.ec\/#\/schema\/person\/c4f117989332ad723a6ced5994aa7d7a"},"description":"Ni\u00f1os, ni\u00f1as, adolescentes, adultos mayores, personas con discapacidad y personas en situaci\u00f3n de riesgo, que necesiten atenci\u00f3n en el \u00e1rea de traumatolog\u00eda y que no puedan financiar sus costos, ser\u00e1n beneficiados con un segundo convenio entre la Prefectura de Manab\u00ed y la Fundaci\u00f3n La Vida para la ejecuci\u00f3n del proyecto denominado \u201cLa milla extra\u201d, destinado a reducir el alto \u00edndice de discapacidad f\u00edsica en Manab\u00ed.El mismo tiene como objetivo espec\u00edfico realizar 100 tratamientos de pie Equinovaro; 50 consultas m\u00e9dicas de especialistas en traumatolog\u00eda; 50 tratamientos extensivos de consulta externa-post operatorios; 70 valoraciones pre quir\u00fargicas (incluye examen pre quir\u00fargico de laboratorio, radiograf\u00edas, hemogramas, electrocardiogramas); y 70 cirug\u00edas ortop\u00e9dicas.TRABAJO CONJUNTO.\u201cCon ustedes hemos podido llegar a muchos pacientes aqu\u00ed en Manab\u00ed. Gracias se\u00f1or Prefecto por unirse con nosotros para poder colaborar juntos y lograr estas metas\u201d, manifest\u00f3 Alma Fellers, representante de Fundaci\u00f3n La Vida, durante la firma del documento con el prefecto, Leonardo Orlando, este martes 3 de mayo.El Prefecto tambi\u00e9n agradeci\u00f3 en nombre de la provincia a Alma Fellers, a su esposo David Fellers y a todo su equipo, por el trabajo que vienen realizando en Manab\u00ed. \u201cSabemos que muchos profesionales expertos en traumatolog\u00eda, en ortopedia, principalmente de Estados Unidos y Canad\u00e1, han venido a dar todo su esfuerzo solidariamente para atender cirug\u00edas muy complejas, de caderas, de brazos, de mano, de pie; y tambi\u00e9n para llevar esperanza de tener una vida normal, digna, a quienes nacieron con pie Equinovaro\u201d, expres\u00f3 el Prefecto.B\u00daSQUEDA DE CASOS.Adem\u00e1s, Leonardo Orlando se comprometi\u00f3 a llevar adelante una campa\u00f1a en la cual se buscar\u00e1 involucrar a otras instituciones, para identificar en cualquier rinc\u00f3n o zonas alejadas de Manab\u00ed a ni\u00f1os, adolescentes y adultos con pie Equinovaro, para que accedan a un tratamiento de correcci\u00f3n de su discapacidad mediante el m\u00e9todo Ponseti (implica la manipulaci\u00f3n manual del pie y el uso de yeso y aparatos, sin reconstrucci\u00f3n quir\u00fargica mayor).El convenio suscrito tiene un periodo de ejecuci\u00f3n de 12 meses y una inversi\u00f3n de $257.250; la Prefectura aporta $85.750 destinados al pago de profesionales de la salud.","breadcrumb":{"@id":"https:\/\/www.manabi.gob.ec\/index.php\/seguimos-firmes-en-la-lucha-por-reducir-el-indice-de-discapacidad-fisica-en-manabi\/#breadcrumb"},"inLanguage":"es","potentialAction":[{"@type":"ReadAction","target":["https:\/\/www.manabi.gob.ec\/index.php\/seguimos-firmes-en-la-lucha-por-reducir-el-indice-de-discapacidad-fisica-en-manabi\/"]}]},{"@type":"ImageObject","inLanguage":"es","@id":"https:\/\/www.manabi.gob.ec\/index.php\/seguimos-firmes-en-la-lucha-por-reducir-el-indice-de-discapacidad-fisica-en-manabi\/#primaryimage","url":"https:\/\/www.manabi.gob.ec\/wp-content\/uploads\/2022\/05\/C46V4493-scaled.jpg","contentUrl":"https:\/\/www.manabi.gob.ec\/wp-content\/uploads\/2022\/05\/C46V4493-scaled.jpg","width":2560,"height":2159},{"@type":"BreadcrumbList","@id":"https:\/\/www.manabi.gob.ec\/index.php\/seguimos-firmes-en-la-lucha-por-reducir-el-indice-de-discapacidad-fisica-en-manabi\/#breadcrumb","itemListElement":[{"@type":"ListItem","position":1,"name":"Portada","item":"https:\/\/www.manabi.gob.ec\/"},{"@type":"ListItem","position":2,"name":"Seguimos firmes en la lucha por reducir el \u00edndice de discapacidad f\u00edsica en Manab\u00ed."}]},{"@type":"WebSite","@id":"https:\/\/www.manabi.gob.ec\/#website","url":"https:\/\/www.manabi.gob.ec\/","name":"Prefectura de Manab\u00ed","description":"P\u00e1gina web de la prefectura","potentialAction":[{"@type":"SearchAction","target":{"@type":"EntryPoint","urlTemplate":"https:\/\/www.manabi.gob.ec\/?s={search_term_string}"},"query-input":{"@type":"PropertyValueSpecification","valueRequired":true,"valueName":"search_term_string"}}],"inLanguage":"es"},{"@type":"Person","@id":"https:\/\/www.manabi.gob.ec\/#\/schema\/person\/c4f117989332ad723a6ced5994aa7d7a","name":"Lui Ochoa","image":{"@type":"ImageObject","inLanguage":"es","@id":"https:\/\/secure.gravatar.com\/avatar\/6e8017d0fe69dead8a95864d2eb6e1e1d8bf8e01194ba49cf7b897ff038126ba?s=96&d=mm&r=g","url":"https:\/\/secure.gravatar.com\/avatar\/6e8017d0fe69dead8a95864d2eb6e1e1d8bf8e01194ba49cf7b897ff038126ba?s=96&d=mm&r=g","contentUrl":"https:\/\/secure.gravatar.com\/avatar\/6e8017d0fe69dead8a95864d2eb6e1e1d8bf8e01194ba49cf7b897ff038126ba?s=96&d=mm&r=g","caption":"Lui Ochoa"},"url":"https:\/\/www.manabi.gob.ec\/index.php\/author\/lochoa\/"}]}},"jetpack_featured_media_url":"https:\/\/www.manabi.gob.ec\/wp-content\/uploads\/2022\/05\/C46V4493-scaled.jpg","_links":{"self":[{"href":"https:\/\/www.manabi.gob.ec\/index.php\/wp-json\/wp\/v2\/posts\/20561","targetHints":{"allow":["GET"]}}],"collection":[{"href":"https:\/\/www.manabi.gob.ec\/index.php\/wp-json\/wp\/v2\/posts"}],"about":[{"href":"https:\/\/www.manabi.gob.ec\/index.php\/wp-json\/wp\/v2\/types\/post"}],"author":[{"embeddable":true,"href":"https:\/\/www.manabi.gob.ec\/index.php\/wp-json\/wp\/v2\/users\/10"}],"replies":[{"embeddable":true,"href":"https:\/\/www.manabi.gob.ec\/index.php\/wp-json\/wp\/v2\/comments?post=20561"}],"version-history":[{"count":0,"href":"https:\/\/www.manabi.gob.ec\/index.php\/wp-json\/wp\/v2\/posts\/20561\/revisions"}],"wp:featuredmedia":[{"embeddable":true,"href":"https:\/\/www.manabi.gob.ec\/index.php\/wp-json\/wp\/v2\/media\/20565"}],"wp:attachment":[{"href":"https:\/\/www.manabi.gob.ec\/index.php\/wp-json\/wp\/v2\/media?parent=20561"}],"wp:term":[{"taxonomy":"category","embeddable":true,"href":"https:\/\/www.manabi.gob.ec\/index.php\/wp-json\/wp\/v2\/categories?post=20561"},{"taxonomy":"post_tag","embeddable":true,"href":"https:\/\/www.manabi.gob.ec\/index.php\/wp-json\/wp\/v2\/tags?post=20561"}],"curies":[{"name":"wp","href":"https:\/\/api.w.org\/{rel}","templated":true}]}}