{"id":20638,"date":"2022-05-11T13:11:53","date_gmt":"2022-05-11T13:11:53","guid":{"rendered":"https:\/\/www.manabi.gob.ec\/?p=20638"},"modified":"2022-05-11T13:11:55","modified_gmt":"2022-05-11T13:11:55","slug":"la-prefectura-invierte-en-acompanamiento-tecnico-de-agricultores-manabitas","status":"publish","type":"post","link":"https:\/\/www.manabi.gob.ec\/index.php\/la-prefectura-invierte-en-acompanamiento-tecnico-de-agricultores-manabitas\/","title":{"rendered":"La Prefectura invierte en acompa\u00f1amiento t\u00e9cnico de agricultores manabitas."},"content":{"rendered":"\n<p><\/p>\n\n\n\n<p>En las parroquias Bellavista y Sixto Dur\u00e1n Ball\u00e9n, del cant\u00f3n 24 de Mayo, se realizaron los talleres de buenas pr\u00e1cticas agr\u00edcolas en el cultivo de ma\u00edz y la importancia de la asociatividad en la provincia de Manab\u00ed, que busca unir a nuestros hermanos del campo para mitigar el impacto ambiental que se genera a trav\u00e9s de la contaminaci\u00f3n, y adaptaci\u00f3n en base a ecosistemas, aportando a la reforestaci\u00f3n a trav\u00e9s del proyecto de reactivaci\u00f3n productiva de ma\u00edz duro amarillo en su segunda fase, que ejecuta la Prefectura de Manab\u00ed, liderada por Leonardo Orlando.<\/p>\n\n\n\n<div class=\"wp-block-image\"><figure class=\"alignleft size-medium is-resized\"><img loading=\"lazy\" decoding=\"async\" src=\"https:\/\/www.manabi.gob.ec\/wp-content\/uploads\/2022\/05\/WhatsApp-Image-2022-05-06-at-7.46.03-PM-300x147.jpg\" alt=\"\" class=\"wp-image-20640\" width=\"443\" height=\"217\" srcset=\"https:\/\/www.manabi.gob.ec\/wp-content\/uploads\/2022\/05\/WhatsApp-Image-2022-05-06-at-7.46.03-PM-300x147.jpg 300w, https:\/\/www.manabi.gob.ec\/wp-content\/uploads\/2022\/05\/WhatsApp-Image-2022-05-06-at-7.46.03-PM-1024x501.jpg 1024w, https:\/\/www.manabi.gob.ec\/wp-content\/uploads\/2022\/05\/WhatsApp-Image-2022-05-06-at-7.46.03-PM-768x376.jpg 768w, https:\/\/www.manabi.gob.ec\/wp-content\/uploads\/2022\/05\/WhatsApp-Image-2022-05-06-at-7.46.03-PM.jpg 1471w\" sizes=\"auto, (max-width: 443px) 100vw, 443px\" \/><\/figure><\/div>\n\n\n\n<p>Este proyecto se ejecuta en 13 cantones, 18 parroquias rurales y 11 parroquias urbanas en la provincia, donde se benefician 779 peque\u00f1os productores de ma\u00edz, donde se prev\u00e9 cultivar este a\u00f1o 2.171 hect\u00e1reas.<br>El aporte de la Prefectura de Manab\u00ed es de 97.630 d\u00f3lares, adem\u00e1s del acompa\u00f1amiento t\u00e9cnico desde la siembra, cosecha y comercializaci\u00f3n, entrega de plantas frutales, talleres de buenas pr\u00e1cticas agr\u00edcolas y la importancia de la asociatividad en la provincia.<\/p>\n\n\n\n<p><br>En este proyecto las cooperativas de ahorro generan un cr\u00e9dito al agricultor para la compra de paquetes tecnol\u00f3gicos que est\u00e1n compuestos por las semillas, los fertilizantes, insecticidas para control de plagas y enfermedades, herbicidas para el control de maleza y otros insumos.<\/p>\n\n\n\n<p><br>\u00abEstos proyectos son buenos porque los campesinos abastecemos las ciudades\u00bb, expres\u00f3 Arturo Ponce, habitante de Bellavista.<\/p>\n\n\n\n<p><br>\u00abMuchas gracias Prefecto por pensar en nosotros los campesinos. Por a\u00f1os hemos vivido abandonados, y sus acciones nos demuestran que es el mejor prefecto que hemos tenido, porque si el campo produce la ciudad vive\u201d, enfatiz\u00f3 Gisella Poveda, habitante de Bellavista.<br>\u00abHe sido beneficiado con este proyecto que mejora nuestra vida en el campo\u00bb, concluy\u00f3 Plutarco Moreira, habitante de Bellavista.<\/p>\n","protected":false},"excerpt":{"rendered":"<p>En las parroquias Bellavista y Sixto Dur\u00e1n Ball\u00e9n, del cant\u00f3n 24 de Mayo, se realizaron los talleres de buenas pr\u00e1cticas agr\u00edcolas en el cultivo de ma\u00edz y la importancia de la asociatividad en la provincia de Manab\u00ed, que busca unir a nuestros hermanos del campo para mitigar el impacto ambiental que se genera a trav\u00e9s de la contaminaci\u00f3n, y adaptaci\u00f3n en base a ecosistemas, aportando a la reforestaci\u00f3n a trav\u00e9s del proyecto de reactivaci\u00f3n productiva de ma\u00edz duro amarillo en su segunda fase, que ejecuta la Prefectura de Manab\u00ed, liderada por Leonardo Orlando.<\/p>\n","protected":false},"author":10,"featured_media":20639,"comment_status":"closed","ping_status":"closed","sticky":false,"template":"","format":"standard","meta":{"_joinchat":[],"footnotes":""},"categories":[138,142,218,92,140,91],"tags":[197],"class_list":["post-20638","post","type-post","status-publish","format-standard","has-post-thumbnail","hentry","category-24-de-mayo","category-desarrollo-social","category-manabi-produce","category-noticias-manabi","category-produccion","category-todas","tag-manabi"],"yoast_head":"<!-- This site is optimized with the Yoast SEO plugin v27.4 - https:\/\/yoast.com\/product\/yoast-seo-wordpress\/ -->\n<title>La Prefectura invierte en acompa\u00f1amiento t\u00e9cnico de agricultores manabitas. - Prefectura de Manab\u00ed<\/title>\n<meta name=\"description\" content=\"En las parroquias Bellavista y Sixto Dur\u00e1n Ball\u00e9n, del cant\u00f3n 24 de Mayo, se realizaron los talleres de buenas pr\u00e1cticas agr\u00edcolas en el cultivo de ma\u00edz y la importancia de la asociatividad en la provincia de Manab\u00ed, que busca unir a nuestros hermanos del campo para mitigar el impacto ambiental que se genera a trav\u00e9s de la contaminaci\u00f3n, y adaptaci\u00f3n en base a ecosistemas, aportando a la reforestaci\u00f3n a trav\u00e9s del proyecto de reactivaci\u00f3n productiva de ma\u00edz duro amarillo en su segunda fase, que ejecuta la Prefectura de Manab\u00ed, liderada por Leonardo Orlando.Este proyecto se ejecuta en 13 cantones, 18 parroquias rurales y 11 parroquias urbanas en la provincia, donde se benefician 779 peque\u00f1os productores de ma\u00edz, donde se prev\u00e9 cultivar este a\u00f1o 2.171 hect\u00e1reas.El aporte de la Prefectura de Manab\u00ed es de 97.630 d\u00f3lares, adem\u00e1s del acompa\u00f1amiento t\u00e9cnico desde la siembra, cosecha y comercializaci\u00f3n, entrega de plantas frutales, talleres de buenas pr\u00e1cticas agr\u00edcolas y la importancia de la asociatividad en la provincia.En este proyecto las cooperativas de ahorro generan un cr\u00e9dito al agricultor para la compra de paquetes tecnol\u00f3gicos que est\u00e1n compuestos por las semillas, los fertilizantes, insecticidas para control de plagas y enfermedades, herbicidas para el control de maleza y otros insumos.&quot;Estos proyectos son buenos porque los campesinos abastecemos las ciudades&quot;, expres\u00f3 Arturo Ponce, habitante de Bellavista.&quot;Muchas gracias Prefecto por pensar en nosotros los campesinos. Por a\u00f1os hemos vivido abandonados, y sus acciones nos demuestran que es el mejor prefecto que hemos tenido, porque si el campo produce la ciudad vive\u201d, enfatiz\u00f3 Gisella Poveda, habitante de Bellavista.&quot;He sido beneficiado con este proyecto que mejora nuestra vida en el campo&quot;, concluy\u00f3 Plutarco Moreira, habitante de Bellavista.\" \/>\n<meta name=\"robots\" content=\"index, follow, max-snippet:-1, max-image-preview:large, max-video-preview:-1\" \/>\n<link rel=\"canonical\" href=\"https:\/\/www.manabi.gob.ec\/index.php\/la-prefectura-invierte-en-acompanamiento-tecnico-de-agricultores-manabitas\/\" \/>\n<meta property=\"og:locale\" content=\"es_ES\" \/>\n<meta property=\"og:type\" content=\"article\" \/>\n<meta property=\"og:title\" content=\"La Prefectura invierte en acompa\u00f1amiento t\u00e9cnico de agricultores manabitas. - Prefectura de Manab\u00ed\" \/>\n<meta property=\"og:description\" content=\"En las parroquias Bellavista y Sixto Dur\u00e1n Ball\u00e9n, del cant\u00f3n 24 de Mayo, se realizaron los talleres de buenas pr\u00e1cticas agr\u00edcolas en el cultivo de ma\u00edz y la importancia de la asociatividad en la provincia de Manab\u00ed, que busca unir a nuestros hermanos del campo para mitigar el impacto ambiental que se genera a trav\u00e9s de la contaminaci\u00f3n, y adaptaci\u00f3n en base a ecosistemas, aportando a la reforestaci\u00f3n a trav\u00e9s del proyecto de reactivaci\u00f3n productiva de ma\u00edz duro amarillo en su segunda fase, que ejecuta la Prefectura de Manab\u00ed, liderada por Leonardo Orlando.Este proyecto se ejecuta en 13 cantones, 18 parroquias rurales y 11 parroquias urbanas en la provincia, donde se benefician 779 peque\u00f1os productores de ma\u00edz, donde se prev\u00e9 cultivar este a\u00f1o 2.171 hect\u00e1reas.El aporte de la Prefectura de Manab\u00ed es de 97.630 d\u00f3lares, adem\u00e1s del acompa\u00f1amiento t\u00e9cnico desde la siembra, cosecha y comercializaci\u00f3n, entrega de plantas frutales, talleres de buenas pr\u00e1cticas agr\u00edcolas y la importancia de la asociatividad en la provincia.En este proyecto las cooperativas de ahorro generan un cr\u00e9dito al agricultor para la compra de paquetes tecnol\u00f3gicos que est\u00e1n compuestos por las semillas, los fertilizantes, insecticidas para control de plagas y enfermedades, herbicidas para el control de maleza y otros insumos.&quot;Estos proyectos son buenos porque los campesinos abastecemos las ciudades&quot;, expres\u00f3 Arturo Ponce, habitante de Bellavista.&quot;Muchas gracias Prefecto por pensar en nosotros los campesinos. Por a\u00f1os hemos vivido abandonados, y sus acciones nos demuestran que es el mejor prefecto que hemos tenido, porque si el campo produce la ciudad vive\u201d, enfatiz\u00f3 Gisella Poveda, habitante de Bellavista.&quot;He sido beneficiado con este proyecto que mejora nuestra vida en el campo&quot;, concluy\u00f3 Plutarco Moreira, habitante de Bellavista.\" \/>\n<meta property=\"og:url\" content=\"https:\/\/www.manabi.gob.ec\/index.php\/la-prefectura-invierte-en-acompanamiento-tecnico-de-agricultores-manabitas\/\" \/>\n<meta property=\"og:site_name\" content=\"Prefectura de Manab\u00ed\" \/>\n<meta property=\"article:published_time\" content=\"2022-05-11T13:11:53+00:00\" \/>\n<meta property=\"article:modified_time\" content=\"2022-05-11T13:11:55+00:00\" \/>\n<meta property=\"og:image\" content=\"https:\/\/www.manabi.gob.ec\/wp-content\/uploads\/2022\/05\/WhatsApp-Image-2022-05-06-at-7.46.02-PM.jpg\" \/>\n\t<meta property=\"og:image:width\" content=\"1144\" \/>\n\t<meta property=\"og:image:height\" content=\"699\" \/>\n\t<meta property=\"og:image:type\" content=\"image\/jpeg\" \/>\n<meta name=\"author\" content=\"Lui Ochoa\" \/>\n<meta name=\"twitter:card\" content=\"summary_large_image\" \/>\n<meta name=\"twitter:label1\" content=\"Escrito por\" \/>\n\t<meta name=\"twitter:data1\" content=\"Lui Ochoa\" \/>\n\t<meta name=\"twitter:label2\" content=\"Tiempo de lectura\" \/>\n\t<meta name=\"twitter:data2\" content=\"2 minutos\" \/>\n<script type=\"application\/ld+json\" class=\"yoast-schema-graph\">{\"@context\":\"https:\\\/\\\/schema.org\",\"@graph\":[{\"@type\":\"Article\",\"@id\":\"https:\\\/\\\/www.manabi.gob.ec\\\/index.php\\\/la-prefectura-invierte-en-acompanamiento-tecnico-de-agricultores-manabitas\\\/#article\",\"isPartOf\":{\"@id\":\"https:\\\/\\\/www.manabi.gob.ec\\\/index.php\\\/la-prefectura-invierte-en-acompanamiento-tecnico-de-agricultores-manabitas\\\/\"},\"author\":{\"name\":\"Lui Ochoa\",\"@id\":\"https:\\\/\\\/www.manabi.gob.ec\\\/#\\\/schema\\\/person\\\/c4f117989332ad723a6ced5994aa7d7a\"},\"headline\":\"La Prefectura invierte en acompa\u00f1amiento t\u00e9cnico de agricultores manabitas.\",\"datePublished\":\"2022-05-11T13:11:53+00:00\",\"dateModified\":\"2022-05-11T13:11:55+00:00\",\"mainEntityOfPage\":{\"@id\":\"https:\\\/\\\/www.manabi.gob.ec\\\/index.php\\\/la-prefectura-invierte-en-acompanamiento-tecnico-de-agricultores-manabitas\\\/\"},\"wordCount\":315,\"image\":{\"@id\":\"https:\\\/\\\/www.manabi.gob.ec\\\/index.php\\\/la-prefectura-invierte-en-acompanamiento-tecnico-de-agricultores-manabitas\\\/#primaryimage\"},\"thumbnailUrl\":\"https:\\\/\\\/www.manabi.gob.ec\\\/wp-content\\\/uploads\\\/2022\\\/05\\\/WhatsApp-Image-2022-05-06-at-7.46.02-PM.jpg\",\"keywords\":[\"manab\u00ed\"],\"articleSection\":[\"24 de Mayo\",\"Desarrollo Social\",\"Manab\u00ed Produce\",\"Noticias\",\"Producci\u00f3n\",\"Todas\"],\"inLanguage\":\"es\"},{\"@type\":\"WebPage\",\"@id\":\"https:\\\/\\\/www.manabi.gob.ec\\\/index.php\\\/la-prefectura-invierte-en-acompanamiento-tecnico-de-agricultores-manabitas\\\/\",\"url\":\"https:\\\/\\\/www.manabi.gob.ec\\\/index.php\\\/la-prefectura-invierte-en-acompanamiento-tecnico-de-agricultores-manabitas\\\/\",\"name\":\"La Prefectura invierte en acompa\u00f1amiento t\u00e9cnico de agricultores manabitas. - Prefectura de Manab\u00ed\",\"isPartOf\":{\"@id\":\"https:\\\/\\\/www.manabi.gob.ec\\\/#website\"},\"primaryImageOfPage\":{\"@id\":\"https:\\\/\\\/www.manabi.gob.ec\\\/index.php\\\/la-prefectura-invierte-en-acompanamiento-tecnico-de-agricultores-manabitas\\\/#primaryimage\"},\"image\":{\"@id\":\"https:\\\/\\\/www.manabi.gob.ec\\\/index.php\\\/la-prefectura-invierte-en-acompanamiento-tecnico-de-agricultores-manabitas\\\/#primaryimage\"},\"thumbnailUrl\":\"https:\\\/\\\/www.manabi.gob.ec\\\/wp-content\\\/uploads\\\/2022\\\/05\\\/WhatsApp-Image-2022-05-06-at-7.46.02-PM.jpg\",\"datePublished\":\"2022-05-11T13:11:53+00:00\",\"dateModified\":\"2022-05-11T13:11:55+00:00\",\"author\":{\"@id\":\"https:\\\/\\\/www.manabi.gob.ec\\\/#\\\/schema\\\/person\\\/c4f117989332ad723a6ced5994aa7d7a\"},\"description\":\"En las parroquias Bellavista y Sixto Dur\u00e1n Ball\u00e9n, del cant\u00f3n 24 de Mayo, se realizaron los talleres de buenas pr\u00e1cticas agr\u00edcolas en el cultivo de ma\u00edz y la importancia de la asociatividad en la provincia de Manab\u00ed, que busca unir a nuestros hermanos del campo para mitigar el impacto ambiental que se genera a trav\u00e9s de la contaminaci\u00f3n, y adaptaci\u00f3n en base a ecosistemas, aportando a la reforestaci\u00f3n a trav\u00e9s del proyecto de reactivaci\u00f3n productiva de ma\u00edz duro amarillo en su segunda fase, que ejecuta la Prefectura de Manab\u00ed, liderada por Leonardo Orlando.Este proyecto se ejecuta en 13 cantones, 18 parroquias rurales y 11 parroquias urbanas en la provincia, donde se benefician 779 peque\u00f1os productores de ma\u00edz, donde se prev\u00e9 cultivar este a\u00f1o 2.171 hect\u00e1reas.El aporte de la Prefectura de Manab\u00ed es de 97.630 d\u00f3lares, adem\u00e1s del acompa\u00f1amiento t\u00e9cnico desde la siembra, cosecha y comercializaci\u00f3n, entrega de plantas frutales, talleres de buenas pr\u00e1cticas agr\u00edcolas y la importancia de la asociatividad en la provincia.En este proyecto las cooperativas de ahorro generan un cr\u00e9dito al agricultor para la compra de paquetes tecnol\u00f3gicos que est\u00e1n compuestos por las semillas, los fertilizantes, insecticidas para control de plagas y enfermedades, herbicidas para el control de maleza y otros insumos.\\\"Estos proyectos son buenos porque los campesinos abastecemos las ciudades\\\", expres\u00f3 Arturo Ponce, habitante de Bellavista.\\\"Muchas gracias Prefecto por pensar en nosotros los campesinos. Por a\u00f1os hemos vivido abandonados, y sus acciones nos demuestran que es el mejor prefecto que hemos tenido, porque si el campo produce la ciudad vive\u201d, enfatiz\u00f3 Gisella Poveda, habitante de Bellavista.\\\"He sido beneficiado con este proyecto que mejora nuestra vida en el campo\\\", concluy\u00f3 Plutarco Moreira, habitante de Bellavista.\",\"breadcrumb\":{\"@id\":\"https:\\\/\\\/www.manabi.gob.ec\\\/index.php\\\/la-prefectura-invierte-en-acompanamiento-tecnico-de-agricultores-manabitas\\\/#breadcrumb\"},\"inLanguage\":\"es\",\"potentialAction\":[{\"@type\":\"ReadAction\",\"target\":[\"https:\\\/\\\/www.manabi.gob.ec\\\/index.php\\\/la-prefectura-invierte-en-acompanamiento-tecnico-de-agricultores-manabitas\\\/\"]}]},{\"@type\":\"ImageObject\",\"inLanguage\":\"es\",\"@id\":\"https:\\\/\\\/www.manabi.gob.ec\\\/index.php\\\/la-prefectura-invierte-en-acompanamiento-tecnico-de-agricultores-manabitas\\\/#primaryimage\",\"url\":\"https:\\\/\\\/www.manabi.gob.ec\\\/wp-content\\\/uploads\\\/2022\\\/05\\\/WhatsApp-Image-2022-05-06-at-7.46.02-PM.jpg\",\"contentUrl\":\"https:\\\/\\\/www.manabi.gob.ec\\\/wp-content\\\/uploads\\\/2022\\\/05\\\/WhatsApp-Image-2022-05-06-at-7.46.02-PM.jpg\",\"width\":1144,\"height\":699},{\"@type\":\"BreadcrumbList\",\"@id\":\"https:\\\/\\\/www.manabi.gob.ec\\\/index.php\\\/la-prefectura-invierte-en-acompanamiento-tecnico-de-agricultores-manabitas\\\/#breadcrumb\",\"itemListElement\":[{\"@type\":\"ListItem\",\"position\":1,\"name\":\"Portada\",\"item\":\"https:\\\/\\\/www.manabi.gob.ec\\\/\"},{\"@type\":\"ListItem\",\"position\":2,\"name\":\"La Prefectura invierte en acompa\u00f1amiento t\u00e9cnico de agricultores manabitas.\"}]},{\"@type\":\"WebSite\",\"@id\":\"https:\\\/\\\/www.manabi.gob.ec\\\/#website\",\"url\":\"https:\\\/\\\/www.manabi.gob.ec\\\/\",\"name\":\"Prefectura de Manab\u00ed\",\"description\":\"P\u00e1gina web de la prefectura\",\"potentialAction\":[{\"@type\":\"SearchAction\",\"target\":{\"@type\":\"EntryPoint\",\"urlTemplate\":\"https:\\\/\\\/www.manabi.gob.ec\\\/?s={search_term_string}\"},\"query-input\":{\"@type\":\"PropertyValueSpecification\",\"valueRequired\":true,\"valueName\":\"search_term_string\"}}],\"inLanguage\":\"es\"},{\"@type\":\"Person\",\"@id\":\"https:\\\/\\\/www.manabi.gob.ec\\\/#\\\/schema\\\/person\\\/c4f117989332ad723a6ced5994aa7d7a\",\"name\":\"Lui Ochoa\",\"image\":{\"@type\":\"ImageObject\",\"inLanguage\":\"es\",\"@id\":\"https:\\\/\\\/secure.gravatar.com\\\/avatar\\\/6e8017d0fe69dead8a95864d2eb6e1e1d8bf8e01194ba49cf7b897ff038126ba?s=96&d=mm&r=g\",\"url\":\"https:\\\/\\\/secure.gravatar.com\\\/avatar\\\/6e8017d0fe69dead8a95864d2eb6e1e1d8bf8e01194ba49cf7b897ff038126ba?s=96&d=mm&r=g\",\"contentUrl\":\"https:\\\/\\\/secure.gravatar.com\\\/avatar\\\/6e8017d0fe69dead8a95864d2eb6e1e1d8bf8e01194ba49cf7b897ff038126ba?s=96&d=mm&r=g\",\"caption\":\"Lui Ochoa\"},\"url\":\"https:\\\/\\\/www.manabi.gob.ec\\\/index.php\\\/author\\\/lochoa\\\/\"}]}<\/script>\n<!-- \/ Yoast SEO plugin. -->","yoast_head_json":{"title":"La Prefectura invierte en acompa\u00f1amiento t\u00e9cnico de agricultores manabitas. - Prefectura de Manab\u00ed","description":"En las parroquias Bellavista y Sixto Dur\u00e1n Ball\u00e9n, del cant\u00f3n 24 de Mayo, se realizaron los talleres de buenas pr\u00e1cticas agr\u00edcolas en el cultivo de ma\u00edz y la importancia de la asociatividad en la provincia de Manab\u00ed, que busca unir a nuestros hermanos del campo para mitigar el impacto ambiental que se genera a trav\u00e9s de la contaminaci\u00f3n, y adaptaci\u00f3n en base a ecosistemas, aportando a la reforestaci\u00f3n a trav\u00e9s del proyecto de reactivaci\u00f3n productiva de ma\u00edz duro amarillo en su segunda fase, que ejecuta la Prefectura de Manab\u00ed, liderada por Leonardo Orlando.Este proyecto se ejecuta en 13 cantones, 18 parroquias rurales y 11 parroquias urbanas en la provincia, donde se benefician 779 peque\u00f1os productores de ma\u00edz, donde se prev\u00e9 cultivar este a\u00f1o 2.171 hect\u00e1reas.El aporte de la Prefectura de Manab\u00ed es de 97.630 d\u00f3lares, adem\u00e1s del acompa\u00f1amiento t\u00e9cnico desde la siembra, cosecha y comercializaci\u00f3n, entrega de plantas frutales, talleres de buenas pr\u00e1cticas agr\u00edcolas y la importancia de la asociatividad en la provincia.En este proyecto las cooperativas de ahorro generan un cr\u00e9dito al agricultor para la compra de paquetes tecnol\u00f3gicos que est\u00e1n compuestos por las semillas, los fertilizantes, insecticidas para control de plagas y enfermedades, herbicidas para el control de maleza y otros insumos.\"Estos proyectos son buenos porque los campesinos abastecemos las ciudades\", expres\u00f3 Arturo Ponce, habitante de Bellavista.\"Muchas gracias Prefecto por pensar en nosotros los campesinos. Por a\u00f1os hemos vivido abandonados, y sus acciones nos demuestran que es el mejor prefecto que hemos tenido, porque si el campo produce la ciudad vive\u201d, enfatiz\u00f3 Gisella Poveda, habitante de Bellavista.\"He sido beneficiado con este proyecto que mejora nuestra vida en el campo\", concluy\u00f3 Plutarco Moreira, habitante de Bellavista.","robots":{"index":"index","follow":"follow","max-snippet":"max-snippet:-1","max-image-preview":"max-image-preview:large","max-video-preview":"max-video-preview:-1"},"canonical":"https:\/\/www.manabi.gob.ec\/index.php\/la-prefectura-invierte-en-acompanamiento-tecnico-de-agricultores-manabitas\/","og_locale":"es_ES","og_type":"article","og_title":"La Prefectura invierte en acompa\u00f1amiento t\u00e9cnico de agricultores manabitas. - Prefectura de Manab\u00ed","og_description":"En las parroquias Bellavista y Sixto Dur\u00e1n Ball\u00e9n, del cant\u00f3n 24 de Mayo, se realizaron los talleres de buenas pr\u00e1cticas agr\u00edcolas en el cultivo de ma\u00edz y la importancia de la asociatividad en la provincia de Manab\u00ed, que busca unir a nuestros hermanos del campo para mitigar el impacto ambiental que se genera a trav\u00e9s de la contaminaci\u00f3n, y adaptaci\u00f3n en base a ecosistemas, aportando a la reforestaci\u00f3n a trav\u00e9s del proyecto de reactivaci\u00f3n productiva de ma\u00edz duro amarillo en su segunda fase, que ejecuta la Prefectura de Manab\u00ed, liderada por Leonardo Orlando.Este proyecto se ejecuta en 13 cantones, 18 parroquias rurales y 11 parroquias urbanas en la provincia, donde se benefician 779 peque\u00f1os productores de ma\u00edz, donde se prev\u00e9 cultivar este a\u00f1o 2.171 hect\u00e1reas.El aporte de la Prefectura de Manab\u00ed es de 97.630 d\u00f3lares, adem\u00e1s del acompa\u00f1amiento t\u00e9cnico desde la siembra, cosecha y comercializaci\u00f3n, entrega de plantas frutales, talleres de buenas pr\u00e1cticas agr\u00edcolas y la importancia de la asociatividad en la provincia.En este proyecto las cooperativas de ahorro generan un cr\u00e9dito al agricultor para la compra de paquetes tecnol\u00f3gicos que est\u00e1n compuestos por las semillas, los fertilizantes, insecticidas para control de plagas y enfermedades, herbicidas para el control de maleza y otros insumos.\"Estos proyectos son buenos porque los campesinos abastecemos las ciudades\", expres\u00f3 Arturo Ponce, habitante de Bellavista.\"Muchas gracias Prefecto por pensar en nosotros los campesinos. Por a\u00f1os hemos vivido abandonados, y sus acciones nos demuestran que es el mejor prefecto que hemos tenido, porque si el campo produce la ciudad vive\u201d, enfatiz\u00f3 Gisella Poveda, habitante de Bellavista.\"He sido beneficiado con este proyecto que mejora nuestra vida en el campo\", concluy\u00f3 Plutarco Moreira, habitante de Bellavista.","og_url":"https:\/\/www.manabi.gob.ec\/index.php\/la-prefectura-invierte-en-acompanamiento-tecnico-de-agricultores-manabitas\/","og_site_name":"Prefectura de Manab\u00ed","article_published_time":"2022-05-11T13:11:53+00:00","article_modified_time":"2022-05-11T13:11:55+00:00","og_image":[{"width":1144,"height":699,"url":"https:\/\/www.manabi.gob.ec\/wp-content\/uploads\/2022\/05\/WhatsApp-Image-2022-05-06-at-7.46.02-PM.jpg","type":"image\/jpeg"}],"author":"Lui Ochoa","twitter_card":"summary_large_image","twitter_misc":{"Escrito por":"Lui Ochoa","Tiempo de lectura":"2 minutos"},"schema":{"@context":"https:\/\/schema.org","@graph":[{"@type":"Article","@id":"https:\/\/www.manabi.gob.ec\/index.php\/la-prefectura-invierte-en-acompanamiento-tecnico-de-agricultores-manabitas\/#article","isPartOf":{"@id":"https:\/\/www.manabi.gob.ec\/index.php\/la-prefectura-invierte-en-acompanamiento-tecnico-de-agricultores-manabitas\/"},"author":{"name":"Lui Ochoa","@id":"https:\/\/www.manabi.gob.ec\/#\/schema\/person\/c4f117989332ad723a6ced5994aa7d7a"},"headline":"La Prefectura invierte en acompa\u00f1amiento t\u00e9cnico de agricultores manabitas.","datePublished":"2022-05-11T13:11:53+00:00","dateModified":"2022-05-11T13:11:55+00:00","mainEntityOfPage":{"@id":"https:\/\/www.manabi.gob.ec\/index.php\/la-prefectura-invierte-en-acompanamiento-tecnico-de-agricultores-manabitas\/"},"wordCount":315,"image":{"@id":"https:\/\/www.manabi.gob.ec\/index.php\/la-prefectura-invierte-en-acompanamiento-tecnico-de-agricultores-manabitas\/#primaryimage"},"thumbnailUrl":"https:\/\/www.manabi.gob.ec\/wp-content\/uploads\/2022\/05\/WhatsApp-Image-2022-05-06-at-7.46.02-PM.jpg","keywords":["manab\u00ed"],"articleSection":["24 de Mayo","Desarrollo Social","Manab\u00ed Produce","Noticias","Producci\u00f3n","Todas"],"inLanguage":"es"},{"@type":"WebPage","@id":"https:\/\/www.manabi.gob.ec\/index.php\/la-prefectura-invierte-en-acompanamiento-tecnico-de-agricultores-manabitas\/","url":"https:\/\/www.manabi.gob.ec\/index.php\/la-prefectura-invierte-en-acompanamiento-tecnico-de-agricultores-manabitas\/","name":"La Prefectura invierte en acompa\u00f1amiento t\u00e9cnico de agricultores manabitas. - Prefectura de Manab\u00ed","isPartOf":{"@id":"https:\/\/www.manabi.gob.ec\/#website"},"primaryImageOfPage":{"@id":"https:\/\/www.manabi.gob.ec\/index.php\/la-prefectura-invierte-en-acompanamiento-tecnico-de-agricultores-manabitas\/#primaryimage"},"image":{"@id":"https:\/\/www.manabi.gob.ec\/index.php\/la-prefectura-invierte-en-acompanamiento-tecnico-de-agricultores-manabitas\/#primaryimage"},"thumbnailUrl":"https:\/\/www.manabi.gob.ec\/wp-content\/uploads\/2022\/05\/WhatsApp-Image-2022-05-06-at-7.46.02-PM.jpg","datePublished":"2022-05-11T13:11:53+00:00","dateModified":"2022-05-11T13:11:55+00:00","author":{"@id":"https:\/\/www.manabi.gob.ec\/#\/schema\/person\/c4f117989332ad723a6ced5994aa7d7a"},"description":"En las parroquias Bellavista y Sixto Dur\u00e1n Ball\u00e9n, del cant\u00f3n 24 de Mayo, se realizaron los talleres de buenas pr\u00e1cticas agr\u00edcolas en el cultivo de ma\u00edz y la importancia de la asociatividad en la provincia de Manab\u00ed, que busca unir a nuestros hermanos del campo para mitigar el impacto ambiental que se genera a trav\u00e9s de la contaminaci\u00f3n, y adaptaci\u00f3n en base a ecosistemas, aportando a la reforestaci\u00f3n a trav\u00e9s del proyecto de reactivaci\u00f3n productiva de ma\u00edz duro amarillo en su segunda fase, que ejecuta la Prefectura de Manab\u00ed, liderada por Leonardo Orlando.Este proyecto se ejecuta en 13 cantones, 18 parroquias rurales y 11 parroquias urbanas en la provincia, donde se benefician 779 peque\u00f1os productores de ma\u00edz, donde se prev\u00e9 cultivar este a\u00f1o 2.171 hect\u00e1reas.El aporte de la Prefectura de Manab\u00ed es de 97.630 d\u00f3lares, adem\u00e1s del acompa\u00f1amiento t\u00e9cnico desde la siembra, cosecha y comercializaci\u00f3n, entrega de plantas frutales, talleres de buenas pr\u00e1cticas agr\u00edcolas y la importancia de la asociatividad en la provincia.En este proyecto las cooperativas de ahorro generan un cr\u00e9dito al agricultor para la compra de paquetes tecnol\u00f3gicos que est\u00e1n compuestos por las semillas, los fertilizantes, insecticidas para control de plagas y enfermedades, herbicidas para el control de maleza y otros insumos.\"Estos proyectos son buenos porque los campesinos abastecemos las ciudades\", expres\u00f3 Arturo Ponce, habitante de Bellavista.\"Muchas gracias Prefecto por pensar en nosotros los campesinos. Por a\u00f1os hemos vivido abandonados, y sus acciones nos demuestran que es el mejor prefecto que hemos tenido, porque si el campo produce la ciudad vive\u201d, enfatiz\u00f3 Gisella Poveda, habitante de Bellavista.\"He sido beneficiado con este proyecto que mejora nuestra vida en el campo\", concluy\u00f3 Plutarco Moreira, habitante de Bellavista.","breadcrumb":{"@id":"https:\/\/www.manabi.gob.ec\/index.php\/la-prefectura-invierte-en-acompanamiento-tecnico-de-agricultores-manabitas\/#breadcrumb"},"inLanguage":"es","potentialAction":[{"@type":"ReadAction","target":["https:\/\/www.manabi.gob.ec\/index.php\/la-prefectura-invierte-en-acompanamiento-tecnico-de-agricultores-manabitas\/"]}]},{"@type":"ImageObject","inLanguage":"es","@id":"https:\/\/www.manabi.gob.ec\/index.php\/la-prefectura-invierte-en-acompanamiento-tecnico-de-agricultores-manabitas\/#primaryimage","url":"https:\/\/www.manabi.gob.ec\/wp-content\/uploads\/2022\/05\/WhatsApp-Image-2022-05-06-at-7.46.02-PM.jpg","contentUrl":"https:\/\/www.manabi.gob.ec\/wp-content\/uploads\/2022\/05\/WhatsApp-Image-2022-05-06-at-7.46.02-PM.jpg","width":1144,"height":699},{"@type":"BreadcrumbList","@id":"https:\/\/www.manabi.gob.ec\/index.php\/la-prefectura-invierte-en-acompanamiento-tecnico-de-agricultores-manabitas\/#breadcrumb","itemListElement":[{"@type":"ListItem","position":1,"name":"Portada","item":"https:\/\/www.manabi.gob.ec\/"},{"@type":"ListItem","position":2,"name":"La Prefectura invierte en acompa\u00f1amiento t\u00e9cnico de agricultores manabitas."}]},{"@type":"WebSite","@id":"https:\/\/www.manabi.gob.ec\/#website","url":"https:\/\/www.manabi.gob.ec\/","name":"Prefectura de Manab\u00ed","description":"P\u00e1gina web de la prefectura","potentialAction":[{"@type":"SearchAction","target":{"@type":"EntryPoint","urlTemplate":"https:\/\/www.manabi.gob.ec\/?s={search_term_string}"},"query-input":{"@type":"PropertyValueSpecification","valueRequired":true,"valueName":"search_term_string"}}],"inLanguage":"es"},{"@type":"Person","@id":"https:\/\/www.manabi.gob.ec\/#\/schema\/person\/c4f117989332ad723a6ced5994aa7d7a","name":"Lui Ochoa","image":{"@type":"ImageObject","inLanguage":"es","@id":"https:\/\/secure.gravatar.com\/avatar\/6e8017d0fe69dead8a95864d2eb6e1e1d8bf8e01194ba49cf7b897ff038126ba?s=96&d=mm&r=g","url":"https:\/\/secure.gravatar.com\/avatar\/6e8017d0fe69dead8a95864d2eb6e1e1d8bf8e01194ba49cf7b897ff038126ba?s=96&d=mm&r=g","contentUrl":"https:\/\/secure.gravatar.com\/avatar\/6e8017d0fe69dead8a95864d2eb6e1e1d8bf8e01194ba49cf7b897ff038126ba?s=96&d=mm&r=g","caption":"Lui Ochoa"},"url":"https:\/\/www.manabi.gob.ec\/index.php\/author\/lochoa\/"}]}},"jetpack_featured_media_url":"https:\/\/www.manabi.gob.ec\/wp-content\/uploads\/2022\/05\/WhatsApp-Image-2022-05-06-at-7.46.02-PM.jpg","_links":{"self":[{"href":"https:\/\/www.manabi.gob.ec\/index.php\/wp-json\/wp\/v2\/posts\/20638","targetHints":{"allow":["GET"]}}],"collection":[{"href":"https:\/\/www.manabi.gob.ec\/index.php\/wp-json\/wp\/v2\/posts"}],"about":[{"href":"https:\/\/www.manabi.gob.ec\/index.php\/wp-json\/wp\/v2\/types\/post"}],"author":[{"embeddable":true,"href":"https:\/\/www.manabi.gob.ec\/index.php\/wp-json\/wp\/v2\/users\/10"}],"replies":[{"embeddable":true,"href":"https:\/\/www.manabi.gob.ec\/index.php\/wp-json\/wp\/v2\/comments?post=20638"}],"version-history":[{"count":0,"href":"https:\/\/www.manabi.gob.ec\/index.php\/wp-json\/wp\/v2\/posts\/20638\/revisions"}],"wp:featuredmedia":[{"embeddable":true,"href":"https:\/\/www.manabi.gob.ec\/index.php\/wp-json\/wp\/v2\/media\/20639"}],"wp:attachment":[{"href":"https:\/\/www.manabi.gob.ec\/index.php\/wp-json\/wp\/v2\/media?parent=20638"}],"wp:term":[{"taxonomy":"category","embeddable":true,"href":"https:\/\/www.manabi.gob.ec\/index.php\/wp-json\/wp\/v2\/categories?post=20638"},{"taxonomy":"post_tag","embeddable":true,"href":"https:\/\/www.manabi.gob.ec\/index.php\/wp-json\/wp\/v2\/tags?post=20638"}],"curies":[{"name":"wp","href":"https:\/\/api.w.org\/{rel}","templated":true}]}}