{"id":20653,"date":"2022-05-11T17:01:23","date_gmt":"2022-05-11T17:01:23","guid":{"rendered":"https:\/\/www.manabi.gob.ec\/?p=20653"},"modified":"2022-05-11T17:01:28","modified_gmt":"2022-05-11T17:01:28","slug":"seguimos-fomentando-el-deporte-y-los-valores-en-nuestros-ninos-y-adolescentes","status":"publish","type":"post","link":"https:\/\/www.manabi.gob.ec\/index.php\/seguimos-fomentando-el-deporte-y-los-valores-en-nuestros-ninos-y-adolescentes\/","title":{"rendered":"Seguimos fomentando el deporte y los valores en nuestros ni\u00f1os y adolescentes."},"content":{"rendered":"\n<p><\/p>\n\n\n\n<p>En la parroquia Calder\u00f3n del cant\u00f3n Portoviejo, el prefecto, Leonardo Orlando, oficializ\u00f3 la entrega de 450 kits de implementos deportivos para igual n\u00famero de ni\u00f1os, ni\u00f1as y adolescentes, beneficiarios del proyecto deportivo y recreacional \u00abEntrenando Valores\u00bb, que ejecuta la Prefectura de Manab\u00ed a trav\u00e9s de la Direcci\u00f3n de Desarrollo Social.<\/p>\n\n\n\n<p>\u201cLos ni\u00f1os deben crecer estudiando, pero tambi\u00e9n form\u00e1ndose f\u00edsica, mental, y espiritualmente. Esa es la gran diferencia de este proyecto social-integral que va m\u00e1s all\u00e1 del deporte\u201d, dijo el Prefecto durante el acto de entrega que tuvo lugar en la cancha \u201cFigueroa\u201d.<\/p>\n\n\n\n<p>Son tres las escuelas deportivas que la Prefectura de Manab\u00ed mantiene habilitadas en Calder\u00f3n, en convenio con el GAD parroquial: Los Naranjos, Miguelillo, y Los Cajones. La inversi\u00f3n econ\u00f3mica asciende a $23.380,78 de los cuales el GPM aporta $15.874.<\/p>\n\n\n\n<p>\u00abNuestras familias est\u00e1n sumamente contentas, ya que este proyecto nos nutre de conocimientos t\u00e9cnicos, pero de manera especial de los valores humanos que son parte de esta formaci\u00f3n. Los ni\u00f1os, ni\u00f1as, y adolescentes nos sentimos respaldados por usted, se\u00f1or Prefecto\u00bb, manifest\u00f3 Mercedes Moreira, beneficiar\u00eda del proyecto.<\/p>\n\n\n\n<p>Particip\u00f3 de esta actividad la viceprefecta , Kelly Buenaventura. Adem\u00e1s, el presidente del GAD Calder\u00f3n, Pedro Navia; el presidente de los Gobiernos Parroquiales de Manab\u00ed, Yandri Bazurto; dirigentes y l\u00edderes comunitarios.<\/p>\n\n\n\n<p>A nivel de Manab\u00ed existen 700 escuelas habilitadas para beneficio de m\u00e1s de 11.350 menores, con una inversi\u00f3n institucional de $ $442.576.92.<\/p>\n\n\n\n<p><br>El proyecto incluye atenci\u00f3n m\u00e9dica y nutricional para los deportistas, y apoyo a sus familias para el impulso de emprendimientos productivos.<\/p>\n","protected":false},"excerpt":{"rendered":"<p>En la parroquia Calder\u00f3n del cant\u00f3n Portoviejo, el prefecto, Leonardo Orlando, oficializ\u00f3 la entrega de 450 kits de implementos deportivos para igual n\u00famero de ni\u00f1os, ni\u00f1as y adolescentes, beneficiarios del proyecto deportivo y recreacional \u00abEntrenando Valores\u00bb, que ejecuta la Prefectura de Manab\u00ed a trav\u00e9s de la Direcci\u00f3n de Desarrollo Social. \u201cLos ni\u00f1os deben crecer estudiando, [&hellip;]<\/p>\n","protected":false},"author":10,"featured_media":20654,"comment_status":"closed","ping_status":"closed","sticky":false,"template":"","format":"standard","meta":{"_joinchat":[],"footnotes":""},"categories":[142,92,193,132,91],"tags":[197],"class_list":["post-20653","post","type-post","status-publish","format-standard","has-post-thumbnail","hentry","category-desarrollo-social","category-noticias-manabi","category-participacion-ciudadana","category-portoviejo","category-todas","tag-manabi"],"yoast_head":"<!-- This site is optimized with the Yoast SEO plugin v27.4 - https:\/\/yoast.com\/product\/yoast-seo-wordpress\/ -->\n<title>Seguimos fomentando el deporte y los valores en nuestros ni\u00f1os y adolescentes. - Prefectura de Manab\u00ed<\/title>\n<meta name=\"robots\" content=\"index, follow, max-snippet:-1, max-image-preview:large, max-video-preview:-1\" \/>\n<link rel=\"canonical\" href=\"https:\/\/www.manabi.gob.ec\/index.php\/seguimos-fomentando-el-deporte-y-los-valores-en-nuestros-ninos-y-adolescentes\/\" \/>\n<meta property=\"og:locale\" content=\"es_ES\" \/>\n<meta property=\"og:type\" content=\"article\" \/>\n<meta property=\"og:title\" content=\"Seguimos fomentando el deporte y los valores en nuestros ni\u00f1os y adolescentes. - Prefectura de Manab\u00ed\" \/>\n<meta property=\"og:description\" content=\"En la parroquia Calder\u00f3n del cant\u00f3n Portoviejo, el prefecto, Leonardo Orlando, oficializ\u00f3 la entrega de 450 kits de implementos deportivos para igual n\u00famero de ni\u00f1os, ni\u00f1as y adolescentes, beneficiarios del proyecto deportivo y recreacional \u00abEntrenando Valores\u00bb, que ejecuta la Prefectura de Manab\u00ed a trav\u00e9s de la Direcci\u00f3n de Desarrollo Social. \u201cLos ni\u00f1os deben crecer estudiando, [&hellip;]\" \/>\n<meta property=\"og:url\" content=\"https:\/\/www.manabi.gob.ec\/index.php\/seguimos-fomentando-el-deporte-y-los-valores-en-nuestros-ninos-y-adolescentes\/\" \/>\n<meta property=\"og:site_name\" content=\"Prefectura de Manab\u00ed\" \/>\n<meta property=\"article:published_time\" content=\"2022-05-11T17:01:23+00:00\" \/>\n<meta property=\"article:modified_time\" content=\"2022-05-11T17:01:28+00:00\" \/>\n<meta property=\"og:image\" content=\"https:\/\/www.manabi.gob.ec\/wp-content\/uploads\/2022\/05\/C46V5299-scaled.jpg\" \/>\n\t<meta property=\"og:image:width\" content=\"2560\" \/>\n\t<meta property=\"og:image:height\" content=\"1983\" \/>\n\t<meta property=\"og:image:type\" content=\"image\/jpeg\" \/>\n<meta name=\"author\" content=\"Lui Ochoa\" \/>\n<meta name=\"twitter:card\" content=\"summary_large_image\" \/>\n<meta name=\"twitter:label1\" content=\"Escrito por\" \/>\n\t<meta name=\"twitter:data1\" content=\"Lui Ochoa\" \/>\n\t<meta name=\"twitter:label2\" content=\"Tiempo de lectura\" \/>\n\t<meta name=\"twitter:data2\" content=\"2 minutos\" \/>\n<script type=\"application\/ld+json\" class=\"yoast-schema-graph\">{\"@context\":\"https:\\\/\\\/schema.org\",\"@graph\":[{\"@type\":\"Article\",\"@id\":\"https:\\\/\\\/www.manabi.gob.ec\\\/index.php\\\/seguimos-fomentando-el-deporte-y-los-valores-en-nuestros-ninos-y-adolescentes\\\/#article\",\"isPartOf\":{\"@id\":\"https:\\\/\\\/www.manabi.gob.ec\\\/index.php\\\/seguimos-fomentando-el-deporte-y-los-valores-en-nuestros-ninos-y-adolescentes\\\/\"},\"author\":{\"name\":\"Lui Ochoa\",\"@id\":\"https:\\\/\\\/www.manabi.gob.ec\\\/#\\\/schema\\\/person\\\/c4f117989332ad723a6ced5994aa7d7a\"},\"headline\":\"Seguimos fomentando el deporte y los valores en nuestros ni\u00f1os y adolescentes.\",\"datePublished\":\"2022-05-11T17:01:23+00:00\",\"dateModified\":\"2022-05-11T17:01:28+00:00\",\"mainEntityOfPage\":{\"@id\":\"https:\\\/\\\/www.manabi.gob.ec\\\/index.php\\\/seguimos-fomentando-el-deporte-y-los-valores-en-nuestros-ninos-y-adolescentes\\\/\"},\"wordCount\":285,\"image\":{\"@id\":\"https:\\\/\\\/www.manabi.gob.ec\\\/index.php\\\/seguimos-fomentando-el-deporte-y-los-valores-en-nuestros-ninos-y-adolescentes\\\/#primaryimage\"},\"thumbnailUrl\":\"https:\\\/\\\/www.manabi.gob.ec\\\/wp-content\\\/uploads\\\/2022\\\/05\\\/C46V5299-scaled.jpg\",\"keywords\":[\"manab\u00ed\"],\"articleSection\":[\"Desarrollo Social\",\"Noticias\",\"Participaci\u00f3n ciudadana\",\"Portoviejo\",\"Todas\"],\"inLanguage\":\"es\"},{\"@type\":\"WebPage\",\"@id\":\"https:\\\/\\\/www.manabi.gob.ec\\\/index.php\\\/seguimos-fomentando-el-deporte-y-los-valores-en-nuestros-ninos-y-adolescentes\\\/\",\"url\":\"https:\\\/\\\/www.manabi.gob.ec\\\/index.php\\\/seguimos-fomentando-el-deporte-y-los-valores-en-nuestros-ninos-y-adolescentes\\\/\",\"name\":\"Seguimos fomentando el deporte y los valores en nuestros ni\u00f1os y adolescentes. - Prefectura de Manab\u00ed\",\"isPartOf\":{\"@id\":\"https:\\\/\\\/www.manabi.gob.ec\\\/#website\"},\"primaryImageOfPage\":{\"@id\":\"https:\\\/\\\/www.manabi.gob.ec\\\/index.php\\\/seguimos-fomentando-el-deporte-y-los-valores-en-nuestros-ninos-y-adolescentes\\\/#primaryimage\"},\"image\":{\"@id\":\"https:\\\/\\\/www.manabi.gob.ec\\\/index.php\\\/seguimos-fomentando-el-deporte-y-los-valores-en-nuestros-ninos-y-adolescentes\\\/#primaryimage\"},\"thumbnailUrl\":\"https:\\\/\\\/www.manabi.gob.ec\\\/wp-content\\\/uploads\\\/2022\\\/05\\\/C46V5299-scaled.jpg\",\"datePublished\":\"2022-05-11T17:01:23+00:00\",\"dateModified\":\"2022-05-11T17:01:28+00:00\",\"author\":{\"@id\":\"https:\\\/\\\/www.manabi.gob.ec\\\/#\\\/schema\\\/person\\\/c4f117989332ad723a6ced5994aa7d7a\"},\"breadcrumb\":{\"@id\":\"https:\\\/\\\/www.manabi.gob.ec\\\/index.php\\\/seguimos-fomentando-el-deporte-y-los-valores-en-nuestros-ninos-y-adolescentes\\\/#breadcrumb\"},\"inLanguage\":\"es\",\"potentialAction\":[{\"@type\":\"ReadAction\",\"target\":[\"https:\\\/\\\/www.manabi.gob.ec\\\/index.php\\\/seguimos-fomentando-el-deporte-y-los-valores-en-nuestros-ninos-y-adolescentes\\\/\"]}]},{\"@type\":\"ImageObject\",\"inLanguage\":\"es\",\"@id\":\"https:\\\/\\\/www.manabi.gob.ec\\\/index.php\\\/seguimos-fomentando-el-deporte-y-los-valores-en-nuestros-ninos-y-adolescentes\\\/#primaryimage\",\"url\":\"https:\\\/\\\/www.manabi.gob.ec\\\/wp-content\\\/uploads\\\/2022\\\/05\\\/C46V5299-scaled.jpg\",\"contentUrl\":\"https:\\\/\\\/www.manabi.gob.ec\\\/wp-content\\\/uploads\\\/2022\\\/05\\\/C46V5299-scaled.jpg\",\"width\":2560,\"height\":1983},{\"@type\":\"BreadcrumbList\",\"@id\":\"https:\\\/\\\/www.manabi.gob.ec\\\/index.php\\\/seguimos-fomentando-el-deporte-y-los-valores-en-nuestros-ninos-y-adolescentes\\\/#breadcrumb\",\"itemListElement\":[{\"@type\":\"ListItem\",\"position\":1,\"name\":\"Portada\",\"item\":\"https:\\\/\\\/www.manabi.gob.ec\\\/\"},{\"@type\":\"ListItem\",\"position\":2,\"name\":\"Seguimos fomentando el deporte y los valores en nuestros ni\u00f1os y adolescentes.\"}]},{\"@type\":\"WebSite\",\"@id\":\"https:\\\/\\\/www.manabi.gob.ec\\\/#website\",\"url\":\"https:\\\/\\\/www.manabi.gob.ec\\\/\",\"name\":\"Prefectura de Manab\u00ed\",\"description\":\"P\u00e1gina web de la prefectura\",\"potentialAction\":[{\"@type\":\"SearchAction\",\"target\":{\"@type\":\"EntryPoint\",\"urlTemplate\":\"https:\\\/\\\/www.manabi.gob.ec\\\/?s={search_term_string}\"},\"query-input\":{\"@type\":\"PropertyValueSpecification\",\"valueRequired\":true,\"valueName\":\"search_term_string\"}}],\"inLanguage\":\"es\"},{\"@type\":\"Person\",\"@id\":\"https:\\\/\\\/www.manabi.gob.ec\\\/#\\\/schema\\\/person\\\/c4f117989332ad723a6ced5994aa7d7a\",\"name\":\"Lui Ochoa\",\"image\":{\"@type\":\"ImageObject\",\"inLanguage\":\"es\",\"@id\":\"https:\\\/\\\/secure.gravatar.com\\\/avatar\\\/6e8017d0fe69dead8a95864d2eb6e1e1d8bf8e01194ba49cf7b897ff038126ba?s=96&d=mm&r=g\",\"url\":\"https:\\\/\\\/secure.gravatar.com\\\/avatar\\\/6e8017d0fe69dead8a95864d2eb6e1e1d8bf8e01194ba49cf7b897ff038126ba?s=96&d=mm&r=g\",\"contentUrl\":\"https:\\\/\\\/secure.gravatar.com\\\/avatar\\\/6e8017d0fe69dead8a95864d2eb6e1e1d8bf8e01194ba49cf7b897ff038126ba?s=96&d=mm&r=g\",\"caption\":\"Lui Ochoa\"},\"url\":\"https:\\\/\\\/www.manabi.gob.ec\\\/index.php\\\/author\\\/lochoa\\\/\"}]}<\/script>\n<!-- \/ Yoast SEO plugin. -->","yoast_head_json":{"title":"Seguimos fomentando el deporte y los valores en nuestros ni\u00f1os y adolescentes. - Prefectura de Manab\u00ed","robots":{"index":"index","follow":"follow","max-snippet":"max-snippet:-1","max-image-preview":"max-image-preview:large","max-video-preview":"max-video-preview:-1"},"canonical":"https:\/\/www.manabi.gob.ec\/index.php\/seguimos-fomentando-el-deporte-y-los-valores-en-nuestros-ninos-y-adolescentes\/","og_locale":"es_ES","og_type":"article","og_title":"Seguimos fomentando el deporte y los valores en nuestros ni\u00f1os y adolescentes. - Prefectura de Manab\u00ed","og_description":"En la parroquia Calder\u00f3n del cant\u00f3n Portoviejo, el prefecto, Leonardo Orlando, oficializ\u00f3 la entrega de 450 kits de implementos deportivos para igual n\u00famero de ni\u00f1os, ni\u00f1as y adolescentes, beneficiarios del proyecto deportivo y recreacional \u00abEntrenando Valores\u00bb, que ejecuta la Prefectura de Manab\u00ed a trav\u00e9s de la Direcci\u00f3n de Desarrollo Social. \u201cLos ni\u00f1os deben crecer estudiando, [&hellip;]","og_url":"https:\/\/www.manabi.gob.ec\/index.php\/seguimos-fomentando-el-deporte-y-los-valores-en-nuestros-ninos-y-adolescentes\/","og_site_name":"Prefectura de Manab\u00ed","article_published_time":"2022-05-11T17:01:23+00:00","article_modified_time":"2022-05-11T17:01:28+00:00","og_image":[{"width":2560,"height":1983,"url":"https:\/\/www.manabi.gob.ec\/wp-content\/uploads\/2022\/05\/C46V5299-scaled.jpg","type":"image\/jpeg"}],"author":"Lui Ochoa","twitter_card":"summary_large_image","twitter_misc":{"Escrito por":"Lui Ochoa","Tiempo de lectura":"2 minutos"},"schema":{"@context":"https:\/\/schema.org","@graph":[{"@type":"Article","@id":"https:\/\/www.manabi.gob.ec\/index.php\/seguimos-fomentando-el-deporte-y-los-valores-en-nuestros-ninos-y-adolescentes\/#article","isPartOf":{"@id":"https:\/\/www.manabi.gob.ec\/index.php\/seguimos-fomentando-el-deporte-y-los-valores-en-nuestros-ninos-y-adolescentes\/"},"author":{"name":"Lui Ochoa","@id":"https:\/\/www.manabi.gob.ec\/#\/schema\/person\/c4f117989332ad723a6ced5994aa7d7a"},"headline":"Seguimos fomentando el deporte y los valores en nuestros ni\u00f1os y adolescentes.","datePublished":"2022-05-11T17:01:23+00:00","dateModified":"2022-05-11T17:01:28+00:00","mainEntityOfPage":{"@id":"https:\/\/www.manabi.gob.ec\/index.php\/seguimos-fomentando-el-deporte-y-los-valores-en-nuestros-ninos-y-adolescentes\/"},"wordCount":285,"image":{"@id":"https:\/\/www.manabi.gob.ec\/index.php\/seguimos-fomentando-el-deporte-y-los-valores-en-nuestros-ninos-y-adolescentes\/#primaryimage"},"thumbnailUrl":"https:\/\/www.manabi.gob.ec\/wp-content\/uploads\/2022\/05\/C46V5299-scaled.jpg","keywords":["manab\u00ed"],"articleSection":["Desarrollo Social","Noticias","Participaci\u00f3n ciudadana","Portoviejo","Todas"],"inLanguage":"es"},{"@type":"WebPage","@id":"https:\/\/www.manabi.gob.ec\/index.php\/seguimos-fomentando-el-deporte-y-los-valores-en-nuestros-ninos-y-adolescentes\/","url":"https:\/\/www.manabi.gob.ec\/index.php\/seguimos-fomentando-el-deporte-y-los-valores-en-nuestros-ninos-y-adolescentes\/","name":"Seguimos fomentando el deporte y los valores en nuestros ni\u00f1os y adolescentes. - Prefectura de Manab\u00ed","isPartOf":{"@id":"https:\/\/www.manabi.gob.ec\/#website"},"primaryImageOfPage":{"@id":"https:\/\/www.manabi.gob.ec\/index.php\/seguimos-fomentando-el-deporte-y-los-valores-en-nuestros-ninos-y-adolescentes\/#primaryimage"},"image":{"@id":"https:\/\/www.manabi.gob.ec\/index.php\/seguimos-fomentando-el-deporte-y-los-valores-en-nuestros-ninos-y-adolescentes\/#primaryimage"},"thumbnailUrl":"https:\/\/www.manabi.gob.ec\/wp-content\/uploads\/2022\/05\/C46V5299-scaled.jpg","datePublished":"2022-05-11T17:01:23+00:00","dateModified":"2022-05-11T17:01:28+00:00","author":{"@id":"https:\/\/www.manabi.gob.ec\/#\/schema\/person\/c4f117989332ad723a6ced5994aa7d7a"},"breadcrumb":{"@id":"https:\/\/www.manabi.gob.ec\/index.php\/seguimos-fomentando-el-deporte-y-los-valores-en-nuestros-ninos-y-adolescentes\/#breadcrumb"},"inLanguage":"es","potentialAction":[{"@type":"ReadAction","target":["https:\/\/www.manabi.gob.ec\/index.php\/seguimos-fomentando-el-deporte-y-los-valores-en-nuestros-ninos-y-adolescentes\/"]}]},{"@type":"ImageObject","inLanguage":"es","@id":"https:\/\/www.manabi.gob.ec\/index.php\/seguimos-fomentando-el-deporte-y-los-valores-en-nuestros-ninos-y-adolescentes\/#primaryimage","url":"https:\/\/www.manabi.gob.ec\/wp-content\/uploads\/2022\/05\/C46V5299-scaled.jpg","contentUrl":"https:\/\/www.manabi.gob.ec\/wp-content\/uploads\/2022\/05\/C46V5299-scaled.jpg","width":2560,"height":1983},{"@type":"BreadcrumbList","@id":"https:\/\/www.manabi.gob.ec\/index.php\/seguimos-fomentando-el-deporte-y-los-valores-en-nuestros-ninos-y-adolescentes\/#breadcrumb","itemListElement":[{"@type":"ListItem","position":1,"name":"Portada","item":"https:\/\/www.manabi.gob.ec\/"},{"@type":"ListItem","position":2,"name":"Seguimos fomentando el deporte y los valores en nuestros ni\u00f1os y adolescentes."}]},{"@type":"WebSite","@id":"https:\/\/www.manabi.gob.ec\/#website","url":"https:\/\/www.manabi.gob.ec\/","name":"Prefectura de Manab\u00ed","description":"P\u00e1gina web de la prefectura","potentialAction":[{"@type":"SearchAction","target":{"@type":"EntryPoint","urlTemplate":"https:\/\/www.manabi.gob.ec\/?s={search_term_string}"},"query-input":{"@type":"PropertyValueSpecification","valueRequired":true,"valueName":"search_term_string"}}],"inLanguage":"es"},{"@type":"Person","@id":"https:\/\/www.manabi.gob.ec\/#\/schema\/person\/c4f117989332ad723a6ced5994aa7d7a","name":"Lui Ochoa","image":{"@type":"ImageObject","inLanguage":"es","@id":"https:\/\/secure.gravatar.com\/avatar\/6e8017d0fe69dead8a95864d2eb6e1e1d8bf8e01194ba49cf7b897ff038126ba?s=96&d=mm&r=g","url":"https:\/\/secure.gravatar.com\/avatar\/6e8017d0fe69dead8a95864d2eb6e1e1d8bf8e01194ba49cf7b897ff038126ba?s=96&d=mm&r=g","contentUrl":"https:\/\/secure.gravatar.com\/avatar\/6e8017d0fe69dead8a95864d2eb6e1e1d8bf8e01194ba49cf7b897ff038126ba?s=96&d=mm&r=g","caption":"Lui Ochoa"},"url":"https:\/\/www.manabi.gob.ec\/index.php\/author\/lochoa\/"}]}},"jetpack_featured_media_url":"https:\/\/www.manabi.gob.ec\/wp-content\/uploads\/2022\/05\/C46V5299-scaled.jpg","_links":{"self":[{"href":"https:\/\/www.manabi.gob.ec\/index.php\/wp-json\/wp\/v2\/posts\/20653","targetHints":{"allow":["GET"]}}],"collection":[{"href":"https:\/\/www.manabi.gob.ec\/index.php\/wp-json\/wp\/v2\/posts"}],"about":[{"href":"https:\/\/www.manabi.gob.ec\/index.php\/wp-json\/wp\/v2\/types\/post"}],"author":[{"embeddable":true,"href":"https:\/\/www.manabi.gob.ec\/index.php\/wp-json\/wp\/v2\/users\/10"}],"replies":[{"embeddable":true,"href":"https:\/\/www.manabi.gob.ec\/index.php\/wp-json\/wp\/v2\/comments?post=20653"}],"version-history":[{"count":0,"href":"https:\/\/www.manabi.gob.ec\/index.php\/wp-json\/wp\/v2\/posts\/20653\/revisions"}],"wp:featuredmedia":[{"embeddable":true,"href":"https:\/\/www.manabi.gob.ec\/index.php\/wp-json\/wp\/v2\/media\/20654"}],"wp:attachment":[{"href":"https:\/\/www.manabi.gob.ec\/index.php\/wp-json\/wp\/v2\/media?parent=20653"}],"wp:term":[{"taxonomy":"category","embeddable":true,"href":"https:\/\/www.manabi.gob.ec\/index.php\/wp-json\/wp\/v2\/categories?post=20653"},{"taxonomy":"post_tag","embeddable":true,"href":"https:\/\/www.manabi.gob.ec\/index.php\/wp-json\/wp\/v2\/tags?post=20653"}],"curies":[{"name":"wp","href":"https:\/\/api.w.org\/{rel}","templated":true}]}}