{"id":20680,"date":"2022-05-11T21:57:42","date_gmt":"2022-05-11T21:57:42","guid":{"rendered":"https:\/\/www.manabi.gob.ec\/?p=20680"},"modified":"2022-05-11T21:57:46","modified_gmt":"2022-05-11T21:57:46","slug":"esperanza-y-alegria-por-una-obra-esperada-por-mas-de-40-anos-en-barraganete","status":"publish","type":"post","link":"https:\/\/www.manabi.gob.ec\/index.php\/esperanza-y-alegria-por-una-obra-esperada-por-mas-de-40-anos-en-barraganete\/","title":{"rendered":"Esperanza y alegr\u00eda por una obra esperada por m\u00e1s de 40 a\u00f1os en Barraganete."},"content":{"rendered":"\n<p>En la v\u00eda El Guayabo \u2013 Los Laureles se vive desde ya d\u00edas de esperanza y alegr\u00eda por la pronta inauguraci\u00f3n del puente sobre el r\u00edo El Toro en la parroquia Barraganete del cant\u00f3n Pichincha.<\/p>\n\n\n\n<figure class=\"wp-block-image size-large\"><img loading=\"lazy\" decoding=\"async\" width=\"768\" height=\"1024\" src=\"https:\/\/www.manabi.gob.ec\/wp-content\/uploads\/2022\/05\/4A79B74F-3769-4B11-8C99-794E8D643CFC-768x1024.jpeg\" alt=\"\" class=\"wp-image-20683\" srcset=\"https:\/\/www.manabi.gob.ec\/wp-content\/uploads\/2022\/05\/4A79B74F-3769-4B11-8C99-794E8D643CFC-768x1024.jpeg 768w, https:\/\/www.manabi.gob.ec\/wp-content\/uploads\/2022\/05\/4A79B74F-3769-4B11-8C99-794E8D643CFC-225x300.jpeg 225w, https:\/\/www.manabi.gob.ec\/wp-content\/uploads\/2022\/05\/4A79B74F-3769-4B11-8C99-794E8D643CFC.jpeg 960w\" sizes=\"auto, (max-width: 768px) 100vw, 768px\" \/><\/figure>\n\n\n\n<p>La Prefectura de Manab\u00ed inaugurar\u00e1 y entregar\u00e1 a la ciudadan\u00eda este s\u00e1bado 14 de mayo el viaducto esperado por m\u00e1s de 40 a\u00f1os.<\/p>\n\n\n\n<p>Elvis Anchundia, de la comunidad El Pavo, mencion\u00f3 que est\u00e1n contentos de que esta obra fue muy esperada y hoy es una realidad.<\/p>\n\n\n\n<p>\u201cAtr\u00e1s quedaron los d\u00edas en donde muchas madres ten\u00edan que amarrarse un cabo para pasar por el r\u00edo al otro lado. M\u00e1s de 16 comunidades nos beneficiamos de esta obra\u201d, mencion\u00f3 Anchundia.<\/p>\n\n\n\n<p>Las actividades de inauguraci\u00f3n de esta obra iniciar\u00e1n a las 11h00 en la explanada del puente y el prefecto, Leonardo Orlando estar\u00e1 en el lugar para compartir con los habitantes de este cant\u00f3n.<\/p>\n\n\n\n<p>El puente tiene una longitud de 32 metros y se invirti\u00f3 un total de $ 418.988,39.<\/p>\n\n\n\n<figure class=\"wp-block-image size-large\"><img loading=\"lazy\" decoding=\"async\" width=\"1024\" height=\"730\" src=\"https:\/\/www.manabi.gob.ec\/wp-content\/uploads\/2022\/05\/A436297B-35D6-4583-9C2C-F86504720B0B-1024x730.jpeg\" alt=\"\" class=\"wp-image-20682\" srcset=\"https:\/\/www.manabi.gob.ec\/wp-content\/uploads\/2022\/05\/A436297B-35D6-4583-9C2C-F86504720B0B-1024x730.jpeg 1024w, https:\/\/www.manabi.gob.ec\/wp-content\/uploads\/2022\/05\/A436297B-35D6-4583-9C2C-F86504720B0B-300x214.jpeg 300w, https:\/\/www.manabi.gob.ec\/wp-content\/uploads\/2022\/05\/A436297B-35D6-4583-9C2C-F86504720B0B-768x548.jpeg 768w, https:\/\/www.manabi.gob.ec\/wp-content\/uploads\/2022\/05\/A436297B-35D6-4583-9C2C-F86504720B0B.jpeg 1280w\" sizes=\"auto, (max-width: 1024px) 100vw, 1024px\" \/><\/figure>\n","protected":false},"excerpt":{"rendered":"<p>En la v\u00eda El Guayabo \u2013 Los Laureles se vive desde ya d\u00edas de esperanza y alegr\u00eda por la pronta inauguraci\u00f3n del puente sobre el r\u00edo El Toro en la parroquia Barraganete del cant\u00f3n Pichincha. La Prefectura de Manab\u00ed inaugurar\u00e1 y entregar\u00e1 a la ciudadan\u00eda este s\u00e1bado 14 de mayo el viaducto esperado por m\u00e1s [&hellip;]<\/p>\n","protected":false},"author":10,"featured_media":20681,"comment_status":"closed","ping_status":"closed","sticky":false,"template":"","format":"standard","meta":{"_joinchat":[],"footnotes":""},"categories":[142,92,181,200,91,127],"tags":[],"class_list":["post-20680","post","type-post","status-publish","format-standard","has-post-thumbnail","hentry","category-desarrollo-social","category-noticias-manabi","category-obra-publica","category-pichincha","category-todas","category-vialidad"],"yoast_head":"<!-- This site is optimized with the Yoast SEO plugin v27.4 - https:\/\/yoast.com\/product\/yoast-seo-wordpress\/ -->\n<title>Esperanza y alegr\u00eda por una obra esperada por m\u00e1s de 40 a\u00f1os en Barraganete. - Prefectura de Manab\u00ed<\/title>\n<meta name=\"description\" content=\"En la v\u00eda El Guayabo \u2013 Los Laureles se vive desde ya d\u00edas de esperanza y alegr\u00eda por la pronta inauguraci\u00f3n del puente sobre el r\u00edo El Toro en la parroquia Barraganete del cant\u00f3n Pichincha. La Prefectura de Manab\u00ed inaugurar\u00e1 y entregar\u00e1 a la ciudadan\u00eda este s\u00e1bado 14 de mayo el viaducto esperado por m\u00e1s de 40 a\u00f1os. Elvis Anchundia, de la comunidad El Pavo, mencion\u00f3 que est\u00e1n contentos de que esta obra fue muy esperada y hoy es una realidad.\u201cAtr\u00e1s quedaron los d\u00edas en donde muchas madres ten\u00edan que amarrarse un cabo para pasar por el r\u00edo al otro lado. M\u00e1s de 16 comunidades nos beneficiamos de esta obra\u201d, mencion\u00f3 Anchundia.Las actividades de inauguraci\u00f3n de esta obra iniciar\u00e1n a las 11h00 en la explanada del puente y el prefecto, Leonardo Orlando estar\u00e1 en el lugar para compartir con los habitantes de este cant\u00f3n.El puente tiene una longitud de 32 metros y se invirti\u00f3 un total de $ 418.988,39.\" \/>\n<meta name=\"robots\" content=\"index, follow, max-snippet:-1, max-image-preview:large, max-video-preview:-1\" \/>\n<link rel=\"canonical\" href=\"https:\/\/www.manabi.gob.ec\/index.php\/esperanza-y-alegria-por-una-obra-esperada-por-mas-de-40-anos-en-barraganete\/\" \/>\n<meta property=\"og:locale\" content=\"es_ES\" \/>\n<meta property=\"og:type\" content=\"article\" \/>\n<meta property=\"og:title\" content=\"Esperanza y alegr\u00eda por una obra esperada por m\u00e1s de 40 a\u00f1os en Barraganete. - Prefectura de Manab\u00ed\" \/>\n<meta property=\"og:description\" content=\"En la v\u00eda El Guayabo \u2013 Los Laureles se vive desde ya d\u00edas de esperanza y alegr\u00eda por la pronta inauguraci\u00f3n del puente sobre el r\u00edo El Toro en la parroquia Barraganete del cant\u00f3n Pichincha. La Prefectura de Manab\u00ed inaugurar\u00e1 y entregar\u00e1 a la ciudadan\u00eda este s\u00e1bado 14 de mayo el viaducto esperado por m\u00e1s de 40 a\u00f1os. Elvis Anchundia, de la comunidad El Pavo, mencion\u00f3 que est\u00e1n contentos de que esta obra fue muy esperada y hoy es una realidad.\u201cAtr\u00e1s quedaron los d\u00edas en donde muchas madres ten\u00edan que amarrarse un cabo para pasar por el r\u00edo al otro lado. M\u00e1s de 16 comunidades nos beneficiamos de esta obra\u201d, mencion\u00f3 Anchundia.Las actividades de inauguraci\u00f3n de esta obra iniciar\u00e1n a las 11h00 en la explanada del puente y el prefecto, Leonardo Orlando estar\u00e1 en el lugar para compartir con los habitantes de este cant\u00f3n.El puente tiene una longitud de 32 metros y se invirti\u00f3 un total de $ 418.988,39.\" \/>\n<meta property=\"og:url\" content=\"https:\/\/www.manabi.gob.ec\/index.php\/esperanza-y-alegria-por-una-obra-esperada-por-mas-de-40-anos-en-barraganete\/\" \/>\n<meta property=\"og:site_name\" content=\"Prefectura de Manab\u00ed\" \/>\n<meta property=\"article:published_time\" content=\"2022-05-11T21:57:42+00:00\" \/>\n<meta property=\"article:modified_time\" content=\"2022-05-11T21:57:46+00:00\" \/>\n<meta property=\"og:image\" content=\"https:\/\/www.manabi.gob.ec\/wp-content\/uploads\/2022\/05\/531D2DD5-D6A9-4BAF-8B35-EAA1BD08B22A.jpeg\" \/>\n\t<meta property=\"og:image:width\" content=\"1280\" \/>\n\t<meta property=\"og:image:height\" content=\"853\" \/>\n\t<meta property=\"og:image:type\" content=\"image\/jpeg\" \/>\n<meta name=\"author\" content=\"Lui Ochoa\" \/>\n<meta name=\"twitter:card\" content=\"summary_large_image\" \/>\n<meta name=\"twitter:label1\" content=\"Escrito por\" \/>\n\t<meta name=\"twitter:data1\" content=\"Lui Ochoa\" \/>\n\t<meta name=\"twitter:label2\" content=\"Tiempo de lectura\" \/>\n\t<meta name=\"twitter:data2\" content=\"2 minutos\" \/>\n<script type=\"application\/ld+json\" class=\"yoast-schema-graph\">{\"@context\":\"https:\\\/\\\/schema.org\",\"@graph\":[{\"@type\":\"Article\",\"@id\":\"https:\\\/\\\/www.manabi.gob.ec\\\/index.php\\\/esperanza-y-alegria-por-una-obra-esperada-por-mas-de-40-anos-en-barraganete\\\/#article\",\"isPartOf\":{\"@id\":\"https:\\\/\\\/www.manabi.gob.ec\\\/index.php\\\/esperanza-y-alegria-por-una-obra-esperada-por-mas-de-40-anos-en-barraganete\\\/\"},\"author\":{\"name\":\"Lui Ochoa\",\"@id\":\"https:\\\/\\\/www.manabi.gob.ec\\\/#\\\/schema\\\/person\\\/c4f117989332ad723a6ced5994aa7d7a\"},\"headline\":\"Esperanza y alegr\u00eda por una obra esperada por m\u00e1s de 40 a\u00f1os en Barraganete.\",\"datePublished\":\"2022-05-11T21:57:42+00:00\",\"dateModified\":\"2022-05-11T21:57:46+00:00\",\"mainEntityOfPage\":{\"@id\":\"https:\\\/\\\/www.manabi.gob.ec\\\/index.php\\\/esperanza-y-alegria-por-una-obra-esperada-por-mas-de-40-anos-en-barraganete\\\/\"},\"wordCount\":190,\"image\":{\"@id\":\"https:\\\/\\\/www.manabi.gob.ec\\\/index.php\\\/esperanza-y-alegria-por-una-obra-esperada-por-mas-de-40-anos-en-barraganete\\\/#primaryimage\"},\"thumbnailUrl\":\"https:\\\/\\\/www.manabi.gob.ec\\\/wp-content\\\/uploads\\\/2022\\\/05\\\/531D2DD5-D6A9-4BAF-8B35-EAA1BD08B22A.jpeg\",\"articleSection\":[\"Desarrollo Social\",\"Noticias\",\"Obra P\u00fablica\",\"Pichincha\",\"Todas\",\"Vialidad\"],\"inLanguage\":\"es\"},{\"@type\":\"WebPage\",\"@id\":\"https:\\\/\\\/www.manabi.gob.ec\\\/index.php\\\/esperanza-y-alegria-por-una-obra-esperada-por-mas-de-40-anos-en-barraganete\\\/\",\"url\":\"https:\\\/\\\/www.manabi.gob.ec\\\/index.php\\\/esperanza-y-alegria-por-una-obra-esperada-por-mas-de-40-anos-en-barraganete\\\/\",\"name\":\"Esperanza y alegr\u00eda por una obra esperada por m\u00e1s de 40 a\u00f1os en Barraganete. - Prefectura de Manab\u00ed\",\"isPartOf\":{\"@id\":\"https:\\\/\\\/www.manabi.gob.ec\\\/#website\"},\"primaryImageOfPage\":{\"@id\":\"https:\\\/\\\/www.manabi.gob.ec\\\/index.php\\\/esperanza-y-alegria-por-una-obra-esperada-por-mas-de-40-anos-en-barraganete\\\/#primaryimage\"},\"image\":{\"@id\":\"https:\\\/\\\/www.manabi.gob.ec\\\/index.php\\\/esperanza-y-alegria-por-una-obra-esperada-por-mas-de-40-anos-en-barraganete\\\/#primaryimage\"},\"thumbnailUrl\":\"https:\\\/\\\/www.manabi.gob.ec\\\/wp-content\\\/uploads\\\/2022\\\/05\\\/531D2DD5-D6A9-4BAF-8B35-EAA1BD08B22A.jpeg\",\"datePublished\":\"2022-05-11T21:57:42+00:00\",\"dateModified\":\"2022-05-11T21:57:46+00:00\",\"author\":{\"@id\":\"https:\\\/\\\/www.manabi.gob.ec\\\/#\\\/schema\\\/person\\\/c4f117989332ad723a6ced5994aa7d7a\"},\"description\":\"En la v\u00eda El Guayabo \u2013 Los Laureles se vive desde ya d\u00edas de esperanza y alegr\u00eda por la pronta inauguraci\u00f3n del puente sobre el r\u00edo El Toro en la parroquia Barraganete del cant\u00f3n Pichincha. La Prefectura de Manab\u00ed inaugurar\u00e1 y entregar\u00e1 a la ciudadan\u00eda este s\u00e1bado 14 de mayo el viaducto esperado por m\u00e1s de 40 a\u00f1os. Elvis Anchundia, de la comunidad El Pavo, mencion\u00f3 que est\u00e1n contentos de que esta obra fue muy esperada y hoy es una realidad.\u201cAtr\u00e1s quedaron los d\u00edas en donde muchas madres ten\u00edan que amarrarse un cabo para pasar por el r\u00edo al otro lado. M\u00e1s de 16 comunidades nos beneficiamos de esta obra\u201d, mencion\u00f3 Anchundia.Las actividades de inauguraci\u00f3n de esta obra iniciar\u00e1n a las 11h00 en la explanada del puente y el prefecto, Leonardo Orlando estar\u00e1 en el lugar para compartir con los habitantes de este cant\u00f3n.El puente tiene una longitud de 32 metros y se invirti\u00f3 un total de $ 418.988,39.\",\"breadcrumb\":{\"@id\":\"https:\\\/\\\/www.manabi.gob.ec\\\/index.php\\\/esperanza-y-alegria-por-una-obra-esperada-por-mas-de-40-anos-en-barraganete\\\/#breadcrumb\"},\"inLanguage\":\"es\",\"potentialAction\":[{\"@type\":\"ReadAction\",\"target\":[\"https:\\\/\\\/www.manabi.gob.ec\\\/index.php\\\/esperanza-y-alegria-por-una-obra-esperada-por-mas-de-40-anos-en-barraganete\\\/\"]}]},{\"@type\":\"ImageObject\",\"inLanguage\":\"es\",\"@id\":\"https:\\\/\\\/www.manabi.gob.ec\\\/index.php\\\/esperanza-y-alegria-por-una-obra-esperada-por-mas-de-40-anos-en-barraganete\\\/#primaryimage\",\"url\":\"https:\\\/\\\/www.manabi.gob.ec\\\/wp-content\\\/uploads\\\/2022\\\/05\\\/531D2DD5-D6A9-4BAF-8B35-EAA1BD08B22A.jpeg\",\"contentUrl\":\"https:\\\/\\\/www.manabi.gob.ec\\\/wp-content\\\/uploads\\\/2022\\\/05\\\/531D2DD5-D6A9-4BAF-8B35-EAA1BD08B22A.jpeg\",\"width\":1280,\"height\":853},{\"@type\":\"BreadcrumbList\",\"@id\":\"https:\\\/\\\/www.manabi.gob.ec\\\/index.php\\\/esperanza-y-alegria-por-una-obra-esperada-por-mas-de-40-anos-en-barraganete\\\/#breadcrumb\",\"itemListElement\":[{\"@type\":\"ListItem\",\"position\":1,\"name\":\"Portada\",\"item\":\"https:\\\/\\\/www.manabi.gob.ec\\\/\"},{\"@type\":\"ListItem\",\"position\":2,\"name\":\"Esperanza y alegr\u00eda por una obra esperada por m\u00e1s de 40 a\u00f1os en Barraganete.\"}]},{\"@type\":\"WebSite\",\"@id\":\"https:\\\/\\\/www.manabi.gob.ec\\\/#website\",\"url\":\"https:\\\/\\\/www.manabi.gob.ec\\\/\",\"name\":\"Prefectura de Manab\u00ed\",\"description\":\"P\u00e1gina web de la prefectura\",\"potentialAction\":[{\"@type\":\"SearchAction\",\"target\":{\"@type\":\"EntryPoint\",\"urlTemplate\":\"https:\\\/\\\/www.manabi.gob.ec\\\/?s={search_term_string}\"},\"query-input\":{\"@type\":\"PropertyValueSpecification\",\"valueRequired\":true,\"valueName\":\"search_term_string\"}}],\"inLanguage\":\"es\"},{\"@type\":\"Person\",\"@id\":\"https:\\\/\\\/www.manabi.gob.ec\\\/#\\\/schema\\\/person\\\/c4f117989332ad723a6ced5994aa7d7a\",\"name\":\"Lui Ochoa\",\"image\":{\"@type\":\"ImageObject\",\"inLanguage\":\"es\",\"@id\":\"https:\\\/\\\/secure.gravatar.com\\\/avatar\\\/6e8017d0fe69dead8a95864d2eb6e1e1d8bf8e01194ba49cf7b897ff038126ba?s=96&d=mm&r=g\",\"url\":\"https:\\\/\\\/secure.gravatar.com\\\/avatar\\\/6e8017d0fe69dead8a95864d2eb6e1e1d8bf8e01194ba49cf7b897ff038126ba?s=96&d=mm&r=g\",\"contentUrl\":\"https:\\\/\\\/secure.gravatar.com\\\/avatar\\\/6e8017d0fe69dead8a95864d2eb6e1e1d8bf8e01194ba49cf7b897ff038126ba?s=96&d=mm&r=g\",\"caption\":\"Lui Ochoa\"},\"url\":\"https:\\\/\\\/www.manabi.gob.ec\\\/index.php\\\/author\\\/lochoa\\\/\"}]}<\/script>\n<!-- \/ Yoast SEO plugin. -->","yoast_head_json":{"title":"Esperanza y alegr\u00eda por una obra esperada por m\u00e1s de 40 a\u00f1os en Barraganete. - Prefectura de Manab\u00ed","description":"En la v\u00eda El Guayabo \u2013 Los Laureles se vive desde ya d\u00edas de esperanza y alegr\u00eda por la pronta inauguraci\u00f3n del puente sobre el r\u00edo El Toro en la parroquia Barraganete del cant\u00f3n Pichincha. La Prefectura de Manab\u00ed inaugurar\u00e1 y entregar\u00e1 a la ciudadan\u00eda este s\u00e1bado 14 de mayo el viaducto esperado por m\u00e1s de 40 a\u00f1os. Elvis Anchundia, de la comunidad El Pavo, mencion\u00f3 que est\u00e1n contentos de que esta obra fue muy esperada y hoy es una realidad.\u201cAtr\u00e1s quedaron los d\u00edas en donde muchas madres ten\u00edan que amarrarse un cabo para pasar por el r\u00edo al otro lado. M\u00e1s de 16 comunidades nos beneficiamos de esta obra\u201d, mencion\u00f3 Anchundia.Las actividades de inauguraci\u00f3n de esta obra iniciar\u00e1n a las 11h00 en la explanada del puente y el prefecto, Leonardo Orlando estar\u00e1 en el lugar para compartir con los habitantes de este cant\u00f3n.El puente tiene una longitud de 32 metros y se invirti\u00f3 un total de $ 418.988,39.","robots":{"index":"index","follow":"follow","max-snippet":"max-snippet:-1","max-image-preview":"max-image-preview:large","max-video-preview":"max-video-preview:-1"},"canonical":"https:\/\/www.manabi.gob.ec\/index.php\/esperanza-y-alegria-por-una-obra-esperada-por-mas-de-40-anos-en-barraganete\/","og_locale":"es_ES","og_type":"article","og_title":"Esperanza y alegr\u00eda por una obra esperada por m\u00e1s de 40 a\u00f1os en Barraganete. - Prefectura de Manab\u00ed","og_description":"En la v\u00eda El Guayabo \u2013 Los Laureles se vive desde ya d\u00edas de esperanza y alegr\u00eda por la pronta inauguraci\u00f3n del puente sobre el r\u00edo El Toro en la parroquia Barraganete del cant\u00f3n Pichincha. La Prefectura de Manab\u00ed inaugurar\u00e1 y entregar\u00e1 a la ciudadan\u00eda este s\u00e1bado 14 de mayo el viaducto esperado por m\u00e1s de 40 a\u00f1os. Elvis Anchundia, de la comunidad El Pavo, mencion\u00f3 que est\u00e1n contentos de que esta obra fue muy esperada y hoy es una realidad.\u201cAtr\u00e1s quedaron los d\u00edas en donde muchas madres ten\u00edan que amarrarse un cabo para pasar por el r\u00edo al otro lado. M\u00e1s de 16 comunidades nos beneficiamos de esta obra\u201d, mencion\u00f3 Anchundia.Las actividades de inauguraci\u00f3n de esta obra iniciar\u00e1n a las 11h00 en la explanada del puente y el prefecto, Leonardo Orlando estar\u00e1 en el lugar para compartir con los habitantes de este cant\u00f3n.El puente tiene una longitud de 32 metros y se invirti\u00f3 un total de $ 418.988,39.","og_url":"https:\/\/www.manabi.gob.ec\/index.php\/esperanza-y-alegria-por-una-obra-esperada-por-mas-de-40-anos-en-barraganete\/","og_site_name":"Prefectura de Manab\u00ed","article_published_time":"2022-05-11T21:57:42+00:00","article_modified_time":"2022-05-11T21:57:46+00:00","og_image":[{"width":1280,"height":853,"url":"https:\/\/www.manabi.gob.ec\/wp-content\/uploads\/2022\/05\/531D2DD5-D6A9-4BAF-8B35-EAA1BD08B22A.jpeg","type":"image\/jpeg"}],"author":"Lui Ochoa","twitter_card":"summary_large_image","twitter_misc":{"Escrito por":"Lui Ochoa","Tiempo de lectura":"2 minutos"},"schema":{"@context":"https:\/\/schema.org","@graph":[{"@type":"Article","@id":"https:\/\/www.manabi.gob.ec\/index.php\/esperanza-y-alegria-por-una-obra-esperada-por-mas-de-40-anos-en-barraganete\/#article","isPartOf":{"@id":"https:\/\/www.manabi.gob.ec\/index.php\/esperanza-y-alegria-por-una-obra-esperada-por-mas-de-40-anos-en-barraganete\/"},"author":{"name":"Lui Ochoa","@id":"https:\/\/www.manabi.gob.ec\/#\/schema\/person\/c4f117989332ad723a6ced5994aa7d7a"},"headline":"Esperanza y alegr\u00eda por una obra esperada por m\u00e1s de 40 a\u00f1os en Barraganete.","datePublished":"2022-05-11T21:57:42+00:00","dateModified":"2022-05-11T21:57:46+00:00","mainEntityOfPage":{"@id":"https:\/\/www.manabi.gob.ec\/index.php\/esperanza-y-alegria-por-una-obra-esperada-por-mas-de-40-anos-en-barraganete\/"},"wordCount":190,"image":{"@id":"https:\/\/www.manabi.gob.ec\/index.php\/esperanza-y-alegria-por-una-obra-esperada-por-mas-de-40-anos-en-barraganete\/#primaryimage"},"thumbnailUrl":"https:\/\/www.manabi.gob.ec\/wp-content\/uploads\/2022\/05\/531D2DD5-D6A9-4BAF-8B35-EAA1BD08B22A.jpeg","articleSection":["Desarrollo Social","Noticias","Obra P\u00fablica","Pichincha","Todas","Vialidad"],"inLanguage":"es"},{"@type":"WebPage","@id":"https:\/\/www.manabi.gob.ec\/index.php\/esperanza-y-alegria-por-una-obra-esperada-por-mas-de-40-anos-en-barraganete\/","url":"https:\/\/www.manabi.gob.ec\/index.php\/esperanza-y-alegria-por-una-obra-esperada-por-mas-de-40-anos-en-barraganete\/","name":"Esperanza y alegr\u00eda por una obra esperada por m\u00e1s de 40 a\u00f1os en Barraganete. - Prefectura de Manab\u00ed","isPartOf":{"@id":"https:\/\/www.manabi.gob.ec\/#website"},"primaryImageOfPage":{"@id":"https:\/\/www.manabi.gob.ec\/index.php\/esperanza-y-alegria-por-una-obra-esperada-por-mas-de-40-anos-en-barraganete\/#primaryimage"},"image":{"@id":"https:\/\/www.manabi.gob.ec\/index.php\/esperanza-y-alegria-por-una-obra-esperada-por-mas-de-40-anos-en-barraganete\/#primaryimage"},"thumbnailUrl":"https:\/\/www.manabi.gob.ec\/wp-content\/uploads\/2022\/05\/531D2DD5-D6A9-4BAF-8B35-EAA1BD08B22A.jpeg","datePublished":"2022-05-11T21:57:42+00:00","dateModified":"2022-05-11T21:57:46+00:00","author":{"@id":"https:\/\/www.manabi.gob.ec\/#\/schema\/person\/c4f117989332ad723a6ced5994aa7d7a"},"description":"En la v\u00eda El Guayabo \u2013 Los Laureles se vive desde ya d\u00edas de esperanza y alegr\u00eda por la pronta inauguraci\u00f3n del puente sobre el r\u00edo El Toro en la parroquia Barraganete del cant\u00f3n Pichincha. La Prefectura de Manab\u00ed inaugurar\u00e1 y entregar\u00e1 a la ciudadan\u00eda este s\u00e1bado 14 de mayo el viaducto esperado por m\u00e1s de 40 a\u00f1os. Elvis Anchundia, de la comunidad El Pavo, mencion\u00f3 que est\u00e1n contentos de que esta obra fue muy esperada y hoy es una realidad.\u201cAtr\u00e1s quedaron los d\u00edas en donde muchas madres ten\u00edan que amarrarse un cabo para pasar por el r\u00edo al otro lado. M\u00e1s de 16 comunidades nos beneficiamos de esta obra\u201d, mencion\u00f3 Anchundia.Las actividades de inauguraci\u00f3n de esta obra iniciar\u00e1n a las 11h00 en la explanada del puente y el prefecto, Leonardo Orlando estar\u00e1 en el lugar para compartir con los habitantes de este cant\u00f3n.El puente tiene una longitud de 32 metros y se invirti\u00f3 un total de $ 418.988,39.","breadcrumb":{"@id":"https:\/\/www.manabi.gob.ec\/index.php\/esperanza-y-alegria-por-una-obra-esperada-por-mas-de-40-anos-en-barraganete\/#breadcrumb"},"inLanguage":"es","potentialAction":[{"@type":"ReadAction","target":["https:\/\/www.manabi.gob.ec\/index.php\/esperanza-y-alegria-por-una-obra-esperada-por-mas-de-40-anos-en-barraganete\/"]}]},{"@type":"ImageObject","inLanguage":"es","@id":"https:\/\/www.manabi.gob.ec\/index.php\/esperanza-y-alegria-por-una-obra-esperada-por-mas-de-40-anos-en-barraganete\/#primaryimage","url":"https:\/\/www.manabi.gob.ec\/wp-content\/uploads\/2022\/05\/531D2DD5-D6A9-4BAF-8B35-EAA1BD08B22A.jpeg","contentUrl":"https:\/\/www.manabi.gob.ec\/wp-content\/uploads\/2022\/05\/531D2DD5-D6A9-4BAF-8B35-EAA1BD08B22A.jpeg","width":1280,"height":853},{"@type":"BreadcrumbList","@id":"https:\/\/www.manabi.gob.ec\/index.php\/esperanza-y-alegria-por-una-obra-esperada-por-mas-de-40-anos-en-barraganete\/#breadcrumb","itemListElement":[{"@type":"ListItem","position":1,"name":"Portada","item":"https:\/\/www.manabi.gob.ec\/"},{"@type":"ListItem","position":2,"name":"Esperanza y alegr\u00eda por una obra esperada por m\u00e1s de 40 a\u00f1os en Barraganete."}]},{"@type":"WebSite","@id":"https:\/\/www.manabi.gob.ec\/#website","url":"https:\/\/www.manabi.gob.ec\/","name":"Prefectura de Manab\u00ed","description":"P\u00e1gina web de la prefectura","potentialAction":[{"@type":"SearchAction","target":{"@type":"EntryPoint","urlTemplate":"https:\/\/www.manabi.gob.ec\/?s={search_term_string}"},"query-input":{"@type":"PropertyValueSpecification","valueRequired":true,"valueName":"search_term_string"}}],"inLanguage":"es"},{"@type":"Person","@id":"https:\/\/www.manabi.gob.ec\/#\/schema\/person\/c4f117989332ad723a6ced5994aa7d7a","name":"Lui Ochoa","image":{"@type":"ImageObject","inLanguage":"es","@id":"https:\/\/secure.gravatar.com\/avatar\/6e8017d0fe69dead8a95864d2eb6e1e1d8bf8e01194ba49cf7b897ff038126ba?s=96&d=mm&r=g","url":"https:\/\/secure.gravatar.com\/avatar\/6e8017d0fe69dead8a95864d2eb6e1e1d8bf8e01194ba49cf7b897ff038126ba?s=96&d=mm&r=g","contentUrl":"https:\/\/secure.gravatar.com\/avatar\/6e8017d0fe69dead8a95864d2eb6e1e1d8bf8e01194ba49cf7b897ff038126ba?s=96&d=mm&r=g","caption":"Lui Ochoa"},"url":"https:\/\/www.manabi.gob.ec\/index.php\/author\/lochoa\/"}]}},"jetpack_featured_media_url":"https:\/\/www.manabi.gob.ec\/wp-content\/uploads\/2022\/05\/531D2DD5-D6A9-4BAF-8B35-EAA1BD08B22A.jpeg","_links":{"self":[{"href":"https:\/\/www.manabi.gob.ec\/index.php\/wp-json\/wp\/v2\/posts\/20680","targetHints":{"allow":["GET"]}}],"collection":[{"href":"https:\/\/www.manabi.gob.ec\/index.php\/wp-json\/wp\/v2\/posts"}],"about":[{"href":"https:\/\/www.manabi.gob.ec\/index.php\/wp-json\/wp\/v2\/types\/post"}],"author":[{"embeddable":true,"href":"https:\/\/www.manabi.gob.ec\/index.php\/wp-json\/wp\/v2\/users\/10"}],"replies":[{"embeddable":true,"href":"https:\/\/www.manabi.gob.ec\/index.php\/wp-json\/wp\/v2\/comments?post=20680"}],"version-history":[{"count":0,"href":"https:\/\/www.manabi.gob.ec\/index.php\/wp-json\/wp\/v2\/posts\/20680\/revisions"}],"wp:featuredmedia":[{"embeddable":true,"href":"https:\/\/www.manabi.gob.ec\/index.php\/wp-json\/wp\/v2\/media\/20681"}],"wp:attachment":[{"href":"https:\/\/www.manabi.gob.ec\/index.php\/wp-json\/wp\/v2\/media?parent=20680"}],"wp:term":[{"taxonomy":"category","embeddable":true,"href":"https:\/\/www.manabi.gob.ec\/index.php\/wp-json\/wp\/v2\/categories?post=20680"},{"taxonomy":"post_tag","embeddable":true,"href":"https:\/\/www.manabi.gob.ec\/index.php\/wp-json\/wp\/v2\/tags?post=20680"}],"curies":[{"name":"wp","href":"https:\/\/api.w.org\/{rel}","templated":true}]}}