{"id":20693,"date":"2022-05-12T22:06:07","date_gmt":"2022-05-12T22:06:07","guid":{"rendered":"https:\/\/www.manabi.gob.ec\/?p=20693"},"modified":"2022-05-12T22:17:00","modified_gmt":"2022-05-12T22:17:00","slug":"la-prefectura-hace-justicia-con-el-corozo-2","status":"publish","type":"post","link":"https:\/\/www.manabi.gob.ec\/index.php\/la-prefectura-hace-justicia-con-el-corozo-2\/","title":{"rendered":"La Prefectura hace justicia con El Corozo 2."},"content":{"rendered":"\n<p><\/p>\n\n\n\n<p>\u00abYa podemos salir con zapatos en invierno\u00bb, dijo Gloria Intriago, mientras que Daniel Navia Vera, comentaba entre risas, \u00abYa no voy a brincar mucho en mi moto\u00bb.<\/p>\n\n\n\n<p>Son testimonios de felicidad que se expresan por la construcci\u00f3n de la v\u00eda El Corozo 2, que fue intervenido a nivel de doble tratamiento superficial bituminoso por la Prefectura de Manab\u00ed, bajo la modalidad de contrato con la empresa p\u00fablica Manab\u00ed Vial.<\/p>\n\n\n\n<p>El Corozo 2, siempre ha sido una comunidad invisibilizada, pero gracias a las obras de justicia y equidad que realiza el prefecto, Leonardo Orlando, su gente tiene nuevas oportunidades, manifest\u00f3 Mar\u00eda del Carmen Aray, presidenta del GAD parroquial de Riochico del cant\u00f3n Portoviejo.<\/p>\n\n\n\n<p>La construcci\u00f3n de la v\u00eda Corozo 2, demand\u00f3 una inversi\u00f3n de $96.786, 09. En un plazo de 60 d\u00edas la empresa publica Manab\u00ed Vial, trabaj\u00f3 en la colocaci\u00f3n del doble riego.<\/p>\n\n\n\n<p>Esta obra da bienestar y oportunidades a las cerca de 80 familias que viven en el sector, y en especial a los ni\u00f1os y ni\u00f1as que se educan en la escuela Guillermina Pazmi\u00f1o.<\/p>\n\n\n\n<p>\u00abLa Prefectura le ha dado un gran servicio a la comunidad y oportunidades de crecimiento\u00bb, dijo Jeorge Villafuerte Saltos, profesor de la escuela.<\/p>\n","protected":false},"excerpt":{"rendered":"<p>\u00abYa podemos salir con zapatos en invierno\u00bb, dijo Gloria Intriago, mientras que Daniel Navia Vera, comentaba entre risas, \u00abYa no voy a brincar mucho en mi moto\u00bb. Son testimonios de felicidad que se expresan por la construcci\u00f3n de la v\u00eda El Corozo 2, que fue intervenido a nivel de doble tratamiento superficial bituminoso por la [&hellip;]<\/p>\n","protected":false},"author":10,"featured_media":20696,"comment_status":"closed","ping_status":"closed","sticky":false,"template":"","format":"standard","meta":{"_joinchat":[],"footnotes":""},"categories":[142,170,92,181,193,132,91],"tags":[],"class_list":["post-20693","post","type-post","status-publish","format-standard","has-post-thumbnail","hentry","category-desarrollo-social","category-manabi-vial","category-noticias-manabi","category-obra-publica","category-participacion-ciudadana","category-portoviejo","category-todas"],"yoast_head":"<!-- This site is optimized with the Yoast SEO plugin v27.4 - https:\/\/yoast.com\/product\/yoast-seo-wordpress\/ -->\n<title>La Prefectura hace justicia con El Corozo 2. - Prefectura de Manab\u00ed<\/title>\n<meta name=\"description\" content=\"&quot;Ya podemos salir con zapatos en invierno&quot;, dijo Gloria Intriago, mientras que Daniel Navia Vera, comentaba entre risas, &quot;Ya no voy a brincar mucho en mi moto&quot;.Son testimonios de felicidad que se expresan por la construcci\u00f3n de la v\u00eda El Corozo 2, que fue intervenido a nivel de doble tratamiento superficial bituminoso por la Prefectura de Manab\u00ed, bajo la modalidad de contrato con la empresa p\u00fablica Manab\u00ed Vial.El Corozo 2, siempre ha sido una comunidad invisibilizada, pero gracias a las obras de justicia y equidad que realiza el prefecto, Leonardo Orlando, su gente tiene nuevas oportunidades, manifest\u00f3 Mar\u00eda del Carmen Aray, presidenta del GAD parroquial de Riochico del cant\u00f3n Portoviejo.La construcci\u00f3n de la v\u00eda Corozo 2, demand\u00f3 una inversi\u00f3n de $96.786, 09. En un plazo de 60 d\u00edas la empresa publica Manab\u00ed Vial, trabaj\u00f3 en la colocaci\u00f3n del doble riego.Esta obra da bienestar y oportunidades a las cerca de 80 familias que viven en el sector, y en especial a los ni\u00f1os y ni\u00f1as que se educan en la escuela Guillermina Pazmi\u00f1o.&quot;La Prefectura le ha dado un gran servicio a la comunidad y oportunidades de crecimiento&quot;, dijo Jeorge Villafuerte Saltos, profesor de la escuela.\" \/>\n<meta name=\"robots\" content=\"index, follow, max-snippet:-1, max-image-preview:large, max-video-preview:-1\" \/>\n<link rel=\"canonical\" href=\"https:\/\/www.manabi.gob.ec\/index.php\/la-prefectura-hace-justicia-con-el-corozo-2\/\" \/>\n<meta property=\"og:locale\" content=\"es_ES\" \/>\n<meta property=\"og:type\" content=\"article\" \/>\n<meta property=\"og:title\" content=\"La Prefectura hace justicia con El Corozo 2. - Prefectura de Manab\u00ed\" \/>\n<meta property=\"og:description\" content=\"&quot;Ya podemos salir con zapatos en invierno&quot;, dijo Gloria Intriago, mientras que Daniel Navia Vera, comentaba entre risas, &quot;Ya no voy a brincar mucho en mi moto&quot;.Son testimonios de felicidad que se expresan por la construcci\u00f3n de la v\u00eda El Corozo 2, que fue intervenido a nivel de doble tratamiento superficial bituminoso por la Prefectura de Manab\u00ed, bajo la modalidad de contrato con la empresa p\u00fablica Manab\u00ed Vial.El Corozo 2, siempre ha sido una comunidad invisibilizada, pero gracias a las obras de justicia y equidad que realiza el prefecto, Leonardo Orlando, su gente tiene nuevas oportunidades, manifest\u00f3 Mar\u00eda del Carmen Aray, presidenta del GAD parroquial de Riochico del cant\u00f3n Portoviejo.La construcci\u00f3n de la v\u00eda Corozo 2, demand\u00f3 una inversi\u00f3n de $96.786, 09. En un plazo de 60 d\u00edas la empresa publica Manab\u00ed Vial, trabaj\u00f3 en la colocaci\u00f3n del doble riego.Esta obra da bienestar y oportunidades a las cerca de 80 familias que viven en el sector, y en especial a los ni\u00f1os y ni\u00f1as que se educan en la escuela Guillermina Pazmi\u00f1o.&quot;La Prefectura le ha dado un gran servicio a la comunidad y oportunidades de crecimiento&quot;, dijo Jeorge Villafuerte Saltos, profesor de la escuela.\" \/>\n<meta property=\"og:url\" content=\"https:\/\/www.manabi.gob.ec\/index.php\/la-prefectura-hace-justicia-con-el-corozo-2\/\" \/>\n<meta property=\"og:site_name\" content=\"Prefectura de Manab\u00ed\" \/>\n<meta property=\"article:published_time\" content=\"2022-05-12T22:06:07+00:00\" \/>\n<meta property=\"article:modified_time\" content=\"2022-05-12T22:17:00+00:00\" \/>\n<meta property=\"og:image\" content=\"https:\/\/www.manabi.gob.ec\/wp-content\/uploads\/2022\/05\/WhatsApp-Image-2022-05-12-at-4.26.13-PM-1.jpeg\" \/>\n\t<meta property=\"og:image:width\" content=\"1600\" \/>\n\t<meta property=\"og:image:height\" content=\"720\" \/>\n\t<meta property=\"og:image:type\" content=\"image\/jpeg\" \/>\n<meta name=\"author\" content=\"Lui Ochoa\" \/>\n<meta name=\"twitter:card\" content=\"summary_large_image\" \/>\n<meta name=\"twitter:label1\" content=\"Escrito por\" \/>\n\t<meta name=\"twitter:data1\" content=\"Lui Ochoa\" \/>\n\t<meta name=\"twitter:label2\" content=\"Tiempo de lectura\" \/>\n\t<meta name=\"twitter:data2\" content=\"1 minuto\" \/>\n<script type=\"application\/ld+json\" class=\"yoast-schema-graph\">{\"@context\":\"https:\\\/\\\/schema.org\",\"@graph\":[{\"@type\":\"Article\",\"@id\":\"https:\\\/\\\/www.manabi.gob.ec\\\/index.php\\\/la-prefectura-hace-justicia-con-el-corozo-2\\\/#article\",\"isPartOf\":{\"@id\":\"https:\\\/\\\/www.manabi.gob.ec\\\/index.php\\\/la-prefectura-hace-justicia-con-el-corozo-2\\\/\"},\"author\":{\"name\":\"Lui Ochoa\",\"@id\":\"https:\\\/\\\/www.manabi.gob.ec\\\/#\\\/schema\\\/person\\\/c4f117989332ad723a6ced5994aa7d7a\"},\"headline\":\"La Prefectura hace justicia con El Corozo 2.\",\"datePublished\":\"2022-05-12T22:06:07+00:00\",\"dateModified\":\"2022-05-12T22:17:00+00:00\",\"mainEntityOfPage\":{\"@id\":\"https:\\\/\\\/www.manabi.gob.ec\\\/index.php\\\/la-prefectura-hace-justicia-con-el-corozo-2\\\/\"},\"wordCount\":212,\"image\":{\"@id\":\"https:\\\/\\\/www.manabi.gob.ec\\\/index.php\\\/la-prefectura-hace-justicia-con-el-corozo-2\\\/#primaryimage\"},\"thumbnailUrl\":\"https:\\\/\\\/www.manabi.gob.ec\\\/wp-content\\\/uploads\\\/2022\\\/05\\\/WhatsApp-Image-2022-05-12-at-4.26.13-PM-1.jpeg\",\"articleSection\":[\"Desarrollo Social\",\"Manab\u00ed Vial\",\"Noticias\",\"Obra P\u00fablica\",\"Participaci\u00f3n ciudadana\",\"Portoviejo\",\"Todas\"],\"inLanguage\":\"es\"},{\"@type\":\"WebPage\",\"@id\":\"https:\\\/\\\/www.manabi.gob.ec\\\/index.php\\\/la-prefectura-hace-justicia-con-el-corozo-2\\\/\",\"url\":\"https:\\\/\\\/www.manabi.gob.ec\\\/index.php\\\/la-prefectura-hace-justicia-con-el-corozo-2\\\/\",\"name\":\"La Prefectura hace justicia con El Corozo 2. - Prefectura de Manab\u00ed\",\"isPartOf\":{\"@id\":\"https:\\\/\\\/www.manabi.gob.ec\\\/#website\"},\"primaryImageOfPage\":{\"@id\":\"https:\\\/\\\/www.manabi.gob.ec\\\/index.php\\\/la-prefectura-hace-justicia-con-el-corozo-2\\\/#primaryimage\"},\"image\":{\"@id\":\"https:\\\/\\\/www.manabi.gob.ec\\\/index.php\\\/la-prefectura-hace-justicia-con-el-corozo-2\\\/#primaryimage\"},\"thumbnailUrl\":\"https:\\\/\\\/www.manabi.gob.ec\\\/wp-content\\\/uploads\\\/2022\\\/05\\\/WhatsApp-Image-2022-05-12-at-4.26.13-PM-1.jpeg\",\"datePublished\":\"2022-05-12T22:06:07+00:00\",\"dateModified\":\"2022-05-12T22:17:00+00:00\",\"author\":{\"@id\":\"https:\\\/\\\/www.manabi.gob.ec\\\/#\\\/schema\\\/person\\\/c4f117989332ad723a6ced5994aa7d7a\"},\"description\":\"\\\"Ya podemos salir con zapatos en invierno\\\", dijo Gloria Intriago, mientras que Daniel Navia Vera, comentaba entre risas, \\\"Ya no voy a brincar mucho en mi moto\\\".Son testimonios de felicidad que se expresan por la construcci\u00f3n de la v\u00eda El Corozo 2, que fue intervenido a nivel de doble tratamiento superficial bituminoso por la Prefectura de Manab\u00ed, bajo la modalidad de contrato con la empresa p\u00fablica Manab\u00ed Vial.El Corozo 2, siempre ha sido una comunidad invisibilizada, pero gracias a las obras de justicia y equidad que realiza el prefecto, Leonardo Orlando, su gente tiene nuevas oportunidades, manifest\u00f3 Mar\u00eda del Carmen Aray, presidenta del GAD parroquial de Riochico del cant\u00f3n Portoviejo.La construcci\u00f3n de la v\u00eda Corozo 2, demand\u00f3 una inversi\u00f3n de $96.786, 09. En un plazo de 60 d\u00edas la empresa publica Manab\u00ed Vial, trabaj\u00f3 en la colocaci\u00f3n del doble riego.Esta obra da bienestar y oportunidades a las cerca de 80 familias que viven en el sector, y en especial a los ni\u00f1os y ni\u00f1as que se educan en la escuela Guillermina Pazmi\u00f1o.\\\"La Prefectura le ha dado un gran servicio a la comunidad y oportunidades de crecimiento\\\", dijo Jeorge Villafuerte Saltos, profesor de la escuela.\",\"breadcrumb\":{\"@id\":\"https:\\\/\\\/www.manabi.gob.ec\\\/index.php\\\/la-prefectura-hace-justicia-con-el-corozo-2\\\/#breadcrumb\"},\"inLanguage\":\"es\",\"potentialAction\":[{\"@type\":\"ReadAction\",\"target\":[\"https:\\\/\\\/www.manabi.gob.ec\\\/index.php\\\/la-prefectura-hace-justicia-con-el-corozo-2\\\/\"]}]},{\"@type\":\"ImageObject\",\"inLanguage\":\"es\",\"@id\":\"https:\\\/\\\/www.manabi.gob.ec\\\/index.php\\\/la-prefectura-hace-justicia-con-el-corozo-2\\\/#primaryimage\",\"url\":\"https:\\\/\\\/www.manabi.gob.ec\\\/wp-content\\\/uploads\\\/2022\\\/05\\\/WhatsApp-Image-2022-05-12-at-4.26.13-PM-1.jpeg\",\"contentUrl\":\"https:\\\/\\\/www.manabi.gob.ec\\\/wp-content\\\/uploads\\\/2022\\\/05\\\/WhatsApp-Image-2022-05-12-at-4.26.13-PM-1.jpeg\",\"width\":1600,\"height\":720},{\"@type\":\"BreadcrumbList\",\"@id\":\"https:\\\/\\\/www.manabi.gob.ec\\\/index.php\\\/la-prefectura-hace-justicia-con-el-corozo-2\\\/#breadcrumb\",\"itemListElement\":[{\"@type\":\"ListItem\",\"position\":1,\"name\":\"Portada\",\"item\":\"https:\\\/\\\/www.manabi.gob.ec\\\/\"},{\"@type\":\"ListItem\",\"position\":2,\"name\":\"La Prefectura hace justicia con El Corozo 2.\"}]},{\"@type\":\"WebSite\",\"@id\":\"https:\\\/\\\/www.manabi.gob.ec\\\/#website\",\"url\":\"https:\\\/\\\/www.manabi.gob.ec\\\/\",\"name\":\"Prefectura de Manab\u00ed\",\"description\":\"P\u00e1gina web de la prefectura\",\"potentialAction\":[{\"@type\":\"SearchAction\",\"target\":{\"@type\":\"EntryPoint\",\"urlTemplate\":\"https:\\\/\\\/www.manabi.gob.ec\\\/?s={search_term_string}\"},\"query-input\":{\"@type\":\"PropertyValueSpecification\",\"valueRequired\":true,\"valueName\":\"search_term_string\"}}],\"inLanguage\":\"es\"},{\"@type\":\"Person\",\"@id\":\"https:\\\/\\\/www.manabi.gob.ec\\\/#\\\/schema\\\/person\\\/c4f117989332ad723a6ced5994aa7d7a\",\"name\":\"Lui Ochoa\",\"image\":{\"@type\":\"ImageObject\",\"inLanguage\":\"es\",\"@id\":\"https:\\\/\\\/secure.gravatar.com\\\/avatar\\\/6e8017d0fe69dead8a95864d2eb6e1e1d8bf8e01194ba49cf7b897ff038126ba?s=96&d=mm&r=g\",\"url\":\"https:\\\/\\\/secure.gravatar.com\\\/avatar\\\/6e8017d0fe69dead8a95864d2eb6e1e1d8bf8e01194ba49cf7b897ff038126ba?s=96&d=mm&r=g\",\"contentUrl\":\"https:\\\/\\\/secure.gravatar.com\\\/avatar\\\/6e8017d0fe69dead8a95864d2eb6e1e1d8bf8e01194ba49cf7b897ff038126ba?s=96&d=mm&r=g\",\"caption\":\"Lui Ochoa\"},\"url\":\"https:\\\/\\\/www.manabi.gob.ec\\\/index.php\\\/author\\\/lochoa\\\/\"}]}<\/script>\n<!-- \/ Yoast SEO plugin. -->","yoast_head_json":{"title":"La Prefectura hace justicia con El Corozo 2. - Prefectura de Manab\u00ed","description":"\"Ya podemos salir con zapatos en invierno\", dijo Gloria Intriago, mientras que Daniel Navia Vera, comentaba entre risas, \"Ya no voy a brincar mucho en mi moto\".Son testimonios de felicidad que se expresan por la construcci\u00f3n de la v\u00eda El Corozo 2, que fue intervenido a nivel de doble tratamiento superficial bituminoso por la Prefectura de Manab\u00ed, bajo la modalidad de contrato con la empresa p\u00fablica Manab\u00ed Vial.El Corozo 2, siempre ha sido una comunidad invisibilizada, pero gracias a las obras de justicia y equidad que realiza el prefecto, Leonardo Orlando, su gente tiene nuevas oportunidades, manifest\u00f3 Mar\u00eda del Carmen Aray, presidenta del GAD parroquial de Riochico del cant\u00f3n Portoviejo.La construcci\u00f3n de la v\u00eda Corozo 2, demand\u00f3 una inversi\u00f3n de $96.786, 09. En un plazo de 60 d\u00edas la empresa publica Manab\u00ed Vial, trabaj\u00f3 en la colocaci\u00f3n del doble riego.Esta obra da bienestar y oportunidades a las cerca de 80 familias que viven en el sector, y en especial a los ni\u00f1os y ni\u00f1as que se educan en la escuela Guillermina Pazmi\u00f1o.\"La Prefectura le ha dado un gran servicio a la comunidad y oportunidades de crecimiento\", dijo Jeorge Villafuerte Saltos, profesor de la escuela.","robots":{"index":"index","follow":"follow","max-snippet":"max-snippet:-1","max-image-preview":"max-image-preview:large","max-video-preview":"max-video-preview:-1"},"canonical":"https:\/\/www.manabi.gob.ec\/index.php\/la-prefectura-hace-justicia-con-el-corozo-2\/","og_locale":"es_ES","og_type":"article","og_title":"La Prefectura hace justicia con El Corozo 2. - Prefectura de Manab\u00ed","og_description":"\"Ya podemos salir con zapatos en invierno\", dijo Gloria Intriago, mientras que Daniel Navia Vera, comentaba entre risas, \"Ya no voy a brincar mucho en mi moto\".Son testimonios de felicidad que se expresan por la construcci\u00f3n de la v\u00eda El Corozo 2, que fue intervenido a nivel de doble tratamiento superficial bituminoso por la Prefectura de Manab\u00ed, bajo la modalidad de contrato con la empresa p\u00fablica Manab\u00ed Vial.El Corozo 2, siempre ha sido una comunidad invisibilizada, pero gracias a las obras de justicia y equidad que realiza el prefecto, Leonardo Orlando, su gente tiene nuevas oportunidades, manifest\u00f3 Mar\u00eda del Carmen Aray, presidenta del GAD parroquial de Riochico del cant\u00f3n Portoviejo.La construcci\u00f3n de la v\u00eda Corozo 2, demand\u00f3 una inversi\u00f3n de $96.786, 09. En un plazo de 60 d\u00edas la empresa publica Manab\u00ed Vial, trabaj\u00f3 en la colocaci\u00f3n del doble riego.Esta obra da bienestar y oportunidades a las cerca de 80 familias que viven en el sector, y en especial a los ni\u00f1os y ni\u00f1as que se educan en la escuela Guillermina Pazmi\u00f1o.\"La Prefectura le ha dado un gran servicio a la comunidad y oportunidades de crecimiento\", dijo Jeorge Villafuerte Saltos, profesor de la escuela.","og_url":"https:\/\/www.manabi.gob.ec\/index.php\/la-prefectura-hace-justicia-con-el-corozo-2\/","og_site_name":"Prefectura de Manab\u00ed","article_published_time":"2022-05-12T22:06:07+00:00","article_modified_time":"2022-05-12T22:17:00+00:00","og_image":[{"width":1600,"height":720,"url":"https:\/\/www.manabi.gob.ec\/wp-content\/uploads\/2022\/05\/WhatsApp-Image-2022-05-12-at-4.26.13-PM-1.jpeg","type":"image\/jpeg"}],"author":"Lui Ochoa","twitter_card":"summary_large_image","twitter_misc":{"Escrito por":"Lui Ochoa","Tiempo de lectura":"1 minuto"},"schema":{"@context":"https:\/\/schema.org","@graph":[{"@type":"Article","@id":"https:\/\/www.manabi.gob.ec\/index.php\/la-prefectura-hace-justicia-con-el-corozo-2\/#article","isPartOf":{"@id":"https:\/\/www.manabi.gob.ec\/index.php\/la-prefectura-hace-justicia-con-el-corozo-2\/"},"author":{"name":"Lui Ochoa","@id":"https:\/\/www.manabi.gob.ec\/#\/schema\/person\/c4f117989332ad723a6ced5994aa7d7a"},"headline":"La Prefectura hace justicia con El Corozo 2.","datePublished":"2022-05-12T22:06:07+00:00","dateModified":"2022-05-12T22:17:00+00:00","mainEntityOfPage":{"@id":"https:\/\/www.manabi.gob.ec\/index.php\/la-prefectura-hace-justicia-con-el-corozo-2\/"},"wordCount":212,"image":{"@id":"https:\/\/www.manabi.gob.ec\/index.php\/la-prefectura-hace-justicia-con-el-corozo-2\/#primaryimage"},"thumbnailUrl":"https:\/\/www.manabi.gob.ec\/wp-content\/uploads\/2022\/05\/WhatsApp-Image-2022-05-12-at-4.26.13-PM-1.jpeg","articleSection":["Desarrollo Social","Manab\u00ed Vial","Noticias","Obra P\u00fablica","Participaci\u00f3n ciudadana","Portoviejo","Todas"],"inLanguage":"es"},{"@type":"WebPage","@id":"https:\/\/www.manabi.gob.ec\/index.php\/la-prefectura-hace-justicia-con-el-corozo-2\/","url":"https:\/\/www.manabi.gob.ec\/index.php\/la-prefectura-hace-justicia-con-el-corozo-2\/","name":"La Prefectura hace justicia con El Corozo 2. - Prefectura de Manab\u00ed","isPartOf":{"@id":"https:\/\/www.manabi.gob.ec\/#website"},"primaryImageOfPage":{"@id":"https:\/\/www.manabi.gob.ec\/index.php\/la-prefectura-hace-justicia-con-el-corozo-2\/#primaryimage"},"image":{"@id":"https:\/\/www.manabi.gob.ec\/index.php\/la-prefectura-hace-justicia-con-el-corozo-2\/#primaryimage"},"thumbnailUrl":"https:\/\/www.manabi.gob.ec\/wp-content\/uploads\/2022\/05\/WhatsApp-Image-2022-05-12-at-4.26.13-PM-1.jpeg","datePublished":"2022-05-12T22:06:07+00:00","dateModified":"2022-05-12T22:17:00+00:00","author":{"@id":"https:\/\/www.manabi.gob.ec\/#\/schema\/person\/c4f117989332ad723a6ced5994aa7d7a"},"description":"\"Ya podemos salir con zapatos en invierno\", dijo Gloria Intriago, mientras que Daniel Navia Vera, comentaba entre risas, \"Ya no voy a brincar mucho en mi moto\".Son testimonios de felicidad que se expresan por la construcci\u00f3n de la v\u00eda El Corozo 2, que fue intervenido a nivel de doble tratamiento superficial bituminoso por la Prefectura de Manab\u00ed, bajo la modalidad de contrato con la empresa p\u00fablica Manab\u00ed Vial.El Corozo 2, siempre ha sido una comunidad invisibilizada, pero gracias a las obras de justicia y equidad que realiza el prefecto, Leonardo Orlando, su gente tiene nuevas oportunidades, manifest\u00f3 Mar\u00eda del Carmen Aray, presidenta del GAD parroquial de Riochico del cant\u00f3n Portoviejo.La construcci\u00f3n de la v\u00eda Corozo 2, demand\u00f3 una inversi\u00f3n de $96.786, 09. En un plazo de 60 d\u00edas la empresa publica Manab\u00ed Vial, trabaj\u00f3 en la colocaci\u00f3n del doble riego.Esta obra da bienestar y oportunidades a las cerca de 80 familias que viven en el sector, y en especial a los ni\u00f1os y ni\u00f1as que se educan en la escuela Guillermina Pazmi\u00f1o.\"La Prefectura le ha dado un gran servicio a la comunidad y oportunidades de crecimiento\", dijo Jeorge Villafuerte Saltos, profesor de la escuela.","breadcrumb":{"@id":"https:\/\/www.manabi.gob.ec\/index.php\/la-prefectura-hace-justicia-con-el-corozo-2\/#breadcrumb"},"inLanguage":"es","potentialAction":[{"@type":"ReadAction","target":["https:\/\/www.manabi.gob.ec\/index.php\/la-prefectura-hace-justicia-con-el-corozo-2\/"]}]},{"@type":"ImageObject","inLanguage":"es","@id":"https:\/\/www.manabi.gob.ec\/index.php\/la-prefectura-hace-justicia-con-el-corozo-2\/#primaryimage","url":"https:\/\/www.manabi.gob.ec\/wp-content\/uploads\/2022\/05\/WhatsApp-Image-2022-05-12-at-4.26.13-PM-1.jpeg","contentUrl":"https:\/\/www.manabi.gob.ec\/wp-content\/uploads\/2022\/05\/WhatsApp-Image-2022-05-12-at-4.26.13-PM-1.jpeg","width":1600,"height":720},{"@type":"BreadcrumbList","@id":"https:\/\/www.manabi.gob.ec\/index.php\/la-prefectura-hace-justicia-con-el-corozo-2\/#breadcrumb","itemListElement":[{"@type":"ListItem","position":1,"name":"Portada","item":"https:\/\/www.manabi.gob.ec\/"},{"@type":"ListItem","position":2,"name":"La Prefectura hace justicia con El Corozo 2."}]},{"@type":"WebSite","@id":"https:\/\/www.manabi.gob.ec\/#website","url":"https:\/\/www.manabi.gob.ec\/","name":"Prefectura de Manab\u00ed","description":"P\u00e1gina web de la prefectura","potentialAction":[{"@type":"SearchAction","target":{"@type":"EntryPoint","urlTemplate":"https:\/\/www.manabi.gob.ec\/?s={search_term_string}"},"query-input":{"@type":"PropertyValueSpecification","valueRequired":true,"valueName":"search_term_string"}}],"inLanguage":"es"},{"@type":"Person","@id":"https:\/\/www.manabi.gob.ec\/#\/schema\/person\/c4f117989332ad723a6ced5994aa7d7a","name":"Lui Ochoa","image":{"@type":"ImageObject","inLanguage":"es","@id":"https:\/\/secure.gravatar.com\/avatar\/6e8017d0fe69dead8a95864d2eb6e1e1d8bf8e01194ba49cf7b897ff038126ba?s=96&d=mm&r=g","url":"https:\/\/secure.gravatar.com\/avatar\/6e8017d0fe69dead8a95864d2eb6e1e1d8bf8e01194ba49cf7b897ff038126ba?s=96&d=mm&r=g","contentUrl":"https:\/\/secure.gravatar.com\/avatar\/6e8017d0fe69dead8a95864d2eb6e1e1d8bf8e01194ba49cf7b897ff038126ba?s=96&d=mm&r=g","caption":"Lui Ochoa"},"url":"https:\/\/www.manabi.gob.ec\/index.php\/author\/lochoa\/"}]}},"jetpack_featured_media_url":"https:\/\/www.manabi.gob.ec\/wp-content\/uploads\/2022\/05\/WhatsApp-Image-2022-05-12-at-4.26.13-PM-1.jpeg","_links":{"self":[{"href":"https:\/\/www.manabi.gob.ec\/index.php\/wp-json\/wp\/v2\/posts\/20693","targetHints":{"allow":["GET"]}}],"collection":[{"href":"https:\/\/www.manabi.gob.ec\/index.php\/wp-json\/wp\/v2\/posts"}],"about":[{"href":"https:\/\/www.manabi.gob.ec\/index.php\/wp-json\/wp\/v2\/types\/post"}],"author":[{"embeddable":true,"href":"https:\/\/www.manabi.gob.ec\/index.php\/wp-json\/wp\/v2\/users\/10"}],"replies":[{"embeddable":true,"href":"https:\/\/www.manabi.gob.ec\/index.php\/wp-json\/wp\/v2\/comments?post=20693"}],"version-history":[{"count":0,"href":"https:\/\/www.manabi.gob.ec\/index.php\/wp-json\/wp\/v2\/posts\/20693\/revisions"}],"wp:featuredmedia":[{"embeddable":true,"href":"https:\/\/www.manabi.gob.ec\/index.php\/wp-json\/wp\/v2\/media\/20696"}],"wp:attachment":[{"href":"https:\/\/www.manabi.gob.ec\/index.php\/wp-json\/wp\/v2\/media?parent=20693"}],"wp:term":[{"taxonomy":"category","embeddable":true,"href":"https:\/\/www.manabi.gob.ec\/index.php\/wp-json\/wp\/v2\/categories?post=20693"},{"taxonomy":"post_tag","embeddable":true,"href":"https:\/\/www.manabi.gob.ec\/index.php\/wp-json\/wp\/v2\/tags?post=20693"}],"curies":[{"name":"wp","href":"https:\/\/api.w.org\/{rel}","templated":true}]}}