{"id":20720,"date":"2022-05-15T16:41:55","date_gmt":"2022-05-15T16:41:55","guid":{"rendered":"https:\/\/www.manabi.gob.ec\/?p=20720"},"modified":"2022-05-15T16:41:57","modified_gmt":"2022-05-15T16:41:57","slug":"cumplimos-nuestra-promesa-con-suenos-hechos-realidad","status":"publish","type":"post","link":"https:\/\/www.manabi.gob.ec\/index.php\/cumplimos-nuestra-promesa-con-suenos-hechos-realidad\/","title":{"rendered":"\u201cCumplimos nuestra promesa con sue\u00f1os hechos realidad\u201d."},"content":{"rendered":"\n<p><\/p>\n\n\n\n<p>Cuatro d\u00e9cadas de desatenci\u00f3n y olvido quedaron atr\u00e1s con la inauguraci\u00f3n del puente sobre el r\u00edo Toro, en la parroquia Barraganete, del cant\u00f3n Pichincha.<\/p>\n\n\n\n<div class=\"wp-block-image\"><figure class=\"alignleft size-large\"><img loading=\"lazy\" decoding=\"async\" width=\"1024\" height=\"712\" src=\"https:\/\/www.manabi.gob.ec\/wp-content\/uploads\/2022\/05\/WhatsApp-Image-2022-05-15-at-8.09.50-AM-1-1-1024x712.jpg\" alt=\"\" class=\"wp-image-20723\" srcset=\"https:\/\/www.manabi.gob.ec\/wp-content\/uploads\/2022\/05\/WhatsApp-Image-2022-05-15-at-8.09.50-AM-1-1-1024x712.jpg 1024w, https:\/\/www.manabi.gob.ec\/wp-content\/uploads\/2022\/05\/WhatsApp-Image-2022-05-15-at-8.09.50-AM-1-1-300x209.jpg 300w, https:\/\/www.manabi.gob.ec\/wp-content\/uploads\/2022\/05\/WhatsApp-Image-2022-05-15-at-8.09.50-AM-1-1-768x534.jpg 768w, https:\/\/www.manabi.gob.ec\/wp-content\/uploads\/2022\/05\/WhatsApp-Image-2022-05-15-at-8.09.50-AM-1-1.jpg 1242w\" sizes=\"auto, (max-width: 1024px) 100vw, 1024px\" \/><\/figure><\/div>\n\n\n\n<p>El prefecto, Leonardo Orlando, entreg\u00f3 el puente #66, construido por su administraci\u00f3n desde el 2019 en la Prefectura de Manab\u00ed. La estructura de hormig\u00f3n armado mide 32 metros de longitud, por 7 de ancho, fue construido con cr\u00e9dito del Banco de Desarrollo del Ecuador, con una inversi\u00f3n de $ 418.989,41.<\/p>\n\n\n\n<div class=\"wp-block-image\"><figure class=\"alignleft size-large\"><img loading=\"lazy\" decoding=\"async\" width=\"1024\" height=\"683\" src=\"https:\/\/www.manabi.gob.ec\/wp-content\/uploads\/2022\/05\/WhatsApp-Image-2022-05-15-at-8.09.49-AM-2-1024x683.jpeg\" alt=\"\" class=\"wp-image-20725\" srcset=\"https:\/\/www.manabi.gob.ec\/wp-content\/uploads\/2022\/05\/WhatsApp-Image-2022-05-15-at-8.09.49-AM-2-1024x683.jpeg 1024w, https:\/\/www.manabi.gob.ec\/wp-content\/uploads\/2022\/05\/WhatsApp-Image-2022-05-15-at-8.09.49-AM-2-300x200.jpeg 300w, https:\/\/www.manabi.gob.ec\/wp-content\/uploads\/2022\/05\/WhatsApp-Image-2022-05-15-at-8.09.49-AM-2-768x512.jpeg 768w, https:\/\/www.manabi.gob.ec\/wp-content\/uploads\/2022\/05\/WhatsApp-Image-2022-05-15-at-8.09.49-AM-2.jpeg 1296w\" sizes=\"auto, (max-width: 1024px) 100vw, 1024px\" \/><\/figure><\/div>\n\n\n\n<p>Adem\u00e1s de la construcci\u00f3n del puente se agregaron obras complementarias como sus accesos para circular y un puerto para canoas, medio de transporte que utilizan los habitantes de las comunidades aleda\u00f1as, para conectarse con otros sitios, sacar sus productos y tambi\u00e9n comercializarlos en este punto. Alrededor de 200 personas se transportan por d\u00eda.<\/p>\n\n\n\n<p>Asimismo, cumpliendo con el ofrecimiento de la principal autoridad de Manab\u00ed, maquinaria del Gobierno Provincial se encuentra ejecutando un terrapl\u00e9n y lastrado en 3.5 kil\u00f3metros de la v\u00eda El Toro &#8211; Los Laureles, de Toro Chico, obra que beneficiar\u00e1 a 180 familias de esta comunidad.<\/p>\n\n\n\n<p>En este evento particip\u00f3 el alcalde de Pichincha, Domingo L\u00f3pez, al igual que l\u00edderes comunitarios y habitantes de casi 20 comunidades aleda\u00f1as.<\/p>\n\n\n\n<p>RESISTI\u00d3 UN ALUVI\u00d3N.<br>Durante el acto el Prefecto recibi\u00f3 expresiones de cari\u00f1o y agradecimiento se los habitantes, as\u00ed como un reconocimiento a su labor de manos de Jos\u00e9 Anchundia, presidente de la comunidad Los Laureles de Toro Chico.<\/p>\n\n\n\n<p>El Prefecto tambi\u00e9n inform\u00f3 que \u201ceste puente resisti\u00f3 un aluvi\u00f3n, pas\u00f3 una gran prueba, porque est\u00e1 construido sobre una base fuerte de valores, compromiso y coraz\u00f3n\u201d.<\/p>\n\n\n\n<p>\u00abHoy celebramos con una revoluci\u00f3n de alegr\u00eda, este tiempo es de ustedes, de las m\u00e1s de 20 comunidades que se benefician de este puente de los sue\u00f1os, que es s\u00edmbolo de justicia social y de equidad\u201d, dijo el Prefecto Leonardo Orlando al finalizar su intervenci\u00f3n.<\/p>\n\n\n\n<div class=\"wp-block-image\"><figure class=\"alignleft size-large\"><img loading=\"lazy\" decoding=\"async\" width=\"1024\" height=\"683\" src=\"https:\/\/www.manabi.gob.ec\/wp-content\/uploads\/2022\/05\/WhatsApp-Image-2022-05-15-at-8.09.49-AM-1024x683.jpeg\" alt=\"\" class=\"wp-image-20726\" srcset=\"https:\/\/www.manabi.gob.ec\/wp-content\/uploads\/2022\/05\/WhatsApp-Image-2022-05-15-at-8.09.49-AM-1024x683.jpeg 1024w, https:\/\/www.manabi.gob.ec\/wp-content\/uploads\/2022\/05\/WhatsApp-Image-2022-05-15-at-8.09.49-AM-300x200.jpeg 300w, https:\/\/www.manabi.gob.ec\/wp-content\/uploads\/2022\/05\/WhatsApp-Image-2022-05-15-at-8.09.49-AM-768x512.jpeg 768w, https:\/\/www.manabi.gob.ec\/wp-content\/uploads\/2022\/05\/WhatsApp-Image-2022-05-15-at-8.09.49-AM.jpeg 1296w\" sizes=\"auto, (max-width: 1024px) 100vw, 1024px\" \/><\/figure><\/div>\n","protected":false},"excerpt":{"rendered":"<p>Cuatro d\u00e9cadas de desatenci\u00f3n y olvido quedaron atr\u00e1s con la inauguraci\u00f3n del puente sobre el r\u00edo Toro, en la parroquia Barraganete, del cant\u00f3n Pichincha. El prefecto, Leonardo Orlando, entreg\u00f3 el puente #66, construido por su administraci\u00f3n desde el 2019 en la Prefectura de Manab\u00ed. La estructura de hormig\u00f3n armado mide 32 metros de longitud, por [&hellip;]<\/p>\n","protected":false},"author":10,"featured_media":20724,"comment_status":"closed","ping_status":"closed","sticky":false,"template":"","format":"standard","meta":{"_joinchat":[],"footnotes":""},"categories":[142,92,181,200,91,127],"tags":[],"class_list":["post-20720","post","type-post","status-publish","format-standard","has-post-thumbnail","hentry","category-desarrollo-social","category-noticias-manabi","category-obra-publica","category-pichincha","category-todas","category-vialidad"],"yoast_head":"<!-- This site is optimized with the Yoast SEO plugin v27.4 - https:\/\/yoast.com\/product\/yoast-seo-wordpress\/ -->\n<title>\u201cCumplimos nuestra promesa con sue\u00f1os hechos realidad\u201d. - Prefectura de Manab\u00ed<\/title>\n<meta name=\"robots\" content=\"index, follow, max-snippet:-1, max-image-preview:large, max-video-preview:-1\" \/>\n<link rel=\"canonical\" href=\"https:\/\/www.manabi.gob.ec\/index.php\/cumplimos-nuestra-promesa-con-suenos-hechos-realidad\/\" \/>\n<meta property=\"og:locale\" content=\"es_ES\" \/>\n<meta property=\"og:type\" content=\"article\" \/>\n<meta property=\"og:title\" content=\"\u201cCumplimos nuestra promesa con sue\u00f1os hechos realidad\u201d. - Prefectura de Manab\u00ed\" \/>\n<meta property=\"og:description\" content=\"Cuatro d\u00e9cadas de desatenci\u00f3n y olvido quedaron atr\u00e1s con la inauguraci\u00f3n del puente sobre el r\u00edo Toro, en la parroquia Barraganete, del cant\u00f3n Pichincha. El prefecto, Leonardo Orlando, entreg\u00f3 el puente #66, construido por su administraci\u00f3n desde el 2019 en la Prefectura de Manab\u00ed. La estructura de hormig\u00f3n armado mide 32 metros de longitud, por [&hellip;]\" \/>\n<meta property=\"og:url\" content=\"https:\/\/www.manabi.gob.ec\/index.php\/cumplimos-nuestra-promesa-con-suenos-hechos-realidad\/\" \/>\n<meta property=\"og:site_name\" content=\"Prefectura de Manab\u00ed\" \/>\n<meta property=\"article:published_time\" content=\"2022-05-15T16:41:55+00:00\" \/>\n<meta property=\"article:modified_time\" content=\"2022-05-15T16:41:57+00:00\" \/>\n<meta property=\"og:image\" content=\"https:\/\/www.manabi.gob.ec\/wp-content\/uploads\/2022\/05\/WhatsApp-Image-2022-05-15-at-8.11.07-AM-1.jpg\" \/>\n\t<meta property=\"og:image:width\" content=\"1113\" \/>\n\t<meta property=\"og:image:height\" content=\"654\" \/>\n\t<meta property=\"og:image:type\" content=\"image\/jpeg\" \/>\n<meta name=\"author\" content=\"Lui Ochoa\" \/>\n<meta name=\"twitter:card\" content=\"summary_large_image\" \/>\n<meta name=\"twitter:label1\" content=\"Escrito por\" \/>\n\t<meta name=\"twitter:data1\" content=\"Lui Ochoa\" \/>\n\t<meta name=\"twitter:label2\" content=\"Tiempo de lectura\" \/>\n\t<meta name=\"twitter:data2\" content=\"2 minutos\" \/>\n<script type=\"application\/ld+json\" class=\"yoast-schema-graph\">{\"@context\":\"https:\\\/\\\/schema.org\",\"@graph\":[{\"@type\":\"Article\",\"@id\":\"https:\\\/\\\/www.manabi.gob.ec\\\/index.php\\\/cumplimos-nuestra-promesa-con-suenos-hechos-realidad\\\/#article\",\"isPartOf\":{\"@id\":\"https:\\\/\\\/www.manabi.gob.ec\\\/index.php\\\/cumplimos-nuestra-promesa-con-suenos-hechos-realidad\\\/\"},\"author\":{\"name\":\"Lui Ochoa\",\"@id\":\"https:\\\/\\\/www.manabi.gob.ec\\\/#\\\/schema\\\/person\\\/c4f117989332ad723a6ced5994aa7d7a\"},\"headline\":\"\u201cCumplimos nuestra promesa con sue\u00f1os hechos realidad\u201d.\",\"datePublished\":\"2022-05-15T16:41:55+00:00\",\"dateModified\":\"2022-05-15T16:41:57+00:00\",\"mainEntityOfPage\":{\"@id\":\"https:\\\/\\\/www.manabi.gob.ec\\\/index.php\\\/cumplimos-nuestra-promesa-con-suenos-hechos-realidad\\\/\"},\"wordCount\":332,\"image\":{\"@id\":\"https:\\\/\\\/www.manabi.gob.ec\\\/index.php\\\/cumplimos-nuestra-promesa-con-suenos-hechos-realidad\\\/#primaryimage\"},\"thumbnailUrl\":\"https:\\\/\\\/www.manabi.gob.ec\\\/wp-content\\\/uploads\\\/2022\\\/05\\\/WhatsApp-Image-2022-05-15-at-8.11.07-AM-1.jpg\",\"articleSection\":[\"Desarrollo Social\",\"Noticias\",\"Obra P\u00fablica\",\"Pichincha\",\"Todas\",\"Vialidad\"],\"inLanguage\":\"es\"},{\"@type\":\"WebPage\",\"@id\":\"https:\\\/\\\/www.manabi.gob.ec\\\/index.php\\\/cumplimos-nuestra-promesa-con-suenos-hechos-realidad\\\/\",\"url\":\"https:\\\/\\\/www.manabi.gob.ec\\\/index.php\\\/cumplimos-nuestra-promesa-con-suenos-hechos-realidad\\\/\",\"name\":\"\u201cCumplimos nuestra promesa con sue\u00f1os hechos realidad\u201d. - Prefectura de Manab\u00ed\",\"isPartOf\":{\"@id\":\"https:\\\/\\\/www.manabi.gob.ec\\\/#website\"},\"primaryImageOfPage\":{\"@id\":\"https:\\\/\\\/www.manabi.gob.ec\\\/index.php\\\/cumplimos-nuestra-promesa-con-suenos-hechos-realidad\\\/#primaryimage\"},\"image\":{\"@id\":\"https:\\\/\\\/www.manabi.gob.ec\\\/index.php\\\/cumplimos-nuestra-promesa-con-suenos-hechos-realidad\\\/#primaryimage\"},\"thumbnailUrl\":\"https:\\\/\\\/www.manabi.gob.ec\\\/wp-content\\\/uploads\\\/2022\\\/05\\\/WhatsApp-Image-2022-05-15-at-8.11.07-AM-1.jpg\",\"datePublished\":\"2022-05-15T16:41:55+00:00\",\"dateModified\":\"2022-05-15T16:41:57+00:00\",\"author\":{\"@id\":\"https:\\\/\\\/www.manabi.gob.ec\\\/#\\\/schema\\\/person\\\/c4f117989332ad723a6ced5994aa7d7a\"},\"breadcrumb\":{\"@id\":\"https:\\\/\\\/www.manabi.gob.ec\\\/index.php\\\/cumplimos-nuestra-promesa-con-suenos-hechos-realidad\\\/#breadcrumb\"},\"inLanguage\":\"es\",\"potentialAction\":[{\"@type\":\"ReadAction\",\"target\":[\"https:\\\/\\\/www.manabi.gob.ec\\\/index.php\\\/cumplimos-nuestra-promesa-con-suenos-hechos-realidad\\\/\"]}]},{\"@type\":\"ImageObject\",\"inLanguage\":\"es\",\"@id\":\"https:\\\/\\\/www.manabi.gob.ec\\\/index.php\\\/cumplimos-nuestra-promesa-con-suenos-hechos-realidad\\\/#primaryimage\",\"url\":\"https:\\\/\\\/www.manabi.gob.ec\\\/wp-content\\\/uploads\\\/2022\\\/05\\\/WhatsApp-Image-2022-05-15-at-8.11.07-AM-1.jpg\",\"contentUrl\":\"https:\\\/\\\/www.manabi.gob.ec\\\/wp-content\\\/uploads\\\/2022\\\/05\\\/WhatsApp-Image-2022-05-15-at-8.11.07-AM-1.jpg\",\"width\":1113,\"height\":654},{\"@type\":\"BreadcrumbList\",\"@id\":\"https:\\\/\\\/www.manabi.gob.ec\\\/index.php\\\/cumplimos-nuestra-promesa-con-suenos-hechos-realidad\\\/#breadcrumb\",\"itemListElement\":[{\"@type\":\"ListItem\",\"position\":1,\"name\":\"Portada\",\"item\":\"https:\\\/\\\/www.manabi.gob.ec\\\/\"},{\"@type\":\"ListItem\",\"position\":2,\"name\":\"\u201cCumplimos nuestra promesa con sue\u00f1os hechos realidad\u201d.\"}]},{\"@type\":\"WebSite\",\"@id\":\"https:\\\/\\\/www.manabi.gob.ec\\\/#website\",\"url\":\"https:\\\/\\\/www.manabi.gob.ec\\\/\",\"name\":\"Prefectura de Manab\u00ed\",\"description\":\"P\u00e1gina web de la prefectura\",\"potentialAction\":[{\"@type\":\"SearchAction\",\"target\":{\"@type\":\"EntryPoint\",\"urlTemplate\":\"https:\\\/\\\/www.manabi.gob.ec\\\/?s={search_term_string}\"},\"query-input\":{\"@type\":\"PropertyValueSpecification\",\"valueRequired\":true,\"valueName\":\"search_term_string\"}}],\"inLanguage\":\"es\"},{\"@type\":\"Person\",\"@id\":\"https:\\\/\\\/www.manabi.gob.ec\\\/#\\\/schema\\\/person\\\/c4f117989332ad723a6ced5994aa7d7a\",\"name\":\"Lui Ochoa\",\"image\":{\"@type\":\"ImageObject\",\"inLanguage\":\"es\",\"@id\":\"https:\\\/\\\/secure.gravatar.com\\\/avatar\\\/6e8017d0fe69dead8a95864d2eb6e1e1d8bf8e01194ba49cf7b897ff038126ba?s=96&d=mm&r=g\",\"url\":\"https:\\\/\\\/secure.gravatar.com\\\/avatar\\\/6e8017d0fe69dead8a95864d2eb6e1e1d8bf8e01194ba49cf7b897ff038126ba?s=96&d=mm&r=g\",\"contentUrl\":\"https:\\\/\\\/secure.gravatar.com\\\/avatar\\\/6e8017d0fe69dead8a95864d2eb6e1e1d8bf8e01194ba49cf7b897ff038126ba?s=96&d=mm&r=g\",\"caption\":\"Lui Ochoa\"},\"url\":\"https:\\\/\\\/www.manabi.gob.ec\\\/index.php\\\/author\\\/lochoa\\\/\"}]}<\/script>\n<!-- \/ Yoast SEO plugin. -->","yoast_head_json":{"title":"\u201cCumplimos nuestra promesa con sue\u00f1os hechos realidad\u201d. - Prefectura de Manab\u00ed","robots":{"index":"index","follow":"follow","max-snippet":"max-snippet:-1","max-image-preview":"max-image-preview:large","max-video-preview":"max-video-preview:-1"},"canonical":"https:\/\/www.manabi.gob.ec\/index.php\/cumplimos-nuestra-promesa-con-suenos-hechos-realidad\/","og_locale":"es_ES","og_type":"article","og_title":"\u201cCumplimos nuestra promesa con sue\u00f1os hechos realidad\u201d. - Prefectura de Manab\u00ed","og_description":"Cuatro d\u00e9cadas de desatenci\u00f3n y olvido quedaron atr\u00e1s con la inauguraci\u00f3n del puente sobre el r\u00edo Toro, en la parroquia Barraganete, del cant\u00f3n Pichincha. El prefecto, Leonardo Orlando, entreg\u00f3 el puente #66, construido por su administraci\u00f3n desde el 2019 en la Prefectura de Manab\u00ed. La estructura de hormig\u00f3n armado mide 32 metros de longitud, por [&hellip;]","og_url":"https:\/\/www.manabi.gob.ec\/index.php\/cumplimos-nuestra-promesa-con-suenos-hechos-realidad\/","og_site_name":"Prefectura de Manab\u00ed","article_published_time":"2022-05-15T16:41:55+00:00","article_modified_time":"2022-05-15T16:41:57+00:00","og_image":[{"width":1113,"height":654,"url":"https:\/\/www.manabi.gob.ec\/wp-content\/uploads\/2022\/05\/WhatsApp-Image-2022-05-15-at-8.11.07-AM-1.jpg","type":"image\/jpeg"}],"author":"Lui Ochoa","twitter_card":"summary_large_image","twitter_misc":{"Escrito por":"Lui Ochoa","Tiempo de lectura":"2 minutos"},"schema":{"@context":"https:\/\/schema.org","@graph":[{"@type":"Article","@id":"https:\/\/www.manabi.gob.ec\/index.php\/cumplimos-nuestra-promesa-con-suenos-hechos-realidad\/#article","isPartOf":{"@id":"https:\/\/www.manabi.gob.ec\/index.php\/cumplimos-nuestra-promesa-con-suenos-hechos-realidad\/"},"author":{"name":"Lui Ochoa","@id":"https:\/\/www.manabi.gob.ec\/#\/schema\/person\/c4f117989332ad723a6ced5994aa7d7a"},"headline":"\u201cCumplimos nuestra promesa con sue\u00f1os hechos realidad\u201d.","datePublished":"2022-05-15T16:41:55+00:00","dateModified":"2022-05-15T16:41:57+00:00","mainEntityOfPage":{"@id":"https:\/\/www.manabi.gob.ec\/index.php\/cumplimos-nuestra-promesa-con-suenos-hechos-realidad\/"},"wordCount":332,"image":{"@id":"https:\/\/www.manabi.gob.ec\/index.php\/cumplimos-nuestra-promesa-con-suenos-hechos-realidad\/#primaryimage"},"thumbnailUrl":"https:\/\/www.manabi.gob.ec\/wp-content\/uploads\/2022\/05\/WhatsApp-Image-2022-05-15-at-8.11.07-AM-1.jpg","articleSection":["Desarrollo Social","Noticias","Obra P\u00fablica","Pichincha","Todas","Vialidad"],"inLanguage":"es"},{"@type":"WebPage","@id":"https:\/\/www.manabi.gob.ec\/index.php\/cumplimos-nuestra-promesa-con-suenos-hechos-realidad\/","url":"https:\/\/www.manabi.gob.ec\/index.php\/cumplimos-nuestra-promesa-con-suenos-hechos-realidad\/","name":"\u201cCumplimos nuestra promesa con sue\u00f1os hechos realidad\u201d. - Prefectura de Manab\u00ed","isPartOf":{"@id":"https:\/\/www.manabi.gob.ec\/#website"},"primaryImageOfPage":{"@id":"https:\/\/www.manabi.gob.ec\/index.php\/cumplimos-nuestra-promesa-con-suenos-hechos-realidad\/#primaryimage"},"image":{"@id":"https:\/\/www.manabi.gob.ec\/index.php\/cumplimos-nuestra-promesa-con-suenos-hechos-realidad\/#primaryimage"},"thumbnailUrl":"https:\/\/www.manabi.gob.ec\/wp-content\/uploads\/2022\/05\/WhatsApp-Image-2022-05-15-at-8.11.07-AM-1.jpg","datePublished":"2022-05-15T16:41:55+00:00","dateModified":"2022-05-15T16:41:57+00:00","author":{"@id":"https:\/\/www.manabi.gob.ec\/#\/schema\/person\/c4f117989332ad723a6ced5994aa7d7a"},"breadcrumb":{"@id":"https:\/\/www.manabi.gob.ec\/index.php\/cumplimos-nuestra-promesa-con-suenos-hechos-realidad\/#breadcrumb"},"inLanguage":"es","potentialAction":[{"@type":"ReadAction","target":["https:\/\/www.manabi.gob.ec\/index.php\/cumplimos-nuestra-promesa-con-suenos-hechos-realidad\/"]}]},{"@type":"ImageObject","inLanguage":"es","@id":"https:\/\/www.manabi.gob.ec\/index.php\/cumplimos-nuestra-promesa-con-suenos-hechos-realidad\/#primaryimage","url":"https:\/\/www.manabi.gob.ec\/wp-content\/uploads\/2022\/05\/WhatsApp-Image-2022-05-15-at-8.11.07-AM-1.jpg","contentUrl":"https:\/\/www.manabi.gob.ec\/wp-content\/uploads\/2022\/05\/WhatsApp-Image-2022-05-15-at-8.11.07-AM-1.jpg","width":1113,"height":654},{"@type":"BreadcrumbList","@id":"https:\/\/www.manabi.gob.ec\/index.php\/cumplimos-nuestra-promesa-con-suenos-hechos-realidad\/#breadcrumb","itemListElement":[{"@type":"ListItem","position":1,"name":"Portada","item":"https:\/\/www.manabi.gob.ec\/"},{"@type":"ListItem","position":2,"name":"\u201cCumplimos nuestra promesa con sue\u00f1os hechos realidad\u201d."}]},{"@type":"WebSite","@id":"https:\/\/www.manabi.gob.ec\/#website","url":"https:\/\/www.manabi.gob.ec\/","name":"Prefectura de Manab\u00ed","description":"P\u00e1gina web de la prefectura","potentialAction":[{"@type":"SearchAction","target":{"@type":"EntryPoint","urlTemplate":"https:\/\/www.manabi.gob.ec\/?s={search_term_string}"},"query-input":{"@type":"PropertyValueSpecification","valueRequired":true,"valueName":"search_term_string"}}],"inLanguage":"es"},{"@type":"Person","@id":"https:\/\/www.manabi.gob.ec\/#\/schema\/person\/c4f117989332ad723a6ced5994aa7d7a","name":"Lui Ochoa","image":{"@type":"ImageObject","inLanguage":"es","@id":"https:\/\/secure.gravatar.com\/avatar\/6e8017d0fe69dead8a95864d2eb6e1e1d8bf8e01194ba49cf7b897ff038126ba?s=96&d=mm&r=g","url":"https:\/\/secure.gravatar.com\/avatar\/6e8017d0fe69dead8a95864d2eb6e1e1d8bf8e01194ba49cf7b897ff038126ba?s=96&d=mm&r=g","contentUrl":"https:\/\/secure.gravatar.com\/avatar\/6e8017d0fe69dead8a95864d2eb6e1e1d8bf8e01194ba49cf7b897ff038126ba?s=96&d=mm&r=g","caption":"Lui Ochoa"},"url":"https:\/\/www.manabi.gob.ec\/index.php\/author\/lochoa\/"}]}},"jetpack_featured_media_url":"https:\/\/www.manabi.gob.ec\/wp-content\/uploads\/2022\/05\/WhatsApp-Image-2022-05-15-at-8.11.07-AM-1.jpg","_links":{"self":[{"href":"https:\/\/www.manabi.gob.ec\/index.php\/wp-json\/wp\/v2\/posts\/20720","targetHints":{"allow":["GET"]}}],"collection":[{"href":"https:\/\/www.manabi.gob.ec\/index.php\/wp-json\/wp\/v2\/posts"}],"about":[{"href":"https:\/\/www.manabi.gob.ec\/index.php\/wp-json\/wp\/v2\/types\/post"}],"author":[{"embeddable":true,"href":"https:\/\/www.manabi.gob.ec\/index.php\/wp-json\/wp\/v2\/users\/10"}],"replies":[{"embeddable":true,"href":"https:\/\/www.manabi.gob.ec\/index.php\/wp-json\/wp\/v2\/comments?post=20720"}],"version-history":[{"count":0,"href":"https:\/\/www.manabi.gob.ec\/index.php\/wp-json\/wp\/v2\/posts\/20720\/revisions"}],"wp:featuredmedia":[{"embeddable":true,"href":"https:\/\/www.manabi.gob.ec\/index.php\/wp-json\/wp\/v2\/media\/20724"}],"wp:attachment":[{"href":"https:\/\/www.manabi.gob.ec\/index.php\/wp-json\/wp\/v2\/media?parent=20720"}],"wp:term":[{"taxonomy":"category","embeddable":true,"href":"https:\/\/www.manabi.gob.ec\/index.php\/wp-json\/wp\/v2\/categories?post=20720"},{"taxonomy":"post_tag","embeddable":true,"href":"https:\/\/www.manabi.gob.ec\/index.php\/wp-json\/wp\/v2\/tags?post=20720"}],"curies":[{"name":"wp","href":"https:\/\/api.w.org\/{rel}","templated":true}]}}