{"id":20745,"date":"2022-05-17T04:20:49","date_gmt":"2022-05-17T04:20:49","guid":{"rendered":"https:\/\/www.manabi.gob.ec\/?p=20745"},"modified":"2022-05-17T04:20:53","modified_gmt":"2022-05-17T04:20:53","slug":"atendemos-la-vialidad-rural-de-pedro-pablo-gomez","status":"publish","type":"post","link":"https:\/\/www.manabi.gob.ec\/index.php\/atendemos-la-vialidad-rural-de-pedro-pablo-gomez\/","title":{"rendered":"Atendemos la vialidad rural de Pedro Pablo G\u00f3mez\u00a0\u00a0"},"content":{"rendered":"\n<p>La Prefectura de Manab\u00ed, realiza el mantenimiento de la v\u00eda Pedro Pablo G\u00f3mez &#8211; Las Delicias, en un total de 15 kil\u00f3metros.&nbsp;<\/p>\n\n\n\n<p>Con&nbsp; un&nbsp; avance del 20%,&nbsp; se realizan trabajos de reconformaci\u00f3n en el&nbsp; trazado de la v\u00eda, afectada por el&nbsp; invierno.&nbsp;<\/p>\n\n\n\n<p>Este lunes 16 de mayo, se cumplieron tareas de acarreo de material. Tambi\u00e9n de trabaja en la explotaci\u00f3n de material ( piedra escollera y de pr\u00e9stamo importado )&nbsp; para atender tramos&nbsp; puntuales.&nbsp;<\/p>\n\n\n\n<p>La obra es ejecutada con equipo de afirmado&nbsp; y transporte de material contratado mediante Feria Inclusiva, con recursos propios de la instituci\u00f3n por un monto de $ 45.380,00.<\/p>\n","protected":false},"excerpt":{"rendered":"<p>La Prefectura de Manab\u00ed, realiza el mantenimiento de la v\u00eda Pedro Pablo G\u00f3mez &#8211; Las Delicias, en un total de 15 kil\u00f3metros.&nbsp; Con&nbsp; un&nbsp; avance del 20%,&nbsp; se realizan trabajos de reconformaci\u00f3n en el&nbsp; trazado de la v\u00eda, afectada por el&nbsp; invierno.&nbsp; Este lunes 16 de mayo, se cumplieron tareas de acarreo de material. Tambi\u00e9n [&hellip;]<\/p>\n","protected":false},"author":10,"featured_media":20746,"comment_status":"closed","ping_status":"closed","sticky":false,"template":"","format":"standard","meta":{"_joinchat":[],"footnotes":""},"categories":[142,123,92,181,91],"tags":[],"class_list":["post-20745","post","type-post","status-publish","format-standard","has-post-thumbnail","hentry","category-desarrollo-social","category-jipijapa","category-noticias-manabi","category-obra-publica","category-todas"],"yoast_head":"<!-- This site is optimized with the Yoast SEO plugin v27.4 - https:\/\/yoast.com\/product\/yoast-seo-wordpress\/ -->\n<title>Atendemos la vialidad rural de Pedro Pablo G\u00f3mez\u00a0\u00a0 - Prefectura de Manab\u00ed<\/title>\n<meta name=\"description\" content=\"La Prefectura de Manab\u00ed, realiza el mantenimiento de la v\u00eda Pedro Pablo G\u00f3mez - Las Delicias, en un total de 15 kil\u00f3metros. Con\u00a0 un\u00a0 avance del 20%,\u00a0 se realizan trabajos de reconformaci\u00f3n en el\u00a0 trazado de la v\u00eda, afectada por el\u00a0 invierno. Este lunes 16 de mayo, se cumplieron tareas de acarreo de material. Tambi\u00e9n de trabaja en la explotaci\u00f3n de material ( piedra escollera y de pr\u00e9stamo importado )\u00a0 para atender tramos\u00a0 puntuales. La obra es ejecutada con equipo de afirmado\u00a0 y transporte de material contratado mediante Feria Inclusiva, con recursos propios de la instituci\u00f3n por un monto de $ 45.380,00.\" \/>\n<meta name=\"robots\" content=\"index, follow, max-snippet:-1, max-image-preview:large, max-video-preview:-1\" \/>\n<link rel=\"canonical\" href=\"https:\/\/www.manabi.gob.ec\/index.php\/atendemos-la-vialidad-rural-de-pedro-pablo-gomez\/\" \/>\n<meta property=\"og:locale\" content=\"es_ES\" \/>\n<meta property=\"og:type\" content=\"article\" \/>\n<meta property=\"og:title\" content=\"Atendemos la vialidad rural de Pedro Pablo G\u00f3mez\u00a0\u00a0 - Prefectura de Manab\u00ed\" \/>\n<meta property=\"og:description\" content=\"La Prefectura de Manab\u00ed, realiza el mantenimiento de la v\u00eda Pedro Pablo G\u00f3mez - Las Delicias, en un total de 15 kil\u00f3metros. Con\u00a0 un\u00a0 avance del 20%,\u00a0 se realizan trabajos de reconformaci\u00f3n en el\u00a0 trazado de la v\u00eda, afectada por el\u00a0 invierno. Este lunes 16 de mayo, se cumplieron tareas de acarreo de material. Tambi\u00e9n de trabaja en la explotaci\u00f3n de material ( piedra escollera y de pr\u00e9stamo importado )\u00a0 para atender tramos\u00a0 puntuales. La obra es ejecutada con equipo de afirmado\u00a0 y transporte de material contratado mediante Feria Inclusiva, con recursos propios de la instituci\u00f3n por un monto de $ 45.380,00.\" \/>\n<meta property=\"og:url\" content=\"https:\/\/www.manabi.gob.ec\/index.php\/atendemos-la-vialidad-rural-de-pedro-pablo-gomez\/\" \/>\n<meta property=\"og:site_name\" content=\"Prefectura de Manab\u00ed\" \/>\n<meta property=\"article:published_time\" content=\"2022-05-17T04:20:49+00:00\" \/>\n<meta property=\"article:modified_time\" content=\"2022-05-17T04:20:53+00:00\" \/>\n<meta property=\"og:image\" content=\"https:\/\/www.manabi.gob.ec\/wp-content\/uploads\/2022\/05\/DCB1949D-AD61-4024-9F15-EABFA5880967.jpeg\" \/>\n\t<meta property=\"og:image:width\" content=\"1600\" \/>\n\t<meta property=\"og:image:height\" content=\"1200\" \/>\n\t<meta property=\"og:image:type\" content=\"image\/jpeg\" \/>\n<meta name=\"author\" content=\"Lui Ochoa\" \/>\n<meta name=\"twitter:card\" content=\"summary_large_image\" \/>\n<meta name=\"twitter:label1\" content=\"Escrito por\" \/>\n\t<meta name=\"twitter:data1\" content=\"Lui Ochoa\" \/>\n\t<meta name=\"twitter:label2\" content=\"Tiempo de lectura\" \/>\n\t<meta name=\"twitter:data2\" content=\"1 minuto\" \/>\n<script type=\"application\/ld+json\" class=\"yoast-schema-graph\">{\"@context\":\"https:\\\/\\\/schema.org\",\"@graph\":[{\"@type\":\"Article\",\"@id\":\"https:\\\/\\\/www.manabi.gob.ec\\\/index.php\\\/atendemos-la-vialidad-rural-de-pedro-pablo-gomez\\\/#article\",\"isPartOf\":{\"@id\":\"https:\\\/\\\/www.manabi.gob.ec\\\/index.php\\\/atendemos-la-vialidad-rural-de-pedro-pablo-gomez\\\/\"},\"author\":{\"name\":\"Lui Ochoa\",\"@id\":\"https:\\\/\\\/www.manabi.gob.ec\\\/#\\\/schema\\\/person\\\/c4f117989332ad723a6ced5994aa7d7a\"},\"headline\":\"Atendemos la vialidad rural de Pedro Pablo G\u00f3mez\u00a0\u00a0\",\"datePublished\":\"2022-05-17T04:20:49+00:00\",\"dateModified\":\"2022-05-17T04:20:53+00:00\",\"mainEntityOfPage\":{\"@id\":\"https:\\\/\\\/www.manabi.gob.ec\\\/index.php\\\/atendemos-la-vialidad-rural-de-pedro-pablo-gomez\\\/\"},\"wordCount\":124,\"image\":{\"@id\":\"https:\\\/\\\/www.manabi.gob.ec\\\/index.php\\\/atendemos-la-vialidad-rural-de-pedro-pablo-gomez\\\/#primaryimage\"},\"thumbnailUrl\":\"https:\\\/\\\/www.manabi.gob.ec\\\/wp-content\\\/uploads\\\/2022\\\/05\\\/DCB1949D-AD61-4024-9F15-EABFA5880967.jpeg\",\"articleSection\":[\"Desarrollo Social\",\"Jipijapa\",\"Noticias\",\"Obra P\u00fablica\",\"Todas\"],\"inLanguage\":\"es\"},{\"@type\":\"WebPage\",\"@id\":\"https:\\\/\\\/www.manabi.gob.ec\\\/index.php\\\/atendemos-la-vialidad-rural-de-pedro-pablo-gomez\\\/\",\"url\":\"https:\\\/\\\/www.manabi.gob.ec\\\/index.php\\\/atendemos-la-vialidad-rural-de-pedro-pablo-gomez\\\/\",\"name\":\"Atendemos la vialidad rural de Pedro Pablo G\u00f3mez\u00a0\u00a0 - Prefectura de Manab\u00ed\",\"isPartOf\":{\"@id\":\"https:\\\/\\\/www.manabi.gob.ec\\\/#website\"},\"primaryImageOfPage\":{\"@id\":\"https:\\\/\\\/www.manabi.gob.ec\\\/index.php\\\/atendemos-la-vialidad-rural-de-pedro-pablo-gomez\\\/#primaryimage\"},\"image\":{\"@id\":\"https:\\\/\\\/www.manabi.gob.ec\\\/index.php\\\/atendemos-la-vialidad-rural-de-pedro-pablo-gomez\\\/#primaryimage\"},\"thumbnailUrl\":\"https:\\\/\\\/www.manabi.gob.ec\\\/wp-content\\\/uploads\\\/2022\\\/05\\\/DCB1949D-AD61-4024-9F15-EABFA5880967.jpeg\",\"datePublished\":\"2022-05-17T04:20:49+00:00\",\"dateModified\":\"2022-05-17T04:20:53+00:00\",\"author\":{\"@id\":\"https:\\\/\\\/www.manabi.gob.ec\\\/#\\\/schema\\\/person\\\/c4f117989332ad723a6ced5994aa7d7a\"},\"description\":\"La Prefectura de Manab\u00ed, realiza el mantenimiento de la v\u00eda Pedro Pablo G\u00f3mez - Las Delicias, en un total de 15 kil\u00f3metros. Con\u00a0 un\u00a0 avance del 20%,\u00a0 se realizan trabajos de reconformaci\u00f3n en el\u00a0 trazado de la v\u00eda, afectada por el\u00a0 invierno. Este lunes 16 de mayo, se cumplieron tareas de acarreo de material. Tambi\u00e9n de trabaja en la explotaci\u00f3n de material ( piedra escollera y de pr\u00e9stamo importado )\u00a0 para atender tramos\u00a0 puntuales. La obra es ejecutada con equipo de afirmado\u00a0 y transporte de material contratado mediante Feria Inclusiva, con recursos propios de la instituci\u00f3n por un monto de $ 45.380,00.\",\"breadcrumb\":{\"@id\":\"https:\\\/\\\/www.manabi.gob.ec\\\/index.php\\\/atendemos-la-vialidad-rural-de-pedro-pablo-gomez\\\/#breadcrumb\"},\"inLanguage\":\"es\",\"potentialAction\":[{\"@type\":\"ReadAction\",\"target\":[\"https:\\\/\\\/www.manabi.gob.ec\\\/index.php\\\/atendemos-la-vialidad-rural-de-pedro-pablo-gomez\\\/\"]}]},{\"@type\":\"ImageObject\",\"inLanguage\":\"es\",\"@id\":\"https:\\\/\\\/www.manabi.gob.ec\\\/index.php\\\/atendemos-la-vialidad-rural-de-pedro-pablo-gomez\\\/#primaryimage\",\"url\":\"https:\\\/\\\/www.manabi.gob.ec\\\/wp-content\\\/uploads\\\/2022\\\/05\\\/DCB1949D-AD61-4024-9F15-EABFA5880967.jpeg\",\"contentUrl\":\"https:\\\/\\\/www.manabi.gob.ec\\\/wp-content\\\/uploads\\\/2022\\\/05\\\/DCB1949D-AD61-4024-9F15-EABFA5880967.jpeg\",\"width\":1600,\"height\":1200},{\"@type\":\"BreadcrumbList\",\"@id\":\"https:\\\/\\\/www.manabi.gob.ec\\\/index.php\\\/atendemos-la-vialidad-rural-de-pedro-pablo-gomez\\\/#breadcrumb\",\"itemListElement\":[{\"@type\":\"ListItem\",\"position\":1,\"name\":\"Portada\",\"item\":\"https:\\\/\\\/www.manabi.gob.ec\\\/\"},{\"@type\":\"ListItem\",\"position\":2,\"name\":\"Atendemos la vialidad rural de Pedro Pablo G\u00f3mez\u00a0\u00a0\"}]},{\"@type\":\"WebSite\",\"@id\":\"https:\\\/\\\/www.manabi.gob.ec\\\/#website\",\"url\":\"https:\\\/\\\/www.manabi.gob.ec\\\/\",\"name\":\"Prefectura de Manab\u00ed\",\"description\":\"P\u00e1gina web de la prefectura\",\"potentialAction\":[{\"@type\":\"SearchAction\",\"target\":{\"@type\":\"EntryPoint\",\"urlTemplate\":\"https:\\\/\\\/www.manabi.gob.ec\\\/?s={search_term_string}\"},\"query-input\":{\"@type\":\"PropertyValueSpecification\",\"valueRequired\":true,\"valueName\":\"search_term_string\"}}],\"inLanguage\":\"es\"},{\"@type\":\"Person\",\"@id\":\"https:\\\/\\\/www.manabi.gob.ec\\\/#\\\/schema\\\/person\\\/c4f117989332ad723a6ced5994aa7d7a\",\"name\":\"Lui Ochoa\",\"image\":{\"@type\":\"ImageObject\",\"inLanguage\":\"es\",\"@id\":\"https:\\\/\\\/secure.gravatar.com\\\/avatar\\\/6e8017d0fe69dead8a95864d2eb6e1e1d8bf8e01194ba49cf7b897ff038126ba?s=96&d=mm&r=g\",\"url\":\"https:\\\/\\\/secure.gravatar.com\\\/avatar\\\/6e8017d0fe69dead8a95864d2eb6e1e1d8bf8e01194ba49cf7b897ff038126ba?s=96&d=mm&r=g\",\"contentUrl\":\"https:\\\/\\\/secure.gravatar.com\\\/avatar\\\/6e8017d0fe69dead8a95864d2eb6e1e1d8bf8e01194ba49cf7b897ff038126ba?s=96&d=mm&r=g\",\"caption\":\"Lui Ochoa\"},\"url\":\"https:\\\/\\\/www.manabi.gob.ec\\\/index.php\\\/author\\\/lochoa\\\/\"}]}<\/script>\n<!-- \/ Yoast SEO plugin. -->","yoast_head_json":{"title":"Atendemos la vialidad rural de Pedro Pablo G\u00f3mez\u00a0\u00a0 - Prefectura de Manab\u00ed","description":"La Prefectura de Manab\u00ed, realiza el mantenimiento de la v\u00eda Pedro Pablo G\u00f3mez - Las Delicias, en un total de 15 kil\u00f3metros. Con\u00a0 un\u00a0 avance del 20%,\u00a0 se realizan trabajos de reconformaci\u00f3n en el\u00a0 trazado de la v\u00eda, afectada por el\u00a0 invierno. Este lunes 16 de mayo, se cumplieron tareas de acarreo de material. Tambi\u00e9n de trabaja en la explotaci\u00f3n de material ( piedra escollera y de pr\u00e9stamo importado )\u00a0 para atender tramos\u00a0 puntuales. La obra es ejecutada con equipo de afirmado\u00a0 y transporte de material contratado mediante Feria Inclusiva, con recursos propios de la instituci\u00f3n por un monto de $ 45.380,00.","robots":{"index":"index","follow":"follow","max-snippet":"max-snippet:-1","max-image-preview":"max-image-preview:large","max-video-preview":"max-video-preview:-1"},"canonical":"https:\/\/www.manabi.gob.ec\/index.php\/atendemos-la-vialidad-rural-de-pedro-pablo-gomez\/","og_locale":"es_ES","og_type":"article","og_title":"Atendemos la vialidad rural de Pedro Pablo G\u00f3mez\u00a0\u00a0 - Prefectura de Manab\u00ed","og_description":"La Prefectura de Manab\u00ed, realiza el mantenimiento de la v\u00eda Pedro Pablo G\u00f3mez - Las Delicias, en un total de 15 kil\u00f3metros. Con\u00a0 un\u00a0 avance del 20%,\u00a0 se realizan trabajos de reconformaci\u00f3n en el\u00a0 trazado de la v\u00eda, afectada por el\u00a0 invierno. Este lunes 16 de mayo, se cumplieron tareas de acarreo de material. Tambi\u00e9n de trabaja en la explotaci\u00f3n de material ( piedra escollera y de pr\u00e9stamo importado )\u00a0 para atender tramos\u00a0 puntuales. La obra es ejecutada con equipo de afirmado\u00a0 y transporte de material contratado mediante Feria Inclusiva, con recursos propios de la instituci\u00f3n por un monto de $ 45.380,00.","og_url":"https:\/\/www.manabi.gob.ec\/index.php\/atendemos-la-vialidad-rural-de-pedro-pablo-gomez\/","og_site_name":"Prefectura de Manab\u00ed","article_published_time":"2022-05-17T04:20:49+00:00","article_modified_time":"2022-05-17T04:20:53+00:00","og_image":[{"width":1600,"height":1200,"url":"https:\/\/www.manabi.gob.ec\/wp-content\/uploads\/2022\/05\/DCB1949D-AD61-4024-9F15-EABFA5880967.jpeg","type":"image\/jpeg"}],"author":"Lui Ochoa","twitter_card":"summary_large_image","twitter_misc":{"Escrito por":"Lui Ochoa","Tiempo de lectura":"1 minuto"},"schema":{"@context":"https:\/\/schema.org","@graph":[{"@type":"Article","@id":"https:\/\/www.manabi.gob.ec\/index.php\/atendemos-la-vialidad-rural-de-pedro-pablo-gomez\/#article","isPartOf":{"@id":"https:\/\/www.manabi.gob.ec\/index.php\/atendemos-la-vialidad-rural-de-pedro-pablo-gomez\/"},"author":{"name":"Lui Ochoa","@id":"https:\/\/www.manabi.gob.ec\/#\/schema\/person\/c4f117989332ad723a6ced5994aa7d7a"},"headline":"Atendemos la vialidad rural de Pedro Pablo G\u00f3mez\u00a0\u00a0","datePublished":"2022-05-17T04:20:49+00:00","dateModified":"2022-05-17T04:20:53+00:00","mainEntityOfPage":{"@id":"https:\/\/www.manabi.gob.ec\/index.php\/atendemos-la-vialidad-rural-de-pedro-pablo-gomez\/"},"wordCount":124,"image":{"@id":"https:\/\/www.manabi.gob.ec\/index.php\/atendemos-la-vialidad-rural-de-pedro-pablo-gomez\/#primaryimage"},"thumbnailUrl":"https:\/\/www.manabi.gob.ec\/wp-content\/uploads\/2022\/05\/DCB1949D-AD61-4024-9F15-EABFA5880967.jpeg","articleSection":["Desarrollo Social","Jipijapa","Noticias","Obra P\u00fablica","Todas"],"inLanguage":"es"},{"@type":"WebPage","@id":"https:\/\/www.manabi.gob.ec\/index.php\/atendemos-la-vialidad-rural-de-pedro-pablo-gomez\/","url":"https:\/\/www.manabi.gob.ec\/index.php\/atendemos-la-vialidad-rural-de-pedro-pablo-gomez\/","name":"Atendemos la vialidad rural de Pedro Pablo G\u00f3mez\u00a0\u00a0 - Prefectura de Manab\u00ed","isPartOf":{"@id":"https:\/\/www.manabi.gob.ec\/#website"},"primaryImageOfPage":{"@id":"https:\/\/www.manabi.gob.ec\/index.php\/atendemos-la-vialidad-rural-de-pedro-pablo-gomez\/#primaryimage"},"image":{"@id":"https:\/\/www.manabi.gob.ec\/index.php\/atendemos-la-vialidad-rural-de-pedro-pablo-gomez\/#primaryimage"},"thumbnailUrl":"https:\/\/www.manabi.gob.ec\/wp-content\/uploads\/2022\/05\/DCB1949D-AD61-4024-9F15-EABFA5880967.jpeg","datePublished":"2022-05-17T04:20:49+00:00","dateModified":"2022-05-17T04:20:53+00:00","author":{"@id":"https:\/\/www.manabi.gob.ec\/#\/schema\/person\/c4f117989332ad723a6ced5994aa7d7a"},"description":"La Prefectura de Manab\u00ed, realiza el mantenimiento de la v\u00eda Pedro Pablo G\u00f3mez - Las Delicias, en un total de 15 kil\u00f3metros. Con\u00a0 un\u00a0 avance del 20%,\u00a0 se realizan trabajos de reconformaci\u00f3n en el\u00a0 trazado de la v\u00eda, afectada por el\u00a0 invierno. Este lunes 16 de mayo, se cumplieron tareas de acarreo de material. Tambi\u00e9n de trabaja en la explotaci\u00f3n de material ( piedra escollera y de pr\u00e9stamo importado )\u00a0 para atender tramos\u00a0 puntuales. La obra es ejecutada con equipo de afirmado\u00a0 y transporte de material contratado mediante Feria Inclusiva, con recursos propios de la instituci\u00f3n por un monto de $ 45.380,00.","breadcrumb":{"@id":"https:\/\/www.manabi.gob.ec\/index.php\/atendemos-la-vialidad-rural-de-pedro-pablo-gomez\/#breadcrumb"},"inLanguage":"es","potentialAction":[{"@type":"ReadAction","target":["https:\/\/www.manabi.gob.ec\/index.php\/atendemos-la-vialidad-rural-de-pedro-pablo-gomez\/"]}]},{"@type":"ImageObject","inLanguage":"es","@id":"https:\/\/www.manabi.gob.ec\/index.php\/atendemos-la-vialidad-rural-de-pedro-pablo-gomez\/#primaryimage","url":"https:\/\/www.manabi.gob.ec\/wp-content\/uploads\/2022\/05\/DCB1949D-AD61-4024-9F15-EABFA5880967.jpeg","contentUrl":"https:\/\/www.manabi.gob.ec\/wp-content\/uploads\/2022\/05\/DCB1949D-AD61-4024-9F15-EABFA5880967.jpeg","width":1600,"height":1200},{"@type":"BreadcrumbList","@id":"https:\/\/www.manabi.gob.ec\/index.php\/atendemos-la-vialidad-rural-de-pedro-pablo-gomez\/#breadcrumb","itemListElement":[{"@type":"ListItem","position":1,"name":"Portada","item":"https:\/\/www.manabi.gob.ec\/"},{"@type":"ListItem","position":2,"name":"Atendemos la vialidad rural de Pedro Pablo G\u00f3mez\u00a0\u00a0"}]},{"@type":"WebSite","@id":"https:\/\/www.manabi.gob.ec\/#website","url":"https:\/\/www.manabi.gob.ec\/","name":"Prefectura de Manab\u00ed","description":"P\u00e1gina web de la prefectura","potentialAction":[{"@type":"SearchAction","target":{"@type":"EntryPoint","urlTemplate":"https:\/\/www.manabi.gob.ec\/?s={search_term_string}"},"query-input":{"@type":"PropertyValueSpecification","valueRequired":true,"valueName":"search_term_string"}}],"inLanguage":"es"},{"@type":"Person","@id":"https:\/\/www.manabi.gob.ec\/#\/schema\/person\/c4f117989332ad723a6ced5994aa7d7a","name":"Lui Ochoa","image":{"@type":"ImageObject","inLanguage":"es","@id":"https:\/\/secure.gravatar.com\/avatar\/6e8017d0fe69dead8a95864d2eb6e1e1d8bf8e01194ba49cf7b897ff038126ba?s=96&d=mm&r=g","url":"https:\/\/secure.gravatar.com\/avatar\/6e8017d0fe69dead8a95864d2eb6e1e1d8bf8e01194ba49cf7b897ff038126ba?s=96&d=mm&r=g","contentUrl":"https:\/\/secure.gravatar.com\/avatar\/6e8017d0fe69dead8a95864d2eb6e1e1d8bf8e01194ba49cf7b897ff038126ba?s=96&d=mm&r=g","caption":"Lui Ochoa"},"url":"https:\/\/www.manabi.gob.ec\/index.php\/author\/lochoa\/"}]}},"jetpack_featured_media_url":"https:\/\/www.manabi.gob.ec\/wp-content\/uploads\/2022\/05\/DCB1949D-AD61-4024-9F15-EABFA5880967.jpeg","_links":{"self":[{"href":"https:\/\/www.manabi.gob.ec\/index.php\/wp-json\/wp\/v2\/posts\/20745","targetHints":{"allow":["GET"]}}],"collection":[{"href":"https:\/\/www.manabi.gob.ec\/index.php\/wp-json\/wp\/v2\/posts"}],"about":[{"href":"https:\/\/www.manabi.gob.ec\/index.php\/wp-json\/wp\/v2\/types\/post"}],"author":[{"embeddable":true,"href":"https:\/\/www.manabi.gob.ec\/index.php\/wp-json\/wp\/v2\/users\/10"}],"replies":[{"embeddable":true,"href":"https:\/\/www.manabi.gob.ec\/index.php\/wp-json\/wp\/v2\/comments?post=20745"}],"version-history":[{"count":0,"href":"https:\/\/www.manabi.gob.ec\/index.php\/wp-json\/wp\/v2\/posts\/20745\/revisions"}],"wp:featuredmedia":[{"embeddable":true,"href":"https:\/\/www.manabi.gob.ec\/index.php\/wp-json\/wp\/v2\/media\/20746"}],"wp:attachment":[{"href":"https:\/\/www.manabi.gob.ec\/index.php\/wp-json\/wp\/v2\/media?parent=20745"}],"wp:term":[{"taxonomy":"category","embeddable":true,"href":"https:\/\/www.manabi.gob.ec\/index.php\/wp-json\/wp\/v2\/categories?post=20745"},{"taxonomy":"post_tag","embeddable":true,"href":"https:\/\/www.manabi.gob.ec\/index.php\/wp-json\/wp\/v2\/tags?post=20745"}],"curies":[{"name":"wp","href":"https:\/\/api.w.org\/{rel}","templated":true}]}}