{"id":20748,"date":"2022-05-17T21:00:20","date_gmt":"2022-05-17T21:00:20","guid":{"rendered":"https:\/\/www.manabi.gob.ec\/?p=20748"},"modified":"2022-05-17T21:00:24","modified_gmt":"2022-05-17T21:00:24","slug":"la-prefectura-y-epa-articulan-acciones-en-beneficio-de-los-agricultores-manabitas","status":"publish","type":"post","link":"https:\/\/www.manabi.gob.ec\/index.php\/la-prefectura-y-epa-articulan-acciones-en-beneficio-de-los-agricultores-manabitas\/","title":{"rendered":"La Prefectura y EPA articulan acciones en beneficio de los agricultores manabitas"},"content":{"rendered":"\n<p><\/p>\n\n\n\n<p>Este lunes, 16 de mayo, el prefecto, Leonardo Orlando, se reuni\u00f3 con Teddy Mackliff, gerente general de la Empresa P\u00fablica del Agua EPA, para art\u00edcular acciones que mejoren la dotaci\u00f3n de agua para riego, servicio que requieren los agricultores manabitas para producir sus tierras.<\/p>\n\n\n\n<p>El Prefecto, en su exposici\u00f3n dijo que personal t\u00e9cnico, operativo y maquinaria de la Prefectura, han apoyado a EPA, en la limpieza de lechuguinos en las presas de almacenamiento de agua y canales de riego que son de competencia de esta empresa p\u00fablica.<\/p>\n\n\n\n<p>En la reuni\u00f3n se acord\u00f3 conformar mesas de trabajo de integraci\u00f3n con los diferentes actores de la provincia, para efectuar una revisi\u00f3n de la infraestructura hidr\u00e1ulica, como presas derivadoras, compuertas, canales de riego y drenaje con el fin de optimizar su servicio.<\/p>\n\n\n\n<p>Tambi\u00e9n se analiz\u00f3 la necesidad de unir esfuerzos para tecnificar los sistemas de riego parcelario e implementar modelos de gesti\u00f3n, para fortalecer la agrosocioeconom\u00eda de los integrantes de las juntas de regantes.<\/p>\n\n\n\n<p>En la reuni\u00f3n tambi\u00e9n participaron David Ortiz, gerente de gesti\u00f3n de proyectos de EPA EP; Mauricio La Torre, profesional de la gerencia de asistencia t\u00e9cnica y personal de la direcci\u00f3n de Riego y Drenaje y Fomento Productivo del Gobierno Provincial.<\/p>\n","protected":false},"excerpt":{"rendered":"<p>Este lunes, 16 de mayo, el prefecto, Leonardo Orlando, se reuni\u00f3 con Teddy Mackliff, gerente general de la Empresa P\u00fablica del Agua EPA, para art\u00edcular acciones que mejoren la dotaci\u00f3n de agua para riego, servicio que requieren los agricultores manabitas para producir sus tierras. El Prefecto, en su exposici\u00f3n dijo que personal t\u00e9cnico, operativo y [&hellip;]<\/p>\n","protected":false},"author":10,"featured_media":20749,"comment_status":"closed","ping_status":"closed","sticky":false,"template":"","format":"standard","meta":{"_joinchat":[],"footnotes":""},"categories":[150,142,92,91],"tags":[],"class_list":["post-20748","post","type-post","status-publish","format-standard","has-post-thumbnail","hentry","category-ambiente","category-desarrollo-social","category-noticias-manabi","category-todas"],"yoast_head":"<!-- This site is optimized with the Yoast SEO plugin v27.4 - https:\/\/yoast.com\/product\/yoast-seo-wordpress\/ -->\n<title>La Prefectura y EPA articulan acciones en beneficio de los agricultores manabitas - Prefectura de Manab\u00ed<\/title>\n<meta name=\"robots\" content=\"index, follow, max-snippet:-1, max-image-preview:large, max-video-preview:-1\" \/>\n<link rel=\"canonical\" href=\"https:\/\/www.manabi.gob.ec\/index.php\/la-prefectura-y-epa-articulan-acciones-en-beneficio-de-los-agricultores-manabitas\/\" \/>\n<meta property=\"og:locale\" content=\"es_ES\" \/>\n<meta property=\"og:type\" content=\"article\" \/>\n<meta property=\"og:title\" content=\"La Prefectura y EPA articulan acciones en beneficio de los agricultores manabitas - Prefectura de Manab\u00ed\" \/>\n<meta property=\"og:description\" content=\"Este lunes, 16 de mayo, el prefecto, Leonardo Orlando, se reuni\u00f3 con Teddy Mackliff, gerente general de la Empresa P\u00fablica del Agua EPA, para art\u00edcular acciones que mejoren la dotaci\u00f3n de agua para riego, servicio que requieren los agricultores manabitas para producir sus tierras. El Prefecto, en su exposici\u00f3n dijo que personal t\u00e9cnico, operativo y [&hellip;]\" \/>\n<meta property=\"og:url\" content=\"https:\/\/www.manabi.gob.ec\/index.php\/la-prefectura-y-epa-articulan-acciones-en-beneficio-de-los-agricultores-manabitas\/\" \/>\n<meta property=\"og:site_name\" content=\"Prefectura de Manab\u00ed\" \/>\n<meta property=\"article:published_time\" content=\"2022-05-17T21:00:20+00:00\" \/>\n<meta property=\"article:modified_time\" content=\"2022-05-17T21:00:24+00:00\" \/>\n<meta property=\"og:image\" content=\"https:\/\/www.manabi.gob.ec\/wp-content\/uploads\/2022\/05\/WhatsApp-Image-2022-05-16-at-11.15.46-PM.jpg\" \/>\n\t<meta property=\"og:image:width\" content=\"1206\" \/>\n\t<meta property=\"og:image:height\" content=\"816\" \/>\n\t<meta property=\"og:image:type\" content=\"image\/jpeg\" \/>\n<meta name=\"author\" content=\"Lui Ochoa\" \/>\n<meta name=\"twitter:card\" content=\"summary_large_image\" \/>\n<meta name=\"twitter:label1\" content=\"Escrito por\" \/>\n\t<meta name=\"twitter:data1\" content=\"Lui Ochoa\" \/>\n\t<meta name=\"twitter:label2\" content=\"Tiempo de lectura\" \/>\n\t<meta name=\"twitter:data2\" content=\"1 minuto\" \/>\n<script type=\"application\/ld+json\" class=\"yoast-schema-graph\">{\"@context\":\"https:\\\/\\\/schema.org\",\"@graph\":[{\"@type\":\"Article\",\"@id\":\"https:\\\/\\\/www.manabi.gob.ec\\\/index.php\\\/la-prefectura-y-epa-articulan-acciones-en-beneficio-de-los-agricultores-manabitas\\\/#article\",\"isPartOf\":{\"@id\":\"https:\\\/\\\/www.manabi.gob.ec\\\/index.php\\\/la-prefectura-y-epa-articulan-acciones-en-beneficio-de-los-agricultores-manabitas\\\/\"},\"author\":{\"name\":\"Lui Ochoa\",\"@id\":\"https:\\\/\\\/www.manabi.gob.ec\\\/#\\\/schema\\\/person\\\/c4f117989332ad723a6ced5994aa7d7a\"},\"headline\":\"La Prefectura y EPA articulan acciones en beneficio de los agricultores manabitas\",\"datePublished\":\"2022-05-17T21:00:20+00:00\",\"dateModified\":\"2022-05-17T21:00:24+00:00\",\"mainEntityOfPage\":{\"@id\":\"https:\\\/\\\/www.manabi.gob.ec\\\/index.php\\\/la-prefectura-y-epa-articulan-acciones-en-beneficio-de-los-agricultores-manabitas\\\/\"},\"wordCount\":230,\"image\":{\"@id\":\"https:\\\/\\\/www.manabi.gob.ec\\\/index.php\\\/la-prefectura-y-epa-articulan-acciones-en-beneficio-de-los-agricultores-manabitas\\\/#primaryimage\"},\"thumbnailUrl\":\"https:\\\/\\\/www.manabi.gob.ec\\\/wp-content\\\/uploads\\\/2022\\\/05\\\/WhatsApp-Image-2022-05-16-at-11.15.46-PM.jpg\",\"articleSection\":[\"Ambiente\",\"Desarrollo Social\",\"Noticias\",\"Todas\"],\"inLanguage\":\"es\"},{\"@type\":\"WebPage\",\"@id\":\"https:\\\/\\\/www.manabi.gob.ec\\\/index.php\\\/la-prefectura-y-epa-articulan-acciones-en-beneficio-de-los-agricultores-manabitas\\\/\",\"url\":\"https:\\\/\\\/www.manabi.gob.ec\\\/index.php\\\/la-prefectura-y-epa-articulan-acciones-en-beneficio-de-los-agricultores-manabitas\\\/\",\"name\":\"La Prefectura y EPA articulan acciones en beneficio de los agricultores manabitas - Prefectura de Manab\u00ed\",\"isPartOf\":{\"@id\":\"https:\\\/\\\/www.manabi.gob.ec\\\/#website\"},\"primaryImageOfPage\":{\"@id\":\"https:\\\/\\\/www.manabi.gob.ec\\\/index.php\\\/la-prefectura-y-epa-articulan-acciones-en-beneficio-de-los-agricultores-manabitas\\\/#primaryimage\"},\"image\":{\"@id\":\"https:\\\/\\\/www.manabi.gob.ec\\\/index.php\\\/la-prefectura-y-epa-articulan-acciones-en-beneficio-de-los-agricultores-manabitas\\\/#primaryimage\"},\"thumbnailUrl\":\"https:\\\/\\\/www.manabi.gob.ec\\\/wp-content\\\/uploads\\\/2022\\\/05\\\/WhatsApp-Image-2022-05-16-at-11.15.46-PM.jpg\",\"datePublished\":\"2022-05-17T21:00:20+00:00\",\"dateModified\":\"2022-05-17T21:00:24+00:00\",\"author\":{\"@id\":\"https:\\\/\\\/www.manabi.gob.ec\\\/#\\\/schema\\\/person\\\/c4f117989332ad723a6ced5994aa7d7a\"},\"breadcrumb\":{\"@id\":\"https:\\\/\\\/www.manabi.gob.ec\\\/index.php\\\/la-prefectura-y-epa-articulan-acciones-en-beneficio-de-los-agricultores-manabitas\\\/#breadcrumb\"},\"inLanguage\":\"es\",\"potentialAction\":[{\"@type\":\"ReadAction\",\"target\":[\"https:\\\/\\\/www.manabi.gob.ec\\\/index.php\\\/la-prefectura-y-epa-articulan-acciones-en-beneficio-de-los-agricultores-manabitas\\\/\"]}]},{\"@type\":\"ImageObject\",\"inLanguage\":\"es\",\"@id\":\"https:\\\/\\\/www.manabi.gob.ec\\\/index.php\\\/la-prefectura-y-epa-articulan-acciones-en-beneficio-de-los-agricultores-manabitas\\\/#primaryimage\",\"url\":\"https:\\\/\\\/www.manabi.gob.ec\\\/wp-content\\\/uploads\\\/2022\\\/05\\\/WhatsApp-Image-2022-05-16-at-11.15.46-PM.jpg\",\"contentUrl\":\"https:\\\/\\\/www.manabi.gob.ec\\\/wp-content\\\/uploads\\\/2022\\\/05\\\/WhatsApp-Image-2022-05-16-at-11.15.46-PM.jpg\",\"width\":1206,\"height\":816},{\"@type\":\"BreadcrumbList\",\"@id\":\"https:\\\/\\\/www.manabi.gob.ec\\\/index.php\\\/la-prefectura-y-epa-articulan-acciones-en-beneficio-de-los-agricultores-manabitas\\\/#breadcrumb\",\"itemListElement\":[{\"@type\":\"ListItem\",\"position\":1,\"name\":\"Portada\",\"item\":\"https:\\\/\\\/www.manabi.gob.ec\\\/\"},{\"@type\":\"ListItem\",\"position\":2,\"name\":\"La Prefectura y EPA articulan acciones en beneficio de los agricultores manabitas\"}]},{\"@type\":\"WebSite\",\"@id\":\"https:\\\/\\\/www.manabi.gob.ec\\\/#website\",\"url\":\"https:\\\/\\\/www.manabi.gob.ec\\\/\",\"name\":\"Prefectura de Manab\u00ed\",\"description\":\"P\u00e1gina web de la prefectura\",\"potentialAction\":[{\"@type\":\"SearchAction\",\"target\":{\"@type\":\"EntryPoint\",\"urlTemplate\":\"https:\\\/\\\/www.manabi.gob.ec\\\/?s={search_term_string}\"},\"query-input\":{\"@type\":\"PropertyValueSpecification\",\"valueRequired\":true,\"valueName\":\"search_term_string\"}}],\"inLanguage\":\"es\"},{\"@type\":\"Person\",\"@id\":\"https:\\\/\\\/www.manabi.gob.ec\\\/#\\\/schema\\\/person\\\/c4f117989332ad723a6ced5994aa7d7a\",\"name\":\"Lui Ochoa\",\"image\":{\"@type\":\"ImageObject\",\"inLanguage\":\"es\",\"@id\":\"https:\\\/\\\/secure.gravatar.com\\\/avatar\\\/6e8017d0fe69dead8a95864d2eb6e1e1d8bf8e01194ba49cf7b897ff038126ba?s=96&d=mm&r=g\",\"url\":\"https:\\\/\\\/secure.gravatar.com\\\/avatar\\\/6e8017d0fe69dead8a95864d2eb6e1e1d8bf8e01194ba49cf7b897ff038126ba?s=96&d=mm&r=g\",\"contentUrl\":\"https:\\\/\\\/secure.gravatar.com\\\/avatar\\\/6e8017d0fe69dead8a95864d2eb6e1e1d8bf8e01194ba49cf7b897ff038126ba?s=96&d=mm&r=g\",\"caption\":\"Lui Ochoa\"},\"url\":\"https:\\\/\\\/www.manabi.gob.ec\\\/index.php\\\/author\\\/lochoa\\\/\"}]}<\/script>\n<!-- \/ Yoast SEO plugin. -->","yoast_head_json":{"title":"La Prefectura y EPA articulan acciones en beneficio de los agricultores manabitas - Prefectura de Manab\u00ed","robots":{"index":"index","follow":"follow","max-snippet":"max-snippet:-1","max-image-preview":"max-image-preview:large","max-video-preview":"max-video-preview:-1"},"canonical":"https:\/\/www.manabi.gob.ec\/index.php\/la-prefectura-y-epa-articulan-acciones-en-beneficio-de-los-agricultores-manabitas\/","og_locale":"es_ES","og_type":"article","og_title":"La Prefectura y EPA articulan acciones en beneficio de los agricultores manabitas - Prefectura de Manab\u00ed","og_description":"Este lunes, 16 de mayo, el prefecto, Leonardo Orlando, se reuni\u00f3 con Teddy Mackliff, gerente general de la Empresa P\u00fablica del Agua EPA, para art\u00edcular acciones que mejoren la dotaci\u00f3n de agua para riego, servicio que requieren los agricultores manabitas para producir sus tierras. El Prefecto, en su exposici\u00f3n dijo que personal t\u00e9cnico, operativo y [&hellip;]","og_url":"https:\/\/www.manabi.gob.ec\/index.php\/la-prefectura-y-epa-articulan-acciones-en-beneficio-de-los-agricultores-manabitas\/","og_site_name":"Prefectura de Manab\u00ed","article_published_time":"2022-05-17T21:00:20+00:00","article_modified_time":"2022-05-17T21:00:24+00:00","og_image":[{"width":1206,"height":816,"url":"https:\/\/www.manabi.gob.ec\/wp-content\/uploads\/2022\/05\/WhatsApp-Image-2022-05-16-at-11.15.46-PM.jpg","type":"image\/jpeg"}],"author":"Lui Ochoa","twitter_card":"summary_large_image","twitter_misc":{"Escrito por":"Lui Ochoa","Tiempo de lectura":"1 minuto"},"schema":{"@context":"https:\/\/schema.org","@graph":[{"@type":"Article","@id":"https:\/\/www.manabi.gob.ec\/index.php\/la-prefectura-y-epa-articulan-acciones-en-beneficio-de-los-agricultores-manabitas\/#article","isPartOf":{"@id":"https:\/\/www.manabi.gob.ec\/index.php\/la-prefectura-y-epa-articulan-acciones-en-beneficio-de-los-agricultores-manabitas\/"},"author":{"name":"Lui Ochoa","@id":"https:\/\/www.manabi.gob.ec\/#\/schema\/person\/c4f117989332ad723a6ced5994aa7d7a"},"headline":"La Prefectura y EPA articulan acciones en beneficio de los agricultores manabitas","datePublished":"2022-05-17T21:00:20+00:00","dateModified":"2022-05-17T21:00:24+00:00","mainEntityOfPage":{"@id":"https:\/\/www.manabi.gob.ec\/index.php\/la-prefectura-y-epa-articulan-acciones-en-beneficio-de-los-agricultores-manabitas\/"},"wordCount":230,"image":{"@id":"https:\/\/www.manabi.gob.ec\/index.php\/la-prefectura-y-epa-articulan-acciones-en-beneficio-de-los-agricultores-manabitas\/#primaryimage"},"thumbnailUrl":"https:\/\/www.manabi.gob.ec\/wp-content\/uploads\/2022\/05\/WhatsApp-Image-2022-05-16-at-11.15.46-PM.jpg","articleSection":["Ambiente","Desarrollo Social","Noticias","Todas"],"inLanguage":"es"},{"@type":"WebPage","@id":"https:\/\/www.manabi.gob.ec\/index.php\/la-prefectura-y-epa-articulan-acciones-en-beneficio-de-los-agricultores-manabitas\/","url":"https:\/\/www.manabi.gob.ec\/index.php\/la-prefectura-y-epa-articulan-acciones-en-beneficio-de-los-agricultores-manabitas\/","name":"La Prefectura y EPA articulan acciones en beneficio de los agricultores manabitas - Prefectura de Manab\u00ed","isPartOf":{"@id":"https:\/\/www.manabi.gob.ec\/#website"},"primaryImageOfPage":{"@id":"https:\/\/www.manabi.gob.ec\/index.php\/la-prefectura-y-epa-articulan-acciones-en-beneficio-de-los-agricultores-manabitas\/#primaryimage"},"image":{"@id":"https:\/\/www.manabi.gob.ec\/index.php\/la-prefectura-y-epa-articulan-acciones-en-beneficio-de-los-agricultores-manabitas\/#primaryimage"},"thumbnailUrl":"https:\/\/www.manabi.gob.ec\/wp-content\/uploads\/2022\/05\/WhatsApp-Image-2022-05-16-at-11.15.46-PM.jpg","datePublished":"2022-05-17T21:00:20+00:00","dateModified":"2022-05-17T21:00:24+00:00","author":{"@id":"https:\/\/www.manabi.gob.ec\/#\/schema\/person\/c4f117989332ad723a6ced5994aa7d7a"},"breadcrumb":{"@id":"https:\/\/www.manabi.gob.ec\/index.php\/la-prefectura-y-epa-articulan-acciones-en-beneficio-de-los-agricultores-manabitas\/#breadcrumb"},"inLanguage":"es","potentialAction":[{"@type":"ReadAction","target":["https:\/\/www.manabi.gob.ec\/index.php\/la-prefectura-y-epa-articulan-acciones-en-beneficio-de-los-agricultores-manabitas\/"]}]},{"@type":"ImageObject","inLanguage":"es","@id":"https:\/\/www.manabi.gob.ec\/index.php\/la-prefectura-y-epa-articulan-acciones-en-beneficio-de-los-agricultores-manabitas\/#primaryimage","url":"https:\/\/www.manabi.gob.ec\/wp-content\/uploads\/2022\/05\/WhatsApp-Image-2022-05-16-at-11.15.46-PM.jpg","contentUrl":"https:\/\/www.manabi.gob.ec\/wp-content\/uploads\/2022\/05\/WhatsApp-Image-2022-05-16-at-11.15.46-PM.jpg","width":1206,"height":816},{"@type":"BreadcrumbList","@id":"https:\/\/www.manabi.gob.ec\/index.php\/la-prefectura-y-epa-articulan-acciones-en-beneficio-de-los-agricultores-manabitas\/#breadcrumb","itemListElement":[{"@type":"ListItem","position":1,"name":"Portada","item":"https:\/\/www.manabi.gob.ec\/"},{"@type":"ListItem","position":2,"name":"La Prefectura y EPA articulan acciones en beneficio de los agricultores manabitas"}]},{"@type":"WebSite","@id":"https:\/\/www.manabi.gob.ec\/#website","url":"https:\/\/www.manabi.gob.ec\/","name":"Prefectura de Manab\u00ed","description":"P\u00e1gina web de la prefectura","potentialAction":[{"@type":"SearchAction","target":{"@type":"EntryPoint","urlTemplate":"https:\/\/www.manabi.gob.ec\/?s={search_term_string}"},"query-input":{"@type":"PropertyValueSpecification","valueRequired":true,"valueName":"search_term_string"}}],"inLanguage":"es"},{"@type":"Person","@id":"https:\/\/www.manabi.gob.ec\/#\/schema\/person\/c4f117989332ad723a6ced5994aa7d7a","name":"Lui Ochoa","image":{"@type":"ImageObject","inLanguage":"es","@id":"https:\/\/secure.gravatar.com\/avatar\/6e8017d0fe69dead8a95864d2eb6e1e1d8bf8e01194ba49cf7b897ff038126ba?s=96&d=mm&r=g","url":"https:\/\/secure.gravatar.com\/avatar\/6e8017d0fe69dead8a95864d2eb6e1e1d8bf8e01194ba49cf7b897ff038126ba?s=96&d=mm&r=g","contentUrl":"https:\/\/secure.gravatar.com\/avatar\/6e8017d0fe69dead8a95864d2eb6e1e1d8bf8e01194ba49cf7b897ff038126ba?s=96&d=mm&r=g","caption":"Lui Ochoa"},"url":"https:\/\/www.manabi.gob.ec\/index.php\/author\/lochoa\/"}]}},"jetpack_featured_media_url":"https:\/\/www.manabi.gob.ec\/wp-content\/uploads\/2022\/05\/WhatsApp-Image-2022-05-16-at-11.15.46-PM.jpg","_links":{"self":[{"href":"https:\/\/www.manabi.gob.ec\/index.php\/wp-json\/wp\/v2\/posts\/20748","targetHints":{"allow":["GET"]}}],"collection":[{"href":"https:\/\/www.manabi.gob.ec\/index.php\/wp-json\/wp\/v2\/posts"}],"about":[{"href":"https:\/\/www.manabi.gob.ec\/index.php\/wp-json\/wp\/v2\/types\/post"}],"author":[{"embeddable":true,"href":"https:\/\/www.manabi.gob.ec\/index.php\/wp-json\/wp\/v2\/users\/10"}],"replies":[{"embeddable":true,"href":"https:\/\/www.manabi.gob.ec\/index.php\/wp-json\/wp\/v2\/comments?post=20748"}],"version-history":[{"count":0,"href":"https:\/\/www.manabi.gob.ec\/index.php\/wp-json\/wp\/v2\/posts\/20748\/revisions"}],"wp:featuredmedia":[{"embeddable":true,"href":"https:\/\/www.manabi.gob.ec\/index.php\/wp-json\/wp\/v2\/media\/20749"}],"wp:attachment":[{"href":"https:\/\/www.manabi.gob.ec\/index.php\/wp-json\/wp\/v2\/media?parent=20748"}],"wp:term":[{"taxonomy":"category","embeddable":true,"href":"https:\/\/www.manabi.gob.ec\/index.php\/wp-json\/wp\/v2\/categories?post=20748"},{"taxonomy":"post_tag","embeddable":true,"href":"https:\/\/www.manabi.gob.ec\/index.php\/wp-json\/wp\/v2\/tags?post=20748"}],"curies":[{"name":"wp","href":"https:\/\/api.w.org\/{rel}","templated":true}]}}