{"id":20751,"date":"2022-05-17T21:04:57","date_gmt":"2022-05-17T21:04:57","guid":{"rendered":"https:\/\/www.manabi.gob.ec\/?p=20751"},"modified":"2022-05-17T21:05:01","modified_gmt":"2022-05-17T21:05:01","slug":"sumamos-esfuerzos-para-el-exito-de-manabi-como-sede-de-los-juegos-nacionales-prejuveniles-2022","status":"publish","type":"post","link":"https:\/\/www.manabi.gob.ec\/index.php\/sumamos-esfuerzos-para-el-exito-de-manabi-como-sede-de-los-juegos-nacionales-prejuveniles-2022\/","title":{"rendered":"Sumamos esfuerzos para el \u00e9xito de Manab\u00ed como sede de los Juegos Nacionales Prejuveniles 2022"},"content":{"rendered":"\n<p><\/p>\n\n\n\n<p>El prefecto de Manab\u00ed, Leonardo Orlando, no dud\u00f3 en expresar su respaldo a los entes deportivos para el desarrollo de los Juegos Nacionales Prejuveniles 2022, que se realizar\u00e1n a partir del 22 de julio de este a\u00f1o, y tendr\u00e1n como sede a nuestra provincia.<\/p>\n\n\n\n<p>\u201cCuenten con nuestro apoyo\u201d, manifest\u00f3 Orlando, en respuesta al pedido que le realiz\u00f3 Valentina Centeno, subsecretaria de desarrollo de la actividad f\u00edsica del Ministerio de Deporte, junto al coordinador zonal 4 de esa cartera de Estado, Horacio Cede\u00f1o, y un delegado de la Federaci\u00f3n Deportiva de Manab\u00ed.<\/p>\n\n\n\n<p>El aporte de la Prefectura estar\u00e1 dirigido a atender la necesidad de acondicionar el estadio Reales Tamarindos de Portoviejo.<\/p>\n","protected":false},"excerpt":{"rendered":"<p>El prefecto de Manab\u00ed, Leonardo Orlando, no dud\u00f3 en expresar su respaldo a los entes deportivos para el desarrollo de los Juegos Nacionales Prejuveniles 2022, que se realizar\u00e1n a partir del 22 de julio de este a\u00f1o, y tendr\u00e1n como sede a nuestra provincia. \u201cCuenten con nuestro apoyo\u201d, manifest\u00f3 Orlando, en respuesta al pedido que [&hellip;]<\/p>\n","protected":false},"author":10,"featured_media":20752,"comment_status":"closed","ping_status":"closed","sticky":false,"template":"","format":"standard","meta":{"_joinchat":[],"footnotes":""},"categories":[142,92,193,91],"tags":[],"class_list":["post-20751","post","type-post","status-publish","format-standard","has-post-thumbnail","hentry","category-desarrollo-social","category-noticias-manabi","category-participacion-ciudadana","category-todas"],"yoast_head":"<!-- This site is optimized with the Yoast SEO plugin v27.4 - https:\/\/yoast.com\/product\/yoast-seo-wordpress\/ -->\n<title>Sumamos esfuerzos para el \u00e9xito de Manab\u00ed como sede de los Juegos Nacionales Prejuveniles 2022 - Prefectura de Manab\u00ed<\/title>\n<meta name=\"description\" content=\"El prefecto de Manab\u00ed, Leonardo Orlando, no dud\u00f3 en expresar su respaldo a los entes deportivos para el desarrollo de los Juegos Nacionales Prejuveniles 2022, que se realizar\u00e1n a partir del 22 de julio de este a\u00f1o, y tendr\u00e1n como sede a nuestra provincia.\u201cCuenten con nuestro apoyo\u201d, manifest\u00f3 Orlando, en respuesta al pedido que le realiz\u00f3 Valentina Centeno, subsecretaria de desarrollo de la actividad f\u00edsica del Ministerio de Deporte, junto al coordinador zonal 4 de esa cartera de Estado, Horacio Cede\u00f1o, y un delegado de la Federaci\u00f3n Deportiva de Manab\u00ed.El aporte de la Prefectura estar\u00e1 dirigido a atender la necesidad de acondicionar el estadio Reales Tamarindos de Portoviejo.\" \/>\n<meta name=\"robots\" content=\"index, follow, max-snippet:-1, max-image-preview:large, max-video-preview:-1\" \/>\n<link rel=\"canonical\" href=\"https:\/\/www.manabi.gob.ec\/index.php\/sumamos-esfuerzos-para-el-exito-de-manabi-como-sede-de-los-juegos-nacionales-prejuveniles-2022\/\" \/>\n<meta property=\"og:locale\" content=\"es_ES\" \/>\n<meta property=\"og:type\" content=\"article\" \/>\n<meta property=\"og:title\" content=\"Sumamos esfuerzos para el \u00e9xito de Manab\u00ed como sede de los Juegos Nacionales Prejuveniles 2022 - Prefectura de Manab\u00ed\" \/>\n<meta property=\"og:description\" content=\"El prefecto de Manab\u00ed, Leonardo Orlando, no dud\u00f3 en expresar su respaldo a los entes deportivos para el desarrollo de los Juegos Nacionales Prejuveniles 2022, que se realizar\u00e1n a partir del 22 de julio de este a\u00f1o, y tendr\u00e1n como sede a nuestra provincia.\u201cCuenten con nuestro apoyo\u201d, manifest\u00f3 Orlando, en respuesta al pedido que le realiz\u00f3 Valentina Centeno, subsecretaria de desarrollo de la actividad f\u00edsica del Ministerio de Deporte, junto al coordinador zonal 4 de esa cartera de Estado, Horacio Cede\u00f1o, y un delegado de la Federaci\u00f3n Deportiva de Manab\u00ed.El aporte de la Prefectura estar\u00e1 dirigido a atender la necesidad de acondicionar el estadio Reales Tamarindos de Portoviejo.\" \/>\n<meta property=\"og:url\" content=\"https:\/\/www.manabi.gob.ec\/index.php\/sumamos-esfuerzos-para-el-exito-de-manabi-como-sede-de-los-juegos-nacionales-prejuveniles-2022\/\" \/>\n<meta property=\"og:site_name\" content=\"Prefectura de Manab\u00ed\" \/>\n<meta property=\"article:published_time\" content=\"2022-05-17T21:04:57+00:00\" \/>\n<meta property=\"article:modified_time\" content=\"2022-05-17T21:05:01+00:00\" \/>\n<meta property=\"og:image\" content=\"https:\/\/www.manabi.gob.ec\/wp-content\/uploads\/2022\/05\/WhatsApp-Image-2022-05-17-at-2.01.53-PM.jpg\" \/>\n\t<meta property=\"og:image:width\" content=\"1222\" \/>\n\t<meta property=\"og:image:height\" content=\"815\" \/>\n\t<meta property=\"og:image:type\" content=\"image\/jpeg\" \/>\n<meta name=\"author\" content=\"Lui Ochoa\" \/>\n<meta name=\"twitter:card\" content=\"summary_large_image\" \/>\n<meta name=\"twitter:label1\" content=\"Escrito por\" \/>\n\t<meta name=\"twitter:data1\" content=\"Lui Ochoa\" \/>\n\t<meta name=\"twitter:label2\" content=\"Tiempo de lectura\" \/>\n\t<meta name=\"twitter:data2\" content=\"1 minuto\" \/>\n<script type=\"application\/ld+json\" class=\"yoast-schema-graph\">{\"@context\":\"https:\\\/\\\/schema.org\",\"@graph\":[{\"@type\":\"Article\",\"@id\":\"https:\\\/\\\/www.manabi.gob.ec\\\/index.php\\\/sumamos-esfuerzos-para-el-exito-de-manabi-como-sede-de-los-juegos-nacionales-prejuveniles-2022\\\/#article\",\"isPartOf\":{\"@id\":\"https:\\\/\\\/www.manabi.gob.ec\\\/index.php\\\/sumamos-esfuerzos-para-el-exito-de-manabi-como-sede-de-los-juegos-nacionales-prejuveniles-2022\\\/\"},\"author\":{\"name\":\"Lui Ochoa\",\"@id\":\"https:\\\/\\\/www.manabi.gob.ec\\\/#\\\/schema\\\/person\\\/c4f117989332ad723a6ced5994aa7d7a\"},\"headline\":\"Sumamos esfuerzos para el \u00e9xito de Manab\u00ed como sede de los Juegos Nacionales Prejuveniles 2022\",\"datePublished\":\"2022-05-17T21:04:57+00:00\",\"dateModified\":\"2022-05-17T21:05:01+00:00\",\"mainEntityOfPage\":{\"@id\":\"https:\\\/\\\/www.manabi.gob.ec\\\/index.php\\\/sumamos-esfuerzos-para-el-exito-de-manabi-como-sede-de-los-juegos-nacionales-prejuveniles-2022\\\/\"},\"wordCount\":127,\"image\":{\"@id\":\"https:\\\/\\\/www.manabi.gob.ec\\\/index.php\\\/sumamos-esfuerzos-para-el-exito-de-manabi-como-sede-de-los-juegos-nacionales-prejuveniles-2022\\\/#primaryimage\"},\"thumbnailUrl\":\"https:\\\/\\\/www.manabi.gob.ec\\\/wp-content\\\/uploads\\\/2022\\\/05\\\/WhatsApp-Image-2022-05-17-at-2.01.53-PM.jpg\",\"articleSection\":[\"Desarrollo Social\",\"Noticias\",\"Participaci\u00f3n ciudadana\",\"Todas\"],\"inLanguage\":\"es\"},{\"@type\":\"WebPage\",\"@id\":\"https:\\\/\\\/www.manabi.gob.ec\\\/index.php\\\/sumamos-esfuerzos-para-el-exito-de-manabi-como-sede-de-los-juegos-nacionales-prejuveniles-2022\\\/\",\"url\":\"https:\\\/\\\/www.manabi.gob.ec\\\/index.php\\\/sumamos-esfuerzos-para-el-exito-de-manabi-como-sede-de-los-juegos-nacionales-prejuveniles-2022\\\/\",\"name\":\"Sumamos esfuerzos para el \u00e9xito de Manab\u00ed como sede de los Juegos Nacionales Prejuveniles 2022 - Prefectura de Manab\u00ed\",\"isPartOf\":{\"@id\":\"https:\\\/\\\/www.manabi.gob.ec\\\/#website\"},\"primaryImageOfPage\":{\"@id\":\"https:\\\/\\\/www.manabi.gob.ec\\\/index.php\\\/sumamos-esfuerzos-para-el-exito-de-manabi-como-sede-de-los-juegos-nacionales-prejuveniles-2022\\\/#primaryimage\"},\"image\":{\"@id\":\"https:\\\/\\\/www.manabi.gob.ec\\\/index.php\\\/sumamos-esfuerzos-para-el-exito-de-manabi-como-sede-de-los-juegos-nacionales-prejuveniles-2022\\\/#primaryimage\"},\"thumbnailUrl\":\"https:\\\/\\\/www.manabi.gob.ec\\\/wp-content\\\/uploads\\\/2022\\\/05\\\/WhatsApp-Image-2022-05-17-at-2.01.53-PM.jpg\",\"datePublished\":\"2022-05-17T21:04:57+00:00\",\"dateModified\":\"2022-05-17T21:05:01+00:00\",\"author\":{\"@id\":\"https:\\\/\\\/www.manabi.gob.ec\\\/#\\\/schema\\\/person\\\/c4f117989332ad723a6ced5994aa7d7a\"},\"description\":\"El prefecto de Manab\u00ed, Leonardo Orlando, no dud\u00f3 en expresar su respaldo a los entes deportivos para el desarrollo de los Juegos Nacionales Prejuveniles 2022, que se realizar\u00e1n a partir del 22 de julio de este a\u00f1o, y tendr\u00e1n como sede a nuestra provincia.\u201cCuenten con nuestro apoyo\u201d, manifest\u00f3 Orlando, en respuesta al pedido que le realiz\u00f3 Valentina Centeno, subsecretaria de desarrollo de la actividad f\u00edsica del Ministerio de Deporte, junto al coordinador zonal 4 de esa cartera de Estado, Horacio Cede\u00f1o, y un delegado de la Federaci\u00f3n Deportiva de Manab\u00ed.El aporte de la Prefectura estar\u00e1 dirigido a atender la necesidad de acondicionar el estadio Reales Tamarindos de Portoviejo.\",\"breadcrumb\":{\"@id\":\"https:\\\/\\\/www.manabi.gob.ec\\\/index.php\\\/sumamos-esfuerzos-para-el-exito-de-manabi-como-sede-de-los-juegos-nacionales-prejuveniles-2022\\\/#breadcrumb\"},\"inLanguage\":\"es\",\"potentialAction\":[{\"@type\":\"ReadAction\",\"target\":[\"https:\\\/\\\/www.manabi.gob.ec\\\/index.php\\\/sumamos-esfuerzos-para-el-exito-de-manabi-como-sede-de-los-juegos-nacionales-prejuveniles-2022\\\/\"]}]},{\"@type\":\"ImageObject\",\"inLanguage\":\"es\",\"@id\":\"https:\\\/\\\/www.manabi.gob.ec\\\/index.php\\\/sumamos-esfuerzos-para-el-exito-de-manabi-como-sede-de-los-juegos-nacionales-prejuveniles-2022\\\/#primaryimage\",\"url\":\"https:\\\/\\\/www.manabi.gob.ec\\\/wp-content\\\/uploads\\\/2022\\\/05\\\/WhatsApp-Image-2022-05-17-at-2.01.53-PM.jpg\",\"contentUrl\":\"https:\\\/\\\/www.manabi.gob.ec\\\/wp-content\\\/uploads\\\/2022\\\/05\\\/WhatsApp-Image-2022-05-17-at-2.01.53-PM.jpg\",\"width\":1222,\"height\":815},{\"@type\":\"BreadcrumbList\",\"@id\":\"https:\\\/\\\/www.manabi.gob.ec\\\/index.php\\\/sumamos-esfuerzos-para-el-exito-de-manabi-como-sede-de-los-juegos-nacionales-prejuveniles-2022\\\/#breadcrumb\",\"itemListElement\":[{\"@type\":\"ListItem\",\"position\":1,\"name\":\"Portada\",\"item\":\"https:\\\/\\\/www.manabi.gob.ec\\\/\"},{\"@type\":\"ListItem\",\"position\":2,\"name\":\"Sumamos esfuerzos para el \u00e9xito de Manab\u00ed como sede de los Juegos Nacionales Prejuveniles 2022\"}]},{\"@type\":\"WebSite\",\"@id\":\"https:\\\/\\\/www.manabi.gob.ec\\\/#website\",\"url\":\"https:\\\/\\\/www.manabi.gob.ec\\\/\",\"name\":\"Prefectura de Manab\u00ed\",\"description\":\"P\u00e1gina web de la prefectura\",\"potentialAction\":[{\"@type\":\"SearchAction\",\"target\":{\"@type\":\"EntryPoint\",\"urlTemplate\":\"https:\\\/\\\/www.manabi.gob.ec\\\/?s={search_term_string}\"},\"query-input\":{\"@type\":\"PropertyValueSpecification\",\"valueRequired\":true,\"valueName\":\"search_term_string\"}}],\"inLanguage\":\"es\"},{\"@type\":\"Person\",\"@id\":\"https:\\\/\\\/www.manabi.gob.ec\\\/#\\\/schema\\\/person\\\/c4f117989332ad723a6ced5994aa7d7a\",\"name\":\"Lui Ochoa\",\"image\":{\"@type\":\"ImageObject\",\"inLanguage\":\"es\",\"@id\":\"https:\\\/\\\/secure.gravatar.com\\\/avatar\\\/6e8017d0fe69dead8a95864d2eb6e1e1d8bf8e01194ba49cf7b897ff038126ba?s=96&d=mm&r=g\",\"url\":\"https:\\\/\\\/secure.gravatar.com\\\/avatar\\\/6e8017d0fe69dead8a95864d2eb6e1e1d8bf8e01194ba49cf7b897ff038126ba?s=96&d=mm&r=g\",\"contentUrl\":\"https:\\\/\\\/secure.gravatar.com\\\/avatar\\\/6e8017d0fe69dead8a95864d2eb6e1e1d8bf8e01194ba49cf7b897ff038126ba?s=96&d=mm&r=g\",\"caption\":\"Lui Ochoa\"},\"url\":\"https:\\\/\\\/www.manabi.gob.ec\\\/index.php\\\/author\\\/lochoa\\\/\"}]}<\/script>\n<!-- \/ Yoast SEO plugin. -->","yoast_head_json":{"title":"Sumamos esfuerzos para el \u00e9xito de Manab\u00ed como sede de los Juegos Nacionales Prejuveniles 2022 - Prefectura de Manab\u00ed","description":"El prefecto de Manab\u00ed, Leonardo Orlando, no dud\u00f3 en expresar su respaldo a los entes deportivos para el desarrollo de los Juegos Nacionales Prejuveniles 2022, que se realizar\u00e1n a partir del 22 de julio de este a\u00f1o, y tendr\u00e1n como sede a nuestra provincia.\u201cCuenten con nuestro apoyo\u201d, manifest\u00f3 Orlando, en respuesta al pedido que le realiz\u00f3 Valentina Centeno, subsecretaria de desarrollo de la actividad f\u00edsica del Ministerio de Deporte, junto al coordinador zonal 4 de esa cartera de Estado, Horacio Cede\u00f1o, y un delegado de la Federaci\u00f3n Deportiva de Manab\u00ed.El aporte de la Prefectura estar\u00e1 dirigido a atender la necesidad de acondicionar el estadio Reales Tamarindos de Portoviejo.","robots":{"index":"index","follow":"follow","max-snippet":"max-snippet:-1","max-image-preview":"max-image-preview:large","max-video-preview":"max-video-preview:-1"},"canonical":"https:\/\/www.manabi.gob.ec\/index.php\/sumamos-esfuerzos-para-el-exito-de-manabi-como-sede-de-los-juegos-nacionales-prejuveniles-2022\/","og_locale":"es_ES","og_type":"article","og_title":"Sumamos esfuerzos para el \u00e9xito de Manab\u00ed como sede de los Juegos Nacionales Prejuveniles 2022 - Prefectura de Manab\u00ed","og_description":"El prefecto de Manab\u00ed, Leonardo Orlando, no dud\u00f3 en expresar su respaldo a los entes deportivos para el desarrollo de los Juegos Nacionales Prejuveniles 2022, que se realizar\u00e1n a partir del 22 de julio de este a\u00f1o, y tendr\u00e1n como sede a nuestra provincia.\u201cCuenten con nuestro apoyo\u201d, manifest\u00f3 Orlando, en respuesta al pedido que le realiz\u00f3 Valentina Centeno, subsecretaria de desarrollo de la actividad f\u00edsica del Ministerio de Deporte, junto al coordinador zonal 4 de esa cartera de Estado, Horacio Cede\u00f1o, y un delegado de la Federaci\u00f3n Deportiva de Manab\u00ed.El aporte de la Prefectura estar\u00e1 dirigido a atender la necesidad de acondicionar el estadio Reales Tamarindos de Portoviejo.","og_url":"https:\/\/www.manabi.gob.ec\/index.php\/sumamos-esfuerzos-para-el-exito-de-manabi-como-sede-de-los-juegos-nacionales-prejuveniles-2022\/","og_site_name":"Prefectura de Manab\u00ed","article_published_time":"2022-05-17T21:04:57+00:00","article_modified_time":"2022-05-17T21:05:01+00:00","og_image":[{"width":1222,"height":815,"url":"https:\/\/www.manabi.gob.ec\/wp-content\/uploads\/2022\/05\/WhatsApp-Image-2022-05-17-at-2.01.53-PM.jpg","type":"image\/jpeg"}],"author":"Lui Ochoa","twitter_card":"summary_large_image","twitter_misc":{"Escrito por":"Lui Ochoa","Tiempo de lectura":"1 minuto"},"schema":{"@context":"https:\/\/schema.org","@graph":[{"@type":"Article","@id":"https:\/\/www.manabi.gob.ec\/index.php\/sumamos-esfuerzos-para-el-exito-de-manabi-como-sede-de-los-juegos-nacionales-prejuveniles-2022\/#article","isPartOf":{"@id":"https:\/\/www.manabi.gob.ec\/index.php\/sumamos-esfuerzos-para-el-exito-de-manabi-como-sede-de-los-juegos-nacionales-prejuveniles-2022\/"},"author":{"name":"Lui Ochoa","@id":"https:\/\/www.manabi.gob.ec\/#\/schema\/person\/c4f117989332ad723a6ced5994aa7d7a"},"headline":"Sumamos esfuerzos para el \u00e9xito de Manab\u00ed como sede de los Juegos Nacionales Prejuveniles 2022","datePublished":"2022-05-17T21:04:57+00:00","dateModified":"2022-05-17T21:05:01+00:00","mainEntityOfPage":{"@id":"https:\/\/www.manabi.gob.ec\/index.php\/sumamos-esfuerzos-para-el-exito-de-manabi-como-sede-de-los-juegos-nacionales-prejuveniles-2022\/"},"wordCount":127,"image":{"@id":"https:\/\/www.manabi.gob.ec\/index.php\/sumamos-esfuerzos-para-el-exito-de-manabi-como-sede-de-los-juegos-nacionales-prejuveniles-2022\/#primaryimage"},"thumbnailUrl":"https:\/\/www.manabi.gob.ec\/wp-content\/uploads\/2022\/05\/WhatsApp-Image-2022-05-17-at-2.01.53-PM.jpg","articleSection":["Desarrollo Social","Noticias","Participaci\u00f3n ciudadana","Todas"],"inLanguage":"es"},{"@type":"WebPage","@id":"https:\/\/www.manabi.gob.ec\/index.php\/sumamos-esfuerzos-para-el-exito-de-manabi-como-sede-de-los-juegos-nacionales-prejuveniles-2022\/","url":"https:\/\/www.manabi.gob.ec\/index.php\/sumamos-esfuerzos-para-el-exito-de-manabi-como-sede-de-los-juegos-nacionales-prejuveniles-2022\/","name":"Sumamos esfuerzos para el \u00e9xito de Manab\u00ed como sede de los Juegos Nacionales Prejuveniles 2022 - Prefectura de Manab\u00ed","isPartOf":{"@id":"https:\/\/www.manabi.gob.ec\/#website"},"primaryImageOfPage":{"@id":"https:\/\/www.manabi.gob.ec\/index.php\/sumamos-esfuerzos-para-el-exito-de-manabi-como-sede-de-los-juegos-nacionales-prejuveniles-2022\/#primaryimage"},"image":{"@id":"https:\/\/www.manabi.gob.ec\/index.php\/sumamos-esfuerzos-para-el-exito-de-manabi-como-sede-de-los-juegos-nacionales-prejuveniles-2022\/#primaryimage"},"thumbnailUrl":"https:\/\/www.manabi.gob.ec\/wp-content\/uploads\/2022\/05\/WhatsApp-Image-2022-05-17-at-2.01.53-PM.jpg","datePublished":"2022-05-17T21:04:57+00:00","dateModified":"2022-05-17T21:05:01+00:00","author":{"@id":"https:\/\/www.manabi.gob.ec\/#\/schema\/person\/c4f117989332ad723a6ced5994aa7d7a"},"description":"El prefecto de Manab\u00ed, Leonardo Orlando, no dud\u00f3 en expresar su respaldo a los entes deportivos para el desarrollo de los Juegos Nacionales Prejuveniles 2022, que se realizar\u00e1n a partir del 22 de julio de este a\u00f1o, y tendr\u00e1n como sede a nuestra provincia.\u201cCuenten con nuestro apoyo\u201d, manifest\u00f3 Orlando, en respuesta al pedido que le realiz\u00f3 Valentina Centeno, subsecretaria de desarrollo de la actividad f\u00edsica del Ministerio de Deporte, junto al coordinador zonal 4 de esa cartera de Estado, Horacio Cede\u00f1o, y un delegado de la Federaci\u00f3n Deportiva de Manab\u00ed.El aporte de la Prefectura estar\u00e1 dirigido a atender la necesidad de acondicionar el estadio Reales Tamarindos de Portoviejo.","breadcrumb":{"@id":"https:\/\/www.manabi.gob.ec\/index.php\/sumamos-esfuerzos-para-el-exito-de-manabi-como-sede-de-los-juegos-nacionales-prejuveniles-2022\/#breadcrumb"},"inLanguage":"es","potentialAction":[{"@type":"ReadAction","target":["https:\/\/www.manabi.gob.ec\/index.php\/sumamos-esfuerzos-para-el-exito-de-manabi-como-sede-de-los-juegos-nacionales-prejuveniles-2022\/"]}]},{"@type":"ImageObject","inLanguage":"es","@id":"https:\/\/www.manabi.gob.ec\/index.php\/sumamos-esfuerzos-para-el-exito-de-manabi-como-sede-de-los-juegos-nacionales-prejuveniles-2022\/#primaryimage","url":"https:\/\/www.manabi.gob.ec\/wp-content\/uploads\/2022\/05\/WhatsApp-Image-2022-05-17-at-2.01.53-PM.jpg","contentUrl":"https:\/\/www.manabi.gob.ec\/wp-content\/uploads\/2022\/05\/WhatsApp-Image-2022-05-17-at-2.01.53-PM.jpg","width":1222,"height":815},{"@type":"BreadcrumbList","@id":"https:\/\/www.manabi.gob.ec\/index.php\/sumamos-esfuerzos-para-el-exito-de-manabi-como-sede-de-los-juegos-nacionales-prejuveniles-2022\/#breadcrumb","itemListElement":[{"@type":"ListItem","position":1,"name":"Portada","item":"https:\/\/www.manabi.gob.ec\/"},{"@type":"ListItem","position":2,"name":"Sumamos esfuerzos para el \u00e9xito de Manab\u00ed como sede de los Juegos Nacionales Prejuveniles 2022"}]},{"@type":"WebSite","@id":"https:\/\/www.manabi.gob.ec\/#website","url":"https:\/\/www.manabi.gob.ec\/","name":"Prefectura de Manab\u00ed","description":"P\u00e1gina web de la prefectura","potentialAction":[{"@type":"SearchAction","target":{"@type":"EntryPoint","urlTemplate":"https:\/\/www.manabi.gob.ec\/?s={search_term_string}"},"query-input":{"@type":"PropertyValueSpecification","valueRequired":true,"valueName":"search_term_string"}}],"inLanguage":"es"},{"@type":"Person","@id":"https:\/\/www.manabi.gob.ec\/#\/schema\/person\/c4f117989332ad723a6ced5994aa7d7a","name":"Lui Ochoa","image":{"@type":"ImageObject","inLanguage":"es","@id":"https:\/\/secure.gravatar.com\/avatar\/6e8017d0fe69dead8a95864d2eb6e1e1d8bf8e01194ba49cf7b897ff038126ba?s=96&d=mm&r=g","url":"https:\/\/secure.gravatar.com\/avatar\/6e8017d0fe69dead8a95864d2eb6e1e1d8bf8e01194ba49cf7b897ff038126ba?s=96&d=mm&r=g","contentUrl":"https:\/\/secure.gravatar.com\/avatar\/6e8017d0fe69dead8a95864d2eb6e1e1d8bf8e01194ba49cf7b897ff038126ba?s=96&d=mm&r=g","caption":"Lui Ochoa"},"url":"https:\/\/www.manabi.gob.ec\/index.php\/author\/lochoa\/"}]}},"jetpack_featured_media_url":"https:\/\/www.manabi.gob.ec\/wp-content\/uploads\/2022\/05\/WhatsApp-Image-2022-05-17-at-2.01.53-PM.jpg","_links":{"self":[{"href":"https:\/\/www.manabi.gob.ec\/index.php\/wp-json\/wp\/v2\/posts\/20751","targetHints":{"allow":["GET"]}}],"collection":[{"href":"https:\/\/www.manabi.gob.ec\/index.php\/wp-json\/wp\/v2\/posts"}],"about":[{"href":"https:\/\/www.manabi.gob.ec\/index.php\/wp-json\/wp\/v2\/types\/post"}],"author":[{"embeddable":true,"href":"https:\/\/www.manabi.gob.ec\/index.php\/wp-json\/wp\/v2\/users\/10"}],"replies":[{"embeddable":true,"href":"https:\/\/www.manabi.gob.ec\/index.php\/wp-json\/wp\/v2\/comments?post=20751"}],"version-history":[{"count":0,"href":"https:\/\/www.manabi.gob.ec\/index.php\/wp-json\/wp\/v2\/posts\/20751\/revisions"}],"wp:featuredmedia":[{"embeddable":true,"href":"https:\/\/www.manabi.gob.ec\/index.php\/wp-json\/wp\/v2\/media\/20752"}],"wp:attachment":[{"href":"https:\/\/www.manabi.gob.ec\/index.php\/wp-json\/wp\/v2\/media?parent=20751"}],"wp:term":[{"taxonomy":"category","embeddable":true,"href":"https:\/\/www.manabi.gob.ec\/index.php\/wp-json\/wp\/v2\/categories?post=20751"},{"taxonomy":"post_tag","embeddable":true,"href":"https:\/\/www.manabi.gob.ec\/index.php\/wp-json\/wp\/v2\/tags?post=20751"}],"curies":[{"name":"wp","href":"https:\/\/api.w.org\/{rel}","templated":true}]}}