{"id":20758,"date":"2022-05-17T21:12:16","date_gmt":"2022-05-17T21:12:16","guid":{"rendered":"https:\/\/www.manabi.gob.ec\/?p=20758"},"modified":"2022-05-17T21:12:20","modified_gmt":"2022-05-17T21:12:20","slug":"continuamos-llevando-salud-a-los-manabitas","status":"publish","type":"post","link":"https:\/\/www.manabi.gob.ec\/index.php\/continuamos-llevando-salud-a-los-manabitas\/","title":{"rendered":"\u00a1Continuamos llevando salud a los Manabitas!"},"content":{"rendered":"\n<p><\/p>\n\n\n\n<p>Como lo hacemos de forma permanente y en todo el territorio manabita, seguimos llevando jornadas m\u00e9dicas integrales, como acci\u00f3n prioritaria, desde la Prefectura de Manab\u00ed. Llegamos hasta el sitio Las Pampas del cant\u00f3n Montecristi, donde desarrollamos jornadas especializadas en medicina general, optometr\u00eda y odontolog\u00eda, as\u00ed como la dotaci\u00f3n de la medicina correspondiente.<\/p>\n\n\n\n<p>Las jornadas de salud brindaron la atenci\u00f3n a m\u00e1s de 100 personas de grupos prioritarios, es decir: ni\u00f1os y ni\u00f1as; adultos mayores; mujeres embarazadas y personas con discapacidad, habitantes de Las Pampas y sus sitios aleda\u00f1os.<\/p>\n\n\n\n<p>Lorenzo Pico, Presidente de la comunidad Las Pampas, agradeci\u00f3 la presencia de los m\u00e9dicos y el servicio que brindan a trav\u00e9s de las brigadas m\u00e9dicas de la Prefectura de Manab\u00ed. Ponce dijo, adem\u00e1s, que es la primera vez que una autoridad tomaba en cuenta a su comunidad, ya que es un sitio rural alejado de la cabecera cantonal, con el fin de brindarle atenci\u00f3n m\u00e9dica. A\u00f1adi\u00f3 que a\u00fan falta realizar muchas acciones y cubrir muchas necesidades; pero que sin lugar a dudas, lo m\u00e1s importante y prioritario es la salud.<\/p>\n\n\n\n<p>Por su parte, Maritza Lop\u00e9z, habitante de la comunidad, dijo sentirse muy agradecida con la acci\u00f3n justa que brindaba la instituci\u00f3n provincial, ya que a trav\u00e9s de la jornada m\u00e9dica, pudo atender, de manera gratuita, a sus tres hijos menores de edad.<\/p>\n\n\n\n<p>Las jornadas m\u00e9dicas son parte del proyecto \u201cManab\u00ed Saludable\u201d que lidera la direcci\u00f3n de desarrollo social de la Prefectura de Manab\u00ed, quienes recorren, a diario y de forma rotativa, todo el territorio provincial.<\/p>\n","protected":false},"excerpt":{"rendered":"<p>Como lo hacemos de forma permanente y en todo el territorio manabita, seguimos llevando jornadas m\u00e9dicas integrales, como acci\u00f3n prioritaria, desde la Prefectura de Manab\u00ed. Llegamos hasta el sitio Las Pampas del cant\u00f3n Montecristi, donde desarrollamos jornadas especializadas en medicina general, optometr\u00eda y odontolog\u00eda, as\u00ed como la dotaci\u00f3n de la medicina correspondiente. Las jornadas de [&hellip;]<\/p>\n","protected":false},"author":10,"featured_media":20759,"comment_status":"closed","ping_status":"closed","sticky":false,"template":"","format":"standard","meta":{"_joinchat":[],"footnotes":""},"categories":[142,148,92,72,91],"tags":[],"class_list":["post-20758","post","type-post","status-publish","format-standard","has-post-thumbnail","hentry","category-desarrollo-social","category-montecristi","category-noticias-manabi","category-salud","category-todas"],"yoast_head":"<!-- This site is optimized with the Yoast SEO plugin v27.4 - https:\/\/yoast.com\/product\/yoast-seo-wordpress\/ -->\n<title>\u00a1Continuamos llevando salud a los Manabitas! - Prefectura de Manab\u00ed<\/title>\n<meta name=\"robots\" content=\"index, follow, max-snippet:-1, max-image-preview:large, max-video-preview:-1\" \/>\n<link rel=\"canonical\" href=\"https:\/\/www.manabi.gob.ec\/index.php\/continuamos-llevando-salud-a-los-manabitas\/\" \/>\n<meta property=\"og:locale\" content=\"es_ES\" \/>\n<meta property=\"og:type\" content=\"article\" \/>\n<meta property=\"og:title\" content=\"\u00a1Continuamos llevando salud a los Manabitas! - Prefectura de Manab\u00ed\" \/>\n<meta property=\"og:description\" content=\"Como lo hacemos de forma permanente y en todo el territorio manabita, seguimos llevando jornadas m\u00e9dicas integrales, como acci\u00f3n prioritaria, desde la Prefectura de Manab\u00ed. Llegamos hasta el sitio Las Pampas del cant\u00f3n Montecristi, donde desarrollamos jornadas especializadas en medicina general, optometr\u00eda y odontolog\u00eda, as\u00ed como la dotaci\u00f3n de la medicina correspondiente. Las jornadas de [&hellip;]\" \/>\n<meta property=\"og:url\" content=\"https:\/\/www.manabi.gob.ec\/index.php\/continuamos-llevando-salud-a-los-manabitas\/\" \/>\n<meta property=\"og:site_name\" content=\"Prefectura de Manab\u00ed\" \/>\n<meta property=\"article:published_time\" content=\"2022-05-17T21:12:16+00:00\" \/>\n<meta property=\"article:modified_time\" content=\"2022-05-17T21:12:20+00:00\" \/>\n<meta property=\"og:image\" content=\"https:\/\/www.manabi.gob.ec\/wp-content\/uploads\/2022\/05\/WhatsApp-Image-2022-05-17-at-3.33.57-PM.jpg\" \/>\n\t<meta property=\"og:image:width\" content=\"1148\" \/>\n\t<meta property=\"og:image:height\" content=\"576\" \/>\n\t<meta property=\"og:image:type\" content=\"image\/jpeg\" \/>\n<meta name=\"author\" content=\"Lui Ochoa\" \/>\n<meta name=\"twitter:card\" content=\"summary_large_image\" \/>\n<meta name=\"twitter:label1\" content=\"Escrito por\" \/>\n\t<meta name=\"twitter:data1\" content=\"Lui Ochoa\" \/>\n\t<meta name=\"twitter:label2\" content=\"Tiempo de lectura\" \/>\n\t<meta name=\"twitter:data2\" content=\"2 minutos\" \/>\n<script type=\"application\/ld+json\" class=\"yoast-schema-graph\">{\"@context\":\"https:\\\/\\\/schema.org\",\"@graph\":[{\"@type\":\"Article\",\"@id\":\"https:\\\/\\\/www.manabi.gob.ec\\\/index.php\\\/continuamos-llevando-salud-a-los-manabitas\\\/#article\",\"isPartOf\":{\"@id\":\"https:\\\/\\\/www.manabi.gob.ec\\\/index.php\\\/continuamos-llevando-salud-a-los-manabitas\\\/\"},\"author\":{\"name\":\"Lui Ochoa\",\"@id\":\"https:\\\/\\\/www.manabi.gob.ec\\\/#\\\/schema\\\/person\\\/c4f117989332ad723a6ced5994aa7d7a\"},\"headline\":\"\u00a1Continuamos llevando salud a los Manabitas!\",\"datePublished\":\"2022-05-17T21:12:16+00:00\",\"dateModified\":\"2022-05-17T21:12:20+00:00\",\"mainEntityOfPage\":{\"@id\":\"https:\\\/\\\/www.manabi.gob.ec\\\/index.php\\\/continuamos-llevando-salud-a-los-manabitas\\\/\"},\"wordCount\":285,\"image\":{\"@id\":\"https:\\\/\\\/www.manabi.gob.ec\\\/index.php\\\/continuamos-llevando-salud-a-los-manabitas\\\/#primaryimage\"},\"thumbnailUrl\":\"https:\\\/\\\/www.manabi.gob.ec\\\/wp-content\\\/uploads\\\/2022\\\/05\\\/WhatsApp-Image-2022-05-17-at-3.33.57-PM.jpg\",\"articleSection\":[\"Desarrollo Social\",\"Montecristi\",\"Noticias\",\"salud\",\"Todas\"],\"inLanguage\":\"es\"},{\"@type\":\"WebPage\",\"@id\":\"https:\\\/\\\/www.manabi.gob.ec\\\/index.php\\\/continuamos-llevando-salud-a-los-manabitas\\\/\",\"url\":\"https:\\\/\\\/www.manabi.gob.ec\\\/index.php\\\/continuamos-llevando-salud-a-los-manabitas\\\/\",\"name\":\"\u00a1Continuamos llevando salud a los Manabitas! - Prefectura de Manab\u00ed\",\"isPartOf\":{\"@id\":\"https:\\\/\\\/www.manabi.gob.ec\\\/#website\"},\"primaryImageOfPage\":{\"@id\":\"https:\\\/\\\/www.manabi.gob.ec\\\/index.php\\\/continuamos-llevando-salud-a-los-manabitas\\\/#primaryimage\"},\"image\":{\"@id\":\"https:\\\/\\\/www.manabi.gob.ec\\\/index.php\\\/continuamos-llevando-salud-a-los-manabitas\\\/#primaryimage\"},\"thumbnailUrl\":\"https:\\\/\\\/www.manabi.gob.ec\\\/wp-content\\\/uploads\\\/2022\\\/05\\\/WhatsApp-Image-2022-05-17-at-3.33.57-PM.jpg\",\"datePublished\":\"2022-05-17T21:12:16+00:00\",\"dateModified\":\"2022-05-17T21:12:20+00:00\",\"author\":{\"@id\":\"https:\\\/\\\/www.manabi.gob.ec\\\/#\\\/schema\\\/person\\\/c4f117989332ad723a6ced5994aa7d7a\"},\"breadcrumb\":{\"@id\":\"https:\\\/\\\/www.manabi.gob.ec\\\/index.php\\\/continuamos-llevando-salud-a-los-manabitas\\\/#breadcrumb\"},\"inLanguage\":\"es\",\"potentialAction\":[{\"@type\":\"ReadAction\",\"target\":[\"https:\\\/\\\/www.manabi.gob.ec\\\/index.php\\\/continuamos-llevando-salud-a-los-manabitas\\\/\"]}]},{\"@type\":\"ImageObject\",\"inLanguage\":\"es\",\"@id\":\"https:\\\/\\\/www.manabi.gob.ec\\\/index.php\\\/continuamos-llevando-salud-a-los-manabitas\\\/#primaryimage\",\"url\":\"https:\\\/\\\/www.manabi.gob.ec\\\/wp-content\\\/uploads\\\/2022\\\/05\\\/WhatsApp-Image-2022-05-17-at-3.33.57-PM.jpg\",\"contentUrl\":\"https:\\\/\\\/www.manabi.gob.ec\\\/wp-content\\\/uploads\\\/2022\\\/05\\\/WhatsApp-Image-2022-05-17-at-3.33.57-PM.jpg\",\"width\":1148,\"height\":576},{\"@type\":\"BreadcrumbList\",\"@id\":\"https:\\\/\\\/www.manabi.gob.ec\\\/index.php\\\/continuamos-llevando-salud-a-los-manabitas\\\/#breadcrumb\",\"itemListElement\":[{\"@type\":\"ListItem\",\"position\":1,\"name\":\"Portada\",\"item\":\"https:\\\/\\\/www.manabi.gob.ec\\\/\"},{\"@type\":\"ListItem\",\"position\":2,\"name\":\"\u00a1Continuamos llevando salud a los Manabitas!\"}]},{\"@type\":\"WebSite\",\"@id\":\"https:\\\/\\\/www.manabi.gob.ec\\\/#website\",\"url\":\"https:\\\/\\\/www.manabi.gob.ec\\\/\",\"name\":\"Prefectura de Manab\u00ed\",\"description\":\"P\u00e1gina web de la prefectura\",\"potentialAction\":[{\"@type\":\"SearchAction\",\"target\":{\"@type\":\"EntryPoint\",\"urlTemplate\":\"https:\\\/\\\/www.manabi.gob.ec\\\/?s={search_term_string}\"},\"query-input\":{\"@type\":\"PropertyValueSpecification\",\"valueRequired\":true,\"valueName\":\"search_term_string\"}}],\"inLanguage\":\"es\"},{\"@type\":\"Person\",\"@id\":\"https:\\\/\\\/www.manabi.gob.ec\\\/#\\\/schema\\\/person\\\/c4f117989332ad723a6ced5994aa7d7a\",\"name\":\"Lui Ochoa\",\"image\":{\"@type\":\"ImageObject\",\"inLanguage\":\"es\",\"@id\":\"https:\\\/\\\/secure.gravatar.com\\\/avatar\\\/6e8017d0fe69dead8a95864d2eb6e1e1d8bf8e01194ba49cf7b897ff038126ba?s=96&d=mm&r=g\",\"url\":\"https:\\\/\\\/secure.gravatar.com\\\/avatar\\\/6e8017d0fe69dead8a95864d2eb6e1e1d8bf8e01194ba49cf7b897ff038126ba?s=96&d=mm&r=g\",\"contentUrl\":\"https:\\\/\\\/secure.gravatar.com\\\/avatar\\\/6e8017d0fe69dead8a95864d2eb6e1e1d8bf8e01194ba49cf7b897ff038126ba?s=96&d=mm&r=g\",\"caption\":\"Lui Ochoa\"},\"url\":\"https:\\\/\\\/www.manabi.gob.ec\\\/index.php\\\/author\\\/lochoa\\\/\"}]}<\/script>\n<!-- \/ Yoast SEO plugin. -->","yoast_head_json":{"title":"\u00a1Continuamos llevando salud a los Manabitas! - Prefectura de Manab\u00ed","robots":{"index":"index","follow":"follow","max-snippet":"max-snippet:-1","max-image-preview":"max-image-preview:large","max-video-preview":"max-video-preview:-1"},"canonical":"https:\/\/www.manabi.gob.ec\/index.php\/continuamos-llevando-salud-a-los-manabitas\/","og_locale":"es_ES","og_type":"article","og_title":"\u00a1Continuamos llevando salud a los Manabitas! - Prefectura de Manab\u00ed","og_description":"Como lo hacemos de forma permanente y en todo el territorio manabita, seguimos llevando jornadas m\u00e9dicas integrales, como acci\u00f3n prioritaria, desde la Prefectura de Manab\u00ed. Llegamos hasta el sitio Las Pampas del cant\u00f3n Montecristi, donde desarrollamos jornadas especializadas en medicina general, optometr\u00eda y odontolog\u00eda, as\u00ed como la dotaci\u00f3n de la medicina correspondiente. Las jornadas de [&hellip;]","og_url":"https:\/\/www.manabi.gob.ec\/index.php\/continuamos-llevando-salud-a-los-manabitas\/","og_site_name":"Prefectura de Manab\u00ed","article_published_time":"2022-05-17T21:12:16+00:00","article_modified_time":"2022-05-17T21:12:20+00:00","og_image":[{"width":1148,"height":576,"url":"https:\/\/www.manabi.gob.ec\/wp-content\/uploads\/2022\/05\/WhatsApp-Image-2022-05-17-at-3.33.57-PM.jpg","type":"image\/jpeg"}],"author":"Lui Ochoa","twitter_card":"summary_large_image","twitter_misc":{"Escrito por":"Lui Ochoa","Tiempo de lectura":"2 minutos"},"schema":{"@context":"https:\/\/schema.org","@graph":[{"@type":"Article","@id":"https:\/\/www.manabi.gob.ec\/index.php\/continuamos-llevando-salud-a-los-manabitas\/#article","isPartOf":{"@id":"https:\/\/www.manabi.gob.ec\/index.php\/continuamos-llevando-salud-a-los-manabitas\/"},"author":{"name":"Lui Ochoa","@id":"https:\/\/www.manabi.gob.ec\/#\/schema\/person\/c4f117989332ad723a6ced5994aa7d7a"},"headline":"\u00a1Continuamos llevando salud a los Manabitas!","datePublished":"2022-05-17T21:12:16+00:00","dateModified":"2022-05-17T21:12:20+00:00","mainEntityOfPage":{"@id":"https:\/\/www.manabi.gob.ec\/index.php\/continuamos-llevando-salud-a-los-manabitas\/"},"wordCount":285,"image":{"@id":"https:\/\/www.manabi.gob.ec\/index.php\/continuamos-llevando-salud-a-los-manabitas\/#primaryimage"},"thumbnailUrl":"https:\/\/www.manabi.gob.ec\/wp-content\/uploads\/2022\/05\/WhatsApp-Image-2022-05-17-at-3.33.57-PM.jpg","articleSection":["Desarrollo Social","Montecristi","Noticias","salud","Todas"],"inLanguage":"es"},{"@type":"WebPage","@id":"https:\/\/www.manabi.gob.ec\/index.php\/continuamos-llevando-salud-a-los-manabitas\/","url":"https:\/\/www.manabi.gob.ec\/index.php\/continuamos-llevando-salud-a-los-manabitas\/","name":"\u00a1Continuamos llevando salud a los Manabitas! - Prefectura de Manab\u00ed","isPartOf":{"@id":"https:\/\/www.manabi.gob.ec\/#website"},"primaryImageOfPage":{"@id":"https:\/\/www.manabi.gob.ec\/index.php\/continuamos-llevando-salud-a-los-manabitas\/#primaryimage"},"image":{"@id":"https:\/\/www.manabi.gob.ec\/index.php\/continuamos-llevando-salud-a-los-manabitas\/#primaryimage"},"thumbnailUrl":"https:\/\/www.manabi.gob.ec\/wp-content\/uploads\/2022\/05\/WhatsApp-Image-2022-05-17-at-3.33.57-PM.jpg","datePublished":"2022-05-17T21:12:16+00:00","dateModified":"2022-05-17T21:12:20+00:00","author":{"@id":"https:\/\/www.manabi.gob.ec\/#\/schema\/person\/c4f117989332ad723a6ced5994aa7d7a"},"breadcrumb":{"@id":"https:\/\/www.manabi.gob.ec\/index.php\/continuamos-llevando-salud-a-los-manabitas\/#breadcrumb"},"inLanguage":"es","potentialAction":[{"@type":"ReadAction","target":["https:\/\/www.manabi.gob.ec\/index.php\/continuamos-llevando-salud-a-los-manabitas\/"]}]},{"@type":"ImageObject","inLanguage":"es","@id":"https:\/\/www.manabi.gob.ec\/index.php\/continuamos-llevando-salud-a-los-manabitas\/#primaryimage","url":"https:\/\/www.manabi.gob.ec\/wp-content\/uploads\/2022\/05\/WhatsApp-Image-2022-05-17-at-3.33.57-PM.jpg","contentUrl":"https:\/\/www.manabi.gob.ec\/wp-content\/uploads\/2022\/05\/WhatsApp-Image-2022-05-17-at-3.33.57-PM.jpg","width":1148,"height":576},{"@type":"BreadcrumbList","@id":"https:\/\/www.manabi.gob.ec\/index.php\/continuamos-llevando-salud-a-los-manabitas\/#breadcrumb","itemListElement":[{"@type":"ListItem","position":1,"name":"Portada","item":"https:\/\/www.manabi.gob.ec\/"},{"@type":"ListItem","position":2,"name":"\u00a1Continuamos llevando salud a los Manabitas!"}]},{"@type":"WebSite","@id":"https:\/\/www.manabi.gob.ec\/#website","url":"https:\/\/www.manabi.gob.ec\/","name":"Prefectura de Manab\u00ed","description":"P\u00e1gina web de la prefectura","potentialAction":[{"@type":"SearchAction","target":{"@type":"EntryPoint","urlTemplate":"https:\/\/www.manabi.gob.ec\/?s={search_term_string}"},"query-input":{"@type":"PropertyValueSpecification","valueRequired":true,"valueName":"search_term_string"}}],"inLanguage":"es"},{"@type":"Person","@id":"https:\/\/www.manabi.gob.ec\/#\/schema\/person\/c4f117989332ad723a6ced5994aa7d7a","name":"Lui Ochoa","image":{"@type":"ImageObject","inLanguage":"es","@id":"https:\/\/secure.gravatar.com\/avatar\/6e8017d0fe69dead8a95864d2eb6e1e1d8bf8e01194ba49cf7b897ff038126ba?s=96&d=mm&r=g","url":"https:\/\/secure.gravatar.com\/avatar\/6e8017d0fe69dead8a95864d2eb6e1e1d8bf8e01194ba49cf7b897ff038126ba?s=96&d=mm&r=g","contentUrl":"https:\/\/secure.gravatar.com\/avatar\/6e8017d0fe69dead8a95864d2eb6e1e1d8bf8e01194ba49cf7b897ff038126ba?s=96&d=mm&r=g","caption":"Lui Ochoa"},"url":"https:\/\/www.manabi.gob.ec\/index.php\/author\/lochoa\/"}]}},"jetpack_featured_media_url":"https:\/\/www.manabi.gob.ec\/wp-content\/uploads\/2022\/05\/WhatsApp-Image-2022-05-17-at-3.33.57-PM.jpg","_links":{"self":[{"href":"https:\/\/www.manabi.gob.ec\/index.php\/wp-json\/wp\/v2\/posts\/20758","targetHints":{"allow":["GET"]}}],"collection":[{"href":"https:\/\/www.manabi.gob.ec\/index.php\/wp-json\/wp\/v2\/posts"}],"about":[{"href":"https:\/\/www.manabi.gob.ec\/index.php\/wp-json\/wp\/v2\/types\/post"}],"author":[{"embeddable":true,"href":"https:\/\/www.manabi.gob.ec\/index.php\/wp-json\/wp\/v2\/users\/10"}],"replies":[{"embeddable":true,"href":"https:\/\/www.manabi.gob.ec\/index.php\/wp-json\/wp\/v2\/comments?post=20758"}],"version-history":[{"count":0,"href":"https:\/\/www.manabi.gob.ec\/index.php\/wp-json\/wp\/v2\/posts\/20758\/revisions"}],"wp:featuredmedia":[{"embeddable":true,"href":"https:\/\/www.manabi.gob.ec\/index.php\/wp-json\/wp\/v2\/media\/20759"}],"wp:attachment":[{"href":"https:\/\/www.manabi.gob.ec\/index.php\/wp-json\/wp\/v2\/media?parent=20758"}],"wp:term":[{"taxonomy":"category","embeddable":true,"href":"https:\/\/www.manabi.gob.ec\/index.php\/wp-json\/wp\/v2\/categories?post=20758"},{"taxonomy":"post_tag","embeddable":true,"href":"https:\/\/www.manabi.gob.ec\/index.php\/wp-json\/wp\/v2\/tags?post=20758"}],"curies":[{"name":"wp","href":"https:\/\/api.w.org\/{rel}","templated":true}]}}