{"id":20767,"date":"2022-05-18T21:08:18","date_gmt":"2022-05-18T21:08:18","guid":{"rendered":"https:\/\/www.manabi.gob.ec\/?p=20767"},"modified":"2022-05-18T21:08:23","modified_gmt":"2022-05-18T21:08:23","slug":"seguimos-juntando-esfuerzos-para-erradicar-la-desnutricion-infantil-en-manabi","status":"publish","type":"post","link":"https:\/\/www.manabi.gob.ec\/index.php\/seguimos-juntando-esfuerzos-para-erradicar-la-desnutricion-infantil-en-manabi\/","title":{"rendered":"Seguimos juntando esfuerzos para erradicar la desnutrici\u00f3n infantil en Manab\u00ed"},"content":{"rendered":"\n<p><\/p>\n\n\n\n<p>Llevamos salud a cada rinc\u00f3n manabita, as\u00ed como esperanza de vida y dignidad a nuestros habitantes. Continuamos desarrollando jornadas m\u00e9dicas en cada rinc\u00f3n, y apoyanso permanente a la campa\u00f1a #InfanciaConFuturo que desarrolla la Secretar\u00eda T\u00e9cnica Ecuador Sin Desnutrici\u00f3n.<\/p>\n\n\n\n<p>Llegamos al cant\u00f3n Rocafuerte, donde en conjunto con el Gobierno cantonal, se desarroll\u00f3 una jornada m\u00e9dica que recept\u00f3 a cientos de ni\u00f1os y ni\u00f1as que recibieron informaci\u00f3n, mediante stands, dirigida a fortalecer la prevenci\u00f3n y cuidado de la salud.<\/p>\n\n\n\n<p>Tambi\u00e9n se brind\u00f3 atenci\u00f3n a trav\u00e9s de nuestros m\u00e9dicos profesionales y t\u00e9cnicos asignados al \u00e1rea de Desarrollo Social. Se asign\u00f3 \u00e1reas con diferentes especialidades, como: odontolog\u00eda, nutrici\u00f3n y medicina general. As\u00ed como la dotaci\u00f3n gratuita de los medicamentos requerientes.<\/p>\n\n\n\n<p>Patricio Zambrano, alcalde de Rocafuerte, se expres\u00f3 contento de juntar esfuerzos por el bienestar de la ciudadan\u00eda, y agradeci\u00f3 al prefecto, Leonardo Orlando, por la labor desarrollada durante su administraci\u00f3n en la provincia, y expres\u00f3 que continuar\u00e1n apoyando acciones sociales que beneficien y aporten a la salud de los rocafortenses.<\/p>\n","protected":false},"excerpt":{"rendered":"<p>levamos salud a cada rinc\u00f3n manabita, as\u00ed como esperanza de vida y dignidad a nuestros habitantes. Continuamos desarrollando jornadas m\u00e9dicas en cada rinc\u00f3n, y apoyanso permanente a la campa\u00f1a #InfanciaConFuturo que desarrolla la Secretar\u00eda T\u00e9cnica Ecuador Sin Desnutrici\u00f3n.<\/p>\n","protected":false},"author":10,"featured_media":20768,"comment_status":"closed","ping_status":"closed","sticky":false,"template":"","format":"standard","meta":{"_joinchat":[],"footnotes":""},"categories":[142,92,135,72,91],"tags":[],"class_list":["post-20767","post","type-post","status-publish","format-standard","has-post-thumbnail","hentry","category-desarrollo-social","category-noticias-manabi","category-rocafuerte","category-salud","category-todas"],"yoast_head":"<!-- This site is optimized with the Yoast SEO plugin v27.4 - https:\/\/yoast.com\/product\/yoast-seo-wordpress\/ -->\n<title>Seguimos juntando esfuerzos para erradicar la desnutrici\u00f3n infantil en Manab\u00ed - Prefectura de Manab\u00ed<\/title>\n<meta name=\"description\" content=\"Llevamos salud a cada rinc\u00f3n manabita, as\u00ed como esperanza de vida y dignidad a nuestros habitantes. Continuamos desarrollando jornadas m\u00e9dicas en cada rinc\u00f3n, y apoyanso permanente a la campa\u00f1a #InfanciaConFuturo que desarrolla la Secretar\u00eda T\u00e9cnica Ecuador Sin Desnutrici\u00f3n.Llegamos al cant\u00f3n Rocafuerte, donde en conjunto con el Gobierno cantonal, se desarroll\u00f3 una jornada m\u00e9dica que recept\u00f3 a cientos de ni\u00f1os y ni\u00f1as que recibieron informaci\u00f3n, mediante stands, dirigida a fortalecer la prevenci\u00f3n y cuidado de la salud.Tambi\u00e9n se brind\u00f3 atenci\u00f3n a trav\u00e9s de nuestros m\u00e9dicos profesionales y t\u00e9cnicos asignados al \u00e1rea de Desarrollo Social. Se asign\u00f3 \u00e1reas con diferentes especialidades, como: odontolog\u00eda, nutrici\u00f3n y medicina general. As\u00ed como la dotaci\u00f3n gratuita de los medicamentos requerientes.Patricio Zambrano, alcalde de Rocafuerte, se expres\u00f3 contento de juntar esfuerzos por el bienestar de la ciudadan\u00eda, y agradeci\u00f3 al prefecto, Leonardo Orlando, por la labor desarrollada durante su administraci\u00f3n en la provincia, y expres\u00f3 que continuar\u00e1n apoyando acciones sociales que beneficien y aporten a la salud de los rocafortenses.\" \/>\n<meta name=\"robots\" content=\"index, follow, max-snippet:-1, max-image-preview:large, max-video-preview:-1\" \/>\n<link rel=\"canonical\" href=\"https:\/\/www.manabi.gob.ec\/index.php\/seguimos-juntando-esfuerzos-para-erradicar-la-desnutricion-infantil-en-manabi\/\" \/>\n<meta property=\"og:locale\" content=\"es_ES\" \/>\n<meta property=\"og:type\" content=\"article\" \/>\n<meta property=\"og:title\" content=\"Seguimos juntando esfuerzos para erradicar la desnutrici\u00f3n infantil en Manab\u00ed - Prefectura de Manab\u00ed\" \/>\n<meta property=\"og:description\" content=\"Llevamos salud a cada rinc\u00f3n manabita, as\u00ed como esperanza de vida y dignidad a nuestros habitantes. Continuamos desarrollando jornadas m\u00e9dicas en cada rinc\u00f3n, y apoyanso permanente a la campa\u00f1a #InfanciaConFuturo que desarrolla la Secretar\u00eda T\u00e9cnica Ecuador Sin Desnutrici\u00f3n.Llegamos al cant\u00f3n Rocafuerte, donde en conjunto con el Gobierno cantonal, se desarroll\u00f3 una jornada m\u00e9dica que recept\u00f3 a cientos de ni\u00f1os y ni\u00f1as que recibieron informaci\u00f3n, mediante stands, dirigida a fortalecer la prevenci\u00f3n y cuidado de la salud.Tambi\u00e9n se brind\u00f3 atenci\u00f3n a trav\u00e9s de nuestros m\u00e9dicos profesionales y t\u00e9cnicos asignados al \u00e1rea de Desarrollo Social. Se asign\u00f3 \u00e1reas con diferentes especialidades, como: odontolog\u00eda, nutrici\u00f3n y medicina general. As\u00ed como la dotaci\u00f3n gratuita de los medicamentos requerientes.Patricio Zambrano, alcalde de Rocafuerte, se expres\u00f3 contento de juntar esfuerzos por el bienestar de la ciudadan\u00eda, y agradeci\u00f3 al prefecto, Leonardo Orlando, por la labor desarrollada durante su administraci\u00f3n en la provincia, y expres\u00f3 que continuar\u00e1n apoyando acciones sociales que beneficien y aporten a la salud de los rocafortenses.\" \/>\n<meta property=\"og:url\" content=\"https:\/\/www.manabi.gob.ec\/index.php\/seguimos-juntando-esfuerzos-para-erradicar-la-desnutricion-infantil-en-manabi\/\" \/>\n<meta property=\"og:site_name\" content=\"Prefectura de Manab\u00ed\" \/>\n<meta property=\"article:published_time\" content=\"2022-05-18T21:08:18+00:00\" \/>\n<meta property=\"article:modified_time\" content=\"2022-05-18T21:08:23+00:00\" \/>\n<meta property=\"og:image\" content=\"https:\/\/www.manabi.gob.ec\/wp-content\/uploads\/2022\/05\/WhatsApp-Image-2022-05-18-at-10.43.10-AM.jpg\" \/>\n\t<meta property=\"og:image:width\" content=\"1600\" \/>\n\t<meta property=\"og:image:height\" content=\"1084\" \/>\n\t<meta property=\"og:image:type\" content=\"image\/jpeg\" \/>\n<meta name=\"author\" content=\"Lui Ochoa\" \/>\n<meta name=\"twitter:card\" content=\"summary_large_image\" \/>\n<meta name=\"twitter:label1\" content=\"Escrito por\" \/>\n\t<meta name=\"twitter:data1\" content=\"Lui Ochoa\" \/>\n\t<meta name=\"twitter:label2\" content=\"Tiempo de lectura\" \/>\n\t<meta name=\"twitter:data2\" content=\"1 minuto\" \/>\n<script type=\"application\/ld+json\" class=\"yoast-schema-graph\">{\"@context\":\"https:\\\/\\\/schema.org\",\"@graph\":[{\"@type\":\"Article\",\"@id\":\"https:\\\/\\\/www.manabi.gob.ec\\\/index.php\\\/seguimos-juntando-esfuerzos-para-erradicar-la-desnutricion-infantil-en-manabi\\\/#article\",\"isPartOf\":{\"@id\":\"https:\\\/\\\/www.manabi.gob.ec\\\/index.php\\\/seguimos-juntando-esfuerzos-para-erradicar-la-desnutricion-infantil-en-manabi\\\/\"},\"author\":{\"name\":\"Lui Ochoa\",\"@id\":\"https:\\\/\\\/www.manabi.gob.ec\\\/#\\\/schema\\\/person\\\/c4f117989332ad723a6ced5994aa7d7a\"},\"headline\":\"Seguimos juntando esfuerzos para erradicar la desnutrici\u00f3n infantil en Manab\u00ed\",\"datePublished\":\"2022-05-18T21:08:18+00:00\",\"dateModified\":\"2022-05-18T21:08:23+00:00\",\"mainEntityOfPage\":{\"@id\":\"https:\\\/\\\/www.manabi.gob.ec\\\/index.php\\\/seguimos-juntando-esfuerzos-para-erradicar-la-desnutricion-infantil-en-manabi\\\/\"},\"wordCount\":201,\"image\":{\"@id\":\"https:\\\/\\\/www.manabi.gob.ec\\\/index.php\\\/seguimos-juntando-esfuerzos-para-erradicar-la-desnutricion-infantil-en-manabi\\\/#primaryimage\"},\"thumbnailUrl\":\"https:\\\/\\\/www.manabi.gob.ec\\\/wp-content\\\/uploads\\\/2022\\\/05\\\/WhatsApp-Image-2022-05-18-at-10.43.10-AM.jpg\",\"articleSection\":[\"Desarrollo Social\",\"Noticias\",\"Rocafuerte\",\"salud\",\"Todas\"],\"inLanguage\":\"es\"},{\"@type\":\"WebPage\",\"@id\":\"https:\\\/\\\/www.manabi.gob.ec\\\/index.php\\\/seguimos-juntando-esfuerzos-para-erradicar-la-desnutricion-infantil-en-manabi\\\/\",\"url\":\"https:\\\/\\\/www.manabi.gob.ec\\\/index.php\\\/seguimos-juntando-esfuerzos-para-erradicar-la-desnutricion-infantil-en-manabi\\\/\",\"name\":\"Seguimos juntando esfuerzos para erradicar la desnutrici\u00f3n infantil en Manab\u00ed - Prefectura de Manab\u00ed\",\"isPartOf\":{\"@id\":\"https:\\\/\\\/www.manabi.gob.ec\\\/#website\"},\"primaryImageOfPage\":{\"@id\":\"https:\\\/\\\/www.manabi.gob.ec\\\/index.php\\\/seguimos-juntando-esfuerzos-para-erradicar-la-desnutricion-infantil-en-manabi\\\/#primaryimage\"},\"image\":{\"@id\":\"https:\\\/\\\/www.manabi.gob.ec\\\/index.php\\\/seguimos-juntando-esfuerzos-para-erradicar-la-desnutricion-infantil-en-manabi\\\/#primaryimage\"},\"thumbnailUrl\":\"https:\\\/\\\/www.manabi.gob.ec\\\/wp-content\\\/uploads\\\/2022\\\/05\\\/WhatsApp-Image-2022-05-18-at-10.43.10-AM.jpg\",\"datePublished\":\"2022-05-18T21:08:18+00:00\",\"dateModified\":\"2022-05-18T21:08:23+00:00\",\"author\":{\"@id\":\"https:\\\/\\\/www.manabi.gob.ec\\\/#\\\/schema\\\/person\\\/c4f117989332ad723a6ced5994aa7d7a\"},\"description\":\"Llevamos salud a cada rinc\u00f3n manabita, as\u00ed como esperanza de vida y dignidad a nuestros habitantes. Continuamos desarrollando jornadas m\u00e9dicas en cada rinc\u00f3n, y apoyanso permanente a la campa\u00f1a #InfanciaConFuturo que desarrolla la Secretar\u00eda T\u00e9cnica Ecuador Sin Desnutrici\u00f3n.Llegamos al cant\u00f3n Rocafuerte, donde en conjunto con el Gobierno cantonal, se desarroll\u00f3 una jornada m\u00e9dica que recept\u00f3 a cientos de ni\u00f1os y ni\u00f1as que recibieron informaci\u00f3n, mediante stands, dirigida a fortalecer la prevenci\u00f3n y cuidado de la salud.Tambi\u00e9n se brind\u00f3 atenci\u00f3n a trav\u00e9s de nuestros m\u00e9dicos profesionales y t\u00e9cnicos asignados al \u00e1rea de Desarrollo Social. Se asign\u00f3 \u00e1reas con diferentes especialidades, como: odontolog\u00eda, nutrici\u00f3n y medicina general. As\u00ed como la dotaci\u00f3n gratuita de los medicamentos requerientes.Patricio Zambrano, alcalde de Rocafuerte, se expres\u00f3 contento de juntar esfuerzos por el bienestar de la ciudadan\u00eda, y agradeci\u00f3 al prefecto, Leonardo Orlando, por la labor desarrollada durante su administraci\u00f3n en la provincia, y expres\u00f3 que continuar\u00e1n apoyando acciones sociales que beneficien y aporten a la salud de los rocafortenses.\",\"breadcrumb\":{\"@id\":\"https:\\\/\\\/www.manabi.gob.ec\\\/index.php\\\/seguimos-juntando-esfuerzos-para-erradicar-la-desnutricion-infantil-en-manabi\\\/#breadcrumb\"},\"inLanguage\":\"es\",\"potentialAction\":[{\"@type\":\"ReadAction\",\"target\":[\"https:\\\/\\\/www.manabi.gob.ec\\\/index.php\\\/seguimos-juntando-esfuerzos-para-erradicar-la-desnutricion-infantil-en-manabi\\\/\"]}]},{\"@type\":\"ImageObject\",\"inLanguage\":\"es\",\"@id\":\"https:\\\/\\\/www.manabi.gob.ec\\\/index.php\\\/seguimos-juntando-esfuerzos-para-erradicar-la-desnutricion-infantil-en-manabi\\\/#primaryimage\",\"url\":\"https:\\\/\\\/www.manabi.gob.ec\\\/wp-content\\\/uploads\\\/2022\\\/05\\\/WhatsApp-Image-2022-05-18-at-10.43.10-AM.jpg\",\"contentUrl\":\"https:\\\/\\\/www.manabi.gob.ec\\\/wp-content\\\/uploads\\\/2022\\\/05\\\/WhatsApp-Image-2022-05-18-at-10.43.10-AM.jpg\",\"width\":1600,\"height\":1084},{\"@type\":\"BreadcrumbList\",\"@id\":\"https:\\\/\\\/www.manabi.gob.ec\\\/index.php\\\/seguimos-juntando-esfuerzos-para-erradicar-la-desnutricion-infantil-en-manabi\\\/#breadcrumb\",\"itemListElement\":[{\"@type\":\"ListItem\",\"position\":1,\"name\":\"Portada\",\"item\":\"https:\\\/\\\/www.manabi.gob.ec\\\/\"},{\"@type\":\"ListItem\",\"position\":2,\"name\":\"Seguimos juntando esfuerzos para erradicar la desnutrici\u00f3n infantil en Manab\u00ed\"}]},{\"@type\":\"WebSite\",\"@id\":\"https:\\\/\\\/www.manabi.gob.ec\\\/#website\",\"url\":\"https:\\\/\\\/www.manabi.gob.ec\\\/\",\"name\":\"Prefectura de Manab\u00ed\",\"description\":\"P\u00e1gina web de la prefectura\",\"potentialAction\":[{\"@type\":\"SearchAction\",\"target\":{\"@type\":\"EntryPoint\",\"urlTemplate\":\"https:\\\/\\\/www.manabi.gob.ec\\\/?s={search_term_string}\"},\"query-input\":{\"@type\":\"PropertyValueSpecification\",\"valueRequired\":true,\"valueName\":\"search_term_string\"}}],\"inLanguage\":\"es\"},{\"@type\":\"Person\",\"@id\":\"https:\\\/\\\/www.manabi.gob.ec\\\/#\\\/schema\\\/person\\\/c4f117989332ad723a6ced5994aa7d7a\",\"name\":\"Lui Ochoa\",\"image\":{\"@type\":\"ImageObject\",\"inLanguage\":\"es\",\"@id\":\"https:\\\/\\\/secure.gravatar.com\\\/avatar\\\/6e8017d0fe69dead8a95864d2eb6e1e1d8bf8e01194ba49cf7b897ff038126ba?s=96&d=mm&r=g\",\"url\":\"https:\\\/\\\/secure.gravatar.com\\\/avatar\\\/6e8017d0fe69dead8a95864d2eb6e1e1d8bf8e01194ba49cf7b897ff038126ba?s=96&d=mm&r=g\",\"contentUrl\":\"https:\\\/\\\/secure.gravatar.com\\\/avatar\\\/6e8017d0fe69dead8a95864d2eb6e1e1d8bf8e01194ba49cf7b897ff038126ba?s=96&d=mm&r=g\",\"caption\":\"Lui Ochoa\"},\"url\":\"https:\\\/\\\/www.manabi.gob.ec\\\/index.php\\\/author\\\/lochoa\\\/\"}]}<\/script>\n<!-- \/ Yoast SEO plugin. -->","yoast_head_json":{"title":"Seguimos juntando esfuerzos para erradicar la desnutrici\u00f3n infantil en Manab\u00ed - Prefectura de Manab\u00ed","description":"Llevamos salud a cada rinc\u00f3n manabita, as\u00ed como esperanza de vida y dignidad a nuestros habitantes. Continuamos desarrollando jornadas m\u00e9dicas en cada rinc\u00f3n, y apoyanso permanente a la campa\u00f1a #InfanciaConFuturo que desarrolla la Secretar\u00eda T\u00e9cnica Ecuador Sin Desnutrici\u00f3n.Llegamos al cant\u00f3n Rocafuerte, donde en conjunto con el Gobierno cantonal, se desarroll\u00f3 una jornada m\u00e9dica que recept\u00f3 a cientos de ni\u00f1os y ni\u00f1as que recibieron informaci\u00f3n, mediante stands, dirigida a fortalecer la prevenci\u00f3n y cuidado de la salud.Tambi\u00e9n se brind\u00f3 atenci\u00f3n a trav\u00e9s de nuestros m\u00e9dicos profesionales y t\u00e9cnicos asignados al \u00e1rea de Desarrollo Social. Se asign\u00f3 \u00e1reas con diferentes especialidades, como: odontolog\u00eda, nutrici\u00f3n y medicina general. As\u00ed como la dotaci\u00f3n gratuita de los medicamentos requerientes.Patricio Zambrano, alcalde de Rocafuerte, se expres\u00f3 contento de juntar esfuerzos por el bienestar de la ciudadan\u00eda, y agradeci\u00f3 al prefecto, Leonardo Orlando, por la labor desarrollada durante su administraci\u00f3n en la provincia, y expres\u00f3 que continuar\u00e1n apoyando acciones sociales que beneficien y aporten a la salud de los rocafortenses.","robots":{"index":"index","follow":"follow","max-snippet":"max-snippet:-1","max-image-preview":"max-image-preview:large","max-video-preview":"max-video-preview:-1"},"canonical":"https:\/\/www.manabi.gob.ec\/index.php\/seguimos-juntando-esfuerzos-para-erradicar-la-desnutricion-infantil-en-manabi\/","og_locale":"es_ES","og_type":"article","og_title":"Seguimos juntando esfuerzos para erradicar la desnutrici\u00f3n infantil en Manab\u00ed - Prefectura de Manab\u00ed","og_description":"Llevamos salud a cada rinc\u00f3n manabita, as\u00ed como esperanza de vida y dignidad a nuestros habitantes. Continuamos desarrollando jornadas m\u00e9dicas en cada rinc\u00f3n, y apoyanso permanente a la campa\u00f1a #InfanciaConFuturo que desarrolla la Secretar\u00eda T\u00e9cnica Ecuador Sin Desnutrici\u00f3n.Llegamos al cant\u00f3n Rocafuerte, donde en conjunto con el Gobierno cantonal, se desarroll\u00f3 una jornada m\u00e9dica que recept\u00f3 a cientos de ni\u00f1os y ni\u00f1as que recibieron informaci\u00f3n, mediante stands, dirigida a fortalecer la prevenci\u00f3n y cuidado de la salud.Tambi\u00e9n se brind\u00f3 atenci\u00f3n a trav\u00e9s de nuestros m\u00e9dicos profesionales y t\u00e9cnicos asignados al \u00e1rea de Desarrollo Social. Se asign\u00f3 \u00e1reas con diferentes especialidades, como: odontolog\u00eda, nutrici\u00f3n y medicina general. As\u00ed como la dotaci\u00f3n gratuita de los medicamentos requerientes.Patricio Zambrano, alcalde de Rocafuerte, se expres\u00f3 contento de juntar esfuerzos por el bienestar de la ciudadan\u00eda, y agradeci\u00f3 al prefecto, Leonardo Orlando, por la labor desarrollada durante su administraci\u00f3n en la provincia, y expres\u00f3 que continuar\u00e1n apoyando acciones sociales que beneficien y aporten a la salud de los rocafortenses.","og_url":"https:\/\/www.manabi.gob.ec\/index.php\/seguimos-juntando-esfuerzos-para-erradicar-la-desnutricion-infantil-en-manabi\/","og_site_name":"Prefectura de Manab\u00ed","article_published_time":"2022-05-18T21:08:18+00:00","article_modified_time":"2022-05-18T21:08:23+00:00","og_image":[{"width":1600,"height":1084,"url":"https:\/\/www.manabi.gob.ec\/wp-content\/uploads\/2022\/05\/WhatsApp-Image-2022-05-18-at-10.43.10-AM.jpg","type":"image\/jpeg"}],"author":"Lui Ochoa","twitter_card":"summary_large_image","twitter_misc":{"Escrito por":"Lui Ochoa","Tiempo de lectura":"1 minuto"},"schema":{"@context":"https:\/\/schema.org","@graph":[{"@type":"Article","@id":"https:\/\/www.manabi.gob.ec\/index.php\/seguimos-juntando-esfuerzos-para-erradicar-la-desnutricion-infantil-en-manabi\/#article","isPartOf":{"@id":"https:\/\/www.manabi.gob.ec\/index.php\/seguimos-juntando-esfuerzos-para-erradicar-la-desnutricion-infantil-en-manabi\/"},"author":{"name":"Lui Ochoa","@id":"https:\/\/www.manabi.gob.ec\/#\/schema\/person\/c4f117989332ad723a6ced5994aa7d7a"},"headline":"Seguimos juntando esfuerzos para erradicar la desnutrici\u00f3n infantil en Manab\u00ed","datePublished":"2022-05-18T21:08:18+00:00","dateModified":"2022-05-18T21:08:23+00:00","mainEntityOfPage":{"@id":"https:\/\/www.manabi.gob.ec\/index.php\/seguimos-juntando-esfuerzos-para-erradicar-la-desnutricion-infantil-en-manabi\/"},"wordCount":201,"image":{"@id":"https:\/\/www.manabi.gob.ec\/index.php\/seguimos-juntando-esfuerzos-para-erradicar-la-desnutricion-infantil-en-manabi\/#primaryimage"},"thumbnailUrl":"https:\/\/www.manabi.gob.ec\/wp-content\/uploads\/2022\/05\/WhatsApp-Image-2022-05-18-at-10.43.10-AM.jpg","articleSection":["Desarrollo Social","Noticias","Rocafuerte","salud","Todas"],"inLanguage":"es"},{"@type":"WebPage","@id":"https:\/\/www.manabi.gob.ec\/index.php\/seguimos-juntando-esfuerzos-para-erradicar-la-desnutricion-infantil-en-manabi\/","url":"https:\/\/www.manabi.gob.ec\/index.php\/seguimos-juntando-esfuerzos-para-erradicar-la-desnutricion-infantil-en-manabi\/","name":"Seguimos juntando esfuerzos para erradicar la desnutrici\u00f3n infantil en Manab\u00ed - Prefectura de Manab\u00ed","isPartOf":{"@id":"https:\/\/www.manabi.gob.ec\/#website"},"primaryImageOfPage":{"@id":"https:\/\/www.manabi.gob.ec\/index.php\/seguimos-juntando-esfuerzos-para-erradicar-la-desnutricion-infantil-en-manabi\/#primaryimage"},"image":{"@id":"https:\/\/www.manabi.gob.ec\/index.php\/seguimos-juntando-esfuerzos-para-erradicar-la-desnutricion-infantil-en-manabi\/#primaryimage"},"thumbnailUrl":"https:\/\/www.manabi.gob.ec\/wp-content\/uploads\/2022\/05\/WhatsApp-Image-2022-05-18-at-10.43.10-AM.jpg","datePublished":"2022-05-18T21:08:18+00:00","dateModified":"2022-05-18T21:08:23+00:00","author":{"@id":"https:\/\/www.manabi.gob.ec\/#\/schema\/person\/c4f117989332ad723a6ced5994aa7d7a"},"description":"Llevamos salud a cada rinc\u00f3n manabita, as\u00ed como esperanza de vida y dignidad a nuestros habitantes. Continuamos desarrollando jornadas m\u00e9dicas en cada rinc\u00f3n, y apoyanso permanente a la campa\u00f1a #InfanciaConFuturo que desarrolla la Secretar\u00eda T\u00e9cnica Ecuador Sin Desnutrici\u00f3n.Llegamos al cant\u00f3n Rocafuerte, donde en conjunto con el Gobierno cantonal, se desarroll\u00f3 una jornada m\u00e9dica que recept\u00f3 a cientos de ni\u00f1os y ni\u00f1as que recibieron informaci\u00f3n, mediante stands, dirigida a fortalecer la prevenci\u00f3n y cuidado de la salud.Tambi\u00e9n se brind\u00f3 atenci\u00f3n a trav\u00e9s de nuestros m\u00e9dicos profesionales y t\u00e9cnicos asignados al \u00e1rea de Desarrollo Social. Se asign\u00f3 \u00e1reas con diferentes especialidades, como: odontolog\u00eda, nutrici\u00f3n y medicina general. As\u00ed como la dotaci\u00f3n gratuita de los medicamentos requerientes.Patricio Zambrano, alcalde de Rocafuerte, se expres\u00f3 contento de juntar esfuerzos por el bienestar de la ciudadan\u00eda, y agradeci\u00f3 al prefecto, Leonardo Orlando, por la labor desarrollada durante su administraci\u00f3n en la provincia, y expres\u00f3 que continuar\u00e1n apoyando acciones sociales que beneficien y aporten a la salud de los rocafortenses.","breadcrumb":{"@id":"https:\/\/www.manabi.gob.ec\/index.php\/seguimos-juntando-esfuerzos-para-erradicar-la-desnutricion-infantil-en-manabi\/#breadcrumb"},"inLanguage":"es","potentialAction":[{"@type":"ReadAction","target":["https:\/\/www.manabi.gob.ec\/index.php\/seguimos-juntando-esfuerzos-para-erradicar-la-desnutricion-infantil-en-manabi\/"]}]},{"@type":"ImageObject","inLanguage":"es","@id":"https:\/\/www.manabi.gob.ec\/index.php\/seguimos-juntando-esfuerzos-para-erradicar-la-desnutricion-infantil-en-manabi\/#primaryimage","url":"https:\/\/www.manabi.gob.ec\/wp-content\/uploads\/2022\/05\/WhatsApp-Image-2022-05-18-at-10.43.10-AM.jpg","contentUrl":"https:\/\/www.manabi.gob.ec\/wp-content\/uploads\/2022\/05\/WhatsApp-Image-2022-05-18-at-10.43.10-AM.jpg","width":1600,"height":1084},{"@type":"BreadcrumbList","@id":"https:\/\/www.manabi.gob.ec\/index.php\/seguimos-juntando-esfuerzos-para-erradicar-la-desnutricion-infantil-en-manabi\/#breadcrumb","itemListElement":[{"@type":"ListItem","position":1,"name":"Portada","item":"https:\/\/www.manabi.gob.ec\/"},{"@type":"ListItem","position":2,"name":"Seguimos juntando esfuerzos para erradicar la desnutrici\u00f3n infantil en Manab\u00ed"}]},{"@type":"WebSite","@id":"https:\/\/www.manabi.gob.ec\/#website","url":"https:\/\/www.manabi.gob.ec\/","name":"Prefectura de Manab\u00ed","description":"P\u00e1gina web de la prefectura","potentialAction":[{"@type":"SearchAction","target":{"@type":"EntryPoint","urlTemplate":"https:\/\/www.manabi.gob.ec\/?s={search_term_string}"},"query-input":{"@type":"PropertyValueSpecification","valueRequired":true,"valueName":"search_term_string"}}],"inLanguage":"es"},{"@type":"Person","@id":"https:\/\/www.manabi.gob.ec\/#\/schema\/person\/c4f117989332ad723a6ced5994aa7d7a","name":"Lui Ochoa","image":{"@type":"ImageObject","inLanguage":"es","@id":"https:\/\/secure.gravatar.com\/avatar\/6e8017d0fe69dead8a95864d2eb6e1e1d8bf8e01194ba49cf7b897ff038126ba?s=96&d=mm&r=g","url":"https:\/\/secure.gravatar.com\/avatar\/6e8017d0fe69dead8a95864d2eb6e1e1d8bf8e01194ba49cf7b897ff038126ba?s=96&d=mm&r=g","contentUrl":"https:\/\/secure.gravatar.com\/avatar\/6e8017d0fe69dead8a95864d2eb6e1e1d8bf8e01194ba49cf7b897ff038126ba?s=96&d=mm&r=g","caption":"Lui Ochoa"},"url":"https:\/\/www.manabi.gob.ec\/index.php\/author\/lochoa\/"}]}},"jetpack_featured_media_url":"https:\/\/www.manabi.gob.ec\/wp-content\/uploads\/2022\/05\/WhatsApp-Image-2022-05-18-at-10.43.10-AM.jpg","_links":{"self":[{"href":"https:\/\/www.manabi.gob.ec\/index.php\/wp-json\/wp\/v2\/posts\/20767","targetHints":{"allow":["GET"]}}],"collection":[{"href":"https:\/\/www.manabi.gob.ec\/index.php\/wp-json\/wp\/v2\/posts"}],"about":[{"href":"https:\/\/www.manabi.gob.ec\/index.php\/wp-json\/wp\/v2\/types\/post"}],"author":[{"embeddable":true,"href":"https:\/\/www.manabi.gob.ec\/index.php\/wp-json\/wp\/v2\/users\/10"}],"replies":[{"embeddable":true,"href":"https:\/\/www.manabi.gob.ec\/index.php\/wp-json\/wp\/v2\/comments?post=20767"}],"version-history":[{"count":0,"href":"https:\/\/www.manabi.gob.ec\/index.php\/wp-json\/wp\/v2\/posts\/20767\/revisions"}],"wp:featuredmedia":[{"embeddable":true,"href":"https:\/\/www.manabi.gob.ec\/index.php\/wp-json\/wp\/v2\/media\/20768"}],"wp:attachment":[{"href":"https:\/\/www.manabi.gob.ec\/index.php\/wp-json\/wp\/v2\/media?parent=20767"}],"wp:term":[{"taxonomy":"category","embeddable":true,"href":"https:\/\/www.manabi.gob.ec\/index.php\/wp-json\/wp\/v2\/categories?post=20767"},{"taxonomy":"post_tag","embeddable":true,"href":"https:\/\/www.manabi.gob.ec\/index.php\/wp-json\/wp\/v2\/tags?post=20767"}],"curies":[{"name":"wp","href":"https:\/\/api.w.org\/{rel}","templated":true}]}}